{"id":1006513,"date":"2019-09-04T16:26:50","date_gmt":"2019-09-04T13:26:50","guid":{"rendered":"https:\/\/darkamazi.info\/?p=1006513"},"modified":"2019-10-07T18:16:41","modified_gmt":"2019-10-07T15:16:41","slug":"barzani-tekilyen-hewler-u-bexdaye-pesde-cuyne","status":"publish","type":"post","link":"https:\/\/darkamazi.info\/archives\/1006513","title":{"rendered":"Mes&#8217;\u00fbd Barzan\u00ee: t\u00eakil\u00eey\u00ean Hewl\u00ear \u00fb Bexday\u00ea p\u00ea\u015fde \u00e7\u00fbne"},"content":{"rendered":"<h2><strong><span style=\"color: #000000;\">Mes&#8217;\u00fbd\u00a0Barzan\u00ee<\/span> serok\u00ea part\u00eeya demokrat a kurdistan\u00ea \u00eero ho\u015fdar\u00ee ji bih\u00eazb\u00fbna p\u00eageha teror\u00ea li \u00ceraq\u00ea dan \u00fb e\u015fkere kir sedem\u00ean d\u00eeyarb\u00fbna teror\u00ea \u00e7are jibo nehatine d\u00eetin.<\/strong><\/h2>\n<h3>Ev gotin\u00ean serok Mes&#8217;\u00fbd Barzan\u00ee di civ\u00eena w\u00ee a li gel Ol\u00eevy\u00ea D\u00eekot\u00een\u00ee, serkunsul\u00ea n\u00fb \u00ea Firensay\u00ea li Hewl\u00ear\u00ea hatine dema li P\u00eermam\u00ea di civ\u00eenek\u00ea de, behsa p\u00ea\u015fhat\u00ean here daw\u00eey\u00ea \u00ean her\u00eam\u00ea, \u00ceraq\u00ea \u00fb dever\u00ea kirin.<\/h3>\n<h3>Serkunsil\u00ea Firensay\u00ea ku bi mebesta n\u00fb destibikarb\u00fbna xwe seredana Barzan\u00ee dab\u00fb, r\u00eaz \u00fb p\u00eazan\u00een Serok Makron \u00fb Jan \u00caf Lodiryan\u00ea Wez\u00eer\u00ea kar\u00ean derve \u00ean Firensay\u00ea gehandin serok Barzan\u00ee.<\/h3>\n<h3>Herweha got: Firensa bi gel \u00fb Hikumet ve w\u00ea pi\u015ftevana her\u00eama Kurdistan\u00ea be.<\/h3>\n<h3>Ji al\u00eey\u00ea xwe ve Mes&#8217;\u00fbd Barzan\u00ee sipas\u00eeya pi\u015ftevan\u00eeya Firensay\u00ea kir \u00fb got\u00ee: t\u00eakil\u00eey\u00ean wan \u00e7i s\u00eenorek jibo n\u00eene.<\/h3>\n<h3>Mes&#8217;\u00fbd Barzan\u00ee behsa t\u00eakil\u00eeey\u00ean Hewl\u00ear \u00fb Bexday\u00ea j\u00ee jibo Serkunsul\u00ea Firensa kir \u00fb da xoyakrin, p\u00ea\u015fve\u00e7\u00fbneke ba\u015f heye, di heman dem\u00ea da behsa tirsa teror\u00ea j\u00ee kir ku \u00ead\u00ee tirsa w\u00ea mezn dibe.<\/h3>\n","protected":false},"excerpt":{"rendered":"<p>Mes&#8217;\u00fbd\u00a0Barzan\u00ee serok\u00ea part\u00eeya demokrat a kurdistan\u00ea \u00eero ho\u015fdar\u00ee ji bih\u00eazb\u00fbna p\u00eageha teror\u00ea li \u00ceraq\u00ea dan \u00fb e\u015fkere kir sedem\u00ean d\u00eeyarb\u00fbna teror\u00ea \u00e7are jibo nehatine d\u00eetin. Ev gotin\u00ean serok Mes&#8217;\u00fbd Barzan\u00ee di civ\u00eena w\u00ee a li gel Ol\u00eevy\u00ea D\u00eekot\u00een\u00ee, serkunsul\u00ea n\u00fb \u00ea Firensay\u00ea li Hewl\u00ear\u00ea hatine dema li P\u00eermam\u00ea di civ\u00eenek\u00ea de, behsa p\u00ea\u015fhat\u00ean here daw\u00eey\u00ea [&hellip;]<\/p>\n","protected":false},"author":2,"featured_media":1006514,"comment_status":"closed","ping_status":"closed","sticky":false,"template":"","format":"standard","meta":{"footnotes":""},"categories":[29],"tags":[],"class_list":["post-1006513","post","type-post","status-publish","format-standard","has-post-thumbnail","hentry","category-kurdistan"],"blocksy_meta":[],"seo_head":"<!-- This site is optimized with the Yoast SEO plugin v27.5 - https:\/\/yoast.com\/product\/yoast-seo-wordpress\/ -->\n<title>Mes&#039;\u00fbd Barzan\u00ee: t\u00eakil\u00eey\u00ean Hewl\u00ear \u00fb Bexday\u00ea p\u00ea\u015fde \u00e7\u00fbne - Darka Maz\u00ee<\/title>\n<meta name=\"robots\" content=\"index, follow, max-snippet:-1, max-image-preview:large, max-video-preview:-1\" \/>\n<link rel=\"canonical\" href=\"https:\/\/darkamazi.info\/archives\/1006513\" \/>\n<meta property=\"og:locale\" content=\"en_US\" \/>\n<meta property=\"og:type\" content=\"article\" \/>\n<meta property=\"og:title\" content=\"Mes&#039;\u00fbd Barzan\u00ee: t\u00eakil\u00eey\u00ean Hewl\u00ear \u00fb Bexday\u00ea p\u00ea\u015fde \u00e7\u00fbne - Darka Maz\u00ee\" \/>\n<meta property=\"og:description\" content=\"Mes&#8217;\u00fbd\u00a0Barzan\u00ee serok\u00ea part\u00eeya demokrat a kurdistan\u00ea \u00eero ho\u015fdar\u00ee ji bih\u00eazb\u00fbna p\u00eageha teror\u00ea li \u00ceraq\u00ea dan \u00fb e\u015fkere kir sedem\u00ean d\u00eeyarb\u00fbna teror\u00ea \u00e7are jibo nehatine d\u00eetin. Ev gotin\u00ean serok Mes&#8217;\u00fbd Barzan\u00ee di civ\u00eena w\u00ee a li gel Ol\u00eevy\u00ea D\u00eekot\u00een\u00ee, serkunsul\u00ea n\u00fb \u00ea Firensay\u00ea li Hewl\u00ear\u00ea hatine dema li P\u00eermam\u00ea di civ\u00eenek\u00ea de, behsa p\u00ea\u015fhat\u00ean here daw\u00eey\u00ea [&hellip;]\" \/>\n<meta property=\"og:url\" content=\"https:\/\/darkamazi.info\/archives\/1006513\" \/>\n<meta property=\"og:site_name\" content=\"Darka Maz\u00ee\" \/>\n<meta property=\"article:publisher\" content=\"https:\/\/www.facebook.com\/DarMaziKurmanci\" \/>\n<meta property=\"article:published_time\" content=\"2019-09-04T13:26:50+00:00\" \/>\n<meta property=\"article:modified_time\" content=\"2019-10-07T15:16:41+00:00\" \/>\n<meta property=\"og:image\" content=\"https:\/\/darkamazi.info\/file\/2019\/09\/serok.jpg\" \/>\n\t<meta property=\"og:image:width\" content=\"1277\" \/>\n\t<meta property=\"og:image:height\" content=\"715\" \/>\n\t<meta property=\"og:image:type\" content=\"image\/jpeg\" \/>\n<meta name=\"author\" content=\"darka mazi\" \/>\n<meta name=\"twitter:card\" content=\"summary_large_image\" \/>\n<meta name=\"twitter:creator\" content=\"@DarkaMaziLatini\" \/>\n<meta name=\"twitter:site\" content=\"@DarkaMaziLatini\" \/>\n<meta name=\"twitter:label1\" content=\"Written by\" \/>\n\t<meta name=\"twitter:data1\" content=\"darka mazi\" \/>\n\t<meta name=\"twitter:label2\" content=\"Est. reading time\" \/>\n\t<meta name=\"twitter:data2\" content=\"1 minute\" \/>\n<script type=\"application\/ld+json\" class=\"seo-schema-graph\">{\"@context\":\"https:\\\/\\\/schema.org\",\"@graph\":[{\"@type\":\"Article\",\"@id\":\"https:\\\/\\\/darkamazi.info\\\/archives\\\/1006513#article\",\"isPartOf\":{\"@id\":\"https:\\\/\\\/darkamazi.info\\\/archives\\\/1006513\"},\"author\":{\"name\":\"darka mazi\",\"@id\":\"https:\\\/\\\/darkamazi.info\\\/#\\\/schema\\\/person\\\/5ad3e24553a0567993fa8ed4bd0a776c\"},\"headline\":\"Mes&#8217;\u00fbd Barzan\u00ee: t\u00eakil\u00eey\u00ean Hewl\u00ear \u00fb Bexday\u00ea p\u00ea\u015fde \u00e7\u00fbne\",\"datePublished\":\"2019-09-04T13:26:50+00:00\",\"dateModified\":\"2019-10-07T15:16:41+00:00\",\"mainEntityOfPage\":{\"@id\":\"https:\\\/\\\/darkamazi.info\\\/archives\\\/1006513\"},\"wordCount\":207,\"publisher\":{\"@id\":\"https:\\\/\\\/darkamazi.info\\\/#organization\"},\"image\":{\"@id\":\"https:\\\/\\\/darkamazi.info\\\/archives\\\/1006513#primaryimage\"},\"thumbnailUrl\":\"https:\\\/\\\/darkamazi.info\\\/darka-content\\\/uploads\\\/2019\\\/09\\\/serok.jpg\",\"articleSection\":[\"Kurdistan\"],\"inLanguage\":\"en-US\"},{\"@type\":\"WebPage\",\"@id\":\"https:\\\/\\\/darkamazi.info\\\/archives\\\/1006513\",\"url\":\"https:\\\/\\\/darkamazi.info\\\/archives\\\/1006513\",\"name\":\"Mes'\u00fbd Barzan\u00ee: t\u00eakil\u00eey\u00ean Hewl\u00ear \u00fb Bexday\u00ea p\u00ea\u015fde \u00e7\u00fbne - Darka Maz\u00ee\",\"isPartOf\":{\"@id\":\"https:\\\/\\\/darkamazi.info\\\/#website\"},\"primaryImageOfPage\":{\"@id\":\"https:\\\/\\\/darkamazi.info\\\/archives\\\/1006513#primaryimage\"},\"image\":{\"@id\":\"https:\\\/\\\/darkamazi.info\\\/archives\\\/1006513#primaryimage\"},\"thumbnailUrl\":\"https:\\\/\\\/darkamazi.info\\\/darka-content\\\/uploads\\\/2019\\\/09\\\/serok.jpg\",\"datePublished\":\"2019-09-04T13:26:50+00:00\",\"dateModified\":\"2019-10-07T15:16:41+00:00\",\"breadcrumb\":{\"@id\":\"https:\\\/\\\/darkamazi.info\\\/archives\\\/1006513#breadcrumb\"},\"inLanguage\":\"en-US\",\"potentialAction\":[{\"@type\":\"ReadAction\",\"target\":[\"https:\\\/\\\/darkamazi.info\\\/archives\\\/1006513\"]}]},{\"@type\":\"ImageObject\",\"inLanguage\":\"en-US\",\"@id\":\"https:\\\/\\\/darkamazi.info\\\/archives\\\/1006513#primaryimage\",\"url\":\"https:\\\/\\\/darkamazi.info\\\/darka-content\\\/uploads\\\/2019\\\/09\\\/serok.jpg\",\"contentUrl\":\"https:\\\/\\\/darkamazi.info\\\/darka-content\\\/uploads\\\/2019\\\/09\\\/serok.jpg\",\"width\":1277,\"height\":715},{\"@type\":\"BreadcrumbList\",\"@id\":\"https:\\\/\\\/darkamazi.info\\\/archives\\\/1006513#breadcrumb\",\"itemListElement\":[{\"@type\":\"ListItem\",\"position\":1,\"name\":\"Home\",\"item\":\"https:\\\/\\\/darkamazi.info\\\/\"},{\"@type\":\"ListItem\",\"position\":2,\"name\":\"Mes&#8217;\u00fbd Barzan\u00ee: t\u00eakil\u00eey\u00ean Hewl\u00ear \u00fb Bexday\u00ea p\u00ea\u015fde \u00e7\u00fbne\"}]},{\"@type\":\"WebSite\",\"@id\":\"https:\\\/\\\/darkamazi.info\\\/#website\",\"url\":\"https:\\\/\\\/darkamazi.info\\\/\",\"name\":\"Darka Maz\u00ee\",\"description\":\"P\u00eageha Zanyariy\u00ean Nebih\u00eest\u00ee\",\"publisher\":{\"@id\":\"https:\\\/\\\/darkamazi.info\\\/#organization\"},\"potentialAction\":[{\"@type\":\"SearchAction\",\"target\":{\"@type\":\"EntryPoint\",\"urlTemplate\":\"https:\\\/\\\/darkamazi.info\\\/?s={search_term_string}\"},\"query-input\":{\"@type\":\"PropertyValueSpecification\",\"valueRequired\":true,\"valueName\":\"search_term_string\"}}],\"inLanguage\":\"en-US\"},{\"@type\":\"Organization\",\"@id\":\"https:\\\/\\\/darkamazi.info\\\/#organization\",\"name\":\"Darka Maz\u00ee\",\"url\":\"https:\\\/\\\/darkamazi.info\\\/\",\"logo\":{\"@type\":\"ImageObject\",\"inLanguage\":\"en-US\",\"@id\":\"https:\\\/\\\/darkamazi.info\\\/#\\\/schema\\\/logo\\\/image\\\/\",\"url\":\"https:\\\/\\\/darkamazi.info\\\/darka-content\\\/uploads\\\/2017\\\/12\\\/darka-mazi-logo.png\",\"contentUrl\":\"https:\\\/\\\/darkamazi.info\\\/darka-content\\\/uploads\\\/2017\\\/12\\\/darka-mazi-logo.png\",\"width\":151,\"height\":75,\"caption\":\"Darka Maz\u00ee\"},\"image\":{\"@id\":\"https:\\\/\\\/darkamazi.info\\\/#\\\/schema\\\/logo\\\/image\\\/\"},\"sameAs\":[\"https:\\\/\\\/www.facebook.com\\\/DarMaziKurmanci\",\"https:\\\/\\\/x.com\\\/DarkaMaziLatini\",\"https:\\\/\\\/www.instagram.com\\\/darkamazi.kurmanci\\\/\",\"https:\\\/\\\/www.youtube.com\\\/channel\\\/UCa5HkTdmI8U1qCUFuTw8B2g\"]},{\"@type\":\"Person\",\"@id\":\"https:\\\/\\\/darkamazi.info\\\/#\\\/schema\\\/person\\\/5ad3e24553a0567993fa8ed4bd0a776c\",\"name\":\"darka mazi\",\"sameAs\":[\"https:\\\/\\\/darkamazi.info\\\/\"],\"url\":\"https:\\\/\\\/darkamazi.info\\\/archives\\\/author\\\/kurdi\"}]}<\/script>\n<!-- \/ Yoast SEO plugin. -->","seo_head_json":{"title":"Mes'\u00fbd Barzan\u00ee: t\u00eakil\u00eey\u00ean Hewl\u00ear \u00fb Bexday\u00ea p\u00ea\u015fde \u00e7\u00fbne - Darka Maz\u00ee","robots":{"index":"index","follow":"follow","max-snippet":"max-snippet:-1","max-image-preview":"max-image-preview:large","max-video-preview":"max-video-preview:-1"},"canonical":"https:\/\/darkamazi.info\/archives\/1006513","og_locale":"en_US","og_type":"article","og_title":"Mes'\u00fbd Barzan\u00ee: t\u00eakil\u00eey\u00ean Hewl\u00ear \u00fb Bexday\u00ea p\u00ea\u015fde \u00e7\u00fbne - Darka Maz\u00ee","og_description":"Mes&#8217;\u00fbd\u00a0Barzan\u00ee serok\u00ea part\u00eeya demokrat a kurdistan\u00ea \u00eero ho\u015fdar\u00ee ji bih\u00eazb\u00fbna p\u00eageha teror\u00ea li \u00ceraq\u00ea dan \u00fb e\u015fkere kir sedem\u00ean d\u00eeyarb\u00fbna teror\u00ea \u00e7are jibo nehatine d\u00eetin. Ev gotin\u00ean serok Mes&#8217;\u00fbd Barzan\u00ee di civ\u00eena w\u00ee a li gel Ol\u00eevy\u00ea D\u00eekot\u00een\u00ee, serkunsul\u00ea n\u00fb \u00ea Firensay\u00ea li Hewl\u00ear\u00ea hatine dema li P\u00eermam\u00ea di civ\u00eenek\u00ea de, behsa p\u00ea\u015fhat\u00ean here daw\u00eey\u00ea [&hellip;]","og_url":"https:\/\/darkamazi.info\/archives\/1006513","og_site_name":"Darka Maz\u00ee","article_publisher":"https:\/\/www.facebook.com\/DarMaziKurmanci","article_published_time":"2019-09-04T13:26:50+00:00","article_modified_time":"2019-10-07T15:16:41+00:00","og_image":[{"width":1277,"height":715,"url":"https:\/\/darkamazi.info\/file\/2019\/09\/serok.jpg","type":"image\/jpeg"}],"author":"darka mazi","twitter_card":"summary_large_image","twitter_creator":"@DarkaMaziLatini","twitter_site":"@DarkaMaziLatini","twitter_misc":{"Written by":"darka mazi","Est. reading time":"1 minute"},"schema":{"@context":"https:\/\/schema.org","@graph":[{"@type":"Article","@id":"https:\/\/darkamazi.info\/archives\/1006513#article","isPartOf":{"@id":"https:\/\/darkamazi.info\/archives\/1006513"},"author":{"name":"darka mazi","@id":"https:\/\/darkamazi.info\/#\/schema\/person\/5ad3e24553a0567993fa8ed4bd0a776c"},"headline":"Mes&#8217;\u00fbd Barzan\u00ee: t\u00eakil\u00eey\u00ean Hewl\u00ear \u00fb Bexday\u00ea p\u00ea\u015fde \u00e7\u00fbne","datePublished":"2019-09-04T13:26:50+00:00","dateModified":"2019-10-07T15:16:41+00:00","mainEntityOfPage":{"@id":"https:\/\/darkamazi.info\/archives\/1006513"},"wordCount":207,"publisher":{"@id":"https:\/\/darkamazi.info\/#organization"},"image":{"@id":"https:\/\/darkamazi.info\/archives\/1006513#primaryimage"},"thumbnailUrl":"https:\/\/darkamazi.info\/file\/2019\/09\/serok.jpg","articleSection":["Kurdistan"],"inLanguage":"en-US"},{"@type":"WebPage","@id":"https:\/\/darkamazi.info\/archives\/1006513","url":"https:\/\/darkamazi.info\/archives\/1006513","name":"Mes'\u00fbd Barzan\u00ee: t\u00eakil\u00eey\u00ean Hewl\u00ear \u00fb Bexday\u00ea p\u00ea\u015fde \u00e7\u00fbne - Darka Maz\u00ee","isPartOf":{"@id":"https:\/\/darkamazi.info\/#website"},"primaryImageOfPage":{"@id":"https:\/\/darkamazi.info\/archives\/1006513#primaryimage"},"image":{"@id":"https:\/\/darkamazi.info\/archives\/1006513#primaryimage"},"thumbnailUrl":"https:\/\/darkamazi.info\/file\/2019\/09\/serok.jpg","datePublished":"2019-09-04T13:26:50+00:00","dateModified":"2019-10-07T15:16:41+00:00","breadcrumb":{"@id":"https:\/\/darkamazi.info\/archives\/1006513#breadcrumb"},"inLanguage":"en-US","potentialAction":[{"@type":"ReadAction","target":["https:\/\/darkamazi.info\/archives\/1006513"]}]},{"@type":"ImageObject","inLanguage":"en-US","@id":"https:\/\/darkamazi.info\/archives\/1006513#primaryimage","url":"https:\/\/darkamazi.info\/file\/2019\/09\/serok.jpg","contentUrl":"https:\/\/darkamazi.info\/file\/2019\/09\/serok.jpg","width":1277,"height":715},{"@type":"BreadcrumbList","@id":"https:\/\/darkamazi.info\/archives\/1006513#breadcrumb","itemListElement":[{"@type":"ListItem","position":1,"name":"Home","item":"https:\/\/darkamazi.info\/"},{"@type":"ListItem","position":2,"name":"Mes&#8217;\u00fbd Barzan\u00ee: t\u00eakil\u00eey\u00ean Hewl\u00ear \u00fb Bexday\u00ea p\u00ea\u015fde \u00e7\u00fbne"}]},{"@type":"WebSite","@id":"https:\/\/darkamazi.info\/#website","url":"https:\/\/darkamazi.info\/","name":"Darka Maz\u00ee","description":"P\u00eageha Zanyariy\u00ean Nebih\u00eest\u00ee","publisher":{"@id":"https:\/\/darkamazi.info\/#organization"},"potentialAction":[{"@type":"SearchAction","target":{"@type":"EntryPoint","urlTemplate":"https:\/\/darkamazi.info\/?s={search_term_string}"},"query-input":{"@type":"PropertyValueSpecification","valueRequired":true,"valueName":"search_term_string"}}],"inLanguage":"en-US"},{"@type":"Organization","@id":"https:\/\/darkamazi.info\/#organization","name":"Darka Maz\u00ee","url":"https:\/\/darkamazi.info\/","logo":{"@type":"ImageObject","inLanguage":"en-US","@id":"https:\/\/darkamazi.info\/#\/schema\/logo\/image\/","url":"https:\/\/darkamazi.info\/file\/2017\/12\/darka-mazi-logo.png","contentUrl":"https:\/\/darkamazi.info\/file\/2017\/12\/darka-mazi-logo.png","width":151,"height":75,"caption":"Darka Maz\u00ee"},"image":{"@id":"https:\/\/darkamazi.info\/#\/schema\/logo\/image\/"},"sameAs":["https:\/\/www.facebook.com\/DarMaziKurmanci","https:\/\/x.com\/DarkaMaziLatini","https:\/\/www.instagram.com\/darkamazi.kurmanci\/","https:\/\/www.youtube.com\/channel\/UCa5HkTdmI8U1qCUFuTw8B2g"]},{"@type":"Person","@id":"https:\/\/darkamazi.info\/#\/schema\/person\/5ad3e24553a0567993fa8ed4bd0a776c","name":"darka mazi","sameAs":["https:\/\/darkamazi.info\/"],"url":"https:\/\/darkamazi.info\/archives\/author\/kurdi"}]}},"_links":{"self":[{"href":"https:\/\/darkamazi.info\/funavuv\/wp\/v2\/posts\/1006513","targetHints":{"allow":["GET"]}}],"collection":[{"href":"https:\/\/darkamazi.info\/funavuv\/wp\/v2\/posts"}],"about":[{"href":"https:\/\/darkamazi.info\/funavuv\/wp\/v2\/types\/post"}],"author":[{"embeddable":true,"href":"https:\/\/darkamazi.info\/funavuv\/wp\/v2\/users\/2"}],"replies":[{"embeddable":true,"href":"https:\/\/darkamazi.info\/funavuv\/wp\/v2\/comments?post=1006513"}],"version-history":[{"count":0,"href":"https:\/\/darkamazi.info\/funavuv\/wp\/v2\/posts\/1006513\/revisions"}],"wp:featuredmedia":[{"embeddable":true,"href":"https:\/\/darkamazi.info\/funavuv\/wp\/v2\/media\/1006514"}],"wp:attachment":[{"href":"https:\/\/darkamazi.info\/funavuv\/wp\/v2\/media?parent=1006513"}],"wp:term":[{"taxonomy":"category","embeddable":true,"href":"https:\/\/darkamazi.info\/funavuv\/wp\/v2\/categories?post=1006513"},{"taxonomy":"post_tag","embeddable":true,"href":"https:\/\/darkamazi.info\/funavuv\/wp\/v2\/tags?post=1006513"}],"curies":[{"name":"wp","href":"https:\/\/api.w.org\/{rel}","templated":true}]}}