{"id":1006583,"date":"2019-09-05T17:14:51","date_gmt":"2019-09-05T14:14:51","guid":{"rendered":"https:\/\/darkamazi.info\/?p=1006583"},"modified":"2019-10-07T18:26:18","modified_gmt":"2019-10-07T15:26:18","slug":"seruke-asaysa-neteweyi-a-efxanistane-dest-ji-kar-kesa","status":"publish","type":"post","link":"https:\/\/darkamazi.info\/archives\/1006583","title":{"rendered":"Serok\u00ea asay\u00ee\u015fa netewe\u00ee ya Efxanistan\u00ea dest ji kar ki\u015fand"},"content":{"rendered":"<h2><strong>Serok\u00ea asay\u00ee\u015fa netewe\u00eeya Efxanistan\u00ea evro dest ji kar k\u00ea\u015fa, pi\u015ft\u00ee h\u00eaz\u00ean ewlehy\u00ea \u00e7ar kes ji yek malbat\u00ea bi \u015fa\u015f\u00ee ve, ku\u015ft\u00een.<\/strong><\/h2>\n<h3>Mihemed Mes\u00fbm Stank\u00eez\u00ee, Serok\u00ea asay\u00ee\u015fa netewe\u00eeya Efxanistan\u00ea evro dest ji kar k\u00ea\u015fa, pi\u015ft\u00ee h\u00eaz\u00ean ewlehy\u00ea \u00e7ar kes ji yek malbat\u00ea di operasyonek\u00ea da li bajar\u00ea Celal abad y\u00ea senter\u00ea her\u00eama Ningerhar bi \u015fa\u015f\u00ee ve, ku\u015ft\u00een.<\/h3>\n<h3>\nHer evro Mihemed E\u015fref Xen\u00ee, Serok\u00ea Efxanistan\u00ea dest ji kar k\u00ea\u015fana stank\u00eez\u00ee pejrand.<\/h3>\n<h3>\nStank\u00eez\u00ee bi yek ji syasetmedar\u00ean Efxan\u00ee dih\u00eat hejmartin, herwesan wez\u00eer \u00fb serper\u015fit\u00ea ber\u00ea y\u00ea wezareta bergir\u00ee \u00fb hewalg\u00eer\u00eey\u00ea b\u00fb.<\/h3>\n","protected":false},"excerpt":{"rendered":"<p>Serok\u00ea asay\u00ee\u015fa netewe\u00eeya Efxanistan\u00ea evro dest ji kar k\u00ea\u015fa, pi\u015ft\u00ee h\u00eaz\u00ean ewlehy\u00ea \u00e7ar kes ji yek malbat\u00ea bi \u015fa\u015f\u00ee ve, ku\u015ft\u00een. Mihemed Mes\u00fbm Stank\u00eez\u00ee, Serok\u00ea asay\u00ee\u015fa netewe\u00eeya Efxanistan\u00ea evro dest ji kar k\u00ea\u015fa, pi\u015ft\u00ee h\u00eaz\u00ean ewlehy\u00ea \u00e7ar kes ji yek malbat\u00ea di operasyonek\u00ea da li bajar\u00ea Celal abad y\u00ea senter\u00ea her\u00eama Ningerhar bi \u015fa\u015f\u00ee ve, [&hellip;]<\/p>\n","protected":false},"author":2,"featured_media":1006585,"comment_status":"closed","ping_status":"closed","sticky":false,"template":"","format":"standard","meta":{"footnotes":""},"categories":[31],"tags":[],"class_list":["post-1006583","post","type-post","status-publish","format-standard","has-post-thumbnail","hentry","category-rojhelata-navin"],"blocksy_meta":[],"seo_head":"<!-- This site is optimized with the Yoast SEO plugin v27.5 - https:\/\/yoast.com\/product\/yoast-seo-wordpress\/ -->\n<title>Serok\u00ea asay\u00ee\u015fa netewe\u00ee ya Efxanistan\u00ea dest ji kar ki\u015fand - Darka Maz\u00ee<\/title>\n<meta name=\"robots\" content=\"index, follow, max-snippet:-1, max-image-preview:large, max-video-preview:-1\" \/>\n<link rel=\"canonical\" href=\"https:\/\/darkamazi.info\/archives\/1006583\" \/>\n<meta property=\"og:locale\" content=\"en_US\" \/>\n<meta property=\"og:type\" content=\"article\" \/>\n<meta property=\"og:title\" content=\"Serok\u00ea asay\u00ee\u015fa netewe\u00ee ya Efxanistan\u00ea dest ji kar ki\u015fand - Darka Maz\u00ee\" \/>\n<meta property=\"og:description\" content=\"Serok\u00ea asay\u00ee\u015fa netewe\u00eeya Efxanistan\u00ea evro dest ji kar k\u00ea\u015fa, pi\u015ft\u00ee h\u00eaz\u00ean ewlehy\u00ea \u00e7ar kes ji yek malbat\u00ea bi \u015fa\u015f\u00ee ve, ku\u015ft\u00een. Mihemed Mes\u00fbm Stank\u00eez\u00ee, Serok\u00ea asay\u00ee\u015fa netewe\u00eeya Efxanistan\u00ea evro dest ji kar k\u00ea\u015fa, pi\u015ft\u00ee h\u00eaz\u00ean ewlehy\u00ea \u00e7ar kes ji yek malbat\u00ea di operasyonek\u00ea da li bajar\u00ea Celal abad y\u00ea senter\u00ea her\u00eama Ningerhar bi \u015fa\u015f\u00ee ve, [&hellip;]\" \/>\n<meta property=\"og:url\" content=\"https:\/\/darkamazi.info\/archives\/1006583\" \/>\n<meta property=\"og:site_name\" content=\"Darka Maz\u00ee\" \/>\n<meta property=\"article:publisher\" content=\"https:\/\/www.facebook.com\/DarMaziKurmanci\" \/>\n<meta property=\"article:published_time\" content=\"2019-09-05T14:14:51+00:00\" \/>\n<meta property=\"article:modified_time\" content=\"2019-10-07T15:26:18+00:00\" \/>\n<meta property=\"og:image\" content=\"https:\/\/darkamazi.info\/file\/2019\/09\/139605171200506511595114.jpg\" \/>\n\t<meta property=\"og:image:width\" content=\"800\" \/>\n\t<meta property=\"og:image:height\" content=\"557\" \/>\n\t<meta property=\"og:image:type\" content=\"image\/jpeg\" \/>\n<meta name=\"author\" content=\"darka mazi\" \/>\n<meta name=\"twitter:card\" content=\"summary_large_image\" \/>\n<meta name=\"twitter:creator\" content=\"@DarkaMaziLatini\" \/>\n<meta name=\"twitter:site\" content=\"@DarkaMaziLatini\" \/>\n<meta name=\"twitter:label1\" content=\"Written by\" \/>\n\t<meta name=\"twitter:data1\" content=\"darka mazi\" \/>\n\t<meta name=\"twitter:label2\" content=\"Est. reading time\" \/>\n\t<meta name=\"twitter:data2\" content=\"1 minute\" \/>\n<script type=\"application\/ld+json\" class=\"seo-schema-graph\">{\"@context\":\"https:\\\/\\\/schema.org\",\"@graph\":[{\"@type\":\"Article\",\"@id\":\"https:\\\/\\\/darkamazi.info\\\/archives\\\/1006583#article\",\"isPartOf\":{\"@id\":\"https:\\\/\\\/darkamazi.info\\\/archives\\\/1006583\"},\"author\":{\"name\":\"darka mazi\",\"@id\":\"https:\\\/\\\/darkamazi.info\\\/#\\\/schema\\\/person\\\/5ad3e24553a0567993fa8ed4bd0a776c\"},\"headline\":\"Serok\u00ea asay\u00ee\u015fa netewe\u00ee ya Efxanistan\u00ea dest ji kar ki\u015fand\",\"datePublished\":\"2019-09-05T14:14:51+00:00\",\"dateModified\":\"2019-10-07T15:26:18+00:00\",\"mainEntityOfPage\":{\"@id\":\"https:\\\/\\\/darkamazi.info\\\/archives\\\/1006583\"},\"wordCount\":126,\"publisher\":{\"@id\":\"https:\\\/\\\/darkamazi.info\\\/#organization\"},\"image\":{\"@id\":\"https:\\\/\\\/darkamazi.info\\\/archives\\\/1006583#primaryimage\"},\"thumbnailUrl\":\"https:\\\/\\\/darkamazi.info\\\/darka-content\\\/uploads\\\/2019\\\/09\\\/139605171200506511595114.jpg\",\"articleSection\":[\"Rojhelata nav\u00een\"],\"inLanguage\":\"en-US\"},{\"@type\":\"WebPage\",\"@id\":\"https:\\\/\\\/darkamazi.info\\\/archives\\\/1006583\",\"url\":\"https:\\\/\\\/darkamazi.info\\\/archives\\\/1006583\",\"name\":\"Serok\u00ea asay\u00ee\u015fa netewe\u00ee ya Efxanistan\u00ea dest ji kar ki\u015fand - Darka Maz\u00ee\",\"isPartOf\":{\"@id\":\"https:\\\/\\\/darkamazi.info\\\/#website\"},\"primaryImageOfPage\":{\"@id\":\"https:\\\/\\\/darkamazi.info\\\/archives\\\/1006583#primaryimage\"},\"image\":{\"@id\":\"https:\\\/\\\/darkamazi.info\\\/archives\\\/1006583#primaryimage\"},\"thumbnailUrl\":\"https:\\\/\\\/darkamazi.info\\\/darka-content\\\/uploads\\\/2019\\\/09\\\/139605171200506511595114.jpg\",\"datePublished\":\"2019-09-05T14:14:51+00:00\",\"dateModified\":\"2019-10-07T15:26:18+00:00\",\"breadcrumb\":{\"@id\":\"https:\\\/\\\/darkamazi.info\\\/archives\\\/1006583#breadcrumb\"},\"inLanguage\":\"en-US\",\"potentialAction\":[{\"@type\":\"ReadAction\",\"target\":[\"https:\\\/\\\/darkamazi.info\\\/archives\\\/1006583\"]}]},{\"@type\":\"ImageObject\",\"inLanguage\":\"en-US\",\"@id\":\"https:\\\/\\\/darkamazi.info\\\/archives\\\/1006583#primaryimage\",\"url\":\"https:\\\/\\\/darkamazi.info\\\/darka-content\\\/uploads\\\/2019\\\/09\\\/139605171200506511595114.jpg\",\"contentUrl\":\"https:\\\/\\\/darkamazi.info\\\/darka-content\\\/uploads\\\/2019\\\/09\\\/139605171200506511595114.jpg\",\"width\":800,\"height\":557},{\"@type\":\"BreadcrumbList\",\"@id\":\"https:\\\/\\\/darkamazi.info\\\/archives\\\/1006583#breadcrumb\",\"itemListElement\":[{\"@type\":\"ListItem\",\"position\":1,\"name\":\"Home\",\"item\":\"https:\\\/\\\/darkamazi.info\\\/\"},{\"@type\":\"ListItem\",\"position\":2,\"name\":\"Serok\u00ea asay\u00ee\u015fa netewe\u00ee ya Efxanistan\u00ea dest ji kar ki\u015fand\"}]},{\"@type\":\"WebSite\",\"@id\":\"https:\\\/\\\/darkamazi.info\\\/#website\",\"url\":\"https:\\\/\\\/darkamazi.info\\\/\",\"name\":\"Darka Maz\u00ee\",\"description\":\"P\u00eageha Zanyariy\u00ean Nebih\u00eest\u00ee\",\"publisher\":{\"@id\":\"https:\\\/\\\/darkamazi.info\\\/#organization\"},\"potentialAction\":[{\"@type\":\"SearchAction\",\"target\":{\"@type\":\"EntryPoint\",\"urlTemplate\":\"https:\\\/\\\/darkamazi.info\\\/?s={search_term_string}\"},\"query-input\":{\"@type\":\"PropertyValueSpecification\",\"valueRequired\":true,\"valueName\":\"search_term_string\"}}],\"inLanguage\":\"en-US\"},{\"@type\":\"Organization\",\"@id\":\"https:\\\/\\\/darkamazi.info\\\/#organization\",\"name\":\"Darka Maz\u00ee\",\"url\":\"https:\\\/\\\/darkamazi.info\\\/\",\"logo\":{\"@type\":\"ImageObject\",\"inLanguage\":\"en-US\",\"@id\":\"https:\\\/\\\/darkamazi.info\\\/#\\\/schema\\\/logo\\\/image\\\/\",\"url\":\"https:\\\/\\\/darkamazi.info\\\/darka-content\\\/uploads\\\/2017\\\/12\\\/darka-mazi-logo.png\",\"contentUrl\":\"https:\\\/\\\/darkamazi.info\\\/darka-content\\\/uploads\\\/2017\\\/12\\\/darka-mazi-logo.png\",\"width\":151,\"height\":75,\"caption\":\"Darka Maz\u00ee\"},\"image\":{\"@id\":\"https:\\\/\\\/darkamazi.info\\\/#\\\/schema\\\/logo\\\/image\\\/\"},\"sameAs\":[\"https:\\\/\\\/www.facebook.com\\\/DarMaziKurmanci\",\"https:\\\/\\\/x.com\\\/DarkaMaziLatini\",\"https:\\\/\\\/www.instagram.com\\\/darkamazi.kurmanci\\\/\",\"https:\\\/\\\/www.youtube.com\\\/channel\\\/UCa5HkTdmI8U1qCUFuTw8B2g\"]},{\"@type\":\"Person\",\"@id\":\"https:\\\/\\\/darkamazi.info\\\/#\\\/schema\\\/person\\\/5ad3e24553a0567993fa8ed4bd0a776c\",\"name\":\"darka mazi\",\"sameAs\":[\"https:\\\/\\\/darkamazi.info\\\/\"],\"url\":\"https:\\\/\\\/darkamazi.info\\\/archives\\\/author\\\/kurdi\"}]}<\/script>\n<!-- \/ Yoast SEO plugin. -->","seo_head_json":{"title":"Serok\u00ea asay\u00ee\u015fa netewe\u00ee ya Efxanistan\u00ea dest ji kar ki\u015fand - Darka Maz\u00ee","robots":{"index":"index","follow":"follow","max-snippet":"max-snippet:-1","max-image-preview":"max-image-preview:large","max-video-preview":"max-video-preview:-1"},"canonical":"https:\/\/darkamazi.info\/archives\/1006583","og_locale":"en_US","og_type":"article","og_title":"Serok\u00ea asay\u00ee\u015fa netewe\u00ee ya Efxanistan\u00ea dest ji kar ki\u015fand - Darka Maz\u00ee","og_description":"Serok\u00ea asay\u00ee\u015fa netewe\u00eeya Efxanistan\u00ea evro dest ji kar k\u00ea\u015fa, pi\u015ft\u00ee h\u00eaz\u00ean ewlehy\u00ea \u00e7ar kes ji yek malbat\u00ea bi \u015fa\u015f\u00ee ve, ku\u015ft\u00een. Mihemed Mes\u00fbm Stank\u00eez\u00ee, Serok\u00ea asay\u00ee\u015fa netewe\u00eeya Efxanistan\u00ea evro dest ji kar k\u00ea\u015fa, pi\u015ft\u00ee h\u00eaz\u00ean ewlehy\u00ea \u00e7ar kes ji yek malbat\u00ea di operasyonek\u00ea da li bajar\u00ea Celal abad y\u00ea senter\u00ea her\u00eama Ningerhar bi \u015fa\u015f\u00ee ve, [&hellip;]","og_url":"https:\/\/darkamazi.info\/archives\/1006583","og_site_name":"Darka Maz\u00ee","article_publisher":"https:\/\/www.facebook.com\/DarMaziKurmanci","article_published_time":"2019-09-05T14:14:51+00:00","article_modified_time":"2019-10-07T15:26:18+00:00","og_image":[{"width":800,"height":557,"url":"https:\/\/darkamazi.info\/file\/2019\/09\/139605171200506511595114.jpg","type":"image\/jpeg"}],"author":"darka mazi","twitter_card":"summary_large_image","twitter_creator":"@DarkaMaziLatini","twitter_site":"@DarkaMaziLatini","twitter_misc":{"Written by":"darka mazi","Est. reading time":"1 minute"},"schema":{"@context":"https:\/\/schema.org","@graph":[{"@type":"Article","@id":"https:\/\/darkamazi.info\/archives\/1006583#article","isPartOf":{"@id":"https:\/\/darkamazi.info\/archives\/1006583"},"author":{"name":"darka mazi","@id":"https:\/\/darkamazi.info\/#\/schema\/person\/5ad3e24553a0567993fa8ed4bd0a776c"},"headline":"Serok\u00ea asay\u00ee\u015fa netewe\u00ee ya Efxanistan\u00ea dest ji kar ki\u015fand","datePublished":"2019-09-05T14:14:51+00:00","dateModified":"2019-10-07T15:26:18+00:00","mainEntityOfPage":{"@id":"https:\/\/darkamazi.info\/archives\/1006583"},"wordCount":126,"publisher":{"@id":"https:\/\/darkamazi.info\/#organization"},"image":{"@id":"https:\/\/darkamazi.info\/archives\/1006583#primaryimage"},"thumbnailUrl":"https:\/\/darkamazi.info\/file\/2019\/09\/139605171200506511595114.jpg","articleSection":["Rojhelata nav\u00een"],"inLanguage":"en-US"},{"@type":"WebPage","@id":"https:\/\/darkamazi.info\/archives\/1006583","url":"https:\/\/darkamazi.info\/archives\/1006583","name":"Serok\u00ea asay\u00ee\u015fa netewe\u00ee ya Efxanistan\u00ea dest ji kar ki\u015fand - Darka Maz\u00ee","isPartOf":{"@id":"https:\/\/darkamazi.info\/#website"},"primaryImageOfPage":{"@id":"https:\/\/darkamazi.info\/archives\/1006583#primaryimage"},"image":{"@id":"https:\/\/darkamazi.info\/archives\/1006583#primaryimage"},"thumbnailUrl":"https:\/\/darkamazi.info\/file\/2019\/09\/139605171200506511595114.jpg","datePublished":"2019-09-05T14:14:51+00:00","dateModified":"2019-10-07T15:26:18+00:00","breadcrumb":{"@id":"https:\/\/darkamazi.info\/archives\/1006583#breadcrumb"},"inLanguage":"en-US","potentialAction":[{"@type":"ReadAction","target":["https:\/\/darkamazi.info\/archives\/1006583"]}]},{"@type":"ImageObject","inLanguage":"en-US","@id":"https:\/\/darkamazi.info\/archives\/1006583#primaryimage","url":"https:\/\/darkamazi.info\/file\/2019\/09\/139605171200506511595114.jpg","contentUrl":"https:\/\/darkamazi.info\/file\/2019\/09\/139605171200506511595114.jpg","width":800,"height":557},{"@type":"BreadcrumbList","@id":"https:\/\/darkamazi.info\/archives\/1006583#breadcrumb","itemListElement":[{"@type":"ListItem","position":1,"name":"Home","item":"https:\/\/darkamazi.info\/"},{"@type":"ListItem","position":2,"name":"Serok\u00ea asay\u00ee\u015fa netewe\u00ee ya Efxanistan\u00ea dest ji kar ki\u015fand"}]},{"@type":"WebSite","@id":"https:\/\/darkamazi.info\/#website","url":"https:\/\/darkamazi.info\/","name":"Darka Maz\u00ee","description":"P\u00eageha Zanyariy\u00ean Nebih\u00eest\u00ee","publisher":{"@id":"https:\/\/darkamazi.info\/#organization"},"potentialAction":[{"@type":"SearchAction","target":{"@type":"EntryPoint","urlTemplate":"https:\/\/darkamazi.info\/?s={search_term_string}"},"query-input":{"@type":"PropertyValueSpecification","valueRequired":true,"valueName":"search_term_string"}}],"inLanguage":"en-US"},{"@type":"Organization","@id":"https:\/\/darkamazi.info\/#organization","name":"Darka Maz\u00ee","url":"https:\/\/darkamazi.info\/","logo":{"@type":"ImageObject","inLanguage":"en-US","@id":"https:\/\/darkamazi.info\/#\/schema\/logo\/image\/","url":"https:\/\/darkamazi.info\/file\/2017\/12\/darka-mazi-logo.png","contentUrl":"https:\/\/darkamazi.info\/file\/2017\/12\/darka-mazi-logo.png","width":151,"height":75,"caption":"Darka Maz\u00ee"},"image":{"@id":"https:\/\/darkamazi.info\/#\/schema\/logo\/image\/"},"sameAs":["https:\/\/www.facebook.com\/DarMaziKurmanci","https:\/\/x.com\/DarkaMaziLatini","https:\/\/www.instagram.com\/darkamazi.kurmanci\/","https:\/\/www.youtube.com\/channel\/UCa5HkTdmI8U1qCUFuTw8B2g"]},{"@type":"Person","@id":"https:\/\/darkamazi.info\/#\/schema\/person\/5ad3e24553a0567993fa8ed4bd0a776c","name":"darka mazi","sameAs":["https:\/\/darkamazi.info\/"],"url":"https:\/\/darkamazi.info\/archives\/author\/kurdi"}]}},"_links":{"self":[{"href":"https:\/\/darkamazi.info\/funavuv\/wp\/v2\/posts\/1006583","targetHints":{"allow":["GET"]}}],"collection":[{"href":"https:\/\/darkamazi.info\/funavuv\/wp\/v2\/posts"}],"about":[{"href":"https:\/\/darkamazi.info\/funavuv\/wp\/v2\/types\/post"}],"author":[{"embeddable":true,"href":"https:\/\/darkamazi.info\/funavuv\/wp\/v2\/users\/2"}],"replies":[{"embeddable":true,"href":"https:\/\/darkamazi.info\/funavuv\/wp\/v2\/comments?post=1006583"}],"version-history":[{"count":0,"href":"https:\/\/darkamazi.info\/funavuv\/wp\/v2\/posts\/1006583\/revisions"}],"wp:featuredmedia":[{"embeddable":true,"href":"https:\/\/darkamazi.info\/funavuv\/wp\/v2\/media\/1006585"}],"wp:attachment":[{"href":"https:\/\/darkamazi.info\/funavuv\/wp\/v2\/media?parent=1006583"}],"wp:term":[{"taxonomy":"category","embeddable":true,"href":"https:\/\/darkamazi.info\/funavuv\/wp\/v2\/categories?post=1006583"},{"taxonomy":"post_tag","embeddable":true,"href":"https:\/\/darkamazi.info\/funavuv\/wp\/v2\/tags?post=1006583"}],"curies":[{"name":"wp","href":"https:\/\/api.w.org\/{rel}","templated":true}]}}