{"id":1006604,"date":"2019-09-05T20:38:59","date_gmt":"2019-09-05T17:38:59","guid":{"rendered":"https:\/\/darkamazi.info\/?p=1006604"},"modified":"2019-10-07T18:25:50","modified_gmt":"2019-10-07T15:25:50","slug":"sanda-kurdistane-derbarey-singale-daxwaziyeke-ji-helbusi-dike","status":"publish","type":"post","link":"https:\/\/darkamazi.info\/archives\/1006604","title":{"rendered":"\u015eanda kurdistan\u00ea derbarey \u015fingal\u00ea daxwaz\u00eeyek\u00ea ji helb\u00fbs\u00ee dike"},"content":{"rendered":"<h2><strong>\u015eandeke perlemana kurdistan\u00ea ku dema du rojane li Bexda a paytexta \u00ceraq\u00ea ye, \u00eero dgel Serok perlemana \u00ceraq\u00ea civ\u00eeya \u00fb pirsa helbijartin\u00ean Enc\u00fbmen\u00ean par\u00eazgeh\u00eeyan gotub\u00eaj kirin.<\/strong><\/h2>\n<h3>\u015eanda perlemana kurdistan\u00ea bi serokat\u00eeya H\u00eamin Hewram\u00ee c\u00eagr\u00ea Serok perlemana Kurdistan\u00ea, \u00eero ji aly\u00ea Mihemed Helb\u00fbs\u00ee Serok perlemana \u00ceraq\u00ea ve hat p\u00ea\u015fwaz\u00ee kirin, di civ\u00een\u00ea de, maddeya 16m\u00een a yasaya helbijartin\u00ean Enc\u00fbmen\u00ean par\u00eazgeh\u00eeyan hat gotub\u00eaj kirin ku bi egera w\u00ea hejmareke \u00eakcar mezn a kurdan, w\u00ea ji maf\u00ea dengdan\u00ea b\u00ea be\u015f bike, nexasme r\u00fbni\u015ftvan\u00ean kerk\u00fbk \u00fb \u015fingal\u00ea.<\/h3>\n<h3>\u015eanda perlemana Kurdistan\u00ea ji Helb\u00fbs\u00ee xwest, ner\u00eena her\u00eama Kurdistan\u00ea li ber\u00e7av were wergirtin \u00fb jiber\u00ee pejrandin\u00ea ew ner\u00een tevl\u00ee proje yasay\u00ea bibe.<\/h3>\n<h3>Di w\u00ea derbar\u00ea de, serok perlemana \u00ceraq\u00ea p\u00ea\u015fwaz\u00ee li \u015fanda perlemana Kurdistan\u00ea kir \u00fb hewl\u00ean w\u00ee y\u00ean jiboy \u00e7areserkirna pirsgir\u00eak\u00ean hewl\u00ear \u00fb Bexday\u00ea nirxandin.<\/h3>\n<h3>\u015eanda Kurdistan\u00ea duh\u00ee roja \u00e7ar\u015femb\u00ea daxwaz\u00eeya rastvekirna piroje yasaya hilbijartin\u00ean Enc\u00fbmen\u00ean par\u00eazgeh\u00eeyan kir, nexasme xala dengdana awareyan.<br \/>\nPerlemana Kurdistan\u00ea bi r\u00eaya \u015fanda xwe a Bexday\u00ea, skalayeke ferm\u00ee li dadgeha federal li ser yasaya hilbijartin\u00ean par\u00eazgeh\u00eeyan tomar kir ku bi sedema w\u00ea, w\u00ea hejmareke \u00eakcar mezin a awareyan ji maf\u00ea dengdan\u00ea b\u00ea be\u015f bin.<\/h3>\n","protected":false},"excerpt":{"rendered":"<p>\u015eandeke perlemana kurdistan\u00ea ku dema du rojane li Bexda a paytexta \u00ceraq\u00ea ye, \u00eero dgel Serok perlemana \u00ceraq\u00ea civ\u00eeya \u00fb pirsa helbijartin\u00ean Enc\u00fbmen\u00ean par\u00eazgeh\u00eeyan gotub\u00eaj kirin. \u015eanda perlemana kurdistan\u00ea bi serokat\u00eeya H\u00eamin Hewram\u00ee c\u00eagr\u00ea Serok perlemana Kurdistan\u00ea, \u00eero ji aly\u00ea Mihemed Helb\u00fbs\u00ee Serok perlemana \u00ceraq\u00ea ve hat p\u00ea\u015fwaz\u00ee kirin, di civ\u00een\u00ea de, maddeya 16m\u00een a [&hellip;]<\/p>\n","protected":false},"author":2,"featured_media":1006605,"comment_status":"closed","ping_status":"closed","sticky":false,"template":"","format":"standard","meta":{"footnotes":""},"categories":[29],"tags":[],"class_list":["post-1006604","post","type-post","status-publish","format-standard","has-post-thumbnail","hentry","category-kurdistan"],"blocksy_meta":[],"seo_head":"<!-- This site is optimized with the Yoast SEO plugin v27.5 - https:\/\/yoast.com\/product\/yoast-seo-wordpress\/ -->\n<title>\u015eanda kurdistan\u00ea derbarey \u015fingal\u00ea daxwaz\u00eeyek\u00ea ji helb\u00fbs\u00ee dike - Darka Maz\u00ee<\/title>\n<meta name=\"robots\" content=\"index, follow, max-snippet:-1, max-image-preview:large, max-video-preview:-1\" \/>\n<link rel=\"canonical\" href=\"https:\/\/darkamazi.info\/archives\/1006604\" \/>\n<meta property=\"og:locale\" content=\"en_US\" \/>\n<meta property=\"og:type\" content=\"article\" \/>\n<meta property=\"og:title\" content=\"\u015eanda kurdistan\u00ea derbarey \u015fingal\u00ea daxwaz\u00eeyek\u00ea ji helb\u00fbs\u00ee dike - Darka Maz\u00ee\" \/>\n<meta property=\"og:description\" content=\"\u015eandeke perlemana kurdistan\u00ea ku dema du rojane li Bexda a paytexta \u00ceraq\u00ea ye, \u00eero dgel Serok perlemana \u00ceraq\u00ea civ\u00eeya \u00fb pirsa helbijartin\u00ean Enc\u00fbmen\u00ean par\u00eazgeh\u00eeyan gotub\u00eaj kirin. \u015eanda perlemana kurdistan\u00ea bi serokat\u00eeya H\u00eamin Hewram\u00ee c\u00eagr\u00ea Serok perlemana Kurdistan\u00ea, \u00eero ji aly\u00ea Mihemed Helb\u00fbs\u00ee Serok perlemana \u00ceraq\u00ea ve hat p\u00ea\u015fwaz\u00ee kirin, di civ\u00een\u00ea de, maddeya 16m\u00een a [&hellip;]\" \/>\n<meta property=\"og:url\" content=\"https:\/\/darkamazi.info\/archives\/1006604\" \/>\n<meta property=\"og:site_name\" content=\"Darka Maz\u00ee\" \/>\n<meta property=\"article:publisher\" content=\"https:\/\/www.facebook.com\/DarMaziKurmanci\" \/>\n<meta property=\"article:published_time\" content=\"2019-09-05T17:38:59+00:00\" \/>\n<meta property=\"article:modified_time\" content=\"2019-10-07T15:25:50+00:00\" \/>\n<meta property=\"og:image\" content=\"https:\/\/darkamazi.info\/file\/2019\/09\/Hemin-Hewrami-u-Mihemed-Helbosi.jpg\" \/>\n\t<meta property=\"og:image:width\" content=\"900\" \/>\n\t<meta property=\"og:image:height\" content=\"540\" \/>\n\t<meta property=\"og:image:type\" content=\"image\/jpeg\" \/>\n<meta name=\"author\" content=\"darka mazi\" \/>\n<meta name=\"twitter:card\" content=\"summary_large_image\" \/>\n<meta name=\"twitter:image\" content=\"https:\/\/darkamazi.info\/file\/2019\/09\/Hemin-Hewrami-u-Mihemed-Helbosi.jpg\" \/>\n<meta name=\"twitter:creator\" content=\"@DarkaMaziLatini\" \/>\n<meta name=\"twitter:site\" content=\"@DarkaMaziLatini\" \/>\n<meta name=\"twitter:label1\" content=\"Written by\" \/>\n\t<meta name=\"twitter:data1\" content=\"darka mazi\" \/>\n\t<meta name=\"twitter:label2\" content=\"Est. reading time\" \/>\n\t<meta name=\"twitter:data2\" content=\"1 minute\" \/>\n<script type=\"application\/ld+json\" class=\"seo-schema-graph\">{\"@context\":\"https:\\\/\\\/schema.org\",\"@graph\":[{\"@type\":\"Article\",\"@id\":\"https:\\\/\\\/darkamazi.info\\\/archives\\\/1006604#article\",\"isPartOf\":{\"@id\":\"https:\\\/\\\/darkamazi.info\\\/archives\\\/1006604\"},\"author\":{\"name\":\"darka mazi\",\"@id\":\"https:\\\/\\\/darkamazi.info\\\/#\\\/schema\\\/person\\\/5ad3e24553a0567993fa8ed4bd0a776c\"},\"headline\":\"\u015eanda kurdistan\u00ea derbarey \u015fingal\u00ea daxwaz\u00eeyek\u00ea ji helb\u00fbs\u00ee dike\",\"datePublished\":\"2019-09-05T17:38:59+00:00\",\"dateModified\":\"2019-10-07T15:25:50+00:00\",\"mainEntityOfPage\":{\"@id\":\"https:\\\/\\\/darkamazi.info\\\/archives\\\/1006604\"},\"wordCount\":233,\"publisher\":{\"@id\":\"https:\\\/\\\/darkamazi.info\\\/#organization\"},\"image\":{\"@id\":\"https:\\\/\\\/darkamazi.info\\\/archives\\\/1006604#primaryimage\"},\"thumbnailUrl\":\"https:\\\/\\\/darkamazi.info\\\/darka-content\\\/uploads\\\/2019\\\/09\\\/Hemin-Hewrami-u-Mihemed-Helbosi.jpg\",\"articleSection\":[\"Kurdistan\"],\"inLanguage\":\"en-US\"},{\"@type\":\"WebPage\",\"@id\":\"https:\\\/\\\/darkamazi.info\\\/archives\\\/1006604\",\"url\":\"https:\\\/\\\/darkamazi.info\\\/archives\\\/1006604\",\"name\":\"\u015eanda kurdistan\u00ea derbarey \u015fingal\u00ea daxwaz\u00eeyek\u00ea ji helb\u00fbs\u00ee dike - Darka Maz\u00ee\",\"isPartOf\":{\"@id\":\"https:\\\/\\\/darkamazi.info\\\/#website\"},\"primaryImageOfPage\":{\"@id\":\"https:\\\/\\\/darkamazi.info\\\/archives\\\/1006604#primaryimage\"},\"image\":{\"@id\":\"https:\\\/\\\/darkamazi.info\\\/archives\\\/1006604#primaryimage\"},\"thumbnailUrl\":\"https:\\\/\\\/darkamazi.info\\\/darka-content\\\/uploads\\\/2019\\\/09\\\/Hemin-Hewrami-u-Mihemed-Helbosi.jpg\",\"datePublished\":\"2019-09-05T17:38:59+00:00\",\"dateModified\":\"2019-10-07T15:25:50+00:00\",\"breadcrumb\":{\"@id\":\"https:\\\/\\\/darkamazi.info\\\/archives\\\/1006604#breadcrumb\"},\"inLanguage\":\"en-US\",\"potentialAction\":[{\"@type\":\"ReadAction\",\"target\":[\"https:\\\/\\\/darkamazi.info\\\/archives\\\/1006604\"]}]},{\"@type\":\"ImageObject\",\"inLanguage\":\"en-US\",\"@id\":\"https:\\\/\\\/darkamazi.info\\\/archives\\\/1006604#primaryimage\",\"url\":\"https:\\\/\\\/darkamazi.info\\\/darka-content\\\/uploads\\\/2019\\\/09\\\/Hemin-Hewrami-u-Mihemed-Helbosi.jpg\",\"contentUrl\":\"https:\\\/\\\/darkamazi.info\\\/darka-content\\\/uploads\\\/2019\\\/09\\\/Hemin-Hewrami-u-Mihemed-Helbosi.jpg\",\"width\":900,\"height\":540},{\"@type\":\"BreadcrumbList\",\"@id\":\"https:\\\/\\\/darkamazi.info\\\/archives\\\/1006604#breadcrumb\",\"itemListElement\":[{\"@type\":\"ListItem\",\"position\":1,\"name\":\"Home\",\"item\":\"https:\\\/\\\/darkamazi.info\\\/\"},{\"@type\":\"ListItem\",\"position\":2,\"name\":\"\u015eanda kurdistan\u00ea derbarey \u015fingal\u00ea daxwaz\u00eeyek\u00ea ji helb\u00fbs\u00ee dike\"}]},{\"@type\":\"WebSite\",\"@id\":\"https:\\\/\\\/darkamazi.info\\\/#website\",\"url\":\"https:\\\/\\\/darkamazi.info\\\/\",\"name\":\"Darka Maz\u00ee\",\"description\":\"P\u00eageha Zanyariy\u00ean Nebih\u00eest\u00ee\",\"publisher\":{\"@id\":\"https:\\\/\\\/darkamazi.info\\\/#organization\"},\"potentialAction\":[{\"@type\":\"SearchAction\",\"target\":{\"@type\":\"EntryPoint\",\"urlTemplate\":\"https:\\\/\\\/darkamazi.info\\\/?s={search_term_string}\"},\"query-input\":{\"@type\":\"PropertyValueSpecification\",\"valueRequired\":true,\"valueName\":\"search_term_string\"}}],\"inLanguage\":\"en-US\"},{\"@type\":\"Organization\",\"@id\":\"https:\\\/\\\/darkamazi.info\\\/#organization\",\"name\":\"Darka Maz\u00ee\",\"url\":\"https:\\\/\\\/darkamazi.info\\\/\",\"logo\":{\"@type\":\"ImageObject\",\"inLanguage\":\"en-US\",\"@id\":\"https:\\\/\\\/darkamazi.info\\\/#\\\/schema\\\/logo\\\/image\\\/\",\"url\":\"https:\\\/\\\/darkamazi.info\\\/darka-content\\\/uploads\\\/2017\\\/12\\\/darka-mazi-logo.png\",\"contentUrl\":\"https:\\\/\\\/darkamazi.info\\\/darka-content\\\/uploads\\\/2017\\\/12\\\/darka-mazi-logo.png\",\"width\":151,\"height\":75,\"caption\":\"Darka Maz\u00ee\"},\"image\":{\"@id\":\"https:\\\/\\\/darkamazi.info\\\/#\\\/schema\\\/logo\\\/image\\\/\"},\"sameAs\":[\"https:\\\/\\\/www.facebook.com\\\/DarMaziKurmanci\",\"https:\\\/\\\/x.com\\\/DarkaMaziLatini\",\"https:\\\/\\\/www.instagram.com\\\/darkamazi.kurmanci\\\/\",\"https:\\\/\\\/www.youtube.com\\\/channel\\\/UCa5HkTdmI8U1qCUFuTw8B2g\"]},{\"@type\":\"Person\",\"@id\":\"https:\\\/\\\/darkamazi.info\\\/#\\\/schema\\\/person\\\/5ad3e24553a0567993fa8ed4bd0a776c\",\"name\":\"darka mazi\",\"sameAs\":[\"https:\\\/\\\/darkamazi.info\\\/\"],\"url\":\"https:\\\/\\\/darkamazi.info\\\/archives\\\/author\\\/kurdi\"}]}<\/script>\n<!-- \/ Yoast SEO plugin. -->","seo_head_json":{"title":"\u015eanda kurdistan\u00ea derbarey \u015fingal\u00ea daxwaz\u00eeyek\u00ea ji helb\u00fbs\u00ee dike - Darka Maz\u00ee","robots":{"index":"index","follow":"follow","max-snippet":"max-snippet:-1","max-image-preview":"max-image-preview:large","max-video-preview":"max-video-preview:-1"},"canonical":"https:\/\/darkamazi.info\/archives\/1006604","og_locale":"en_US","og_type":"article","og_title":"\u015eanda kurdistan\u00ea derbarey \u015fingal\u00ea daxwaz\u00eeyek\u00ea ji helb\u00fbs\u00ee dike - Darka Maz\u00ee","og_description":"\u015eandeke perlemana kurdistan\u00ea ku dema du rojane li Bexda a paytexta \u00ceraq\u00ea ye, \u00eero dgel Serok perlemana \u00ceraq\u00ea civ\u00eeya \u00fb pirsa helbijartin\u00ean Enc\u00fbmen\u00ean par\u00eazgeh\u00eeyan gotub\u00eaj kirin. \u015eanda perlemana kurdistan\u00ea bi serokat\u00eeya H\u00eamin Hewram\u00ee c\u00eagr\u00ea Serok perlemana Kurdistan\u00ea, \u00eero ji aly\u00ea Mihemed Helb\u00fbs\u00ee Serok perlemana \u00ceraq\u00ea ve hat p\u00ea\u015fwaz\u00ee kirin, di civ\u00een\u00ea de, maddeya 16m\u00een a [&hellip;]","og_url":"https:\/\/darkamazi.info\/archives\/1006604","og_site_name":"Darka Maz\u00ee","article_publisher":"https:\/\/www.facebook.com\/DarMaziKurmanci","article_published_time":"2019-09-05T17:38:59+00:00","article_modified_time":"2019-10-07T15:25:50+00:00","og_image":[{"width":900,"height":540,"url":"https:\/\/darkamazi.info\/file\/2019\/09\/Hemin-Hewrami-u-Mihemed-Helbosi.jpg","type":"image\/jpeg"}],"author":"darka mazi","twitter_card":"summary_large_image","twitter_image":"https:\/\/darkamazi.info\/file\/2019\/09\/Hemin-Hewrami-u-Mihemed-Helbosi.jpg","twitter_creator":"@DarkaMaziLatini","twitter_site":"@DarkaMaziLatini","twitter_misc":{"Written by":"darka mazi","Est. reading time":"1 minute"},"schema":{"@context":"https:\/\/schema.org","@graph":[{"@type":"Article","@id":"https:\/\/darkamazi.info\/archives\/1006604#article","isPartOf":{"@id":"https:\/\/darkamazi.info\/archives\/1006604"},"author":{"name":"darka mazi","@id":"https:\/\/darkamazi.info\/#\/schema\/person\/5ad3e24553a0567993fa8ed4bd0a776c"},"headline":"\u015eanda kurdistan\u00ea derbarey \u015fingal\u00ea daxwaz\u00eeyek\u00ea ji helb\u00fbs\u00ee dike","datePublished":"2019-09-05T17:38:59+00:00","dateModified":"2019-10-07T15:25:50+00:00","mainEntityOfPage":{"@id":"https:\/\/darkamazi.info\/archives\/1006604"},"wordCount":233,"publisher":{"@id":"https:\/\/darkamazi.info\/#organization"},"image":{"@id":"https:\/\/darkamazi.info\/archives\/1006604#primaryimage"},"thumbnailUrl":"https:\/\/darkamazi.info\/file\/2019\/09\/Hemin-Hewrami-u-Mihemed-Helbosi.jpg","articleSection":["Kurdistan"],"inLanguage":"en-US"},{"@type":"WebPage","@id":"https:\/\/darkamazi.info\/archives\/1006604","url":"https:\/\/darkamazi.info\/archives\/1006604","name":"\u015eanda kurdistan\u00ea derbarey \u015fingal\u00ea daxwaz\u00eeyek\u00ea ji helb\u00fbs\u00ee dike - Darka Maz\u00ee","isPartOf":{"@id":"https:\/\/darkamazi.info\/#website"},"primaryImageOfPage":{"@id":"https:\/\/darkamazi.info\/archives\/1006604#primaryimage"},"image":{"@id":"https:\/\/darkamazi.info\/archives\/1006604#primaryimage"},"thumbnailUrl":"https:\/\/darkamazi.info\/file\/2019\/09\/Hemin-Hewrami-u-Mihemed-Helbosi.jpg","datePublished":"2019-09-05T17:38:59+00:00","dateModified":"2019-10-07T15:25:50+00:00","breadcrumb":{"@id":"https:\/\/darkamazi.info\/archives\/1006604#breadcrumb"},"inLanguage":"en-US","potentialAction":[{"@type":"ReadAction","target":["https:\/\/darkamazi.info\/archives\/1006604"]}]},{"@type":"ImageObject","inLanguage":"en-US","@id":"https:\/\/darkamazi.info\/archives\/1006604#primaryimage","url":"https:\/\/darkamazi.info\/file\/2019\/09\/Hemin-Hewrami-u-Mihemed-Helbosi.jpg","contentUrl":"https:\/\/darkamazi.info\/file\/2019\/09\/Hemin-Hewrami-u-Mihemed-Helbosi.jpg","width":900,"height":540},{"@type":"BreadcrumbList","@id":"https:\/\/darkamazi.info\/archives\/1006604#breadcrumb","itemListElement":[{"@type":"ListItem","position":1,"name":"Home","item":"https:\/\/darkamazi.info\/"},{"@type":"ListItem","position":2,"name":"\u015eanda kurdistan\u00ea derbarey \u015fingal\u00ea daxwaz\u00eeyek\u00ea ji helb\u00fbs\u00ee dike"}]},{"@type":"WebSite","@id":"https:\/\/darkamazi.info\/#website","url":"https:\/\/darkamazi.info\/","name":"Darka Maz\u00ee","description":"P\u00eageha Zanyariy\u00ean Nebih\u00eest\u00ee","publisher":{"@id":"https:\/\/darkamazi.info\/#organization"},"potentialAction":[{"@type":"SearchAction","target":{"@type":"EntryPoint","urlTemplate":"https:\/\/darkamazi.info\/?s={search_term_string}"},"query-input":{"@type":"PropertyValueSpecification","valueRequired":true,"valueName":"search_term_string"}}],"inLanguage":"en-US"},{"@type":"Organization","@id":"https:\/\/darkamazi.info\/#organization","name":"Darka Maz\u00ee","url":"https:\/\/darkamazi.info\/","logo":{"@type":"ImageObject","inLanguage":"en-US","@id":"https:\/\/darkamazi.info\/#\/schema\/logo\/image\/","url":"https:\/\/darkamazi.info\/file\/2017\/12\/darka-mazi-logo.png","contentUrl":"https:\/\/darkamazi.info\/file\/2017\/12\/darka-mazi-logo.png","width":151,"height":75,"caption":"Darka Maz\u00ee"},"image":{"@id":"https:\/\/darkamazi.info\/#\/schema\/logo\/image\/"},"sameAs":["https:\/\/www.facebook.com\/DarMaziKurmanci","https:\/\/x.com\/DarkaMaziLatini","https:\/\/www.instagram.com\/darkamazi.kurmanci\/","https:\/\/www.youtube.com\/channel\/UCa5HkTdmI8U1qCUFuTw8B2g"]},{"@type":"Person","@id":"https:\/\/darkamazi.info\/#\/schema\/person\/5ad3e24553a0567993fa8ed4bd0a776c","name":"darka mazi","sameAs":["https:\/\/darkamazi.info\/"],"url":"https:\/\/darkamazi.info\/archives\/author\/kurdi"}]}},"_links":{"self":[{"href":"https:\/\/darkamazi.info\/funavuv\/wp\/v2\/posts\/1006604","targetHints":{"allow":["GET"]}}],"collection":[{"href":"https:\/\/darkamazi.info\/funavuv\/wp\/v2\/posts"}],"about":[{"href":"https:\/\/darkamazi.info\/funavuv\/wp\/v2\/types\/post"}],"author":[{"embeddable":true,"href":"https:\/\/darkamazi.info\/funavuv\/wp\/v2\/users\/2"}],"replies":[{"embeddable":true,"href":"https:\/\/darkamazi.info\/funavuv\/wp\/v2\/comments?post=1006604"}],"version-history":[{"count":0,"href":"https:\/\/darkamazi.info\/funavuv\/wp\/v2\/posts\/1006604\/revisions"}],"wp:featuredmedia":[{"embeddable":true,"href":"https:\/\/darkamazi.info\/funavuv\/wp\/v2\/media\/1006605"}],"wp:attachment":[{"href":"https:\/\/darkamazi.info\/funavuv\/wp\/v2\/media?parent=1006604"}],"wp:term":[{"taxonomy":"category","embeddable":true,"href":"https:\/\/darkamazi.info\/funavuv\/wp\/v2\/categories?post=1006604"},{"taxonomy":"post_tag","embeddable":true,"href":"https:\/\/darkamazi.info\/funavuv\/wp\/v2\/tags?post=1006604"}],"curies":[{"name":"wp","href":"https:\/\/api.w.org\/{rel}","templated":true}]}}