{"id":1006622,"date":"2019-09-05T22:06:33","date_gmt":"2019-09-05T19:06:33","guid":{"rendered":"https:\/\/darkamazi.info\/?p=1006622"},"modified":"2019-10-07T18:25:19","modified_gmt":"2019-10-07T15:25:19","slug":"basore-kurdistane-de-encumeneke-bi-raberatiya-barzani-pekinit","status":"publish","type":"post","link":"https:\/\/darkamazi.info\/archives\/1006622","title":{"rendered":"Ba\u015for\u00ea Kurdistan\u00ea d\u00ea Enc\u00fbmenek\u00ea bi raberat\u00eeya Barzan\u00ee p\u00eak\u00een\u00eet"},"content":{"rendered":"<h2><strong>Part\u00eey\u00ean ba\u015for\u00ea Kurdistan\u00ea gotub\u00eaja p\u00eakan\u00eena Enc\u00fbmeneka raw\u00eajkar\u00ee diken, lihevhatineke destp\u00eak\u00ee j\u00ee heye, Barzan\u00ee raberat\u00eeya w\u00ea Enc\u00fbmen\u00ea bike.<\/strong><\/h2>\n<h3>Mihemed\u00ea Hac\u00ee Mehm\u00fbd, sikirt\u00ear\u00ee part\u00eeya sosyal demokrata Kurdistan\u00ea di civ\u00eeneke medyay\u00ee de e\u015fkere kir, part\u00eey\u00ean s\u00eeyas\u00ee pi\u015ftevanin ku enc\u00fbmenek jibo merem\u00ean raw\u00eajkar\u00ee bih\u00eat p\u00eakan\u00een \u00fb Mes&#8217;\u00fbd Barzan\u00ee bibe Serok\u00ea w\u00ea enc\u00fbmen\u00ea.<\/h3>\n<h3>Herweha dib\u00eaje: \u00e7i peywend\u00eeya w\u00ea enc\u00fbmen\u00ea bi Hikumet\u00ea ve nab\u00eet, part\u00eeya demokrata Kurdistan\u00ea \u00fb yek\u00eat\u00eeya n\u00ee\u015ft\u00eeman\u00ee gotub\u00eaj li ser kirine, peywend\u00eeya w\u00ea j\u00ee ten\u00ea d\u00ea bi part\u00eeyan ve heb\u00eet, anku d\u00ea weke perlemana part\u00eeyan b\u00eet.<br \/>\nArmanca w\u00ea Enc\u00fbmen\u00ea w\u00ea day\u00eena raw\u00eajan b\u00eet herweha \u00e7\u00eakirna kodeng\u00eey\u00ea \u00fb helw\u00eest\u00ean yekgirt\u00ee.<\/h3>\n<h3>Skirt\u00ear\u00ea part\u00eeya sosyal d\u00eemokrat behsa Mes&#8217;\u00fbdBarzan\u00ee kir\u00eeye \u00fb dib\u00eaje: ew jibo raberat\u00eeya Enc\u00fbmen\u00ea d\u00ea bijardeya her\u00ee ba\u015f b\u00eet.<\/h3>\n","protected":false},"excerpt":{"rendered":"<p>Part\u00eey\u00ean ba\u015for\u00ea Kurdistan\u00ea gotub\u00eaja p\u00eakan\u00eena Enc\u00fbmeneka raw\u00eajkar\u00ee diken, lihevhatineke destp\u00eak\u00ee j\u00ee heye, Barzan\u00ee raberat\u00eeya w\u00ea Enc\u00fbmen\u00ea bike. Mihemed\u00ea Hac\u00ee Mehm\u00fbd, sikirt\u00ear\u00ee part\u00eeya sosyal demokrata Kurdistan\u00ea di civ\u00eeneke medyay\u00ee de e\u015fkere kir, part\u00eey\u00ean s\u00eeyas\u00ee pi\u015ftevanin ku enc\u00fbmenek jibo merem\u00ean raw\u00eajkar\u00ee bih\u00eat p\u00eakan\u00een \u00fb Mes&#8217;\u00fbd Barzan\u00ee bibe Serok\u00ea w\u00ea enc\u00fbmen\u00ea. Herweha dib\u00eaje: \u00e7i peywend\u00eeya w\u00ea enc\u00fbmen\u00ea bi [&hellip;]<\/p>\n","protected":false},"author":2,"featured_media":1006623,"comment_status":"closed","ping_status":"closed","sticky":false,"template":"","format":"standard","meta":{"footnotes":""},"categories":[29],"tags":[],"class_list":["post-1006622","post","type-post","status-publish","format-standard","has-post-thumbnail","hentry","category-kurdistan"],"blocksy_meta":[],"seo_head":"<!-- This site is optimized with the Yoast SEO plugin v27.5 - https:\/\/yoast.com\/product\/yoast-seo-wordpress\/ -->\n<title>Ba\u015for\u00ea Kurdistan\u00ea d\u00ea Enc\u00fbmenek\u00ea bi raberat\u00eeya Barzan\u00ee p\u00eak\u00een\u00eet - Darka Maz\u00ee<\/title>\n<meta name=\"robots\" content=\"index, follow, max-snippet:-1, max-image-preview:large, max-video-preview:-1\" \/>\n<link rel=\"canonical\" href=\"https:\/\/darkamazi.info\/archives\/1006622\" \/>\n<meta property=\"og:locale\" content=\"en_US\" \/>\n<meta property=\"og:type\" content=\"article\" \/>\n<meta property=\"og:title\" content=\"Ba\u015for\u00ea Kurdistan\u00ea d\u00ea Enc\u00fbmenek\u00ea bi raberat\u00eeya Barzan\u00ee p\u00eak\u00een\u00eet - Darka Maz\u00ee\" \/>\n<meta property=\"og:description\" content=\"Part\u00eey\u00ean ba\u015for\u00ea Kurdistan\u00ea gotub\u00eaja p\u00eakan\u00eena Enc\u00fbmeneka raw\u00eajkar\u00ee diken, lihevhatineke destp\u00eak\u00ee j\u00ee heye, Barzan\u00ee raberat\u00eeya w\u00ea Enc\u00fbmen\u00ea bike. Mihemed\u00ea Hac\u00ee Mehm\u00fbd, sikirt\u00ear\u00ee part\u00eeya sosyal demokrata Kurdistan\u00ea di civ\u00eeneke medyay\u00ee de e\u015fkere kir, part\u00eey\u00ean s\u00eeyas\u00ee pi\u015ftevanin ku enc\u00fbmenek jibo merem\u00ean raw\u00eajkar\u00ee bih\u00eat p\u00eakan\u00een \u00fb Mes&#8217;\u00fbd Barzan\u00ee bibe Serok\u00ea w\u00ea enc\u00fbmen\u00ea. Herweha dib\u00eaje: \u00e7i peywend\u00eeya w\u00ea enc\u00fbmen\u00ea bi [&hellip;]\" \/>\n<meta property=\"og:url\" content=\"https:\/\/darkamazi.info\/archives\/1006622\" \/>\n<meta property=\"og:site_name\" content=\"Darka Maz\u00ee\" \/>\n<meta property=\"article:publisher\" content=\"https:\/\/www.facebook.com\/DarMaziKurmanci\" \/>\n<meta property=\"article:published_time\" content=\"2019-09-05T19:06:33+00:00\" \/>\n<meta property=\"article:modified_time\" content=\"2019-10-07T15:25:19+00:00\" \/>\n<meta property=\"og:image\" content=\"https:\/\/darkamazi.info\/file\/2019\/09\/Serok-Barzani.jpg\" \/>\n\t<meta property=\"og:image:width\" content=\"864\" \/>\n\t<meta property=\"og:image:height\" content=\"486\" \/>\n\t<meta property=\"og:image:type\" content=\"image\/jpeg\" \/>\n<meta name=\"author\" content=\"darka mazi\" \/>\n<meta name=\"twitter:card\" content=\"summary_large_image\" \/>\n<meta name=\"twitter:image\" content=\"https:\/\/darkamazi.info\/file\/2019\/09\/Serok-Barzani.jpg\" \/>\n<meta name=\"twitter:creator\" content=\"@DarkaMaziLatini\" \/>\n<meta name=\"twitter:site\" content=\"@DarkaMaziLatini\" \/>\n<meta name=\"twitter:label1\" content=\"Written by\" \/>\n\t<meta name=\"twitter:data1\" content=\"darka mazi\" \/>\n\t<meta name=\"twitter:label2\" content=\"Est. reading time\" \/>\n\t<meta name=\"twitter:data2\" content=\"1 minute\" \/>\n<script type=\"application\/ld+json\" class=\"seo-schema-graph\">{\"@context\":\"https:\\\/\\\/schema.org\",\"@graph\":[{\"@type\":\"Article\",\"@id\":\"https:\\\/\\\/darkamazi.info\\\/archives\\\/1006622#article\",\"isPartOf\":{\"@id\":\"https:\\\/\\\/darkamazi.info\\\/archives\\\/1006622\"},\"author\":{\"name\":\"darka mazi\",\"@id\":\"https:\\\/\\\/darkamazi.info\\\/#\\\/schema\\\/person\\\/5ad3e24553a0567993fa8ed4bd0a776c\"},\"headline\":\"Ba\u015for\u00ea Kurdistan\u00ea d\u00ea Enc\u00fbmenek\u00ea bi raberat\u00eeya Barzan\u00ee p\u00eak\u00een\u00eet\",\"datePublished\":\"2019-09-05T19:06:33+00:00\",\"dateModified\":\"2019-10-07T15:25:19+00:00\",\"mainEntityOfPage\":{\"@id\":\"https:\\\/\\\/darkamazi.info\\\/archives\\\/1006622\"},\"wordCount\":183,\"publisher\":{\"@id\":\"https:\\\/\\\/darkamazi.info\\\/#organization\"},\"image\":{\"@id\":\"https:\\\/\\\/darkamazi.info\\\/archives\\\/1006622#primaryimage\"},\"thumbnailUrl\":\"https:\\\/\\\/darkamazi.info\\\/darka-content\\\/uploads\\\/2019\\\/09\\\/Serok-Barzani.jpg\",\"articleSection\":[\"Kurdistan\"],\"inLanguage\":\"en-US\"},{\"@type\":\"WebPage\",\"@id\":\"https:\\\/\\\/darkamazi.info\\\/archives\\\/1006622\",\"url\":\"https:\\\/\\\/darkamazi.info\\\/archives\\\/1006622\",\"name\":\"Ba\u015for\u00ea Kurdistan\u00ea d\u00ea Enc\u00fbmenek\u00ea bi raberat\u00eeya Barzan\u00ee p\u00eak\u00een\u00eet - Darka Maz\u00ee\",\"isPartOf\":{\"@id\":\"https:\\\/\\\/darkamazi.info\\\/#website\"},\"primaryImageOfPage\":{\"@id\":\"https:\\\/\\\/darkamazi.info\\\/archives\\\/1006622#primaryimage\"},\"image\":{\"@id\":\"https:\\\/\\\/darkamazi.info\\\/archives\\\/1006622#primaryimage\"},\"thumbnailUrl\":\"https:\\\/\\\/darkamazi.info\\\/darka-content\\\/uploads\\\/2019\\\/09\\\/Serok-Barzani.jpg\",\"datePublished\":\"2019-09-05T19:06:33+00:00\",\"dateModified\":\"2019-10-07T15:25:19+00:00\",\"breadcrumb\":{\"@id\":\"https:\\\/\\\/darkamazi.info\\\/archives\\\/1006622#breadcrumb\"},\"inLanguage\":\"en-US\",\"potentialAction\":[{\"@type\":\"ReadAction\",\"target\":[\"https:\\\/\\\/darkamazi.info\\\/archives\\\/1006622\"]}]},{\"@type\":\"ImageObject\",\"inLanguage\":\"en-US\",\"@id\":\"https:\\\/\\\/darkamazi.info\\\/archives\\\/1006622#primaryimage\",\"url\":\"https:\\\/\\\/darkamazi.info\\\/darka-content\\\/uploads\\\/2019\\\/09\\\/Serok-Barzani.jpg\",\"contentUrl\":\"https:\\\/\\\/darkamazi.info\\\/darka-content\\\/uploads\\\/2019\\\/09\\\/Serok-Barzani.jpg\",\"width\":864,\"height\":486},{\"@type\":\"BreadcrumbList\",\"@id\":\"https:\\\/\\\/darkamazi.info\\\/archives\\\/1006622#breadcrumb\",\"itemListElement\":[{\"@type\":\"ListItem\",\"position\":1,\"name\":\"Home\",\"item\":\"https:\\\/\\\/darkamazi.info\\\/\"},{\"@type\":\"ListItem\",\"position\":2,\"name\":\"Ba\u015for\u00ea Kurdistan\u00ea d\u00ea Enc\u00fbmenek\u00ea bi raberat\u00eeya Barzan\u00ee p\u00eak\u00een\u00eet\"}]},{\"@type\":\"WebSite\",\"@id\":\"https:\\\/\\\/darkamazi.info\\\/#website\",\"url\":\"https:\\\/\\\/darkamazi.info\\\/\",\"name\":\"Darka Maz\u00ee\",\"description\":\"P\u00eageha Zanyariy\u00ean Nebih\u00eest\u00ee\",\"publisher\":{\"@id\":\"https:\\\/\\\/darkamazi.info\\\/#organization\"},\"potentialAction\":[{\"@type\":\"SearchAction\",\"target\":{\"@type\":\"EntryPoint\",\"urlTemplate\":\"https:\\\/\\\/darkamazi.info\\\/?s={search_term_string}\"},\"query-input\":{\"@type\":\"PropertyValueSpecification\",\"valueRequired\":true,\"valueName\":\"search_term_string\"}}],\"inLanguage\":\"en-US\"},{\"@type\":\"Organization\",\"@id\":\"https:\\\/\\\/darkamazi.info\\\/#organization\",\"name\":\"Darka Maz\u00ee\",\"url\":\"https:\\\/\\\/darkamazi.info\\\/\",\"logo\":{\"@type\":\"ImageObject\",\"inLanguage\":\"en-US\",\"@id\":\"https:\\\/\\\/darkamazi.info\\\/#\\\/schema\\\/logo\\\/image\\\/\",\"url\":\"https:\\\/\\\/darkamazi.info\\\/darka-content\\\/uploads\\\/2017\\\/12\\\/darka-mazi-logo.png\",\"contentUrl\":\"https:\\\/\\\/darkamazi.info\\\/darka-content\\\/uploads\\\/2017\\\/12\\\/darka-mazi-logo.png\",\"width\":151,\"height\":75,\"caption\":\"Darka Maz\u00ee\"},\"image\":{\"@id\":\"https:\\\/\\\/darkamazi.info\\\/#\\\/schema\\\/logo\\\/image\\\/\"},\"sameAs\":[\"https:\\\/\\\/www.facebook.com\\\/DarMaziKurmanci\",\"https:\\\/\\\/x.com\\\/DarkaMaziLatini\",\"https:\\\/\\\/www.instagram.com\\\/darkamazi.kurmanci\\\/\",\"https:\\\/\\\/www.youtube.com\\\/channel\\\/UCa5HkTdmI8U1qCUFuTw8B2g\"]},{\"@type\":\"Person\",\"@id\":\"https:\\\/\\\/darkamazi.info\\\/#\\\/schema\\\/person\\\/5ad3e24553a0567993fa8ed4bd0a776c\",\"name\":\"darka mazi\",\"sameAs\":[\"https:\\\/\\\/darkamazi.info\\\/\"],\"url\":\"https:\\\/\\\/darkamazi.info\\\/archives\\\/author\\\/kurdi\"}]}<\/script>\n<!-- \/ Yoast SEO plugin. -->","seo_head_json":{"title":"Ba\u015for\u00ea Kurdistan\u00ea d\u00ea Enc\u00fbmenek\u00ea bi raberat\u00eeya Barzan\u00ee p\u00eak\u00een\u00eet - Darka Maz\u00ee","robots":{"index":"index","follow":"follow","max-snippet":"max-snippet:-1","max-image-preview":"max-image-preview:large","max-video-preview":"max-video-preview:-1"},"canonical":"https:\/\/darkamazi.info\/archives\/1006622","og_locale":"en_US","og_type":"article","og_title":"Ba\u015for\u00ea Kurdistan\u00ea d\u00ea Enc\u00fbmenek\u00ea bi raberat\u00eeya Barzan\u00ee p\u00eak\u00een\u00eet - Darka Maz\u00ee","og_description":"Part\u00eey\u00ean ba\u015for\u00ea Kurdistan\u00ea gotub\u00eaja p\u00eakan\u00eena Enc\u00fbmeneka raw\u00eajkar\u00ee diken, lihevhatineke destp\u00eak\u00ee j\u00ee heye, Barzan\u00ee raberat\u00eeya w\u00ea Enc\u00fbmen\u00ea bike. Mihemed\u00ea Hac\u00ee Mehm\u00fbd, sikirt\u00ear\u00ee part\u00eeya sosyal demokrata Kurdistan\u00ea di civ\u00eeneke medyay\u00ee de e\u015fkere kir, part\u00eey\u00ean s\u00eeyas\u00ee pi\u015ftevanin ku enc\u00fbmenek jibo merem\u00ean raw\u00eajkar\u00ee bih\u00eat p\u00eakan\u00een \u00fb Mes&#8217;\u00fbd Barzan\u00ee bibe Serok\u00ea w\u00ea enc\u00fbmen\u00ea. Herweha dib\u00eaje: \u00e7i peywend\u00eeya w\u00ea enc\u00fbmen\u00ea bi [&hellip;]","og_url":"https:\/\/darkamazi.info\/archives\/1006622","og_site_name":"Darka Maz\u00ee","article_publisher":"https:\/\/www.facebook.com\/DarMaziKurmanci","article_published_time":"2019-09-05T19:06:33+00:00","article_modified_time":"2019-10-07T15:25:19+00:00","og_image":[{"width":864,"height":486,"url":"https:\/\/darkamazi.info\/file\/2019\/09\/Serok-Barzani.jpg","type":"image\/jpeg"}],"author":"darka mazi","twitter_card":"summary_large_image","twitter_image":"https:\/\/darkamazi.info\/file\/2019\/09\/Serok-Barzani.jpg","twitter_creator":"@DarkaMaziLatini","twitter_site":"@DarkaMaziLatini","twitter_misc":{"Written by":"darka mazi","Est. reading time":"1 minute"},"schema":{"@context":"https:\/\/schema.org","@graph":[{"@type":"Article","@id":"https:\/\/darkamazi.info\/archives\/1006622#article","isPartOf":{"@id":"https:\/\/darkamazi.info\/archives\/1006622"},"author":{"name":"darka mazi","@id":"https:\/\/darkamazi.info\/#\/schema\/person\/5ad3e24553a0567993fa8ed4bd0a776c"},"headline":"Ba\u015for\u00ea Kurdistan\u00ea d\u00ea Enc\u00fbmenek\u00ea bi raberat\u00eeya Barzan\u00ee p\u00eak\u00een\u00eet","datePublished":"2019-09-05T19:06:33+00:00","dateModified":"2019-10-07T15:25:19+00:00","mainEntityOfPage":{"@id":"https:\/\/darkamazi.info\/archives\/1006622"},"wordCount":183,"publisher":{"@id":"https:\/\/darkamazi.info\/#organization"},"image":{"@id":"https:\/\/darkamazi.info\/archives\/1006622#primaryimage"},"thumbnailUrl":"https:\/\/darkamazi.info\/file\/2019\/09\/Serok-Barzani.jpg","articleSection":["Kurdistan"],"inLanguage":"en-US"},{"@type":"WebPage","@id":"https:\/\/darkamazi.info\/archives\/1006622","url":"https:\/\/darkamazi.info\/archives\/1006622","name":"Ba\u015for\u00ea Kurdistan\u00ea d\u00ea Enc\u00fbmenek\u00ea bi raberat\u00eeya Barzan\u00ee p\u00eak\u00een\u00eet - Darka Maz\u00ee","isPartOf":{"@id":"https:\/\/darkamazi.info\/#website"},"primaryImageOfPage":{"@id":"https:\/\/darkamazi.info\/archives\/1006622#primaryimage"},"image":{"@id":"https:\/\/darkamazi.info\/archives\/1006622#primaryimage"},"thumbnailUrl":"https:\/\/darkamazi.info\/file\/2019\/09\/Serok-Barzani.jpg","datePublished":"2019-09-05T19:06:33+00:00","dateModified":"2019-10-07T15:25:19+00:00","breadcrumb":{"@id":"https:\/\/darkamazi.info\/archives\/1006622#breadcrumb"},"inLanguage":"en-US","potentialAction":[{"@type":"ReadAction","target":["https:\/\/darkamazi.info\/archives\/1006622"]}]},{"@type":"ImageObject","inLanguage":"en-US","@id":"https:\/\/darkamazi.info\/archives\/1006622#primaryimage","url":"https:\/\/darkamazi.info\/file\/2019\/09\/Serok-Barzani.jpg","contentUrl":"https:\/\/darkamazi.info\/file\/2019\/09\/Serok-Barzani.jpg","width":864,"height":486},{"@type":"BreadcrumbList","@id":"https:\/\/darkamazi.info\/archives\/1006622#breadcrumb","itemListElement":[{"@type":"ListItem","position":1,"name":"Home","item":"https:\/\/darkamazi.info\/"},{"@type":"ListItem","position":2,"name":"Ba\u015for\u00ea Kurdistan\u00ea d\u00ea Enc\u00fbmenek\u00ea bi raberat\u00eeya Barzan\u00ee p\u00eak\u00een\u00eet"}]},{"@type":"WebSite","@id":"https:\/\/darkamazi.info\/#website","url":"https:\/\/darkamazi.info\/","name":"Darka Maz\u00ee","description":"P\u00eageha Zanyariy\u00ean Nebih\u00eest\u00ee","publisher":{"@id":"https:\/\/darkamazi.info\/#organization"},"potentialAction":[{"@type":"SearchAction","target":{"@type":"EntryPoint","urlTemplate":"https:\/\/darkamazi.info\/?s={search_term_string}"},"query-input":{"@type":"PropertyValueSpecification","valueRequired":true,"valueName":"search_term_string"}}],"inLanguage":"en-US"},{"@type":"Organization","@id":"https:\/\/darkamazi.info\/#organization","name":"Darka Maz\u00ee","url":"https:\/\/darkamazi.info\/","logo":{"@type":"ImageObject","inLanguage":"en-US","@id":"https:\/\/darkamazi.info\/#\/schema\/logo\/image\/","url":"https:\/\/darkamazi.info\/file\/2017\/12\/darka-mazi-logo.png","contentUrl":"https:\/\/darkamazi.info\/file\/2017\/12\/darka-mazi-logo.png","width":151,"height":75,"caption":"Darka Maz\u00ee"},"image":{"@id":"https:\/\/darkamazi.info\/#\/schema\/logo\/image\/"},"sameAs":["https:\/\/www.facebook.com\/DarMaziKurmanci","https:\/\/x.com\/DarkaMaziLatini","https:\/\/www.instagram.com\/darkamazi.kurmanci\/","https:\/\/www.youtube.com\/channel\/UCa5HkTdmI8U1qCUFuTw8B2g"]},{"@type":"Person","@id":"https:\/\/darkamazi.info\/#\/schema\/person\/5ad3e24553a0567993fa8ed4bd0a776c","name":"darka mazi","sameAs":["https:\/\/darkamazi.info\/"],"url":"https:\/\/darkamazi.info\/archives\/author\/kurdi"}]}},"_links":{"self":[{"href":"https:\/\/darkamazi.info\/funavuv\/wp\/v2\/posts\/1006622","targetHints":{"allow":["GET"]}}],"collection":[{"href":"https:\/\/darkamazi.info\/funavuv\/wp\/v2\/posts"}],"about":[{"href":"https:\/\/darkamazi.info\/funavuv\/wp\/v2\/types\/post"}],"author":[{"embeddable":true,"href":"https:\/\/darkamazi.info\/funavuv\/wp\/v2\/users\/2"}],"replies":[{"embeddable":true,"href":"https:\/\/darkamazi.info\/funavuv\/wp\/v2\/comments?post=1006622"}],"version-history":[{"count":0,"href":"https:\/\/darkamazi.info\/funavuv\/wp\/v2\/posts\/1006622\/revisions"}],"wp:featuredmedia":[{"embeddable":true,"href":"https:\/\/darkamazi.info\/funavuv\/wp\/v2\/media\/1006623"}],"wp:attachment":[{"href":"https:\/\/darkamazi.info\/funavuv\/wp\/v2\/media?parent=1006622"}],"wp:term":[{"taxonomy":"category","embeddable":true,"href":"https:\/\/darkamazi.info\/funavuv\/wp\/v2\/categories?post=1006622"},{"taxonomy":"post_tag","embeddable":true,"href":"https:\/\/darkamazi.info\/funavuv\/wp\/v2\/tags?post=1006622"}],"curies":[{"name":"wp","href":"https:\/\/api.w.org\/{rel}","templated":true}]}}