{"id":1006627,"date":"2019-09-07T16:44:20","date_gmt":"2019-09-07T13:44:20","guid":{"rendered":"https:\/\/darkamazi.info\/?p=1006627"},"modified":"2019-10-07T18:25:11","modified_gmt":"2019-10-07T15:25:11","slug":"sengal-teqineke-3-lesker-kirin-qurbani","status":"publish","type":"post","link":"https:\/\/darkamazi.info\/archives\/1006627","title":{"rendered":"\u015eengal.. Teq\u00eenek\u00ea 3 le\u015fker kirin qurban\u00ee"},"content":{"rendered":"<h2><strong>Di teq\u00eenek\u00ea da ku \u00eero roja \u015fem\u00ee li \u015eengal\u00ea \u00e7\u00eab\u00fby, 3 karmend\u00ean arte\u015fa \u00ceraq\u00ea kirin qurban\u00ee.<\/strong><\/h2>\n<h3>\u00cero li yek ji nav\u00e7ey\u00ean ba\u015for\u00ea \u00e7yay\u00ea \u015eengal\u00ea, malek teq\u00eeya \u00fb bi sedema w\u00ea 3 karmend\u00ean t\u00eema jinavbirna m\u00eenan \u00ean arte\u015fa \u00ceraq\u00ea can\u00ea xwe ji destda.<\/h3>\n<h3>Zanyar\u00ee diden xuyakirin ku kes\u00ean di w\u00ea teq\u00een\u00ea de can\u00ea xwe ji destdayn, karmend\u00ean arte\u015fa \u00ceraq\u00ea ne \u00fb hewl didan, TNT yek\u00ea ji nava w\u00ea mal\u00ea rakin ku li dema DAI\u015e\u00ea hatb\u00fb danan.<\/h3>\n<h3>Herweha yek ji qurban\u00eeyan, pileya neq\u00eeb\u00ee di arte\u015fa \u00ceraq\u00ea de heye \u00fb di t\u00eema endezyar\u00ee ya arte\u015f\u00ea deye.<\/h3>\n<h3>Arte\u015fa \u00ceraq\u00ea pitr\u00ee 3 rojane kar li ser rakirna m\u00een \u00fb teqemeney\u00ean DAI\u015e\u00ca ji devera \u015eengal\u00ea dikin, \u00eero j\u00ee ew xan\u00ee teqya \u00fb 3 karmend\u00ean wan di bin ve man \u00fb can\u00ea xwe jdestdan.<\/h3>\n","protected":false},"excerpt":{"rendered":"<p>Di teq\u00eenek\u00ea da ku \u00eero roja \u015fem\u00ee li \u015eengal\u00ea \u00e7\u00eab\u00fby, 3 karmend\u00ean arte\u015fa \u00ceraq\u00ea kirin qurban\u00ee. \u00cero li yek ji nav\u00e7ey\u00ean ba\u015for\u00ea \u00e7yay\u00ea \u015eengal\u00ea, malek teq\u00eeya \u00fb bi sedema w\u00ea 3 karmend\u00ean t\u00eema jinavbirna m\u00eenan \u00ean arte\u015fa \u00ceraq\u00ea can\u00ea xwe ji destda. Zanyar\u00ee diden xuyakirin ku kes\u00ean di w\u00ea teq\u00een\u00ea de can\u00ea xwe ji destdayn, [&hellip;]<\/p>\n","protected":false},"author":2,"featured_media":1006628,"comment_status":"closed","ping_status":"closed","sticky":false,"template":"","format":"standard","meta":{"footnotes":""},"categories":[29],"tags":[],"class_list":["post-1006627","post","type-post","status-publish","format-standard","has-post-thumbnail","hentry","category-kurdistan"],"blocksy_meta":[],"seo_head":"<!-- This site is optimized with the Yoast SEO plugin v27.5 - https:\/\/yoast.com\/product\/yoast-seo-wordpress\/ -->\n<title>\u015eengal.. Teq\u00eenek\u00ea 3 le\u015fker kirin qurban\u00ee - Darka Maz\u00ee<\/title>\n<meta name=\"robots\" content=\"index, follow, max-snippet:-1, max-image-preview:large, max-video-preview:-1\" \/>\n<link rel=\"canonical\" href=\"https:\/\/darkamazi.info\/archives\/1006627\" \/>\n<meta property=\"og:locale\" content=\"en_US\" \/>\n<meta property=\"og:type\" content=\"article\" \/>\n<meta property=\"og:title\" content=\"\u015eengal.. Teq\u00eenek\u00ea 3 le\u015fker kirin qurban\u00ee - Darka Maz\u00ee\" \/>\n<meta property=\"og:description\" content=\"Di teq\u00eenek\u00ea da ku \u00eero roja \u015fem\u00ee li \u015eengal\u00ea \u00e7\u00eab\u00fby, 3 karmend\u00ean arte\u015fa \u00ceraq\u00ea kirin qurban\u00ee. \u00cero li yek ji nav\u00e7ey\u00ean ba\u015for\u00ea \u00e7yay\u00ea \u015eengal\u00ea, malek teq\u00eeya \u00fb bi sedema w\u00ea 3 karmend\u00ean t\u00eema jinavbirna m\u00eenan \u00ean arte\u015fa \u00ceraq\u00ea can\u00ea xwe ji destda. Zanyar\u00ee diden xuyakirin ku kes\u00ean di w\u00ea teq\u00een\u00ea de can\u00ea xwe ji destdayn, [&hellip;]\" \/>\n<meta property=\"og:url\" content=\"https:\/\/darkamazi.info\/archives\/1006627\" \/>\n<meta property=\"og:site_name\" content=\"Darka Maz\u00ee\" \/>\n<meta property=\"article:publisher\" content=\"https:\/\/www.facebook.com\/DarMaziKurmanci\" \/>\n<meta property=\"article:published_time\" content=\"2019-09-07T13:44:20+00:00\" \/>\n<meta property=\"article:modified_time\" content=\"2019-10-07T15:25:11+00:00\" \/>\n<meta property=\"og:image\" content=\"https:\/\/darkamazi.info\/file\/2019\/09\/shengal.jpg\" \/>\n\t<meta property=\"og:image:width\" content=\"599\" \/>\n\t<meta property=\"og:image:height\" content=\"337\" \/>\n\t<meta property=\"og:image:type\" content=\"image\/jpeg\" \/>\n<meta name=\"author\" content=\"darka mazi\" \/>\n<meta name=\"twitter:card\" content=\"summary_large_image\" \/>\n<meta name=\"twitter:image\" content=\"https:\/\/darkamazi.info\/file\/2019\/09\/shengal.jpg\" \/>\n<meta name=\"twitter:creator\" content=\"@DarkaMaziLatini\" \/>\n<meta name=\"twitter:site\" content=\"@DarkaMaziLatini\" \/>\n<meta name=\"twitter:label1\" content=\"Written by\" \/>\n\t<meta name=\"twitter:data1\" content=\"darka mazi\" \/>\n\t<meta name=\"twitter:label2\" content=\"Est. reading time\" \/>\n\t<meta name=\"twitter:data2\" content=\"1 minute\" \/>\n<script type=\"application\/ld+json\" class=\"seo-schema-graph\">{\"@context\":\"https:\\\/\\\/schema.org\",\"@graph\":[{\"@type\":\"Article\",\"@id\":\"https:\\\/\\\/darkamazi.info\\\/archives\\\/1006627#article\",\"isPartOf\":{\"@id\":\"https:\\\/\\\/darkamazi.info\\\/archives\\\/1006627\"},\"author\":{\"name\":\"darka mazi\",\"@id\":\"https:\\\/\\\/darkamazi.info\\\/#\\\/schema\\\/person\\\/5ad3e24553a0567993fa8ed4bd0a776c\"},\"headline\":\"\u015eengal.. Teq\u00eenek\u00ea 3 le\u015fker kirin qurban\u00ee\",\"datePublished\":\"2019-09-07T13:44:20+00:00\",\"dateModified\":\"2019-10-07T15:25:11+00:00\",\"mainEntityOfPage\":{\"@id\":\"https:\\\/\\\/darkamazi.info\\\/archives\\\/1006627\"},\"wordCount\":148,\"publisher\":{\"@id\":\"https:\\\/\\\/darkamazi.info\\\/#organization\"},\"image\":{\"@id\":\"https:\\\/\\\/darkamazi.info\\\/archives\\\/1006627#primaryimage\"},\"thumbnailUrl\":\"https:\\\/\\\/darkamazi.info\\\/darka-content\\\/uploads\\\/2019\\\/09\\\/shengal.jpg\",\"articleSection\":[\"Kurdistan\"],\"inLanguage\":\"en-US\"},{\"@type\":\"WebPage\",\"@id\":\"https:\\\/\\\/darkamazi.info\\\/archives\\\/1006627\",\"url\":\"https:\\\/\\\/darkamazi.info\\\/archives\\\/1006627\",\"name\":\"\u015eengal.. Teq\u00eenek\u00ea 3 le\u015fker kirin qurban\u00ee - Darka Maz\u00ee\",\"isPartOf\":{\"@id\":\"https:\\\/\\\/darkamazi.info\\\/#website\"},\"primaryImageOfPage\":{\"@id\":\"https:\\\/\\\/darkamazi.info\\\/archives\\\/1006627#primaryimage\"},\"image\":{\"@id\":\"https:\\\/\\\/darkamazi.info\\\/archives\\\/1006627#primaryimage\"},\"thumbnailUrl\":\"https:\\\/\\\/darkamazi.info\\\/darka-content\\\/uploads\\\/2019\\\/09\\\/shengal.jpg\",\"datePublished\":\"2019-09-07T13:44:20+00:00\",\"dateModified\":\"2019-10-07T15:25:11+00:00\",\"breadcrumb\":{\"@id\":\"https:\\\/\\\/darkamazi.info\\\/archives\\\/1006627#breadcrumb\"},\"inLanguage\":\"en-US\",\"potentialAction\":[{\"@type\":\"ReadAction\",\"target\":[\"https:\\\/\\\/darkamazi.info\\\/archives\\\/1006627\"]}]},{\"@type\":\"ImageObject\",\"inLanguage\":\"en-US\",\"@id\":\"https:\\\/\\\/darkamazi.info\\\/archives\\\/1006627#primaryimage\",\"url\":\"https:\\\/\\\/darkamazi.info\\\/darka-content\\\/uploads\\\/2019\\\/09\\\/shengal.jpg\",\"contentUrl\":\"https:\\\/\\\/darkamazi.info\\\/darka-content\\\/uploads\\\/2019\\\/09\\\/shengal.jpg\",\"width\":599,\"height\":337},{\"@type\":\"BreadcrumbList\",\"@id\":\"https:\\\/\\\/darkamazi.info\\\/archives\\\/1006627#breadcrumb\",\"itemListElement\":[{\"@type\":\"ListItem\",\"position\":1,\"name\":\"Home\",\"item\":\"https:\\\/\\\/darkamazi.info\\\/\"},{\"@type\":\"ListItem\",\"position\":2,\"name\":\"\u015eengal.. Teq\u00eenek\u00ea 3 le\u015fker kirin qurban\u00ee\"}]},{\"@type\":\"WebSite\",\"@id\":\"https:\\\/\\\/darkamazi.info\\\/#website\",\"url\":\"https:\\\/\\\/darkamazi.info\\\/\",\"name\":\"Darka Maz\u00ee\",\"description\":\"P\u00eageha Zanyariy\u00ean Nebih\u00eest\u00ee\",\"publisher\":{\"@id\":\"https:\\\/\\\/darkamazi.info\\\/#organization\"},\"potentialAction\":[{\"@type\":\"SearchAction\",\"target\":{\"@type\":\"EntryPoint\",\"urlTemplate\":\"https:\\\/\\\/darkamazi.info\\\/?s={search_term_string}\"},\"query-input\":{\"@type\":\"PropertyValueSpecification\",\"valueRequired\":true,\"valueName\":\"search_term_string\"}}],\"inLanguage\":\"en-US\"},{\"@type\":\"Organization\",\"@id\":\"https:\\\/\\\/darkamazi.info\\\/#organization\",\"name\":\"Darka Maz\u00ee\",\"url\":\"https:\\\/\\\/darkamazi.info\\\/\",\"logo\":{\"@type\":\"ImageObject\",\"inLanguage\":\"en-US\",\"@id\":\"https:\\\/\\\/darkamazi.info\\\/#\\\/schema\\\/logo\\\/image\\\/\",\"url\":\"https:\\\/\\\/darkamazi.info\\\/darka-content\\\/uploads\\\/2017\\\/12\\\/darka-mazi-logo.png\",\"contentUrl\":\"https:\\\/\\\/darkamazi.info\\\/darka-content\\\/uploads\\\/2017\\\/12\\\/darka-mazi-logo.png\",\"width\":151,\"height\":75,\"caption\":\"Darka Maz\u00ee\"},\"image\":{\"@id\":\"https:\\\/\\\/darkamazi.info\\\/#\\\/schema\\\/logo\\\/image\\\/\"},\"sameAs\":[\"https:\\\/\\\/www.facebook.com\\\/DarMaziKurmanci\",\"https:\\\/\\\/x.com\\\/DarkaMaziLatini\",\"https:\\\/\\\/www.instagram.com\\\/darkamazi.kurmanci\\\/\",\"https:\\\/\\\/www.youtube.com\\\/channel\\\/UCa5HkTdmI8U1qCUFuTw8B2g\"]},{\"@type\":\"Person\",\"@id\":\"https:\\\/\\\/darkamazi.info\\\/#\\\/schema\\\/person\\\/5ad3e24553a0567993fa8ed4bd0a776c\",\"name\":\"darka mazi\",\"sameAs\":[\"https:\\\/\\\/darkamazi.info\\\/\"],\"url\":\"https:\\\/\\\/darkamazi.info\\\/archives\\\/author\\\/kurdi\"}]}<\/script>\n<!-- \/ Yoast SEO plugin. -->","seo_head_json":{"title":"\u015eengal.. Teq\u00eenek\u00ea 3 le\u015fker kirin qurban\u00ee - Darka Maz\u00ee","robots":{"index":"index","follow":"follow","max-snippet":"max-snippet:-1","max-image-preview":"max-image-preview:large","max-video-preview":"max-video-preview:-1"},"canonical":"https:\/\/darkamazi.info\/archives\/1006627","og_locale":"en_US","og_type":"article","og_title":"\u015eengal.. Teq\u00eenek\u00ea 3 le\u015fker kirin qurban\u00ee - Darka Maz\u00ee","og_description":"Di teq\u00eenek\u00ea da ku \u00eero roja \u015fem\u00ee li \u015eengal\u00ea \u00e7\u00eab\u00fby, 3 karmend\u00ean arte\u015fa \u00ceraq\u00ea kirin qurban\u00ee. \u00cero li yek ji nav\u00e7ey\u00ean ba\u015for\u00ea \u00e7yay\u00ea \u015eengal\u00ea, malek teq\u00eeya \u00fb bi sedema w\u00ea 3 karmend\u00ean t\u00eema jinavbirna m\u00eenan \u00ean arte\u015fa \u00ceraq\u00ea can\u00ea xwe ji destda. Zanyar\u00ee diden xuyakirin ku kes\u00ean di w\u00ea teq\u00een\u00ea de can\u00ea xwe ji destdayn, [&hellip;]","og_url":"https:\/\/darkamazi.info\/archives\/1006627","og_site_name":"Darka Maz\u00ee","article_publisher":"https:\/\/www.facebook.com\/DarMaziKurmanci","article_published_time":"2019-09-07T13:44:20+00:00","article_modified_time":"2019-10-07T15:25:11+00:00","og_image":[{"width":599,"height":337,"url":"https:\/\/darkamazi.info\/file\/2019\/09\/shengal.jpg","type":"image\/jpeg"}],"author":"darka mazi","twitter_card":"summary_large_image","twitter_image":"https:\/\/darkamazi.info\/file\/2019\/09\/shengal.jpg","twitter_creator":"@DarkaMaziLatini","twitter_site":"@DarkaMaziLatini","twitter_misc":{"Written by":"darka mazi","Est. reading time":"1 minute"},"schema":{"@context":"https:\/\/schema.org","@graph":[{"@type":"Article","@id":"https:\/\/darkamazi.info\/archives\/1006627#article","isPartOf":{"@id":"https:\/\/darkamazi.info\/archives\/1006627"},"author":{"name":"darka mazi","@id":"https:\/\/darkamazi.info\/#\/schema\/person\/5ad3e24553a0567993fa8ed4bd0a776c"},"headline":"\u015eengal.. Teq\u00eenek\u00ea 3 le\u015fker kirin qurban\u00ee","datePublished":"2019-09-07T13:44:20+00:00","dateModified":"2019-10-07T15:25:11+00:00","mainEntityOfPage":{"@id":"https:\/\/darkamazi.info\/archives\/1006627"},"wordCount":148,"publisher":{"@id":"https:\/\/darkamazi.info\/#organization"},"image":{"@id":"https:\/\/darkamazi.info\/archives\/1006627#primaryimage"},"thumbnailUrl":"https:\/\/darkamazi.info\/file\/2019\/09\/shengal.jpg","articleSection":["Kurdistan"],"inLanguage":"en-US"},{"@type":"WebPage","@id":"https:\/\/darkamazi.info\/archives\/1006627","url":"https:\/\/darkamazi.info\/archives\/1006627","name":"\u015eengal.. Teq\u00eenek\u00ea 3 le\u015fker kirin qurban\u00ee - Darka Maz\u00ee","isPartOf":{"@id":"https:\/\/darkamazi.info\/#website"},"primaryImageOfPage":{"@id":"https:\/\/darkamazi.info\/archives\/1006627#primaryimage"},"image":{"@id":"https:\/\/darkamazi.info\/archives\/1006627#primaryimage"},"thumbnailUrl":"https:\/\/darkamazi.info\/file\/2019\/09\/shengal.jpg","datePublished":"2019-09-07T13:44:20+00:00","dateModified":"2019-10-07T15:25:11+00:00","breadcrumb":{"@id":"https:\/\/darkamazi.info\/archives\/1006627#breadcrumb"},"inLanguage":"en-US","potentialAction":[{"@type":"ReadAction","target":["https:\/\/darkamazi.info\/archives\/1006627"]}]},{"@type":"ImageObject","inLanguage":"en-US","@id":"https:\/\/darkamazi.info\/archives\/1006627#primaryimage","url":"https:\/\/darkamazi.info\/file\/2019\/09\/shengal.jpg","contentUrl":"https:\/\/darkamazi.info\/file\/2019\/09\/shengal.jpg","width":599,"height":337},{"@type":"BreadcrumbList","@id":"https:\/\/darkamazi.info\/archives\/1006627#breadcrumb","itemListElement":[{"@type":"ListItem","position":1,"name":"Home","item":"https:\/\/darkamazi.info\/"},{"@type":"ListItem","position":2,"name":"\u015eengal.. Teq\u00eenek\u00ea 3 le\u015fker kirin qurban\u00ee"}]},{"@type":"WebSite","@id":"https:\/\/darkamazi.info\/#website","url":"https:\/\/darkamazi.info\/","name":"Darka Maz\u00ee","description":"P\u00eageha Zanyariy\u00ean Nebih\u00eest\u00ee","publisher":{"@id":"https:\/\/darkamazi.info\/#organization"},"potentialAction":[{"@type":"SearchAction","target":{"@type":"EntryPoint","urlTemplate":"https:\/\/darkamazi.info\/?s={search_term_string}"},"query-input":{"@type":"PropertyValueSpecification","valueRequired":true,"valueName":"search_term_string"}}],"inLanguage":"en-US"},{"@type":"Organization","@id":"https:\/\/darkamazi.info\/#organization","name":"Darka Maz\u00ee","url":"https:\/\/darkamazi.info\/","logo":{"@type":"ImageObject","inLanguage":"en-US","@id":"https:\/\/darkamazi.info\/#\/schema\/logo\/image\/","url":"https:\/\/darkamazi.info\/file\/2017\/12\/darka-mazi-logo.png","contentUrl":"https:\/\/darkamazi.info\/file\/2017\/12\/darka-mazi-logo.png","width":151,"height":75,"caption":"Darka Maz\u00ee"},"image":{"@id":"https:\/\/darkamazi.info\/#\/schema\/logo\/image\/"},"sameAs":["https:\/\/www.facebook.com\/DarMaziKurmanci","https:\/\/x.com\/DarkaMaziLatini","https:\/\/www.instagram.com\/darkamazi.kurmanci\/","https:\/\/www.youtube.com\/channel\/UCa5HkTdmI8U1qCUFuTw8B2g"]},{"@type":"Person","@id":"https:\/\/darkamazi.info\/#\/schema\/person\/5ad3e24553a0567993fa8ed4bd0a776c","name":"darka mazi","sameAs":["https:\/\/darkamazi.info\/"],"url":"https:\/\/darkamazi.info\/archives\/author\/kurdi"}]}},"_links":{"self":[{"href":"https:\/\/darkamazi.info\/funavuv\/wp\/v2\/posts\/1006627","targetHints":{"allow":["GET"]}}],"collection":[{"href":"https:\/\/darkamazi.info\/funavuv\/wp\/v2\/posts"}],"about":[{"href":"https:\/\/darkamazi.info\/funavuv\/wp\/v2\/types\/post"}],"author":[{"embeddable":true,"href":"https:\/\/darkamazi.info\/funavuv\/wp\/v2\/users\/2"}],"replies":[{"embeddable":true,"href":"https:\/\/darkamazi.info\/funavuv\/wp\/v2\/comments?post=1006627"}],"version-history":[{"count":0,"href":"https:\/\/darkamazi.info\/funavuv\/wp\/v2\/posts\/1006627\/revisions"}],"wp:featuredmedia":[{"embeddable":true,"href":"https:\/\/darkamazi.info\/funavuv\/wp\/v2\/media\/1006628"}],"wp:attachment":[{"href":"https:\/\/darkamazi.info\/funavuv\/wp\/v2\/media?parent=1006627"}],"wp:term":[{"taxonomy":"category","embeddable":true,"href":"https:\/\/darkamazi.info\/funavuv\/wp\/v2\/categories?post=1006627"},{"taxonomy":"post_tag","embeddable":true,"href":"https:\/\/darkamazi.info\/funavuv\/wp\/v2\/tags?post=1006627"}],"curies":[{"name":"wp","href":"https:\/\/api.w.org\/{rel}","templated":true}]}}