{"id":1006630,"date":"2019-09-07T17:01:48","date_gmt":"2019-09-07T14:01:48","guid":{"rendered":"https:\/\/darkamazi.info\/?p=1006630"},"modified":"2019-10-07T18:25:03","modified_gmt":"2019-10-07T15:25:03","slug":"temelli-bey-kurd-rojhelata-navin-we-her-bi-alozi-be","status":"publish","type":"post","link":"https:\/\/darkamazi.info\/archives\/1006630","title":{"rendered":"Temell\u00ee: b\u00eay kurd rojhelata nav\u00een w\u00ea her bi aloz\u00ee be"},"content":{"rendered":"<h2><strong>Hevserok\u00ea part\u00eeya demokrat\u00eek ya gelan HDP \u00eero li \u200cHewl\u00ear\u00ea ragehand, b\u00eay \u00e7areserkirna pirisgir\u00eaka kurdan, rojhelata nav\u00een qet aram nabe.<\/strong><\/h2>\n<h3>Sezay\u00ee Temell\u00ee ku \u00eero bi serokat\u00eeya \u015fandeke perlemantar\u00ean part\u00eeya xwe seredana her\u00eama Kurdistan\u00ea kir\u00eeye, di yekem\u00een daxoyan\u00eeya xwe da behsa prisgir\u00eaka gel\u00ea kurd \u00fb gr\u00eadana w\u00ea bi pirisgir\u00eak\u00ean rojhelata nav\u00een kir.<\/h3>\n<h3>Sezay\u00ee Temell\u00ee dib\u00eaje: b\u00eay \u00e7areser kirina prisgir\u00eaka gel\u00ea kurd, rojhelata nav\u00een w\u00ea her bim\u00eene nav\u00e7eyeke pir aloz.<\/h3>\n<h3>Herweha got: \u00e7areserkirna pirisgir\u00eak\u00ean rojhelata nav\u00een, t\u00eakl\u00eeyeka raste rast bi pirisgir\u00eaka kurdan ve heye \u00fb \u00e7areserkirna pirisgir\u00eaka kurdan, w\u00ea destip\u00eaka \u00e7areserkirna alozy\u00ean rojhelata nav\u00een be.<\/h3>\n<h3>Temll\u00ee behsa seredana \u015fanda HDP jibo ba\u015for\u00ea kurdistan\u00ea j\u00ee kir \u00fb dib\u00eaje: ew\u00ea daxwaz\u00eeya pi\u015ftevan\u00eeya siyas\u00ee, ji her\u00eama kurdistan\u00ea \u00fb part \u00fb aly\u00ean w\u00ea y\u00ean siyas\u00ee bixwazn.<\/h3>\n","protected":false},"excerpt":{"rendered":"<p>Hevserok\u00ea part\u00eeya demokrat\u00eek ya gelan HDP \u00eero li \u200cHewl\u00ear\u00ea ragehand, b\u00eay \u00e7areserkirna pirisgir\u00eaka kurdan, rojhelata nav\u00een qet aram nabe. Sezay\u00ee Temell\u00ee ku \u00eero bi serokat\u00eeya \u015fandeke perlemantar\u00ean part\u00eeya xwe seredana her\u00eama Kurdistan\u00ea kir\u00eeye, di yekem\u00een daxoyan\u00eeya xwe da behsa prisgir\u00eaka gel\u00ea kurd \u00fb gr\u00eadana w\u00ea bi pirisgir\u00eak\u00ean rojhelata nav\u00een kir. Sezay\u00ee Temell\u00ee dib\u00eaje: b\u00eay \u00e7areser [&hellip;]<\/p>\n","protected":false},"author":2,"featured_media":1006631,"comment_status":"closed","ping_status":"closed","sticky":false,"template":"","format":"standard","meta":{"footnotes":""},"categories":[29],"tags":[],"class_list":["post-1006630","post","type-post","status-publish","format-standard","has-post-thumbnail","hentry","category-kurdistan"],"blocksy_meta":[],"seo_head":"<!-- This site is optimized with the Yoast SEO plugin v27.5 - https:\/\/yoast.com\/product\/yoast-seo-wordpress\/ -->\n<title>Temell\u00ee: b\u00eay kurd rojhelata nav\u00een w\u00ea her bi aloz\u00ee be - Darka Maz\u00ee<\/title>\n<meta name=\"robots\" content=\"index, follow, max-snippet:-1, max-image-preview:large, max-video-preview:-1\" \/>\n<link rel=\"canonical\" href=\"https:\/\/darkamazi.info\/archives\/1006630\" \/>\n<meta property=\"og:locale\" content=\"en_US\" \/>\n<meta property=\"og:type\" content=\"article\" \/>\n<meta property=\"og:title\" content=\"Temell\u00ee: b\u00eay kurd rojhelata nav\u00een w\u00ea her bi aloz\u00ee be - Darka Maz\u00ee\" \/>\n<meta property=\"og:description\" content=\"Hevserok\u00ea part\u00eeya demokrat\u00eek ya gelan HDP \u00eero li \u200cHewl\u00ear\u00ea ragehand, b\u00eay \u00e7areserkirna pirisgir\u00eaka kurdan, rojhelata nav\u00een qet aram nabe. Sezay\u00ee Temell\u00ee ku \u00eero bi serokat\u00eeya \u015fandeke perlemantar\u00ean part\u00eeya xwe seredana her\u00eama Kurdistan\u00ea kir\u00eeye, di yekem\u00een daxoyan\u00eeya xwe da behsa prisgir\u00eaka gel\u00ea kurd \u00fb gr\u00eadana w\u00ea bi pirisgir\u00eak\u00ean rojhelata nav\u00een kir. Sezay\u00ee Temell\u00ee dib\u00eaje: b\u00eay \u00e7areser [&hellip;]\" \/>\n<meta property=\"og:url\" content=\"https:\/\/darkamazi.info\/archives\/1006630\" \/>\n<meta property=\"og:site_name\" content=\"Darka Maz\u00ee\" \/>\n<meta property=\"article:publisher\" content=\"https:\/\/www.facebook.com\/DarMaziKurmanci\" \/>\n<meta property=\"article:published_time\" content=\"2019-09-07T14:01:48+00:00\" \/>\n<meta property=\"article:modified_time\" content=\"2019-10-07T15:25:03+00:00\" \/>\n<meta property=\"og:image\" content=\"https:\/\/darkamazi.info\/file\/2019\/09\/Sezayi-Temeli.jpg\" \/>\n\t<meta property=\"og:image:width\" content=\"1182\" \/>\n\t<meta property=\"og:image:height\" content=\"725\" \/>\n\t<meta property=\"og:image:type\" content=\"image\/jpeg\" \/>\n<meta name=\"author\" content=\"darka mazi\" \/>\n<meta name=\"twitter:card\" content=\"summary_large_image\" \/>\n<meta name=\"twitter:image\" content=\"https:\/\/darkamazi.info\/file\/2019\/09\/Sezayi-Temeli.jpg\" \/>\n<meta name=\"twitter:creator\" content=\"@DarkaMaziLatini\" \/>\n<meta name=\"twitter:site\" content=\"@DarkaMaziLatini\" \/>\n<meta name=\"twitter:label1\" content=\"Written by\" \/>\n\t<meta name=\"twitter:data1\" content=\"darka mazi\" \/>\n\t<meta name=\"twitter:label2\" content=\"Est. reading time\" \/>\n\t<meta name=\"twitter:data2\" content=\"1 minute\" \/>\n<script type=\"application\/ld+json\" class=\"seo-schema-graph\">{\"@context\":\"https:\\\/\\\/schema.org\",\"@graph\":[{\"@type\":\"Article\",\"@id\":\"https:\\\/\\\/darkamazi.info\\\/archives\\\/1006630#article\",\"isPartOf\":{\"@id\":\"https:\\\/\\\/darkamazi.info\\\/archives\\\/1006630\"},\"author\":{\"name\":\"darka mazi\",\"@id\":\"https:\\\/\\\/darkamazi.info\\\/#\\\/schema\\\/person\\\/5ad3e24553a0567993fa8ed4bd0a776c\"},\"headline\":\"Temell\u00ee: b\u00eay kurd rojhelata nav\u00een w\u00ea her bi aloz\u00ee be\",\"datePublished\":\"2019-09-07T14:01:48+00:00\",\"dateModified\":\"2019-10-07T15:25:03+00:00\",\"mainEntityOfPage\":{\"@id\":\"https:\\\/\\\/darkamazi.info\\\/archives\\\/1006630\"},\"wordCount\":168,\"publisher\":{\"@id\":\"https:\\\/\\\/darkamazi.info\\\/#organization\"},\"image\":{\"@id\":\"https:\\\/\\\/darkamazi.info\\\/archives\\\/1006630#primaryimage\"},\"thumbnailUrl\":\"https:\\\/\\\/darkamazi.info\\\/darka-content\\\/uploads\\\/2019\\\/09\\\/Sezayi-Temeli.jpg\",\"articleSection\":[\"Kurdistan\"],\"inLanguage\":\"en-US\"},{\"@type\":\"WebPage\",\"@id\":\"https:\\\/\\\/darkamazi.info\\\/archives\\\/1006630\",\"url\":\"https:\\\/\\\/darkamazi.info\\\/archives\\\/1006630\",\"name\":\"Temell\u00ee: b\u00eay kurd rojhelata nav\u00een w\u00ea her bi aloz\u00ee be - Darka Maz\u00ee\",\"isPartOf\":{\"@id\":\"https:\\\/\\\/darkamazi.info\\\/#website\"},\"primaryImageOfPage\":{\"@id\":\"https:\\\/\\\/darkamazi.info\\\/archives\\\/1006630#primaryimage\"},\"image\":{\"@id\":\"https:\\\/\\\/darkamazi.info\\\/archives\\\/1006630#primaryimage\"},\"thumbnailUrl\":\"https:\\\/\\\/darkamazi.info\\\/darka-content\\\/uploads\\\/2019\\\/09\\\/Sezayi-Temeli.jpg\",\"datePublished\":\"2019-09-07T14:01:48+00:00\",\"dateModified\":\"2019-10-07T15:25:03+00:00\",\"breadcrumb\":{\"@id\":\"https:\\\/\\\/darkamazi.info\\\/archives\\\/1006630#breadcrumb\"},\"inLanguage\":\"en-US\",\"potentialAction\":[{\"@type\":\"ReadAction\",\"target\":[\"https:\\\/\\\/darkamazi.info\\\/archives\\\/1006630\"]}]},{\"@type\":\"ImageObject\",\"inLanguage\":\"en-US\",\"@id\":\"https:\\\/\\\/darkamazi.info\\\/archives\\\/1006630#primaryimage\",\"url\":\"https:\\\/\\\/darkamazi.info\\\/darka-content\\\/uploads\\\/2019\\\/09\\\/Sezayi-Temeli.jpg\",\"contentUrl\":\"https:\\\/\\\/darkamazi.info\\\/darka-content\\\/uploads\\\/2019\\\/09\\\/Sezayi-Temeli.jpg\",\"width\":1182,\"height\":725},{\"@type\":\"BreadcrumbList\",\"@id\":\"https:\\\/\\\/darkamazi.info\\\/archives\\\/1006630#breadcrumb\",\"itemListElement\":[{\"@type\":\"ListItem\",\"position\":1,\"name\":\"Home\",\"item\":\"https:\\\/\\\/darkamazi.info\\\/\"},{\"@type\":\"ListItem\",\"position\":2,\"name\":\"Temell\u00ee: b\u00eay kurd rojhelata nav\u00een w\u00ea her bi aloz\u00ee be\"}]},{\"@type\":\"WebSite\",\"@id\":\"https:\\\/\\\/darkamazi.info\\\/#website\",\"url\":\"https:\\\/\\\/darkamazi.info\\\/\",\"name\":\"Darka Maz\u00ee\",\"description\":\"P\u00eageha Zanyariy\u00ean Nebih\u00eest\u00ee\",\"publisher\":{\"@id\":\"https:\\\/\\\/darkamazi.info\\\/#organization\"},\"potentialAction\":[{\"@type\":\"SearchAction\",\"target\":{\"@type\":\"EntryPoint\",\"urlTemplate\":\"https:\\\/\\\/darkamazi.info\\\/?s={search_term_string}\"},\"query-input\":{\"@type\":\"PropertyValueSpecification\",\"valueRequired\":true,\"valueName\":\"search_term_string\"}}],\"inLanguage\":\"en-US\"},{\"@type\":\"Organization\",\"@id\":\"https:\\\/\\\/darkamazi.info\\\/#organization\",\"name\":\"Darka Maz\u00ee\",\"url\":\"https:\\\/\\\/darkamazi.info\\\/\",\"logo\":{\"@type\":\"ImageObject\",\"inLanguage\":\"en-US\",\"@id\":\"https:\\\/\\\/darkamazi.info\\\/#\\\/schema\\\/logo\\\/image\\\/\",\"url\":\"https:\\\/\\\/darkamazi.info\\\/darka-content\\\/uploads\\\/2017\\\/12\\\/darka-mazi-logo.png\",\"contentUrl\":\"https:\\\/\\\/darkamazi.info\\\/darka-content\\\/uploads\\\/2017\\\/12\\\/darka-mazi-logo.png\",\"width\":151,\"height\":75,\"caption\":\"Darka Maz\u00ee\"},\"image\":{\"@id\":\"https:\\\/\\\/darkamazi.info\\\/#\\\/schema\\\/logo\\\/image\\\/\"},\"sameAs\":[\"https:\\\/\\\/www.facebook.com\\\/DarMaziKurmanci\",\"https:\\\/\\\/x.com\\\/DarkaMaziLatini\",\"https:\\\/\\\/www.instagram.com\\\/darkamazi.kurmanci\\\/\",\"https:\\\/\\\/www.youtube.com\\\/channel\\\/UCa5HkTdmI8U1qCUFuTw8B2g\"]},{\"@type\":\"Person\",\"@id\":\"https:\\\/\\\/darkamazi.info\\\/#\\\/schema\\\/person\\\/5ad3e24553a0567993fa8ed4bd0a776c\",\"name\":\"darka mazi\",\"sameAs\":[\"https:\\\/\\\/darkamazi.info\\\/\"],\"url\":\"https:\\\/\\\/darkamazi.info\\\/archives\\\/author\\\/kurdi\"}]}<\/script>\n<!-- \/ Yoast SEO plugin. -->","seo_head_json":{"title":"Temell\u00ee: b\u00eay kurd rojhelata nav\u00een w\u00ea her bi aloz\u00ee be - Darka Maz\u00ee","robots":{"index":"index","follow":"follow","max-snippet":"max-snippet:-1","max-image-preview":"max-image-preview:large","max-video-preview":"max-video-preview:-1"},"canonical":"https:\/\/darkamazi.info\/archives\/1006630","og_locale":"en_US","og_type":"article","og_title":"Temell\u00ee: b\u00eay kurd rojhelata nav\u00een w\u00ea her bi aloz\u00ee be - Darka Maz\u00ee","og_description":"Hevserok\u00ea part\u00eeya demokrat\u00eek ya gelan HDP \u00eero li \u200cHewl\u00ear\u00ea ragehand, b\u00eay \u00e7areserkirna pirisgir\u00eaka kurdan, rojhelata nav\u00een qet aram nabe. Sezay\u00ee Temell\u00ee ku \u00eero bi serokat\u00eeya \u015fandeke perlemantar\u00ean part\u00eeya xwe seredana her\u00eama Kurdistan\u00ea kir\u00eeye, di yekem\u00een daxoyan\u00eeya xwe da behsa prisgir\u00eaka gel\u00ea kurd \u00fb gr\u00eadana w\u00ea bi pirisgir\u00eak\u00ean rojhelata nav\u00een kir. Sezay\u00ee Temell\u00ee dib\u00eaje: b\u00eay \u00e7areser [&hellip;]","og_url":"https:\/\/darkamazi.info\/archives\/1006630","og_site_name":"Darka Maz\u00ee","article_publisher":"https:\/\/www.facebook.com\/DarMaziKurmanci","article_published_time":"2019-09-07T14:01:48+00:00","article_modified_time":"2019-10-07T15:25:03+00:00","og_image":[{"width":1182,"height":725,"url":"https:\/\/darkamazi.info\/file\/2019\/09\/Sezayi-Temeli.jpg","type":"image\/jpeg"}],"author":"darka mazi","twitter_card":"summary_large_image","twitter_image":"https:\/\/darkamazi.info\/file\/2019\/09\/Sezayi-Temeli.jpg","twitter_creator":"@DarkaMaziLatini","twitter_site":"@DarkaMaziLatini","twitter_misc":{"Written by":"darka mazi","Est. reading time":"1 minute"},"schema":{"@context":"https:\/\/schema.org","@graph":[{"@type":"Article","@id":"https:\/\/darkamazi.info\/archives\/1006630#article","isPartOf":{"@id":"https:\/\/darkamazi.info\/archives\/1006630"},"author":{"name":"darka mazi","@id":"https:\/\/darkamazi.info\/#\/schema\/person\/5ad3e24553a0567993fa8ed4bd0a776c"},"headline":"Temell\u00ee: b\u00eay kurd rojhelata nav\u00een w\u00ea her bi aloz\u00ee be","datePublished":"2019-09-07T14:01:48+00:00","dateModified":"2019-10-07T15:25:03+00:00","mainEntityOfPage":{"@id":"https:\/\/darkamazi.info\/archives\/1006630"},"wordCount":168,"publisher":{"@id":"https:\/\/darkamazi.info\/#organization"},"image":{"@id":"https:\/\/darkamazi.info\/archives\/1006630#primaryimage"},"thumbnailUrl":"https:\/\/darkamazi.info\/file\/2019\/09\/Sezayi-Temeli.jpg","articleSection":["Kurdistan"],"inLanguage":"en-US"},{"@type":"WebPage","@id":"https:\/\/darkamazi.info\/archives\/1006630","url":"https:\/\/darkamazi.info\/archives\/1006630","name":"Temell\u00ee: b\u00eay kurd rojhelata nav\u00een w\u00ea her bi aloz\u00ee be - Darka Maz\u00ee","isPartOf":{"@id":"https:\/\/darkamazi.info\/#website"},"primaryImageOfPage":{"@id":"https:\/\/darkamazi.info\/archives\/1006630#primaryimage"},"image":{"@id":"https:\/\/darkamazi.info\/archives\/1006630#primaryimage"},"thumbnailUrl":"https:\/\/darkamazi.info\/file\/2019\/09\/Sezayi-Temeli.jpg","datePublished":"2019-09-07T14:01:48+00:00","dateModified":"2019-10-07T15:25:03+00:00","breadcrumb":{"@id":"https:\/\/darkamazi.info\/archives\/1006630#breadcrumb"},"inLanguage":"en-US","potentialAction":[{"@type":"ReadAction","target":["https:\/\/darkamazi.info\/archives\/1006630"]}]},{"@type":"ImageObject","inLanguage":"en-US","@id":"https:\/\/darkamazi.info\/archives\/1006630#primaryimage","url":"https:\/\/darkamazi.info\/file\/2019\/09\/Sezayi-Temeli.jpg","contentUrl":"https:\/\/darkamazi.info\/file\/2019\/09\/Sezayi-Temeli.jpg","width":1182,"height":725},{"@type":"BreadcrumbList","@id":"https:\/\/darkamazi.info\/archives\/1006630#breadcrumb","itemListElement":[{"@type":"ListItem","position":1,"name":"Home","item":"https:\/\/darkamazi.info\/"},{"@type":"ListItem","position":2,"name":"Temell\u00ee: b\u00eay kurd rojhelata nav\u00een w\u00ea her bi aloz\u00ee be"}]},{"@type":"WebSite","@id":"https:\/\/darkamazi.info\/#website","url":"https:\/\/darkamazi.info\/","name":"Darka Maz\u00ee","description":"P\u00eageha Zanyariy\u00ean Nebih\u00eest\u00ee","publisher":{"@id":"https:\/\/darkamazi.info\/#organization"},"potentialAction":[{"@type":"SearchAction","target":{"@type":"EntryPoint","urlTemplate":"https:\/\/darkamazi.info\/?s={search_term_string}"},"query-input":{"@type":"PropertyValueSpecification","valueRequired":true,"valueName":"search_term_string"}}],"inLanguage":"en-US"},{"@type":"Organization","@id":"https:\/\/darkamazi.info\/#organization","name":"Darka Maz\u00ee","url":"https:\/\/darkamazi.info\/","logo":{"@type":"ImageObject","inLanguage":"en-US","@id":"https:\/\/darkamazi.info\/#\/schema\/logo\/image\/","url":"https:\/\/darkamazi.info\/file\/2017\/12\/darka-mazi-logo.png","contentUrl":"https:\/\/darkamazi.info\/file\/2017\/12\/darka-mazi-logo.png","width":151,"height":75,"caption":"Darka Maz\u00ee"},"image":{"@id":"https:\/\/darkamazi.info\/#\/schema\/logo\/image\/"},"sameAs":["https:\/\/www.facebook.com\/DarMaziKurmanci","https:\/\/x.com\/DarkaMaziLatini","https:\/\/www.instagram.com\/darkamazi.kurmanci\/","https:\/\/www.youtube.com\/channel\/UCa5HkTdmI8U1qCUFuTw8B2g"]},{"@type":"Person","@id":"https:\/\/darkamazi.info\/#\/schema\/person\/5ad3e24553a0567993fa8ed4bd0a776c","name":"darka mazi","sameAs":["https:\/\/darkamazi.info\/"],"url":"https:\/\/darkamazi.info\/archives\/author\/kurdi"}]}},"_links":{"self":[{"href":"https:\/\/darkamazi.info\/funavuv\/wp\/v2\/posts\/1006630","targetHints":{"allow":["GET"]}}],"collection":[{"href":"https:\/\/darkamazi.info\/funavuv\/wp\/v2\/posts"}],"about":[{"href":"https:\/\/darkamazi.info\/funavuv\/wp\/v2\/types\/post"}],"author":[{"embeddable":true,"href":"https:\/\/darkamazi.info\/funavuv\/wp\/v2\/users\/2"}],"replies":[{"embeddable":true,"href":"https:\/\/darkamazi.info\/funavuv\/wp\/v2\/comments?post=1006630"}],"version-history":[{"count":0,"href":"https:\/\/darkamazi.info\/funavuv\/wp\/v2\/posts\/1006630\/revisions"}],"wp:featuredmedia":[{"embeddable":true,"href":"https:\/\/darkamazi.info\/funavuv\/wp\/v2\/media\/1006631"}],"wp:attachment":[{"href":"https:\/\/darkamazi.info\/funavuv\/wp\/v2\/media?parent=1006630"}],"wp:term":[{"taxonomy":"category","embeddable":true,"href":"https:\/\/darkamazi.info\/funavuv\/wp\/v2\/categories?post=1006630"},{"taxonomy":"post_tag","embeddable":true,"href":"https:\/\/darkamazi.info\/funavuv\/wp\/v2\/tags?post=1006630"}],"curies":[{"name":"wp","href":"https:\/\/api.w.org\/{rel}","templated":true}]}}