{"id":1006633,"date":"2019-09-07T17:13:26","date_gmt":"2019-09-07T14:13:26","guid":{"rendered":"https:\/\/darkamazi.info\/?p=1006633"},"modified":"2019-10-07T18:24:51","modified_gmt":"2019-10-07T15:24:51","slug":"balefren-tirkye-4-gerila-li-qendil-berteref-kirin","status":"publish","type":"post","link":"https:\/\/darkamazi.info\/archives\/1006633","title":{"rendered":"Balefir\u00ean Tirkiy\u00ea 4 ger\u00eela li Qend\u00eel berteref kirin"},"content":{"rendered":"<h2><strong>Balefr\u00ean ceng\u00ee y\u00ean Tirkiy\u00ea cardin \u00ear\u00ee\u015f\u00ee PKK li nav s\u00eenor\u00ea ba\u015for\u00ea Kurdistan\u00ea kir \u00fb 4 ger\u00eela berteref kirin.<\/strong><\/h2>\n<h3>Wezareta berevany\u00ea ya Tirkiy\u00ea di beyaneke niv\u00ees\u00eek\u00ee de e\u015fkere kir, balefr\u00ean ceng\u00ee y\u00ean le\u015fkir\u00ea Tirkiy\u00ea, p\u00eageh\u00ean part\u00eeya karker\u00ean kurdistan\u00ea li \u00e7iyay\u00ea Qend\u00eel li nav s\u00eenor\u00ean her\u00eama Kurdistan\u00ea borduman kirin \u00fb z\u00eeyan\u00ean g\u00eeyan\u00ee gehandin ger\u00eelayan.<\/h3>\n<h3>E\u015fkere j\u00ee kir, ew \u00ear\u00ee\u015fa as\u00eeman\u00ee bi al\u00eekar\u00eeya saz\u00eeya hewalgir\u00eeya tirky\u00ea m\u00eet\u00ea hat\u00eeye kirin \u00fb t\u00eada 4 ger\u00eela hatne berteref kirin.<\/h3>\n","protected":false},"excerpt":{"rendered":"<p>Balefr\u00ean ceng\u00ee y\u00ean Tirkiy\u00ea cardin \u00ear\u00ee\u015f\u00ee PKK li nav s\u00eenor\u00ea ba\u015for\u00ea Kurdistan\u00ea kir \u00fb 4 ger\u00eela berteref kirin. Wezareta berevany\u00ea ya Tirkiy\u00ea di beyaneke niv\u00ees\u00eek\u00ee de e\u015fkere kir, balefr\u00ean ceng\u00ee y\u00ean le\u015fkir\u00ea Tirkiy\u00ea, p\u00eageh\u00ean part\u00eeya karker\u00ean kurdistan\u00ea li \u00e7iyay\u00ea Qend\u00eel li nav s\u00eenor\u00ean her\u00eama Kurdistan\u00ea borduman kirin \u00fb z\u00eeyan\u00ean g\u00eeyan\u00ee gehandin ger\u00eelayan. E\u015fkere j\u00ee kir, [&hellip;]<\/p>\n","protected":false},"author":2,"featured_media":1006634,"comment_status":"closed","ping_status":"closed","sticky":false,"template":"","format":"standard","meta":{"footnotes":""},"categories":[29],"tags":[],"class_list":["post-1006633","post","type-post","status-publish","format-standard","has-post-thumbnail","hentry","category-kurdistan"],"blocksy_meta":[],"seo_head":"<!-- This site is optimized with the Yoast SEO plugin v27.5 - https:\/\/yoast.com\/product\/yoast-seo-wordpress\/ -->\n<title>Balefir\u00ean Tirkiy\u00ea 4 ger\u00eela li Qend\u00eel berteref kirin - Darka Maz\u00ee<\/title>\n<meta name=\"robots\" content=\"index, follow, max-snippet:-1, max-image-preview:large, max-video-preview:-1\" \/>\n<link rel=\"canonical\" href=\"https:\/\/darkamazi.info\/archives\/1006633\" \/>\n<meta property=\"og:locale\" content=\"en_US\" \/>\n<meta property=\"og:type\" content=\"article\" \/>\n<meta property=\"og:title\" content=\"Balefir\u00ean Tirkiy\u00ea 4 ger\u00eela li Qend\u00eel berteref kirin - Darka Maz\u00ee\" \/>\n<meta property=\"og:description\" content=\"Balefr\u00ean ceng\u00ee y\u00ean Tirkiy\u00ea cardin \u00ear\u00ee\u015f\u00ee PKK li nav s\u00eenor\u00ea ba\u015for\u00ea Kurdistan\u00ea kir \u00fb 4 ger\u00eela berteref kirin. Wezareta berevany\u00ea ya Tirkiy\u00ea di beyaneke niv\u00ees\u00eek\u00ee de e\u015fkere kir, balefr\u00ean ceng\u00ee y\u00ean le\u015fkir\u00ea Tirkiy\u00ea, p\u00eageh\u00ean part\u00eeya karker\u00ean kurdistan\u00ea li \u00e7iyay\u00ea Qend\u00eel li nav s\u00eenor\u00ean her\u00eama Kurdistan\u00ea borduman kirin \u00fb z\u00eeyan\u00ean g\u00eeyan\u00ee gehandin ger\u00eelayan. E\u015fkere j\u00ee kir, [&hellip;]\" \/>\n<meta property=\"og:url\" content=\"https:\/\/darkamazi.info\/archives\/1006633\" \/>\n<meta property=\"og:site_name\" content=\"Darka Maz\u00ee\" \/>\n<meta property=\"article:publisher\" content=\"https:\/\/www.facebook.com\/DarMaziKurmanci\" \/>\n<meta property=\"article:published_time\" content=\"2019-09-07T14:13:26+00:00\" \/>\n<meta property=\"article:modified_time\" content=\"2019-10-07T15:24:51+00:00\" \/>\n<meta property=\"og:image\" content=\"https:\/\/darkamazi.info\/file\/2019\/09\/Qendil.jpg\" \/>\n\t<meta property=\"og:image:width\" content=\"1200\" \/>\n\t<meta property=\"og:image:height\" content=\"676\" \/>\n\t<meta property=\"og:image:type\" content=\"image\/jpeg\" \/>\n<meta name=\"author\" content=\"darka mazi\" \/>\n<meta name=\"twitter:card\" content=\"summary_large_image\" \/>\n<meta name=\"twitter:image\" content=\"https:\/\/darkamazi.info\/file\/2019\/09\/Qendil.jpg\" \/>\n<meta name=\"twitter:creator\" content=\"@DarkaMaziLatini\" \/>\n<meta name=\"twitter:site\" content=\"@DarkaMaziLatini\" \/>\n<meta name=\"twitter:label1\" content=\"Written by\" \/>\n\t<meta name=\"twitter:data1\" content=\"darka mazi\" \/>\n\t<meta name=\"twitter:label2\" content=\"Est. reading time\" \/>\n\t<meta name=\"twitter:data2\" content=\"1 minute\" \/>\n<script type=\"application\/ld+json\" class=\"seo-schema-graph\">{\"@context\":\"https:\\\/\\\/schema.org\",\"@graph\":[{\"@type\":\"Article\",\"@id\":\"https:\\\/\\\/darkamazi.info\\\/archives\\\/1006633#article\",\"isPartOf\":{\"@id\":\"https:\\\/\\\/darkamazi.info\\\/archives\\\/1006633\"},\"author\":{\"name\":\"darka mazi\",\"@id\":\"https:\\\/\\\/darkamazi.info\\\/#\\\/schema\\\/person\\\/5ad3e24553a0567993fa8ed4bd0a776c\"},\"headline\":\"Balefir\u00ean Tirkiy\u00ea 4 ger\u00eela li Qend\u00eel berteref kirin\",\"datePublished\":\"2019-09-07T14:13:26+00:00\",\"dateModified\":\"2019-10-07T15:24:51+00:00\",\"mainEntityOfPage\":{\"@id\":\"https:\\\/\\\/darkamazi.info\\\/archives\\\/1006633\"},\"wordCount\":112,\"publisher\":{\"@id\":\"https:\\\/\\\/darkamazi.info\\\/#organization\"},\"image\":{\"@id\":\"https:\\\/\\\/darkamazi.info\\\/archives\\\/1006633#primaryimage\"},\"thumbnailUrl\":\"https:\\\/\\\/darkamazi.info\\\/darka-content\\\/uploads\\\/2019\\\/09\\\/Qendil.jpg\",\"articleSection\":[\"Kurdistan\"],\"inLanguage\":\"en-US\"},{\"@type\":\"WebPage\",\"@id\":\"https:\\\/\\\/darkamazi.info\\\/archives\\\/1006633\",\"url\":\"https:\\\/\\\/darkamazi.info\\\/archives\\\/1006633\",\"name\":\"Balefir\u00ean Tirkiy\u00ea 4 ger\u00eela li Qend\u00eel berteref kirin - Darka Maz\u00ee\",\"isPartOf\":{\"@id\":\"https:\\\/\\\/darkamazi.info\\\/#website\"},\"primaryImageOfPage\":{\"@id\":\"https:\\\/\\\/darkamazi.info\\\/archives\\\/1006633#primaryimage\"},\"image\":{\"@id\":\"https:\\\/\\\/darkamazi.info\\\/archives\\\/1006633#primaryimage\"},\"thumbnailUrl\":\"https:\\\/\\\/darkamazi.info\\\/darka-content\\\/uploads\\\/2019\\\/09\\\/Qendil.jpg\",\"datePublished\":\"2019-09-07T14:13:26+00:00\",\"dateModified\":\"2019-10-07T15:24:51+00:00\",\"breadcrumb\":{\"@id\":\"https:\\\/\\\/darkamazi.info\\\/archives\\\/1006633#breadcrumb\"},\"inLanguage\":\"en-US\",\"potentialAction\":[{\"@type\":\"ReadAction\",\"target\":[\"https:\\\/\\\/darkamazi.info\\\/archives\\\/1006633\"]}]},{\"@type\":\"ImageObject\",\"inLanguage\":\"en-US\",\"@id\":\"https:\\\/\\\/darkamazi.info\\\/archives\\\/1006633#primaryimage\",\"url\":\"https:\\\/\\\/darkamazi.info\\\/darka-content\\\/uploads\\\/2019\\\/09\\\/Qendil.jpg\",\"contentUrl\":\"https:\\\/\\\/darkamazi.info\\\/darka-content\\\/uploads\\\/2019\\\/09\\\/Qendil.jpg\",\"width\":1200,\"height\":676},{\"@type\":\"BreadcrumbList\",\"@id\":\"https:\\\/\\\/darkamazi.info\\\/archives\\\/1006633#breadcrumb\",\"itemListElement\":[{\"@type\":\"ListItem\",\"position\":1,\"name\":\"Home\",\"item\":\"https:\\\/\\\/darkamazi.info\\\/\"},{\"@type\":\"ListItem\",\"position\":2,\"name\":\"Balefir\u00ean Tirkiy\u00ea 4 ger\u00eela li Qend\u00eel berteref kirin\"}]},{\"@type\":\"WebSite\",\"@id\":\"https:\\\/\\\/darkamazi.info\\\/#website\",\"url\":\"https:\\\/\\\/darkamazi.info\\\/\",\"name\":\"Darka Maz\u00ee\",\"description\":\"P\u00eageha Zanyariy\u00ean Nebih\u00eest\u00ee\",\"publisher\":{\"@id\":\"https:\\\/\\\/darkamazi.info\\\/#organization\"},\"potentialAction\":[{\"@type\":\"SearchAction\",\"target\":{\"@type\":\"EntryPoint\",\"urlTemplate\":\"https:\\\/\\\/darkamazi.info\\\/?s={search_term_string}\"},\"query-input\":{\"@type\":\"PropertyValueSpecification\",\"valueRequired\":true,\"valueName\":\"search_term_string\"}}],\"inLanguage\":\"en-US\"},{\"@type\":\"Organization\",\"@id\":\"https:\\\/\\\/darkamazi.info\\\/#organization\",\"name\":\"Darka Maz\u00ee\",\"url\":\"https:\\\/\\\/darkamazi.info\\\/\",\"logo\":{\"@type\":\"ImageObject\",\"inLanguage\":\"en-US\",\"@id\":\"https:\\\/\\\/darkamazi.info\\\/#\\\/schema\\\/logo\\\/image\\\/\",\"url\":\"https:\\\/\\\/darkamazi.info\\\/darka-content\\\/uploads\\\/2017\\\/12\\\/darka-mazi-logo.png\",\"contentUrl\":\"https:\\\/\\\/darkamazi.info\\\/darka-content\\\/uploads\\\/2017\\\/12\\\/darka-mazi-logo.png\",\"width\":151,\"height\":75,\"caption\":\"Darka Maz\u00ee\"},\"image\":{\"@id\":\"https:\\\/\\\/darkamazi.info\\\/#\\\/schema\\\/logo\\\/image\\\/\"},\"sameAs\":[\"https:\\\/\\\/www.facebook.com\\\/DarMaziKurmanci\",\"https:\\\/\\\/x.com\\\/DarkaMaziLatini\",\"https:\\\/\\\/www.instagram.com\\\/darkamazi.kurmanci\\\/\",\"https:\\\/\\\/www.youtube.com\\\/channel\\\/UCa5HkTdmI8U1qCUFuTw8B2g\"]},{\"@type\":\"Person\",\"@id\":\"https:\\\/\\\/darkamazi.info\\\/#\\\/schema\\\/person\\\/5ad3e24553a0567993fa8ed4bd0a776c\",\"name\":\"darka mazi\",\"sameAs\":[\"https:\\\/\\\/darkamazi.info\\\/\"],\"url\":\"https:\\\/\\\/darkamazi.info\\\/archives\\\/author\\\/kurdi\"}]}<\/script>\n<!-- \/ Yoast SEO plugin. -->","seo_head_json":{"title":"Balefir\u00ean Tirkiy\u00ea 4 ger\u00eela li Qend\u00eel berteref kirin - Darka Maz\u00ee","robots":{"index":"index","follow":"follow","max-snippet":"max-snippet:-1","max-image-preview":"max-image-preview:large","max-video-preview":"max-video-preview:-1"},"canonical":"https:\/\/darkamazi.info\/archives\/1006633","og_locale":"en_US","og_type":"article","og_title":"Balefir\u00ean Tirkiy\u00ea 4 ger\u00eela li Qend\u00eel berteref kirin - Darka Maz\u00ee","og_description":"Balefr\u00ean ceng\u00ee y\u00ean Tirkiy\u00ea cardin \u00ear\u00ee\u015f\u00ee PKK li nav s\u00eenor\u00ea ba\u015for\u00ea Kurdistan\u00ea kir \u00fb 4 ger\u00eela berteref kirin. Wezareta berevany\u00ea ya Tirkiy\u00ea di beyaneke niv\u00ees\u00eek\u00ee de e\u015fkere kir, balefr\u00ean ceng\u00ee y\u00ean le\u015fkir\u00ea Tirkiy\u00ea, p\u00eageh\u00ean part\u00eeya karker\u00ean kurdistan\u00ea li \u00e7iyay\u00ea Qend\u00eel li nav s\u00eenor\u00ean her\u00eama Kurdistan\u00ea borduman kirin \u00fb z\u00eeyan\u00ean g\u00eeyan\u00ee gehandin ger\u00eelayan. E\u015fkere j\u00ee kir, [&hellip;]","og_url":"https:\/\/darkamazi.info\/archives\/1006633","og_site_name":"Darka Maz\u00ee","article_publisher":"https:\/\/www.facebook.com\/DarMaziKurmanci","article_published_time":"2019-09-07T14:13:26+00:00","article_modified_time":"2019-10-07T15:24:51+00:00","og_image":[{"width":1200,"height":676,"url":"https:\/\/darkamazi.info\/file\/2019\/09\/Qendil.jpg","type":"image\/jpeg"}],"author":"darka mazi","twitter_card":"summary_large_image","twitter_image":"https:\/\/darkamazi.info\/file\/2019\/09\/Qendil.jpg","twitter_creator":"@DarkaMaziLatini","twitter_site":"@DarkaMaziLatini","twitter_misc":{"Written by":"darka mazi","Est. reading time":"1 minute"},"schema":{"@context":"https:\/\/schema.org","@graph":[{"@type":"Article","@id":"https:\/\/darkamazi.info\/archives\/1006633#article","isPartOf":{"@id":"https:\/\/darkamazi.info\/archives\/1006633"},"author":{"name":"darka mazi","@id":"https:\/\/darkamazi.info\/#\/schema\/person\/5ad3e24553a0567993fa8ed4bd0a776c"},"headline":"Balefir\u00ean Tirkiy\u00ea 4 ger\u00eela li Qend\u00eel berteref kirin","datePublished":"2019-09-07T14:13:26+00:00","dateModified":"2019-10-07T15:24:51+00:00","mainEntityOfPage":{"@id":"https:\/\/darkamazi.info\/archives\/1006633"},"wordCount":112,"publisher":{"@id":"https:\/\/darkamazi.info\/#organization"},"image":{"@id":"https:\/\/darkamazi.info\/archives\/1006633#primaryimage"},"thumbnailUrl":"https:\/\/darkamazi.info\/file\/2019\/09\/Qendil.jpg","articleSection":["Kurdistan"],"inLanguage":"en-US"},{"@type":"WebPage","@id":"https:\/\/darkamazi.info\/archives\/1006633","url":"https:\/\/darkamazi.info\/archives\/1006633","name":"Balefir\u00ean Tirkiy\u00ea 4 ger\u00eela li Qend\u00eel berteref kirin - Darka Maz\u00ee","isPartOf":{"@id":"https:\/\/darkamazi.info\/#website"},"primaryImageOfPage":{"@id":"https:\/\/darkamazi.info\/archives\/1006633#primaryimage"},"image":{"@id":"https:\/\/darkamazi.info\/archives\/1006633#primaryimage"},"thumbnailUrl":"https:\/\/darkamazi.info\/file\/2019\/09\/Qendil.jpg","datePublished":"2019-09-07T14:13:26+00:00","dateModified":"2019-10-07T15:24:51+00:00","breadcrumb":{"@id":"https:\/\/darkamazi.info\/archives\/1006633#breadcrumb"},"inLanguage":"en-US","potentialAction":[{"@type":"ReadAction","target":["https:\/\/darkamazi.info\/archives\/1006633"]}]},{"@type":"ImageObject","inLanguage":"en-US","@id":"https:\/\/darkamazi.info\/archives\/1006633#primaryimage","url":"https:\/\/darkamazi.info\/file\/2019\/09\/Qendil.jpg","contentUrl":"https:\/\/darkamazi.info\/file\/2019\/09\/Qendil.jpg","width":1200,"height":676},{"@type":"BreadcrumbList","@id":"https:\/\/darkamazi.info\/archives\/1006633#breadcrumb","itemListElement":[{"@type":"ListItem","position":1,"name":"Home","item":"https:\/\/darkamazi.info\/"},{"@type":"ListItem","position":2,"name":"Balefir\u00ean Tirkiy\u00ea 4 ger\u00eela li Qend\u00eel berteref kirin"}]},{"@type":"WebSite","@id":"https:\/\/darkamazi.info\/#website","url":"https:\/\/darkamazi.info\/","name":"Darka Maz\u00ee","description":"P\u00eageha Zanyariy\u00ean Nebih\u00eest\u00ee","publisher":{"@id":"https:\/\/darkamazi.info\/#organization"},"potentialAction":[{"@type":"SearchAction","target":{"@type":"EntryPoint","urlTemplate":"https:\/\/darkamazi.info\/?s={search_term_string}"},"query-input":{"@type":"PropertyValueSpecification","valueRequired":true,"valueName":"search_term_string"}}],"inLanguage":"en-US"},{"@type":"Organization","@id":"https:\/\/darkamazi.info\/#organization","name":"Darka Maz\u00ee","url":"https:\/\/darkamazi.info\/","logo":{"@type":"ImageObject","inLanguage":"en-US","@id":"https:\/\/darkamazi.info\/#\/schema\/logo\/image\/","url":"https:\/\/darkamazi.info\/file\/2017\/12\/darka-mazi-logo.png","contentUrl":"https:\/\/darkamazi.info\/file\/2017\/12\/darka-mazi-logo.png","width":151,"height":75,"caption":"Darka Maz\u00ee"},"image":{"@id":"https:\/\/darkamazi.info\/#\/schema\/logo\/image\/"},"sameAs":["https:\/\/www.facebook.com\/DarMaziKurmanci","https:\/\/x.com\/DarkaMaziLatini","https:\/\/www.instagram.com\/darkamazi.kurmanci\/","https:\/\/www.youtube.com\/channel\/UCa5HkTdmI8U1qCUFuTw8B2g"]},{"@type":"Person","@id":"https:\/\/darkamazi.info\/#\/schema\/person\/5ad3e24553a0567993fa8ed4bd0a776c","name":"darka mazi","sameAs":["https:\/\/darkamazi.info\/"],"url":"https:\/\/darkamazi.info\/archives\/author\/kurdi"}]}},"_links":{"self":[{"href":"https:\/\/darkamazi.info\/funavuv\/wp\/v2\/posts\/1006633","targetHints":{"allow":["GET"]}}],"collection":[{"href":"https:\/\/darkamazi.info\/funavuv\/wp\/v2\/posts"}],"about":[{"href":"https:\/\/darkamazi.info\/funavuv\/wp\/v2\/types\/post"}],"author":[{"embeddable":true,"href":"https:\/\/darkamazi.info\/funavuv\/wp\/v2\/users\/2"}],"replies":[{"embeddable":true,"href":"https:\/\/darkamazi.info\/funavuv\/wp\/v2\/comments?post=1006633"}],"version-history":[{"count":0,"href":"https:\/\/darkamazi.info\/funavuv\/wp\/v2\/posts\/1006633\/revisions"}],"wp:featuredmedia":[{"embeddable":true,"href":"https:\/\/darkamazi.info\/funavuv\/wp\/v2\/media\/1006634"}],"wp:attachment":[{"href":"https:\/\/darkamazi.info\/funavuv\/wp\/v2\/media?parent=1006633"}],"wp:term":[{"taxonomy":"category","embeddable":true,"href":"https:\/\/darkamazi.info\/funavuv\/wp\/v2\/categories?post=1006633"},{"taxonomy":"post_tag","embeddable":true,"href":"https:\/\/darkamazi.info\/funavuv\/wp\/v2\/tags?post=1006633"}],"curies":[{"name":"wp","href":"https:\/\/api.w.org\/{rel}","templated":true}]}}