{"id":1006636,"date":"2019-09-07T17:26:54","date_gmt":"2019-09-07T14:26:54","guid":{"rendered":"https:\/\/darkamazi.info\/?p=1006636"},"modified":"2019-10-07T18:24:47","modified_gmt":"2019-10-07T15:24:47","slug":"rojhelata-kurdistane-xwekustna-xurtan-berdewame","status":"publish","type":"post","link":"https:\/\/darkamazi.info\/archives\/1006636","title":{"rendered":"Rojhelata Kurdistan\u00ea.. Xweku\u015ftna xurtan berdewame"},"content":{"rendered":"<h2><strong>Bi sedema rew\u015fa her\u00ee xirab, xweku\u015ftin li cem cwan \u00fb xurt\u00ean rojhelata kurdistan\u00ea berdewam t\u00ea d\u00eetin.<\/strong><\/h2>\n<h3>Pi\u015ft\u00ee ku ke\u00e7eka bajar\u00ea Nexed\u00ea y\u00ea rojhelata Kurdistan\u00ea \u015fev\u00ea din daw\u00ee bi j\u00eeyana xwe an\u00ee, hejmara kes\u00ean ku di hefteya b\u00fbr\u00ee de li seranser\u00ee rojhelata Kurdistan\u00ea daw\u00ee bi j\u00eeyana xwe an\u00ee, gehi\u015fit 6 kesan.<\/h3>\n<h3>R\u00eakxistina hengaw ya maf\u00ean mirovan li rojhelata kurdistan\u00ea e\u015fkere kir, pirsa xweku\u015ftin\u00ea li cem cwan \u00fb xurt\u00ean rojhelata kurdistan\u00ea, z\u00eadeb\u00fbye sedem j\u00ee gelekin.<\/h3>\n<h3>Herweha da xoya kirin, pirisgir\u00eak\u00ean civak\u00ee \u00fb xirab\u00eeya rew\u015fa ab\u00fbr\u00ee sedema sereke a xweku\u015ftin\u00ea ye.<\/h3>\n<h3>Hengaw r\u00eakxistneke rojhelata Kurdistan\u00ea ye berdewam amar \u00fb datay\u00ean gir\u00eaday w\u00ea par\u00e7eya Kurdistan\u00ea e\u015fkere dike, li gor\u00ee w\u00ea j\u00ee ten\u00ea li heft\u00eeya b\u00fbr\u00ee 6 kurd\u00ean rojhelat bi sedem\u00ean cuda daw\u00ee bi j\u00eeyana xwe an\u00eene.<\/h3>\n","protected":false},"excerpt":{"rendered":"<p>Bi sedema rew\u015fa her\u00ee xirab, xweku\u015ftin li cem cwan \u00fb xurt\u00ean rojhelata kurdistan\u00ea berdewam t\u00ea d\u00eetin. Pi\u015ft\u00ee ku ke\u00e7eka bajar\u00ea Nexed\u00ea y\u00ea rojhelata Kurdistan\u00ea \u015fev\u00ea din daw\u00ee bi j\u00eeyana xwe an\u00ee, hejmara kes\u00ean ku di hefteya b\u00fbr\u00ee de li seranser\u00ee rojhelata Kurdistan\u00ea daw\u00ee bi j\u00eeyana xwe an\u00ee, gehi\u015fit 6 kesan. R\u00eakxistina hengaw ya maf\u00ean mirovan [&hellip;]<\/p>\n","protected":false},"author":2,"featured_media":1006637,"comment_status":"closed","ping_status":"closed","sticky":false,"template":"","format":"standard","meta":{"footnotes":""},"categories":[29],"tags":[],"class_list":["post-1006636","post","type-post","status-publish","format-standard","has-post-thumbnail","hentry","category-kurdistan"],"blocksy_meta":[],"seo_head":"<!-- This site is optimized with the Yoast SEO plugin v27.5 - https:\/\/yoast.com\/product\/yoast-seo-wordpress\/ -->\n<title>Rojhelata Kurdistan\u00ea.. Xweku\u015ftna xurtan berdewame - Darka Maz\u00ee<\/title>\n<meta name=\"robots\" content=\"index, follow, max-snippet:-1, max-image-preview:large, max-video-preview:-1\" \/>\n<link rel=\"canonical\" href=\"https:\/\/darkamazi.info\/archives\/1006636\" \/>\n<meta property=\"og:locale\" content=\"en_US\" \/>\n<meta property=\"og:type\" content=\"article\" \/>\n<meta property=\"og:title\" content=\"Rojhelata Kurdistan\u00ea.. Xweku\u015ftna xurtan berdewame - Darka Maz\u00ee\" \/>\n<meta property=\"og:description\" content=\"Bi sedema rew\u015fa her\u00ee xirab, xweku\u015ftin li cem cwan \u00fb xurt\u00ean rojhelata kurdistan\u00ea berdewam t\u00ea d\u00eetin. Pi\u015ft\u00ee ku ke\u00e7eka bajar\u00ea Nexed\u00ea y\u00ea rojhelata Kurdistan\u00ea \u015fev\u00ea din daw\u00ee bi j\u00eeyana xwe an\u00ee, hejmara kes\u00ean ku di hefteya b\u00fbr\u00ee de li seranser\u00ee rojhelata Kurdistan\u00ea daw\u00ee bi j\u00eeyana xwe an\u00ee, gehi\u015fit 6 kesan. R\u00eakxistina hengaw ya maf\u00ean mirovan [&hellip;]\" \/>\n<meta property=\"og:url\" content=\"https:\/\/darkamazi.info\/archives\/1006636\" \/>\n<meta property=\"og:site_name\" content=\"Darka Maz\u00ee\" \/>\n<meta property=\"article:publisher\" content=\"https:\/\/www.facebook.com\/DarMaziKurmanci\" \/>\n<meta property=\"article:published_time\" content=\"2019-09-07T14:26:54+00:00\" \/>\n<meta property=\"article:modified_time\" content=\"2019-10-07T15:24:47+00:00\" \/>\n<meta property=\"og:image\" content=\"https:\/\/darkamazi.info\/file\/2019\/09\/\u0631\u06c6\u0698\u0647\u06d5\u0644\u0627\u062a.jpg\" \/>\n\t<meta property=\"og:image:width\" content=\"500\" \/>\n\t<meta property=\"og:image:height\" content=\"300\" \/>\n\t<meta property=\"og:image:type\" content=\"image\/jpeg\" \/>\n<meta name=\"author\" content=\"darka mazi\" \/>\n<meta name=\"twitter:card\" content=\"summary_large_image\" \/>\n<meta name=\"twitter:image\" content=\"https:\/\/darkamazi.info\/file\/2019\/09\/\u0631\u06c6\u0698\u0647\u06d5\u0644\u0627\u062a.jpg\" \/>\n<meta name=\"twitter:creator\" content=\"@DarkaMaziLatini\" \/>\n<meta name=\"twitter:site\" content=\"@DarkaMaziLatini\" \/>\n<meta name=\"twitter:label1\" content=\"Written by\" \/>\n\t<meta name=\"twitter:data1\" content=\"darka mazi\" \/>\n\t<meta name=\"twitter:label2\" content=\"Est. reading time\" \/>\n\t<meta name=\"twitter:data2\" content=\"1 minute\" \/>\n<script type=\"application\/ld+json\" class=\"seo-schema-graph\">{\"@context\":\"https:\\\/\\\/schema.org\",\"@graph\":[{\"@type\":\"Article\",\"@id\":\"https:\\\/\\\/darkamazi.info\\\/archives\\\/1006636#article\",\"isPartOf\":{\"@id\":\"https:\\\/\\\/darkamazi.info\\\/archives\\\/1006636\"},\"author\":{\"name\":\"darka mazi\",\"@id\":\"https:\\\/\\\/darkamazi.info\\\/#\\\/schema\\\/person\\\/5ad3e24553a0567993fa8ed4bd0a776c\"},\"headline\":\"Rojhelata Kurdistan\u00ea.. Xweku\u015ftna xurtan berdewame\",\"datePublished\":\"2019-09-07T14:26:54+00:00\",\"dateModified\":\"2019-10-07T15:24:47+00:00\",\"mainEntityOfPage\":{\"@id\":\"https:\\\/\\\/darkamazi.info\\\/archives\\\/1006636\"},\"wordCount\":157,\"publisher\":{\"@id\":\"https:\\\/\\\/darkamazi.info\\\/#organization\"},\"image\":{\"@id\":\"https:\\\/\\\/darkamazi.info\\\/archives\\\/1006636#primaryimage\"},\"thumbnailUrl\":\"https:\\\/\\\/darkamazi.info\\\/darka-content\\\/uploads\\\/2019\\\/09\\\/\u0631\u06c6\u0698\u0647\u06d5\u0644\u0627\u062a.jpg\",\"articleSection\":[\"Kurdistan\"],\"inLanguage\":\"en-US\"},{\"@type\":\"WebPage\",\"@id\":\"https:\\\/\\\/darkamazi.info\\\/archives\\\/1006636\",\"url\":\"https:\\\/\\\/darkamazi.info\\\/archives\\\/1006636\",\"name\":\"Rojhelata Kurdistan\u00ea.. Xweku\u015ftna xurtan berdewame - Darka Maz\u00ee\",\"isPartOf\":{\"@id\":\"https:\\\/\\\/darkamazi.info\\\/#website\"},\"primaryImageOfPage\":{\"@id\":\"https:\\\/\\\/darkamazi.info\\\/archives\\\/1006636#primaryimage\"},\"image\":{\"@id\":\"https:\\\/\\\/darkamazi.info\\\/archives\\\/1006636#primaryimage\"},\"thumbnailUrl\":\"https:\\\/\\\/darkamazi.info\\\/darka-content\\\/uploads\\\/2019\\\/09\\\/\u0631\u06c6\u0698\u0647\u06d5\u0644\u0627\u062a.jpg\",\"datePublished\":\"2019-09-07T14:26:54+00:00\",\"dateModified\":\"2019-10-07T15:24:47+00:00\",\"breadcrumb\":{\"@id\":\"https:\\\/\\\/darkamazi.info\\\/archives\\\/1006636#breadcrumb\"},\"inLanguage\":\"en-US\",\"potentialAction\":[{\"@type\":\"ReadAction\",\"target\":[\"https:\\\/\\\/darkamazi.info\\\/archives\\\/1006636\"]}]},{\"@type\":\"ImageObject\",\"inLanguage\":\"en-US\",\"@id\":\"https:\\\/\\\/darkamazi.info\\\/archives\\\/1006636#primaryimage\",\"url\":\"https:\\\/\\\/darkamazi.info\\\/darka-content\\\/uploads\\\/2019\\\/09\\\/\u0631\u06c6\u0698\u0647\u06d5\u0644\u0627\u062a.jpg\",\"contentUrl\":\"https:\\\/\\\/darkamazi.info\\\/darka-content\\\/uploads\\\/2019\\\/09\\\/\u0631\u06c6\u0698\u0647\u06d5\u0644\u0627\u062a.jpg\",\"width\":500,\"height\":300},{\"@type\":\"BreadcrumbList\",\"@id\":\"https:\\\/\\\/darkamazi.info\\\/archives\\\/1006636#breadcrumb\",\"itemListElement\":[{\"@type\":\"ListItem\",\"position\":1,\"name\":\"Home\",\"item\":\"https:\\\/\\\/darkamazi.info\\\/\"},{\"@type\":\"ListItem\",\"position\":2,\"name\":\"Rojhelata Kurdistan\u00ea.. Xweku\u015ftna xurtan berdewame\"}]},{\"@type\":\"WebSite\",\"@id\":\"https:\\\/\\\/darkamazi.info\\\/#website\",\"url\":\"https:\\\/\\\/darkamazi.info\\\/\",\"name\":\"Darka Maz\u00ee\",\"description\":\"P\u00eageha Zanyariy\u00ean Nebih\u00eest\u00ee\",\"publisher\":{\"@id\":\"https:\\\/\\\/darkamazi.info\\\/#organization\"},\"potentialAction\":[{\"@type\":\"SearchAction\",\"target\":{\"@type\":\"EntryPoint\",\"urlTemplate\":\"https:\\\/\\\/darkamazi.info\\\/?s={search_term_string}\"},\"query-input\":{\"@type\":\"PropertyValueSpecification\",\"valueRequired\":true,\"valueName\":\"search_term_string\"}}],\"inLanguage\":\"en-US\"},{\"@type\":\"Organization\",\"@id\":\"https:\\\/\\\/darkamazi.info\\\/#organization\",\"name\":\"Darka Maz\u00ee\",\"url\":\"https:\\\/\\\/darkamazi.info\\\/\",\"logo\":{\"@type\":\"ImageObject\",\"inLanguage\":\"en-US\",\"@id\":\"https:\\\/\\\/darkamazi.info\\\/#\\\/schema\\\/logo\\\/image\\\/\",\"url\":\"https:\\\/\\\/darkamazi.info\\\/darka-content\\\/uploads\\\/2017\\\/12\\\/darka-mazi-logo.png\",\"contentUrl\":\"https:\\\/\\\/darkamazi.info\\\/darka-content\\\/uploads\\\/2017\\\/12\\\/darka-mazi-logo.png\",\"width\":151,\"height\":75,\"caption\":\"Darka Maz\u00ee\"},\"image\":{\"@id\":\"https:\\\/\\\/darkamazi.info\\\/#\\\/schema\\\/logo\\\/image\\\/\"},\"sameAs\":[\"https:\\\/\\\/www.facebook.com\\\/DarMaziKurmanci\",\"https:\\\/\\\/x.com\\\/DarkaMaziLatini\",\"https:\\\/\\\/www.instagram.com\\\/darkamazi.kurmanci\\\/\",\"https:\\\/\\\/www.youtube.com\\\/channel\\\/UCa5HkTdmI8U1qCUFuTw8B2g\"]},{\"@type\":\"Person\",\"@id\":\"https:\\\/\\\/darkamazi.info\\\/#\\\/schema\\\/person\\\/5ad3e24553a0567993fa8ed4bd0a776c\",\"name\":\"darka mazi\",\"sameAs\":[\"https:\\\/\\\/darkamazi.info\\\/\"],\"url\":\"https:\\\/\\\/darkamazi.info\\\/archives\\\/author\\\/kurdi\"}]}<\/script>\n<!-- \/ Yoast SEO plugin. -->","seo_head_json":{"title":"Rojhelata Kurdistan\u00ea.. Xweku\u015ftna xurtan berdewame - Darka Maz\u00ee","robots":{"index":"index","follow":"follow","max-snippet":"max-snippet:-1","max-image-preview":"max-image-preview:large","max-video-preview":"max-video-preview:-1"},"canonical":"https:\/\/darkamazi.info\/archives\/1006636","og_locale":"en_US","og_type":"article","og_title":"Rojhelata Kurdistan\u00ea.. Xweku\u015ftna xurtan berdewame - Darka Maz\u00ee","og_description":"Bi sedema rew\u015fa her\u00ee xirab, xweku\u015ftin li cem cwan \u00fb xurt\u00ean rojhelata kurdistan\u00ea berdewam t\u00ea d\u00eetin. Pi\u015ft\u00ee ku ke\u00e7eka bajar\u00ea Nexed\u00ea y\u00ea rojhelata Kurdistan\u00ea \u015fev\u00ea din daw\u00ee bi j\u00eeyana xwe an\u00ee, hejmara kes\u00ean ku di hefteya b\u00fbr\u00ee de li seranser\u00ee rojhelata Kurdistan\u00ea daw\u00ee bi j\u00eeyana xwe an\u00ee, gehi\u015fit 6 kesan. R\u00eakxistina hengaw ya maf\u00ean mirovan [&hellip;]","og_url":"https:\/\/darkamazi.info\/archives\/1006636","og_site_name":"Darka Maz\u00ee","article_publisher":"https:\/\/www.facebook.com\/DarMaziKurmanci","article_published_time":"2019-09-07T14:26:54+00:00","article_modified_time":"2019-10-07T15:24:47+00:00","og_image":[{"width":500,"height":300,"url":"https:\/\/darkamazi.info\/file\/2019\/09\/\u0631\u06c6\u0698\u0647\u06d5\u0644\u0627\u062a.jpg","type":"image\/jpeg"}],"author":"darka mazi","twitter_card":"summary_large_image","twitter_image":"https:\/\/darkamazi.info\/file\/2019\/09\/\u0631\u06c6\u0698\u0647\u06d5\u0644\u0627\u062a.jpg","twitter_creator":"@DarkaMaziLatini","twitter_site":"@DarkaMaziLatini","twitter_misc":{"Written by":"darka mazi","Est. reading time":"1 minute"},"schema":{"@context":"https:\/\/schema.org","@graph":[{"@type":"Article","@id":"https:\/\/darkamazi.info\/archives\/1006636#article","isPartOf":{"@id":"https:\/\/darkamazi.info\/archives\/1006636"},"author":{"name":"darka mazi","@id":"https:\/\/darkamazi.info\/#\/schema\/person\/5ad3e24553a0567993fa8ed4bd0a776c"},"headline":"Rojhelata Kurdistan\u00ea.. Xweku\u015ftna xurtan berdewame","datePublished":"2019-09-07T14:26:54+00:00","dateModified":"2019-10-07T15:24:47+00:00","mainEntityOfPage":{"@id":"https:\/\/darkamazi.info\/archives\/1006636"},"wordCount":157,"publisher":{"@id":"https:\/\/darkamazi.info\/#organization"},"image":{"@id":"https:\/\/darkamazi.info\/archives\/1006636#primaryimage"},"thumbnailUrl":"https:\/\/darkamazi.info\/file\/2019\/09\/\u0631\u06c6\u0698\u0647\u06d5\u0644\u0627\u062a.jpg","articleSection":["Kurdistan"],"inLanguage":"en-US"},{"@type":"WebPage","@id":"https:\/\/darkamazi.info\/archives\/1006636","url":"https:\/\/darkamazi.info\/archives\/1006636","name":"Rojhelata Kurdistan\u00ea.. Xweku\u015ftna xurtan berdewame - Darka Maz\u00ee","isPartOf":{"@id":"https:\/\/darkamazi.info\/#website"},"primaryImageOfPage":{"@id":"https:\/\/darkamazi.info\/archives\/1006636#primaryimage"},"image":{"@id":"https:\/\/darkamazi.info\/archives\/1006636#primaryimage"},"thumbnailUrl":"https:\/\/darkamazi.info\/file\/2019\/09\/\u0631\u06c6\u0698\u0647\u06d5\u0644\u0627\u062a.jpg","datePublished":"2019-09-07T14:26:54+00:00","dateModified":"2019-10-07T15:24:47+00:00","breadcrumb":{"@id":"https:\/\/darkamazi.info\/archives\/1006636#breadcrumb"},"inLanguage":"en-US","potentialAction":[{"@type":"ReadAction","target":["https:\/\/darkamazi.info\/archives\/1006636"]}]},{"@type":"ImageObject","inLanguage":"en-US","@id":"https:\/\/darkamazi.info\/archives\/1006636#primaryimage","url":"https:\/\/darkamazi.info\/file\/2019\/09\/\u0631\u06c6\u0698\u0647\u06d5\u0644\u0627\u062a.jpg","contentUrl":"https:\/\/darkamazi.info\/file\/2019\/09\/\u0631\u06c6\u0698\u0647\u06d5\u0644\u0627\u062a.jpg","width":500,"height":300},{"@type":"BreadcrumbList","@id":"https:\/\/darkamazi.info\/archives\/1006636#breadcrumb","itemListElement":[{"@type":"ListItem","position":1,"name":"Home","item":"https:\/\/darkamazi.info\/"},{"@type":"ListItem","position":2,"name":"Rojhelata Kurdistan\u00ea.. Xweku\u015ftna xurtan berdewame"}]},{"@type":"WebSite","@id":"https:\/\/darkamazi.info\/#website","url":"https:\/\/darkamazi.info\/","name":"Darka Maz\u00ee","description":"P\u00eageha Zanyariy\u00ean Nebih\u00eest\u00ee","publisher":{"@id":"https:\/\/darkamazi.info\/#organization"},"potentialAction":[{"@type":"SearchAction","target":{"@type":"EntryPoint","urlTemplate":"https:\/\/darkamazi.info\/?s={search_term_string}"},"query-input":{"@type":"PropertyValueSpecification","valueRequired":true,"valueName":"search_term_string"}}],"inLanguage":"en-US"},{"@type":"Organization","@id":"https:\/\/darkamazi.info\/#organization","name":"Darka Maz\u00ee","url":"https:\/\/darkamazi.info\/","logo":{"@type":"ImageObject","inLanguage":"en-US","@id":"https:\/\/darkamazi.info\/#\/schema\/logo\/image\/","url":"https:\/\/darkamazi.info\/file\/2017\/12\/darka-mazi-logo.png","contentUrl":"https:\/\/darkamazi.info\/file\/2017\/12\/darka-mazi-logo.png","width":151,"height":75,"caption":"Darka Maz\u00ee"},"image":{"@id":"https:\/\/darkamazi.info\/#\/schema\/logo\/image\/"},"sameAs":["https:\/\/www.facebook.com\/DarMaziKurmanci","https:\/\/x.com\/DarkaMaziLatini","https:\/\/www.instagram.com\/darkamazi.kurmanci\/","https:\/\/www.youtube.com\/channel\/UCa5HkTdmI8U1qCUFuTw8B2g"]},{"@type":"Person","@id":"https:\/\/darkamazi.info\/#\/schema\/person\/5ad3e24553a0567993fa8ed4bd0a776c","name":"darka mazi","sameAs":["https:\/\/darkamazi.info\/"],"url":"https:\/\/darkamazi.info\/archives\/author\/kurdi"}]}},"_links":{"self":[{"href":"https:\/\/darkamazi.info\/funavuv\/wp\/v2\/posts\/1006636","targetHints":{"allow":["GET"]}}],"collection":[{"href":"https:\/\/darkamazi.info\/funavuv\/wp\/v2\/posts"}],"about":[{"href":"https:\/\/darkamazi.info\/funavuv\/wp\/v2\/types\/post"}],"author":[{"embeddable":true,"href":"https:\/\/darkamazi.info\/funavuv\/wp\/v2\/users\/2"}],"replies":[{"embeddable":true,"href":"https:\/\/darkamazi.info\/funavuv\/wp\/v2\/comments?post=1006636"}],"version-history":[{"count":0,"href":"https:\/\/darkamazi.info\/funavuv\/wp\/v2\/posts\/1006636\/revisions"}],"wp:featuredmedia":[{"embeddable":true,"href":"https:\/\/darkamazi.info\/funavuv\/wp\/v2\/media\/1006637"}],"wp:attachment":[{"href":"https:\/\/darkamazi.info\/funavuv\/wp\/v2\/media?parent=1006636"}],"wp:term":[{"taxonomy":"category","embeddable":true,"href":"https:\/\/darkamazi.info\/funavuv\/wp\/v2\/categories?post=1006636"},{"taxonomy":"post_tag","embeddable":true,"href":"https:\/\/darkamazi.info\/funavuv\/wp\/v2\/tags?post=1006636"}],"curies":[{"name":"wp","href":"https:\/\/api.w.org\/{rel}","templated":true}]}}