{"id":1006661,"date":"2019-09-07T18:47:20","date_gmt":"2019-09-07T15:47:20","guid":{"rendered":"https:\/\/darkamazi.info\/?p=1006661"},"modified":"2019-10-07T18:42:02","modified_gmt":"2019-10-07T15:42:02","slug":"manoren-artesen-tirkye-u-emerika-sube-we-bihen-kirin","status":"publish","type":"post","link":"https:\/\/darkamazi.info\/archives\/1006661","title":{"rendered":"Manor\u00ean arte\u015f\u00ean tirkiy\u00ea \u00fb Emer\u00eeka sube w\u00ea bih\u00ean kirin"},"content":{"rendered":"<h2><strong>Manor\u00ean hevbe\u015f \u00ean arte\u015f\u00ean tirkiy\u00ea \u00fb Emer\u00eeka li rojavaya kurdistan\u00ea sibe w\u00ea werin dest p\u00ea kirn.<\/strong><\/h2>\n<h3>Xulus\u00ee Akar, wez\u00eer\u00ea berevan\u00eeya Tirkiy\u00ea di daxoyan\u00eeyek\u00ea de e\u015fkere kir, sibe roja yek\u015fem\u00ea, w\u00ea manor\u00ean hevbe\u015f \u00ean arte\u015f\u00ean tirky\u00ea \u00fb Emer\u00eekay\u00ea li nav\u00e7ey\u00ean rojhelata firat\u00ea \u00fb bakor\u00ea S\u00fbr\u00eey\u00ea dest p\u00ea bikin.<\/h3>\n<h3>Herweha dib\u00eaje: dewry\u00ean hevbe\u015f w\u00ea bih\u00ean kirin \u00fb kopter\u00ean ceng\u00ee \u00ean arte\u015f\u00ean tirkiy\u00ea \u00fb Emer\u00eekay\u00ea w\u00ea be\u015fdar\u00eey\u00ea t\u00eade kin.<\/h3>\n","protected":false},"excerpt":{"rendered":"<p>Manor\u00ean hevbe\u015f \u00ean arte\u015f\u00ean tirkiy\u00ea \u00fb Emer\u00eeka li rojavaya kurdistan\u00ea sibe w\u00ea werin dest p\u00ea kirn. Xulus\u00ee Akar, wez\u00eer\u00ea berevan\u00eeya Tirkiy\u00ea di daxoyan\u00eeyek\u00ea de e\u015fkere kir, sibe roja yek\u015fem\u00ea, w\u00ea manor\u00ean hevbe\u015f \u00ean arte\u015f\u00ean tirky\u00ea \u00fb Emer\u00eekay\u00ea li nav\u00e7ey\u00ean rojhelata firat\u00ea \u00fb bakor\u00ea S\u00fbr\u00eey\u00ea dest p\u00ea bikin. Herweha dib\u00eaje: dewry\u00ean hevbe\u015f w\u00ea bih\u00ean kirin \u00fb [&hellip;]<\/p>\n","protected":false},"author":2,"featured_media":1006662,"comment_status":"closed","ping_status":"closed","sticky":false,"template":"","format":"standard","meta":{"footnotes":""},"categories":[30],"tags":[],"class_list":["post-1006661","post","type-post","status-publish","format-standard","has-post-thumbnail","hentry","category-cihan"],"blocksy_meta":[],"seo_head":"<!-- This site is optimized with the Yoast SEO plugin v27.5 - https:\/\/yoast.com\/product\/yoast-seo-wordpress\/ -->\n<title>Manor\u00ean arte\u015f\u00ean tirkiy\u00ea \u00fb Emer\u00eeka sube w\u00ea bih\u00ean kirin - Darka Maz\u00ee<\/title>\n<meta name=\"robots\" content=\"index, follow, max-snippet:-1, max-image-preview:large, max-video-preview:-1\" \/>\n<link rel=\"canonical\" href=\"https:\/\/darkamazi.info\/archives\/1006661\" \/>\n<meta property=\"og:locale\" content=\"en_US\" \/>\n<meta property=\"og:type\" content=\"article\" \/>\n<meta property=\"og:title\" content=\"Manor\u00ean arte\u015f\u00ean tirkiy\u00ea \u00fb Emer\u00eeka sube w\u00ea bih\u00ean kirin - Darka Maz\u00ee\" \/>\n<meta property=\"og:description\" content=\"Manor\u00ean hevbe\u015f \u00ean arte\u015f\u00ean tirkiy\u00ea \u00fb Emer\u00eeka li rojavaya kurdistan\u00ea sibe w\u00ea werin dest p\u00ea kirn. Xulus\u00ee Akar, wez\u00eer\u00ea berevan\u00eeya Tirkiy\u00ea di daxoyan\u00eeyek\u00ea de e\u015fkere kir, sibe roja yek\u015fem\u00ea, w\u00ea manor\u00ean hevbe\u015f \u00ean arte\u015f\u00ean tirky\u00ea \u00fb Emer\u00eekay\u00ea li nav\u00e7ey\u00ean rojhelata firat\u00ea \u00fb bakor\u00ea S\u00fbr\u00eey\u00ea dest p\u00ea bikin. Herweha dib\u00eaje: dewry\u00ean hevbe\u015f w\u00ea bih\u00ean kirin \u00fb [&hellip;]\" \/>\n<meta property=\"og:url\" content=\"https:\/\/darkamazi.info\/archives\/1006661\" \/>\n<meta property=\"og:site_name\" content=\"Darka Maz\u00ee\" \/>\n<meta property=\"article:publisher\" content=\"https:\/\/www.facebook.com\/DarMaziKurmanci\" \/>\n<meta property=\"article:published_time\" content=\"2019-09-07T15:47:20+00:00\" \/>\n<meta property=\"article:modified_time\" content=\"2019-10-07T15:42:02+00:00\" \/>\n<meta property=\"og:image\" content=\"https:\/\/darkamazi.info\/file\/2019\/09\/Akar-1024x635.jpg\" \/>\n\t<meta property=\"og:image:width\" content=\"1024\" \/>\n\t<meta property=\"og:image:height\" content=\"635\" \/>\n\t<meta property=\"og:image:type\" content=\"image\/jpeg\" \/>\n<meta name=\"author\" content=\"darka mazi\" \/>\n<meta name=\"twitter:card\" content=\"summary_large_image\" \/>\n<meta name=\"twitter:image\" content=\"https:\/\/darkamazi.info\/file\/2019\/09\/Akar.jpg\" \/>\n<meta name=\"twitter:creator\" content=\"@DarkaMaziLatini\" \/>\n<meta name=\"twitter:site\" content=\"@DarkaMaziLatini\" \/>\n<meta name=\"twitter:label1\" content=\"Written by\" \/>\n\t<meta name=\"twitter:data1\" content=\"darka mazi\" \/>\n<script type=\"application\/ld+json\" class=\"seo-schema-graph\">{\"@context\":\"https:\\\/\\\/schema.org\",\"@graph\":[{\"@type\":\"Article\",\"@id\":\"https:\\\/\\\/darkamazi.info\\\/archives\\\/1006661#article\",\"isPartOf\":{\"@id\":\"https:\\\/\\\/darkamazi.info\\\/archives\\\/1006661\"},\"author\":{\"name\":\"darka mazi\",\"@id\":\"https:\\\/\\\/darkamazi.info\\\/#\\\/schema\\\/person\\\/5ad3e24553a0567993fa8ed4bd0a776c\"},\"headline\":\"Manor\u00ean arte\u015f\u00ean tirkiy\u00ea \u00fb Emer\u00eeka sube w\u00ea bih\u00ean kirin\",\"datePublished\":\"2019-09-07T15:47:20+00:00\",\"dateModified\":\"2019-10-07T15:42:02+00:00\",\"mainEntityOfPage\":{\"@id\":\"https:\\\/\\\/darkamazi.info\\\/archives\\\/1006661\"},\"wordCount\":97,\"publisher\":{\"@id\":\"https:\\\/\\\/darkamazi.info\\\/#organization\"},\"image\":{\"@id\":\"https:\\\/\\\/darkamazi.info\\\/archives\\\/1006661#primaryimage\"},\"thumbnailUrl\":\"https:\\\/\\\/darkamazi.info\\\/darka-content\\\/uploads\\\/2019\\\/09\\\/Akar.jpg\",\"articleSection\":[\"C\u00eehan\"],\"inLanguage\":\"en-US\"},{\"@type\":\"WebPage\",\"@id\":\"https:\\\/\\\/darkamazi.info\\\/archives\\\/1006661\",\"url\":\"https:\\\/\\\/darkamazi.info\\\/archives\\\/1006661\",\"name\":\"Manor\u00ean arte\u015f\u00ean tirkiy\u00ea \u00fb Emer\u00eeka sube w\u00ea bih\u00ean kirin - Darka Maz\u00ee\",\"isPartOf\":{\"@id\":\"https:\\\/\\\/darkamazi.info\\\/#website\"},\"primaryImageOfPage\":{\"@id\":\"https:\\\/\\\/darkamazi.info\\\/archives\\\/1006661#primaryimage\"},\"image\":{\"@id\":\"https:\\\/\\\/darkamazi.info\\\/archives\\\/1006661#primaryimage\"},\"thumbnailUrl\":\"https:\\\/\\\/darkamazi.info\\\/darka-content\\\/uploads\\\/2019\\\/09\\\/Akar.jpg\",\"datePublished\":\"2019-09-07T15:47:20+00:00\",\"dateModified\":\"2019-10-07T15:42:02+00:00\",\"breadcrumb\":{\"@id\":\"https:\\\/\\\/darkamazi.info\\\/archives\\\/1006661#breadcrumb\"},\"inLanguage\":\"en-US\",\"potentialAction\":[{\"@type\":\"ReadAction\",\"target\":[\"https:\\\/\\\/darkamazi.info\\\/archives\\\/1006661\"]}]},{\"@type\":\"ImageObject\",\"inLanguage\":\"en-US\",\"@id\":\"https:\\\/\\\/darkamazi.info\\\/archives\\\/1006661#primaryimage\",\"url\":\"https:\\\/\\\/darkamazi.info\\\/darka-content\\\/uploads\\\/2019\\\/09\\\/Akar.jpg\",\"contentUrl\":\"https:\\\/\\\/darkamazi.info\\\/darka-content\\\/uploads\\\/2019\\\/09\\\/Akar.jpg\",\"width\":6720,\"height\":4167},{\"@type\":\"BreadcrumbList\",\"@id\":\"https:\\\/\\\/darkamazi.info\\\/archives\\\/1006661#breadcrumb\",\"itemListElement\":[{\"@type\":\"ListItem\",\"position\":1,\"name\":\"Home\",\"item\":\"https:\\\/\\\/darkamazi.info\\\/\"},{\"@type\":\"ListItem\",\"position\":2,\"name\":\"Manor\u00ean arte\u015f\u00ean tirkiy\u00ea \u00fb Emer\u00eeka sube w\u00ea bih\u00ean kirin\"}]},{\"@type\":\"WebSite\",\"@id\":\"https:\\\/\\\/darkamazi.info\\\/#website\",\"url\":\"https:\\\/\\\/darkamazi.info\\\/\",\"name\":\"Darka Maz\u00ee\",\"description\":\"P\u00eageha Zanyariy\u00ean Nebih\u00eest\u00ee\",\"publisher\":{\"@id\":\"https:\\\/\\\/darkamazi.info\\\/#organization\"},\"potentialAction\":[{\"@type\":\"SearchAction\",\"target\":{\"@type\":\"EntryPoint\",\"urlTemplate\":\"https:\\\/\\\/darkamazi.info\\\/?s={search_term_string}\"},\"query-input\":{\"@type\":\"PropertyValueSpecification\",\"valueRequired\":true,\"valueName\":\"search_term_string\"}}],\"inLanguage\":\"en-US\"},{\"@type\":\"Organization\",\"@id\":\"https:\\\/\\\/darkamazi.info\\\/#organization\",\"name\":\"Darka Maz\u00ee\",\"url\":\"https:\\\/\\\/darkamazi.info\\\/\",\"logo\":{\"@type\":\"ImageObject\",\"inLanguage\":\"en-US\",\"@id\":\"https:\\\/\\\/darkamazi.info\\\/#\\\/schema\\\/logo\\\/image\\\/\",\"url\":\"https:\\\/\\\/darkamazi.info\\\/darka-content\\\/uploads\\\/2017\\\/12\\\/darka-mazi-logo.png\",\"contentUrl\":\"https:\\\/\\\/darkamazi.info\\\/darka-content\\\/uploads\\\/2017\\\/12\\\/darka-mazi-logo.png\",\"width\":151,\"height\":75,\"caption\":\"Darka Maz\u00ee\"},\"image\":{\"@id\":\"https:\\\/\\\/darkamazi.info\\\/#\\\/schema\\\/logo\\\/image\\\/\"},\"sameAs\":[\"https:\\\/\\\/www.facebook.com\\\/DarMaziKurmanci\",\"https:\\\/\\\/x.com\\\/DarkaMaziLatini\",\"https:\\\/\\\/www.instagram.com\\\/darkamazi.kurmanci\\\/\",\"https:\\\/\\\/www.youtube.com\\\/channel\\\/UCa5HkTdmI8U1qCUFuTw8B2g\"]},{\"@type\":\"Person\",\"@id\":\"https:\\\/\\\/darkamazi.info\\\/#\\\/schema\\\/person\\\/5ad3e24553a0567993fa8ed4bd0a776c\",\"name\":\"darka mazi\",\"sameAs\":[\"https:\\\/\\\/darkamazi.info\\\/\"],\"url\":\"https:\\\/\\\/darkamazi.info\\\/archives\\\/author\\\/kurdi\"}]}<\/script>\n<!-- \/ Yoast SEO plugin. -->","seo_head_json":{"title":"Manor\u00ean arte\u015f\u00ean tirkiy\u00ea \u00fb Emer\u00eeka sube w\u00ea bih\u00ean kirin - Darka Maz\u00ee","robots":{"index":"index","follow":"follow","max-snippet":"max-snippet:-1","max-image-preview":"max-image-preview:large","max-video-preview":"max-video-preview:-1"},"canonical":"https:\/\/darkamazi.info\/archives\/1006661","og_locale":"en_US","og_type":"article","og_title":"Manor\u00ean arte\u015f\u00ean tirkiy\u00ea \u00fb Emer\u00eeka sube w\u00ea bih\u00ean kirin - Darka Maz\u00ee","og_description":"Manor\u00ean hevbe\u015f \u00ean arte\u015f\u00ean tirkiy\u00ea \u00fb Emer\u00eeka li rojavaya kurdistan\u00ea sibe w\u00ea werin dest p\u00ea kirn. Xulus\u00ee Akar, wez\u00eer\u00ea berevan\u00eeya Tirkiy\u00ea di daxoyan\u00eeyek\u00ea de e\u015fkere kir, sibe roja yek\u015fem\u00ea, w\u00ea manor\u00ean hevbe\u015f \u00ean arte\u015f\u00ean tirky\u00ea \u00fb Emer\u00eekay\u00ea li nav\u00e7ey\u00ean rojhelata firat\u00ea \u00fb bakor\u00ea S\u00fbr\u00eey\u00ea dest p\u00ea bikin. Herweha dib\u00eaje: dewry\u00ean hevbe\u015f w\u00ea bih\u00ean kirin \u00fb [&hellip;]","og_url":"https:\/\/darkamazi.info\/archives\/1006661","og_site_name":"Darka Maz\u00ee","article_publisher":"https:\/\/www.facebook.com\/DarMaziKurmanci","article_published_time":"2019-09-07T15:47:20+00:00","article_modified_time":"2019-10-07T15:42:02+00:00","og_image":[{"width":1024,"height":635,"url":"https:\/\/darkamazi.info\/file\/2019\/09\/Akar-1024x635.jpg","type":"image\/jpeg"}],"author":"darka mazi","twitter_card":"summary_large_image","twitter_image":"https:\/\/darkamazi.info\/file\/2019\/09\/Akar.jpg","twitter_creator":"@DarkaMaziLatini","twitter_site":"@DarkaMaziLatini","twitter_misc":{"Written by":"darka mazi"},"schema":{"@context":"https:\/\/schema.org","@graph":[{"@type":"Article","@id":"https:\/\/darkamazi.info\/archives\/1006661#article","isPartOf":{"@id":"https:\/\/darkamazi.info\/archives\/1006661"},"author":{"name":"darka mazi","@id":"https:\/\/darkamazi.info\/#\/schema\/person\/5ad3e24553a0567993fa8ed4bd0a776c"},"headline":"Manor\u00ean arte\u015f\u00ean tirkiy\u00ea \u00fb Emer\u00eeka sube w\u00ea bih\u00ean kirin","datePublished":"2019-09-07T15:47:20+00:00","dateModified":"2019-10-07T15:42:02+00:00","mainEntityOfPage":{"@id":"https:\/\/darkamazi.info\/archives\/1006661"},"wordCount":97,"publisher":{"@id":"https:\/\/darkamazi.info\/#organization"},"image":{"@id":"https:\/\/darkamazi.info\/archives\/1006661#primaryimage"},"thumbnailUrl":"https:\/\/darkamazi.info\/file\/2019\/09\/Akar.jpg","articleSection":["C\u00eehan"],"inLanguage":"en-US"},{"@type":"WebPage","@id":"https:\/\/darkamazi.info\/archives\/1006661","url":"https:\/\/darkamazi.info\/archives\/1006661","name":"Manor\u00ean arte\u015f\u00ean tirkiy\u00ea \u00fb Emer\u00eeka sube w\u00ea bih\u00ean kirin - Darka Maz\u00ee","isPartOf":{"@id":"https:\/\/darkamazi.info\/#website"},"primaryImageOfPage":{"@id":"https:\/\/darkamazi.info\/archives\/1006661#primaryimage"},"image":{"@id":"https:\/\/darkamazi.info\/archives\/1006661#primaryimage"},"thumbnailUrl":"https:\/\/darkamazi.info\/file\/2019\/09\/Akar.jpg","datePublished":"2019-09-07T15:47:20+00:00","dateModified":"2019-10-07T15:42:02+00:00","breadcrumb":{"@id":"https:\/\/darkamazi.info\/archives\/1006661#breadcrumb"},"inLanguage":"en-US","potentialAction":[{"@type":"ReadAction","target":["https:\/\/darkamazi.info\/archives\/1006661"]}]},{"@type":"ImageObject","inLanguage":"en-US","@id":"https:\/\/darkamazi.info\/archives\/1006661#primaryimage","url":"https:\/\/darkamazi.info\/file\/2019\/09\/Akar.jpg","contentUrl":"https:\/\/darkamazi.info\/file\/2019\/09\/Akar.jpg","width":6720,"height":4167},{"@type":"BreadcrumbList","@id":"https:\/\/darkamazi.info\/archives\/1006661#breadcrumb","itemListElement":[{"@type":"ListItem","position":1,"name":"Home","item":"https:\/\/darkamazi.info\/"},{"@type":"ListItem","position":2,"name":"Manor\u00ean arte\u015f\u00ean tirkiy\u00ea \u00fb Emer\u00eeka sube w\u00ea bih\u00ean kirin"}]},{"@type":"WebSite","@id":"https:\/\/darkamazi.info\/#website","url":"https:\/\/darkamazi.info\/","name":"Darka Maz\u00ee","description":"P\u00eageha Zanyariy\u00ean Nebih\u00eest\u00ee","publisher":{"@id":"https:\/\/darkamazi.info\/#organization"},"potentialAction":[{"@type":"SearchAction","target":{"@type":"EntryPoint","urlTemplate":"https:\/\/darkamazi.info\/?s={search_term_string}"},"query-input":{"@type":"PropertyValueSpecification","valueRequired":true,"valueName":"search_term_string"}}],"inLanguage":"en-US"},{"@type":"Organization","@id":"https:\/\/darkamazi.info\/#organization","name":"Darka Maz\u00ee","url":"https:\/\/darkamazi.info\/","logo":{"@type":"ImageObject","inLanguage":"en-US","@id":"https:\/\/darkamazi.info\/#\/schema\/logo\/image\/","url":"https:\/\/darkamazi.info\/file\/2017\/12\/darka-mazi-logo.png","contentUrl":"https:\/\/darkamazi.info\/file\/2017\/12\/darka-mazi-logo.png","width":151,"height":75,"caption":"Darka Maz\u00ee"},"image":{"@id":"https:\/\/darkamazi.info\/#\/schema\/logo\/image\/"},"sameAs":["https:\/\/www.facebook.com\/DarMaziKurmanci","https:\/\/x.com\/DarkaMaziLatini","https:\/\/www.instagram.com\/darkamazi.kurmanci\/","https:\/\/www.youtube.com\/channel\/UCa5HkTdmI8U1qCUFuTw8B2g"]},{"@type":"Person","@id":"https:\/\/darkamazi.info\/#\/schema\/person\/5ad3e24553a0567993fa8ed4bd0a776c","name":"darka mazi","sameAs":["https:\/\/darkamazi.info\/"],"url":"https:\/\/darkamazi.info\/archives\/author\/kurdi"}]}},"_links":{"self":[{"href":"https:\/\/darkamazi.info\/funavuv\/wp\/v2\/posts\/1006661","targetHints":{"allow":["GET"]}}],"collection":[{"href":"https:\/\/darkamazi.info\/funavuv\/wp\/v2\/posts"}],"about":[{"href":"https:\/\/darkamazi.info\/funavuv\/wp\/v2\/types\/post"}],"author":[{"embeddable":true,"href":"https:\/\/darkamazi.info\/funavuv\/wp\/v2\/users\/2"}],"replies":[{"embeddable":true,"href":"https:\/\/darkamazi.info\/funavuv\/wp\/v2\/comments?post=1006661"}],"version-history":[{"count":0,"href":"https:\/\/darkamazi.info\/funavuv\/wp\/v2\/posts\/1006661\/revisions"}],"wp:featuredmedia":[{"embeddable":true,"href":"https:\/\/darkamazi.info\/funavuv\/wp\/v2\/media\/1006662"}],"wp:attachment":[{"href":"https:\/\/darkamazi.info\/funavuv\/wp\/v2\/media?parent=1006661"}],"wp:term":[{"taxonomy":"category","embeddable":true,"href":"https:\/\/darkamazi.info\/funavuv\/wp\/v2\/categories?post=1006661"},{"taxonomy":"post_tag","embeddable":true,"href":"https:\/\/darkamazi.info\/funavuv\/wp\/v2\/tags?post=1006661"}],"curies":[{"name":"wp","href":"https:\/\/api.w.org\/{rel}","templated":true}]}}