{"id":1006698,"date":"2019-09-08T16:42:40","date_gmt":"2019-09-08T13:42:40","guid":{"rendered":"https:\/\/darkamazi.info\/?p=1006698"},"modified":"2019-10-07T18:40:29","modified_gmt":"2019-10-07T15:40:29","slug":"dihok-cesede-hemwelatiyeki-di-erebeya-wi-de-hat-ditin","status":"publish","type":"post","link":"https:\/\/darkamazi.info\/archives\/1006698","title":{"rendered":"Dihok.. Cesed\u00ea hemwelat\u00eeyek\u00ee di erebeya w\u00ee de hat d\u00eetin"},"content":{"rendered":"<div class=\"wpb-content-wrapper\"><p>[darkamazi_row][darkamazi_column][darkamazi_column_text]<\/p>\n<h2><strong>\u00cero cesed\u00ea hemwelat\u00eeyek\u00ea bajar\u00ea Dihok\u00ea di erebeya w\u00ee de hat d\u00eetin ku bi guley\u00ean \u00e7ekan hat\u00eeye ku\u015ftin.<\/strong><\/h2>\n<h3>Li gor\u00ee agah\u00eey\u00ean pol\u00eesan, \u00eero roja yek\u015fem\u00ee, cesed\u00ea hemwelat\u00eeyek\u00ee li nav\u00e7eya B\u00easir\u00ea a rojhelata bajar\u00ea Dihok\u00ea di erebya w\u00ee de hat d\u00eetin ku bi guley\u00ean \u00e7ekan can\u00ea xwe ji destdaye.<\/h3>\n<h3>Hemwlaty\u00ea ku ceseda w\u00ee hat\u00eeye d\u00eetin, di temen\u00ea 35 saly\u00ea deye \u00fb nexoyaye k\u00ea teqe l\u00ea kir\u00eeye \u00fb ku\u015ft\u00eeye.<\/h3>\n<h3>L\u00ea hinek h\u00fbrgil\u00ee hatin belavkrin ku kes\u00ea hat\u00ee ku\u015ftin\u00ea, w\u00eangir\u00ea kenala Kurdistan TV ye, bi nav\u00ea (\u00e7, m) akinc\u00eey\u00ea gund\u00ea Bad\u00ea \u00ea derd\u00fbra dihok\u00ea ye \u00fb li ser pirisgir\u00eakeke xuyindar\u00eey\u00ea \u00eero li sat 8 sib\u00ea hat\u00eeye ku\u015ftin.<\/h3>\n<p>[\/darkamazi_column_text][darkamazi_row_inner][darkamazi_column_inner][darkamazi_single_image image=&#8221;1006700&#8243; img_size=&#8221;medium&#8221; alignment=&#8221;center&#8221;][\/darkamazi_column_inner][darkamazi_column_inner][\/darkamazi_column_inner][\/darkamazi_row_inner][\/darkamazi_column][\/darkamazi_row]<\/p>\n<\/div>","protected":false},"excerpt":{"rendered":"<p>[darkamazi_row][darkamazi_column][darkamazi_column_text] \u00cero cesed\u00ea hemwelat\u00eeyek\u00ea bajar\u00ea Dihok\u00ea di erebeya w\u00ee de hat d\u00eetin ku bi guley\u00ean \u00e7ekan hat\u00eeye ku\u015ftin. Li gor\u00ee agah\u00eey\u00ean pol\u00eesan, \u00eero roja yek\u015fem\u00ee, cesed\u00ea hemwelat\u00eeyek\u00ee li nav\u00e7eya B\u00easir\u00ea a rojhelata bajar\u00ea Dihok\u00ea di erebya w\u00ee de hat d\u00eetin ku bi guley\u00ean \u00e7ekan can\u00ea xwe ji destdaye. Hemwlaty\u00ea ku ceseda w\u00ee hat\u00eeye d\u00eetin, di [&hellip;]<\/p>\n","protected":false},"author":2,"featured_media":1006699,"comment_status":"closed","ping_status":"closed","sticky":false,"template":"","format":"standard","meta":{"footnotes":""},"categories":[29],"tags":[],"class_list":["post-1006698","post","type-post","status-publish","format-standard","has-post-thumbnail","hentry","category-kurdistan"],"blocksy_meta":[],"seo_head":"<!-- This site is optimized with the Yoast SEO plugin v27.5 - https:\/\/yoast.com\/product\/yoast-seo-wordpress\/ -->\n<title>Dihok.. Cesed\u00ea hemwelat\u00eeyek\u00ee di erebeya w\u00ee de hat d\u00eetin - Darka Maz\u00ee<\/title>\n<meta name=\"robots\" content=\"index, follow, max-snippet:-1, max-image-preview:large, max-video-preview:-1\" \/>\n<link rel=\"canonical\" href=\"https:\/\/darkamazi.info\/archives\/1006698\" \/>\n<meta property=\"og:locale\" content=\"en_US\" \/>\n<meta property=\"og:type\" content=\"article\" \/>\n<meta property=\"og:title\" content=\"Dihok.. Cesed\u00ea hemwelat\u00eeyek\u00ee di erebeya w\u00ee de hat d\u00eetin - Darka Maz\u00ee\" \/>\n<meta property=\"og:description\" content=\"[darkamazi_row][darkamazi_column][darkamazi_column_text] \u00cero cesed\u00ea hemwelat\u00eeyek\u00ea bajar\u00ea Dihok\u00ea di erebeya w\u00ee de hat d\u00eetin ku bi guley\u00ean \u00e7ekan hat\u00eeye ku\u015ftin. Li gor\u00ee agah\u00eey\u00ean pol\u00eesan, \u00eero roja yek\u015fem\u00ee, cesed\u00ea hemwelat\u00eeyek\u00ee li nav\u00e7eya B\u00easir\u00ea a rojhelata bajar\u00ea Dihok\u00ea di erebya w\u00ee de hat d\u00eetin ku bi guley\u00ean \u00e7ekan can\u00ea xwe ji destdaye. Hemwlaty\u00ea ku ceseda w\u00ee hat\u00eeye d\u00eetin, di [&hellip;]\" \/>\n<meta property=\"og:url\" content=\"https:\/\/darkamazi.info\/archives\/1006698\" \/>\n<meta property=\"og:site_name\" content=\"Darka Maz\u00ee\" \/>\n<meta property=\"article:publisher\" content=\"https:\/\/www.facebook.com\/DarMaziKurmanci\" \/>\n<meta property=\"article:published_time\" content=\"2019-09-08T13:42:40+00:00\" \/>\n<meta property=\"article:modified_time\" content=\"2019-10-07T15:40:29+00:00\" \/>\n<meta property=\"og:image\" content=\"https:\/\/darkamazi.info\/file\/2019\/09\/ridan.jpg\" \/>\n\t<meta property=\"og:image:width\" content=\"981\" \/>\n\t<meta property=\"og:image:height\" content=\"598\" \/>\n\t<meta property=\"og:image:type\" content=\"image\/jpeg\" \/>\n<meta name=\"author\" content=\"darka mazi\" \/>\n<meta name=\"twitter:card\" content=\"summary_large_image\" \/>\n<meta name=\"twitter:image\" content=\"https:\/\/darkamazi.info\/file\/2019\/09\/ridan.jpg\" \/>\n<meta name=\"twitter:creator\" content=\"@DarkaMaziLatini\" \/>\n<meta name=\"twitter:site\" content=\"@DarkaMaziLatini\" \/>\n<meta name=\"twitter:label1\" content=\"Written by\" \/>\n\t<meta name=\"twitter:data1\" content=\"darka mazi\" \/>\n\t<meta name=\"twitter:label2\" content=\"Est. reading time\" \/>\n\t<meta name=\"twitter:data2\" content=\"1 minute\" \/>\n<script type=\"application\/ld+json\" class=\"seo-schema-graph\">{\"@context\":\"https:\\\/\\\/schema.org\",\"@graph\":[{\"@type\":\"Article\",\"@id\":\"https:\\\/\\\/darkamazi.info\\\/archives\\\/1006698#article\",\"isPartOf\":{\"@id\":\"https:\\\/\\\/darkamazi.info\\\/archives\\\/1006698\"},\"author\":{\"name\":\"darka mazi\",\"@id\":\"https:\\\/\\\/darkamazi.info\\\/#\\\/schema\\\/person\\\/5ad3e24553a0567993fa8ed4bd0a776c\"},\"headline\":\"Dihok.. Cesed\u00ea hemwelat\u00eeyek\u00ee di erebeya w\u00ee de hat d\u00eetin\",\"datePublished\":\"2019-09-08T13:42:40+00:00\",\"dateModified\":\"2019-10-07T15:40:29+00:00\",\"mainEntityOfPage\":{\"@id\":\"https:\\\/\\\/darkamazi.info\\\/archives\\\/1006698\"},\"wordCount\":176,\"publisher\":{\"@id\":\"https:\\\/\\\/darkamazi.info\\\/#organization\"},\"image\":{\"@id\":\"https:\\\/\\\/darkamazi.info\\\/archives\\\/1006698#primaryimage\"},\"thumbnailUrl\":\"https:\\\/\\\/darkamazi.info\\\/darka-content\\\/uploads\\\/2019\\\/09\\\/ridan.jpg\",\"articleSection\":[\"Kurdistan\"],\"inLanguage\":\"en-US\"},{\"@type\":\"WebPage\",\"@id\":\"https:\\\/\\\/darkamazi.info\\\/archives\\\/1006698\",\"url\":\"https:\\\/\\\/darkamazi.info\\\/archives\\\/1006698\",\"name\":\"Dihok.. Cesed\u00ea hemwelat\u00eeyek\u00ee di erebeya w\u00ee de hat d\u00eetin - Darka Maz\u00ee\",\"isPartOf\":{\"@id\":\"https:\\\/\\\/darkamazi.info\\\/#website\"},\"primaryImageOfPage\":{\"@id\":\"https:\\\/\\\/darkamazi.info\\\/archives\\\/1006698#primaryimage\"},\"image\":{\"@id\":\"https:\\\/\\\/darkamazi.info\\\/archives\\\/1006698#primaryimage\"},\"thumbnailUrl\":\"https:\\\/\\\/darkamazi.info\\\/darka-content\\\/uploads\\\/2019\\\/09\\\/ridan.jpg\",\"datePublished\":\"2019-09-08T13:42:40+00:00\",\"dateModified\":\"2019-10-07T15:40:29+00:00\",\"breadcrumb\":{\"@id\":\"https:\\\/\\\/darkamazi.info\\\/archives\\\/1006698#breadcrumb\"},\"inLanguage\":\"en-US\",\"potentialAction\":[{\"@type\":\"ReadAction\",\"target\":[\"https:\\\/\\\/darkamazi.info\\\/archives\\\/1006698\"]}]},{\"@type\":\"ImageObject\",\"inLanguage\":\"en-US\",\"@id\":\"https:\\\/\\\/darkamazi.info\\\/archives\\\/1006698#primaryimage\",\"url\":\"https:\\\/\\\/darkamazi.info\\\/darka-content\\\/uploads\\\/2019\\\/09\\\/ridan.jpg\",\"contentUrl\":\"https:\\\/\\\/darkamazi.info\\\/darka-content\\\/uploads\\\/2019\\\/09\\\/ridan.jpg\",\"width\":981,\"height\":598},{\"@type\":\"BreadcrumbList\",\"@id\":\"https:\\\/\\\/darkamazi.info\\\/archives\\\/1006698#breadcrumb\",\"itemListElement\":[{\"@type\":\"ListItem\",\"position\":1,\"name\":\"Home\",\"item\":\"https:\\\/\\\/darkamazi.info\\\/\"},{\"@type\":\"ListItem\",\"position\":2,\"name\":\"Dihok.. Cesed\u00ea hemwelat\u00eeyek\u00ee di erebeya w\u00ee de hat d\u00eetin\"}]},{\"@type\":\"WebSite\",\"@id\":\"https:\\\/\\\/darkamazi.info\\\/#website\",\"url\":\"https:\\\/\\\/darkamazi.info\\\/\",\"name\":\"Darka Maz\u00ee\",\"description\":\"P\u00eageha Zanyariy\u00ean Nebih\u00eest\u00ee\",\"publisher\":{\"@id\":\"https:\\\/\\\/darkamazi.info\\\/#organization\"},\"potentialAction\":[{\"@type\":\"SearchAction\",\"target\":{\"@type\":\"EntryPoint\",\"urlTemplate\":\"https:\\\/\\\/darkamazi.info\\\/?s={search_term_string}\"},\"query-input\":{\"@type\":\"PropertyValueSpecification\",\"valueRequired\":true,\"valueName\":\"search_term_string\"}}],\"inLanguage\":\"en-US\"},{\"@type\":\"Organization\",\"@id\":\"https:\\\/\\\/darkamazi.info\\\/#organization\",\"name\":\"Darka Maz\u00ee\",\"url\":\"https:\\\/\\\/darkamazi.info\\\/\",\"logo\":{\"@type\":\"ImageObject\",\"inLanguage\":\"en-US\",\"@id\":\"https:\\\/\\\/darkamazi.info\\\/#\\\/schema\\\/logo\\\/image\\\/\",\"url\":\"https:\\\/\\\/darkamazi.info\\\/darka-content\\\/uploads\\\/2017\\\/12\\\/darka-mazi-logo.png\",\"contentUrl\":\"https:\\\/\\\/darkamazi.info\\\/darka-content\\\/uploads\\\/2017\\\/12\\\/darka-mazi-logo.png\",\"width\":151,\"height\":75,\"caption\":\"Darka Maz\u00ee\"},\"image\":{\"@id\":\"https:\\\/\\\/darkamazi.info\\\/#\\\/schema\\\/logo\\\/image\\\/\"},\"sameAs\":[\"https:\\\/\\\/www.facebook.com\\\/DarMaziKurmanci\",\"https:\\\/\\\/x.com\\\/DarkaMaziLatini\",\"https:\\\/\\\/www.instagram.com\\\/darkamazi.kurmanci\\\/\",\"https:\\\/\\\/www.youtube.com\\\/channel\\\/UCa5HkTdmI8U1qCUFuTw8B2g\"]},{\"@type\":\"Person\",\"@id\":\"https:\\\/\\\/darkamazi.info\\\/#\\\/schema\\\/person\\\/5ad3e24553a0567993fa8ed4bd0a776c\",\"name\":\"darka mazi\",\"sameAs\":[\"https:\\\/\\\/darkamazi.info\\\/\"],\"url\":\"https:\\\/\\\/darkamazi.info\\\/archives\\\/author\\\/kurdi\"}]}<\/script>\n<!-- \/ Yoast SEO plugin. -->","seo_head_json":{"title":"Dihok.. Cesed\u00ea hemwelat\u00eeyek\u00ee di erebeya w\u00ee de hat d\u00eetin - Darka Maz\u00ee","robots":{"index":"index","follow":"follow","max-snippet":"max-snippet:-1","max-image-preview":"max-image-preview:large","max-video-preview":"max-video-preview:-1"},"canonical":"https:\/\/darkamazi.info\/archives\/1006698","og_locale":"en_US","og_type":"article","og_title":"Dihok.. Cesed\u00ea hemwelat\u00eeyek\u00ee di erebeya w\u00ee de hat d\u00eetin - Darka Maz\u00ee","og_description":"[darkamazi_row][darkamazi_column][darkamazi_column_text] \u00cero cesed\u00ea hemwelat\u00eeyek\u00ea bajar\u00ea Dihok\u00ea di erebeya w\u00ee de hat d\u00eetin ku bi guley\u00ean \u00e7ekan hat\u00eeye ku\u015ftin. Li gor\u00ee agah\u00eey\u00ean pol\u00eesan, \u00eero roja yek\u015fem\u00ee, cesed\u00ea hemwelat\u00eeyek\u00ee li nav\u00e7eya B\u00easir\u00ea a rojhelata bajar\u00ea Dihok\u00ea di erebya w\u00ee de hat d\u00eetin ku bi guley\u00ean \u00e7ekan can\u00ea xwe ji destdaye. Hemwlaty\u00ea ku ceseda w\u00ee hat\u00eeye d\u00eetin, di [&hellip;]","og_url":"https:\/\/darkamazi.info\/archives\/1006698","og_site_name":"Darka Maz\u00ee","article_publisher":"https:\/\/www.facebook.com\/DarMaziKurmanci","article_published_time":"2019-09-08T13:42:40+00:00","article_modified_time":"2019-10-07T15:40:29+00:00","og_image":[{"width":981,"height":598,"url":"https:\/\/darkamazi.info\/file\/2019\/09\/ridan.jpg","type":"image\/jpeg"}],"author":"darka mazi","twitter_card":"summary_large_image","twitter_image":"https:\/\/darkamazi.info\/file\/2019\/09\/ridan.jpg","twitter_creator":"@DarkaMaziLatini","twitter_site":"@DarkaMaziLatini","twitter_misc":{"Written by":"darka mazi","Est. reading time":"1 minute"},"schema":{"@context":"https:\/\/schema.org","@graph":[{"@type":"Article","@id":"https:\/\/darkamazi.info\/archives\/1006698#article","isPartOf":{"@id":"https:\/\/darkamazi.info\/archives\/1006698"},"author":{"name":"darka mazi","@id":"https:\/\/darkamazi.info\/#\/schema\/person\/5ad3e24553a0567993fa8ed4bd0a776c"},"headline":"Dihok.. Cesed\u00ea hemwelat\u00eeyek\u00ee di erebeya w\u00ee de hat d\u00eetin","datePublished":"2019-09-08T13:42:40+00:00","dateModified":"2019-10-07T15:40:29+00:00","mainEntityOfPage":{"@id":"https:\/\/darkamazi.info\/archives\/1006698"},"wordCount":176,"publisher":{"@id":"https:\/\/darkamazi.info\/#organization"},"image":{"@id":"https:\/\/darkamazi.info\/archives\/1006698#primaryimage"},"thumbnailUrl":"https:\/\/darkamazi.info\/file\/2019\/09\/ridan.jpg","articleSection":["Kurdistan"],"inLanguage":"en-US"},{"@type":"WebPage","@id":"https:\/\/darkamazi.info\/archives\/1006698","url":"https:\/\/darkamazi.info\/archives\/1006698","name":"Dihok.. Cesed\u00ea hemwelat\u00eeyek\u00ee di erebeya w\u00ee de hat d\u00eetin - Darka Maz\u00ee","isPartOf":{"@id":"https:\/\/darkamazi.info\/#website"},"primaryImageOfPage":{"@id":"https:\/\/darkamazi.info\/archives\/1006698#primaryimage"},"image":{"@id":"https:\/\/darkamazi.info\/archives\/1006698#primaryimage"},"thumbnailUrl":"https:\/\/darkamazi.info\/file\/2019\/09\/ridan.jpg","datePublished":"2019-09-08T13:42:40+00:00","dateModified":"2019-10-07T15:40:29+00:00","breadcrumb":{"@id":"https:\/\/darkamazi.info\/archives\/1006698#breadcrumb"},"inLanguage":"en-US","potentialAction":[{"@type":"ReadAction","target":["https:\/\/darkamazi.info\/archives\/1006698"]}]},{"@type":"ImageObject","inLanguage":"en-US","@id":"https:\/\/darkamazi.info\/archives\/1006698#primaryimage","url":"https:\/\/darkamazi.info\/file\/2019\/09\/ridan.jpg","contentUrl":"https:\/\/darkamazi.info\/file\/2019\/09\/ridan.jpg","width":981,"height":598},{"@type":"BreadcrumbList","@id":"https:\/\/darkamazi.info\/archives\/1006698#breadcrumb","itemListElement":[{"@type":"ListItem","position":1,"name":"Home","item":"https:\/\/darkamazi.info\/"},{"@type":"ListItem","position":2,"name":"Dihok.. Cesed\u00ea hemwelat\u00eeyek\u00ee di erebeya w\u00ee de hat d\u00eetin"}]},{"@type":"WebSite","@id":"https:\/\/darkamazi.info\/#website","url":"https:\/\/darkamazi.info\/","name":"Darka Maz\u00ee","description":"P\u00eageha Zanyariy\u00ean Nebih\u00eest\u00ee","publisher":{"@id":"https:\/\/darkamazi.info\/#organization"},"potentialAction":[{"@type":"SearchAction","target":{"@type":"EntryPoint","urlTemplate":"https:\/\/darkamazi.info\/?s={search_term_string}"},"query-input":{"@type":"PropertyValueSpecification","valueRequired":true,"valueName":"search_term_string"}}],"inLanguage":"en-US"},{"@type":"Organization","@id":"https:\/\/darkamazi.info\/#organization","name":"Darka Maz\u00ee","url":"https:\/\/darkamazi.info\/","logo":{"@type":"ImageObject","inLanguage":"en-US","@id":"https:\/\/darkamazi.info\/#\/schema\/logo\/image\/","url":"https:\/\/darkamazi.info\/file\/2017\/12\/darka-mazi-logo.png","contentUrl":"https:\/\/darkamazi.info\/file\/2017\/12\/darka-mazi-logo.png","width":151,"height":75,"caption":"Darka Maz\u00ee"},"image":{"@id":"https:\/\/darkamazi.info\/#\/schema\/logo\/image\/"},"sameAs":["https:\/\/www.facebook.com\/DarMaziKurmanci","https:\/\/x.com\/DarkaMaziLatini","https:\/\/www.instagram.com\/darkamazi.kurmanci\/","https:\/\/www.youtube.com\/channel\/UCa5HkTdmI8U1qCUFuTw8B2g"]},{"@type":"Person","@id":"https:\/\/darkamazi.info\/#\/schema\/person\/5ad3e24553a0567993fa8ed4bd0a776c","name":"darka mazi","sameAs":["https:\/\/darkamazi.info\/"],"url":"https:\/\/darkamazi.info\/archives\/author\/kurdi"}]}},"_links":{"self":[{"href":"https:\/\/darkamazi.info\/funavuv\/wp\/v2\/posts\/1006698","targetHints":{"allow":["GET"]}}],"collection":[{"href":"https:\/\/darkamazi.info\/funavuv\/wp\/v2\/posts"}],"about":[{"href":"https:\/\/darkamazi.info\/funavuv\/wp\/v2\/types\/post"}],"author":[{"embeddable":true,"href":"https:\/\/darkamazi.info\/funavuv\/wp\/v2\/users\/2"}],"replies":[{"embeddable":true,"href":"https:\/\/darkamazi.info\/funavuv\/wp\/v2\/comments?post=1006698"}],"version-history":[{"count":0,"href":"https:\/\/darkamazi.info\/funavuv\/wp\/v2\/posts\/1006698\/revisions"}],"wp:featuredmedia":[{"embeddable":true,"href":"https:\/\/darkamazi.info\/funavuv\/wp\/v2\/media\/1006699"}],"wp:attachment":[{"href":"https:\/\/darkamazi.info\/funavuv\/wp\/v2\/media?parent=1006698"}],"wp:term":[{"taxonomy":"category","embeddable":true,"href":"https:\/\/darkamazi.info\/funavuv\/wp\/v2\/categories?post=1006698"},{"taxonomy":"post_tag","embeddable":true,"href":"https:\/\/darkamazi.info\/funavuv\/wp\/v2\/tags?post=1006698"}],"curies":[{"name":"wp","href":"https:\/\/api.w.org\/{rel}","templated":true}]}}