{"id":1006710,"date":"2019-09-08T17:41:59","date_gmt":"2019-09-08T14:41:59","guid":{"rendered":"https:\/\/darkamazi.info\/?p=1006710"},"modified":"2019-10-07T18:40:11","modified_gmt":"2019-10-07T15:40:11","slug":"serok-barzani-peswazi-li-emire-komela-islami-kir","status":"publish","type":"post","link":"https:\/\/darkamazi.info\/archives\/1006710","title":{"rendered":"Mes&#8217;\u00fbd Barzan\u00ee p\u00ea\u015fwazi li Em\u00eer\u00ea Komela \u00ceslam\u00ee kir"},"content":{"rendered":"<div class=\"wpb-content-wrapper\"><p>[darkamazi_row][darkamazi_column][darkamazi_column_text]<\/p>\n<h2><strong>Roja yek\u015fem 08.09.2019 li Selahed\u00een Mes&#8217;\u00fbd Barzan\u00ee p\u00ea\u015fwaziya Mamosta El\u00ee Bap\u00eer Em\u00eer\u00ea Komela \u00ceslam\u00ee \u00fb \u015fandek\u00ee li gel kir ku ji Abdulstar Mec\u00eed Endam\u00ea Mekteba Siyas\u00ee \u00fb Mamosta Mela Hesen Endam\u00ea Serkirdayetiya Komela \u00ceslamiya Kurdistan\u00ea p\u00eakhatib\u00fbn.<\/strong><\/h2>\n<h3>Li hevd\u00eetin\u00ea de ku Fazil M\u00eeran\u00ee Sekreter\u00ea Mekteba Siyas\u00ee \u00fb El\u00ee Hus\u00ean Berpirs\u00ea Mekteba Navend\u00ee ya Peywendiy\u00ean Ni\u015ftimaniy\u00ean Partiya Demokrata Kurdistan\u00ea amade b\u00fbn, rew\u015fa siyas\u00ee \u00fb p\u00ea\u015fhat\u00ean daw\u00ee ya Kurdistan \u00fb Iraq \u00fb nav\u00e7ey\u00ea guft\u00fbgo kirin.<\/h3>\n<h3>Her li v\u00ea hevd\u00eetin\u00ea de tekez li ser p\u00eaw\u00eestiya hemahengiya aliy\u00ean Kurdistaniyan a li ser berjewendiy\u00ean bilind\u00ean Kurdistan\u00ea \u00fb xal\u00ean hevbe\u015f\u00ean di navbera wan \u00fb p\u00eakan\u00eena yekr\u00eaziya ni\u015ftiman\u00ee kirin.<\/h3>\n<h3>Li be\u015fek\u00ee din\u00ea v\u00ea civ\u00een\u00ea de her d\u00fb al\u00ee li ser p\u00eaw\u00eestiya yekgotar\u00ee \u00fb hemahengiya fraksiyon\u00ean Kurdistaniy\u00ean li Bexday\u00ea de hevr\u00ea b\u00fbn.<\/h3>\n<h3>Peywendiy\u00ean di navbera her d\u00fb aliyan mijareke din\u00ea v\u00ea hevd\u00eetin\u00ea b\u00fb.<\/h3>\n<p>[\/darkamazi_column_text][darkamazi_single_image image=&#8221;1006712&#8243; img_size=&#8221;full&#8221; alignment=&#8221;center&#8221;][\/darkamazi_column][\/darkamazi_row]<\/p>\n<\/div>","protected":false},"excerpt":{"rendered":"<p>[darkamazi_row][darkamazi_column][darkamazi_column_text] Roja yek\u015fem 08.09.2019 li Selahed\u00een Mes&#8217;\u00fbd Barzan\u00ee p\u00ea\u015fwaziya Mamosta El\u00ee Bap\u00eer Em\u00eer\u00ea Komela \u00ceslam\u00ee \u00fb \u015fandek\u00ee li gel kir ku ji Abdulstar Mec\u00eed Endam\u00ea Mekteba Siyas\u00ee \u00fb Mamosta Mela Hesen Endam\u00ea Serkirdayetiya Komela \u00ceslamiya Kurdistan\u00ea p\u00eakhatib\u00fbn. Li hevd\u00eetin\u00ea de ku Fazil M\u00eeran\u00ee Sekreter\u00ea Mekteba Siyas\u00ee \u00fb El\u00ee Hus\u00ean Berpirs\u00ea Mekteba Navend\u00ee ya Peywendiy\u00ean Ni\u015ftimaniy\u00ean [&hellip;]<\/p>\n","protected":false},"author":2,"featured_media":1006711,"comment_status":"closed","ping_status":"closed","sticky":false,"template":"","format":"standard","meta":{"footnotes":""},"categories":[29],"tags":[],"class_list":["post-1006710","post","type-post","status-publish","format-standard","has-post-thumbnail","hentry","category-kurdistan"],"blocksy_meta":[],"seo_head":"<!-- This site is optimized with the Yoast SEO plugin v27.5 - https:\/\/yoast.com\/product\/yoast-seo-wordpress\/ -->\n<title>Mes&#039;\u00fbd Barzan\u00ee p\u00ea\u015fwazi li Em\u00eer\u00ea Komela \u00ceslam\u00ee kir - Darka Maz\u00ee<\/title>\n<meta name=\"robots\" content=\"index, follow, max-snippet:-1, max-image-preview:large, max-video-preview:-1\" \/>\n<link rel=\"canonical\" href=\"https:\/\/darkamazi.info\/archives\/1006710\" \/>\n<meta property=\"og:locale\" content=\"en_US\" \/>\n<meta property=\"og:type\" content=\"article\" \/>\n<meta property=\"og:title\" content=\"Mes&#039;\u00fbd Barzan\u00ee p\u00ea\u015fwazi li Em\u00eer\u00ea Komela \u00ceslam\u00ee kir - Darka Maz\u00ee\" \/>\n<meta property=\"og:description\" content=\"[darkamazi_row][darkamazi_column][darkamazi_column_text] Roja yek\u015fem 08.09.2019 li Selahed\u00een Mes&#8217;\u00fbd Barzan\u00ee p\u00ea\u015fwaziya Mamosta El\u00ee Bap\u00eer Em\u00eer\u00ea Komela \u00ceslam\u00ee \u00fb \u015fandek\u00ee li gel kir ku ji Abdulstar Mec\u00eed Endam\u00ea Mekteba Siyas\u00ee \u00fb Mamosta Mela Hesen Endam\u00ea Serkirdayetiya Komela \u00ceslamiya Kurdistan\u00ea p\u00eakhatib\u00fbn. Li hevd\u00eetin\u00ea de ku Fazil M\u00eeran\u00ee Sekreter\u00ea Mekteba Siyas\u00ee \u00fb El\u00ee Hus\u00ean Berpirs\u00ea Mekteba Navend\u00ee ya Peywendiy\u00ean Ni\u015ftimaniy\u00ean [&hellip;]\" \/>\n<meta property=\"og:url\" content=\"https:\/\/darkamazi.info\/archives\/1006710\" \/>\n<meta property=\"og:site_name\" content=\"Darka Maz\u00ee\" \/>\n<meta property=\"article:publisher\" content=\"https:\/\/www.facebook.com\/DarMaziKurmanci\" \/>\n<meta property=\"article:published_time\" content=\"2019-09-08T14:41:59+00:00\" \/>\n<meta property=\"article:modified_time\" content=\"2019-10-07T15:40:11+00:00\" \/>\n<meta property=\"og:image\" content=\"https:\/\/darkamazi.info\/file\/2019\/09\/barzani.jpg\" \/>\n\t<meta property=\"og:image:width\" content=\"750\" \/>\n\t<meta property=\"og:image:height\" content=\"426\" \/>\n\t<meta property=\"og:image:type\" content=\"image\/jpeg\" \/>\n<meta name=\"author\" content=\"darka mazi\" \/>\n<meta name=\"twitter:card\" content=\"summary_large_image\" \/>\n<meta name=\"twitter:image\" content=\"https:\/\/darkamazi.info\/file\/2019\/09\/barzani.jpg\" \/>\n<meta name=\"twitter:creator\" content=\"@DarkaMaziLatini\" \/>\n<meta name=\"twitter:site\" content=\"@DarkaMaziLatini\" \/>\n<meta name=\"twitter:label1\" content=\"Written by\" \/>\n\t<meta name=\"twitter:data1\" content=\"darka mazi\" \/>\n\t<meta name=\"twitter:label2\" content=\"Est. reading time\" \/>\n\t<meta name=\"twitter:data2\" content=\"1 minute\" \/>\n<script type=\"application\/ld+json\" class=\"seo-schema-graph\">{\"@context\":\"https:\\\/\\\/schema.org\",\"@graph\":[{\"@type\":\"Article\",\"@id\":\"https:\\\/\\\/darkamazi.info\\\/archives\\\/1006710#article\",\"isPartOf\":{\"@id\":\"https:\\\/\\\/darkamazi.info\\\/archives\\\/1006710\"},\"author\":{\"name\":\"darka mazi\",\"@id\":\"https:\\\/\\\/darkamazi.info\\\/#\\\/schema\\\/person\\\/5ad3e24553a0567993fa8ed4bd0a776c\"},\"headline\":\"Mes&#8217;\u00fbd Barzan\u00ee p\u00ea\u015fwazi li Em\u00eer\u00ea Komela \u00ceslam\u00ee kir\",\"datePublished\":\"2019-09-08T14:41:59+00:00\",\"dateModified\":\"2019-10-07T15:40:11+00:00\",\"mainEntityOfPage\":{\"@id\":\"https:\\\/\\\/darkamazi.info\\\/archives\\\/1006710\"},\"wordCount\":200,\"publisher\":{\"@id\":\"https:\\\/\\\/darkamazi.info\\\/#organization\"},\"image\":{\"@id\":\"https:\\\/\\\/darkamazi.info\\\/archives\\\/1006710#primaryimage\"},\"thumbnailUrl\":\"https:\\\/\\\/darkamazi.info\\\/darka-content\\\/uploads\\\/2019\\\/09\\\/barzani.jpg\",\"articleSection\":[\"Kurdistan\"],\"inLanguage\":\"en-US\"},{\"@type\":\"WebPage\",\"@id\":\"https:\\\/\\\/darkamazi.info\\\/archives\\\/1006710\",\"url\":\"https:\\\/\\\/darkamazi.info\\\/archives\\\/1006710\",\"name\":\"Mes'\u00fbd Barzan\u00ee p\u00ea\u015fwazi li Em\u00eer\u00ea Komela \u00ceslam\u00ee kir - Darka Maz\u00ee\",\"isPartOf\":{\"@id\":\"https:\\\/\\\/darkamazi.info\\\/#website\"},\"primaryImageOfPage\":{\"@id\":\"https:\\\/\\\/darkamazi.info\\\/archives\\\/1006710#primaryimage\"},\"image\":{\"@id\":\"https:\\\/\\\/darkamazi.info\\\/archives\\\/1006710#primaryimage\"},\"thumbnailUrl\":\"https:\\\/\\\/darkamazi.info\\\/darka-content\\\/uploads\\\/2019\\\/09\\\/barzani.jpg\",\"datePublished\":\"2019-09-08T14:41:59+00:00\",\"dateModified\":\"2019-10-07T15:40:11+00:00\",\"breadcrumb\":{\"@id\":\"https:\\\/\\\/darkamazi.info\\\/archives\\\/1006710#breadcrumb\"},\"inLanguage\":\"en-US\",\"potentialAction\":[{\"@type\":\"ReadAction\",\"target\":[\"https:\\\/\\\/darkamazi.info\\\/archives\\\/1006710\"]}]},{\"@type\":\"ImageObject\",\"inLanguage\":\"en-US\",\"@id\":\"https:\\\/\\\/darkamazi.info\\\/archives\\\/1006710#primaryimage\",\"url\":\"https:\\\/\\\/darkamazi.info\\\/darka-content\\\/uploads\\\/2019\\\/09\\\/barzani.jpg\",\"contentUrl\":\"https:\\\/\\\/darkamazi.info\\\/darka-content\\\/uploads\\\/2019\\\/09\\\/barzani.jpg\",\"width\":750,\"height\":426},{\"@type\":\"BreadcrumbList\",\"@id\":\"https:\\\/\\\/darkamazi.info\\\/archives\\\/1006710#breadcrumb\",\"itemListElement\":[{\"@type\":\"ListItem\",\"position\":1,\"name\":\"Home\",\"item\":\"https:\\\/\\\/darkamazi.info\\\/\"},{\"@type\":\"ListItem\",\"position\":2,\"name\":\"Mes&#8217;\u00fbd Barzan\u00ee p\u00ea\u015fwazi li Em\u00eer\u00ea Komela \u00ceslam\u00ee kir\"}]},{\"@type\":\"WebSite\",\"@id\":\"https:\\\/\\\/darkamazi.info\\\/#website\",\"url\":\"https:\\\/\\\/darkamazi.info\\\/\",\"name\":\"Darka Maz\u00ee\",\"description\":\"P\u00eageha Zanyariy\u00ean Nebih\u00eest\u00ee\",\"publisher\":{\"@id\":\"https:\\\/\\\/darkamazi.info\\\/#organization\"},\"potentialAction\":[{\"@type\":\"SearchAction\",\"target\":{\"@type\":\"EntryPoint\",\"urlTemplate\":\"https:\\\/\\\/darkamazi.info\\\/?s={search_term_string}\"},\"query-input\":{\"@type\":\"PropertyValueSpecification\",\"valueRequired\":true,\"valueName\":\"search_term_string\"}}],\"inLanguage\":\"en-US\"},{\"@type\":\"Organization\",\"@id\":\"https:\\\/\\\/darkamazi.info\\\/#organization\",\"name\":\"Darka Maz\u00ee\",\"url\":\"https:\\\/\\\/darkamazi.info\\\/\",\"logo\":{\"@type\":\"ImageObject\",\"inLanguage\":\"en-US\",\"@id\":\"https:\\\/\\\/darkamazi.info\\\/#\\\/schema\\\/logo\\\/image\\\/\",\"url\":\"https:\\\/\\\/darkamazi.info\\\/darka-content\\\/uploads\\\/2017\\\/12\\\/darka-mazi-logo.png\",\"contentUrl\":\"https:\\\/\\\/darkamazi.info\\\/darka-content\\\/uploads\\\/2017\\\/12\\\/darka-mazi-logo.png\",\"width\":151,\"height\":75,\"caption\":\"Darka Maz\u00ee\"},\"image\":{\"@id\":\"https:\\\/\\\/darkamazi.info\\\/#\\\/schema\\\/logo\\\/image\\\/\"},\"sameAs\":[\"https:\\\/\\\/www.facebook.com\\\/DarMaziKurmanci\",\"https:\\\/\\\/x.com\\\/DarkaMaziLatini\",\"https:\\\/\\\/www.instagram.com\\\/darkamazi.kurmanci\\\/\",\"https:\\\/\\\/www.youtube.com\\\/channel\\\/UCa5HkTdmI8U1qCUFuTw8B2g\"]},{\"@type\":\"Person\",\"@id\":\"https:\\\/\\\/darkamazi.info\\\/#\\\/schema\\\/person\\\/5ad3e24553a0567993fa8ed4bd0a776c\",\"name\":\"darka mazi\",\"sameAs\":[\"https:\\\/\\\/darkamazi.info\\\/\"],\"url\":\"https:\\\/\\\/darkamazi.info\\\/archives\\\/author\\\/kurdi\"}]}<\/script>\n<!-- \/ Yoast SEO plugin. -->","seo_head_json":{"title":"Mes'\u00fbd Barzan\u00ee p\u00ea\u015fwazi li Em\u00eer\u00ea Komela \u00ceslam\u00ee kir - Darka Maz\u00ee","robots":{"index":"index","follow":"follow","max-snippet":"max-snippet:-1","max-image-preview":"max-image-preview:large","max-video-preview":"max-video-preview:-1"},"canonical":"https:\/\/darkamazi.info\/archives\/1006710","og_locale":"en_US","og_type":"article","og_title":"Mes'\u00fbd Barzan\u00ee p\u00ea\u015fwazi li Em\u00eer\u00ea Komela \u00ceslam\u00ee kir - Darka Maz\u00ee","og_description":"[darkamazi_row][darkamazi_column][darkamazi_column_text] Roja yek\u015fem 08.09.2019 li Selahed\u00een Mes&#8217;\u00fbd Barzan\u00ee p\u00ea\u015fwaziya Mamosta El\u00ee Bap\u00eer Em\u00eer\u00ea Komela \u00ceslam\u00ee \u00fb \u015fandek\u00ee li gel kir ku ji Abdulstar Mec\u00eed Endam\u00ea Mekteba Siyas\u00ee \u00fb Mamosta Mela Hesen Endam\u00ea Serkirdayetiya Komela \u00ceslamiya Kurdistan\u00ea p\u00eakhatib\u00fbn. Li hevd\u00eetin\u00ea de ku Fazil M\u00eeran\u00ee Sekreter\u00ea Mekteba Siyas\u00ee \u00fb El\u00ee Hus\u00ean Berpirs\u00ea Mekteba Navend\u00ee ya Peywendiy\u00ean Ni\u015ftimaniy\u00ean [&hellip;]","og_url":"https:\/\/darkamazi.info\/archives\/1006710","og_site_name":"Darka Maz\u00ee","article_publisher":"https:\/\/www.facebook.com\/DarMaziKurmanci","article_published_time":"2019-09-08T14:41:59+00:00","article_modified_time":"2019-10-07T15:40:11+00:00","og_image":[{"width":750,"height":426,"url":"https:\/\/darkamazi.info\/file\/2019\/09\/barzani.jpg","type":"image\/jpeg"}],"author":"darka mazi","twitter_card":"summary_large_image","twitter_image":"https:\/\/darkamazi.info\/file\/2019\/09\/barzani.jpg","twitter_creator":"@DarkaMaziLatini","twitter_site":"@DarkaMaziLatini","twitter_misc":{"Written by":"darka mazi","Est. reading time":"1 minute"},"schema":{"@context":"https:\/\/schema.org","@graph":[{"@type":"Article","@id":"https:\/\/darkamazi.info\/archives\/1006710#article","isPartOf":{"@id":"https:\/\/darkamazi.info\/archives\/1006710"},"author":{"name":"darka mazi","@id":"https:\/\/darkamazi.info\/#\/schema\/person\/5ad3e24553a0567993fa8ed4bd0a776c"},"headline":"Mes&#8217;\u00fbd Barzan\u00ee p\u00ea\u015fwazi li Em\u00eer\u00ea Komela \u00ceslam\u00ee kir","datePublished":"2019-09-08T14:41:59+00:00","dateModified":"2019-10-07T15:40:11+00:00","mainEntityOfPage":{"@id":"https:\/\/darkamazi.info\/archives\/1006710"},"wordCount":200,"publisher":{"@id":"https:\/\/darkamazi.info\/#organization"},"image":{"@id":"https:\/\/darkamazi.info\/archives\/1006710#primaryimage"},"thumbnailUrl":"https:\/\/darkamazi.info\/file\/2019\/09\/barzani.jpg","articleSection":["Kurdistan"],"inLanguage":"en-US"},{"@type":"WebPage","@id":"https:\/\/darkamazi.info\/archives\/1006710","url":"https:\/\/darkamazi.info\/archives\/1006710","name":"Mes'\u00fbd Barzan\u00ee p\u00ea\u015fwazi li Em\u00eer\u00ea Komela \u00ceslam\u00ee kir - Darka Maz\u00ee","isPartOf":{"@id":"https:\/\/darkamazi.info\/#website"},"primaryImageOfPage":{"@id":"https:\/\/darkamazi.info\/archives\/1006710#primaryimage"},"image":{"@id":"https:\/\/darkamazi.info\/archives\/1006710#primaryimage"},"thumbnailUrl":"https:\/\/darkamazi.info\/file\/2019\/09\/barzani.jpg","datePublished":"2019-09-08T14:41:59+00:00","dateModified":"2019-10-07T15:40:11+00:00","breadcrumb":{"@id":"https:\/\/darkamazi.info\/archives\/1006710#breadcrumb"},"inLanguage":"en-US","potentialAction":[{"@type":"ReadAction","target":["https:\/\/darkamazi.info\/archives\/1006710"]}]},{"@type":"ImageObject","inLanguage":"en-US","@id":"https:\/\/darkamazi.info\/archives\/1006710#primaryimage","url":"https:\/\/darkamazi.info\/file\/2019\/09\/barzani.jpg","contentUrl":"https:\/\/darkamazi.info\/file\/2019\/09\/barzani.jpg","width":750,"height":426},{"@type":"BreadcrumbList","@id":"https:\/\/darkamazi.info\/archives\/1006710#breadcrumb","itemListElement":[{"@type":"ListItem","position":1,"name":"Home","item":"https:\/\/darkamazi.info\/"},{"@type":"ListItem","position":2,"name":"Mes&#8217;\u00fbd Barzan\u00ee p\u00ea\u015fwazi li Em\u00eer\u00ea Komela \u00ceslam\u00ee kir"}]},{"@type":"WebSite","@id":"https:\/\/darkamazi.info\/#website","url":"https:\/\/darkamazi.info\/","name":"Darka Maz\u00ee","description":"P\u00eageha Zanyariy\u00ean Nebih\u00eest\u00ee","publisher":{"@id":"https:\/\/darkamazi.info\/#organization"},"potentialAction":[{"@type":"SearchAction","target":{"@type":"EntryPoint","urlTemplate":"https:\/\/darkamazi.info\/?s={search_term_string}"},"query-input":{"@type":"PropertyValueSpecification","valueRequired":true,"valueName":"search_term_string"}}],"inLanguage":"en-US"},{"@type":"Organization","@id":"https:\/\/darkamazi.info\/#organization","name":"Darka Maz\u00ee","url":"https:\/\/darkamazi.info\/","logo":{"@type":"ImageObject","inLanguage":"en-US","@id":"https:\/\/darkamazi.info\/#\/schema\/logo\/image\/","url":"https:\/\/darkamazi.info\/file\/2017\/12\/darka-mazi-logo.png","contentUrl":"https:\/\/darkamazi.info\/file\/2017\/12\/darka-mazi-logo.png","width":151,"height":75,"caption":"Darka Maz\u00ee"},"image":{"@id":"https:\/\/darkamazi.info\/#\/schema\/logo\/image\/"},"sameAs":["https:\/\/www.facebook.com\/DarMaziKurmanci","https:\/\/x.com\/DarkaMaziLatini","https:\/\/www.instagram.com\/darkamazi.kurmanci\/","https:\/\/www.youtube.com\/channel\/UCa5HkTdmI8U1qCUFuTw8B2g"]},{"@type":"Person","@id":"https:\/\/darkamazi.info\/#\/schema\/person\/5ad3e24553a0567993fa8ed4bd0a776c","name":"darka mazi","sameAs":["https:\/\/darkamazi.info\/"],"url":"https:\/\/darkamazi.info\/archives\/author\/kurdi"}]}},"_links":{"self":[{"href":"https:\/\/darkamazi.info\/funavuv\/wp\/v2\/posts\/1006710","targetHints":{"allow":["GET"]}}],"collection":[{"href":"https:\/\/darkamazi.info\/funavuv\/wp\/v2\/posts"}],"about":[{"href":"https:\/\/darkamazi.info\/funavuv\/wp\/v2\/types\/post"}],"author":[{"embeddable":true,"href":"https:\/\/darkamazi.info\/funavuv\/wp\/v2\/users\/2"}],"replies":[{"embeddable":true,"href":"https:\/\/darkamazi.info\/funavuv\/wp\/v2\/comments?post=1006710"}],"version-history":[{"count":0,"href":"https:\/\/darkamazi.info\/funavuv\/wp\/v2\/posts\/1006710\/revisions"}],"wp:featuredmedia":[{"embeddable":true,"href":"https:\/\/darkamazi.info\/funavuv\/wp\/v2\/media\/1006711"}],"wp:attachment":[{"href":"https:\/\/darkamazi.info\/funavuv\/wp\/v2\/media?parent=1006710"}],"wp:term":[{"taxonomy":"category","embeddable":true,"href":"https:\/\/darkamazi.info\/funavuv\/wp\/v2\/categories?post=1006710"},{"taxonomy":"post_tag","embeddable":true,"href":"https:\/\/darkamazi.info\/funavuv\/wp\/v2\/tags?post=1006710"}],"curies":[{"name":"wp","href":"https:\/\/api.w.org\/{rel}","templated":true}]}}