{"id":1006714,"date":"2019-09-08T20:15:16","date_gmt":"2019-09-08T17:15:16","guid":{"rendered":"https:\/\/darkamazi.info\/?p=1006714"},"modified":"2019-10-07T18:40:03","modified_gmt":"2019-10-07T15:40:03","slug":"dihok-xorteki-xwe-bi-darvekir","status":"publish","type":"post","link":"https:\/\/darkamazi.info\/archives\/1006714","title":{"rendered":"Dihok.. Xortek\u00ee xwe bi darvekir"},"content":{"rendered":"<h2><strong>Di b\u00fbyereke mijew\u00ee de, \u00eero xortek\u00ee bajar\u00ea dihok\u00ea li bendav\u00ea daw\u00ee bi j\u00eeyana xwe an\u00ee, dema xwe bi kevirek\u00ea berav\u00ean bendav\u00ea ve bi darvekr\u00ee.<\/strong><\/h2>\n<h3>\u00cero roja yek\u015fem\u00ee, xortek\u00ea bajar\u00ea Dihok\u00ea bi sedemeke nedyar, li bendava Dihok\u00ea daw\u00ee bi j\u00eeyana xwe an\u00ee, pi\u015ft\u00ee bi kemera xwe a pantol\u00ea xwe bi kevirk\u00ea berav\u00ean bendav\u00ea ve helaw\u00eest\u00ee \u00fb xwe xendiqand\u00ee.<\/h3>\n<h3>H\u00eamin Sil\u00eaman berdevk\u00ea pol\u00ees\u00ean Dihok\u00ea di w\u00ea derbar\u00ea de dib\u00eaje: tu belge \u00fb p\u00eanas digel w\u00ee xort\u00ee de neb\u00fbne ku were zan\u00een \u00e7i kese, herweha sedema xwe ku\u015ftina w\u00ee j\u00ee heya niha e\u015fkere neb\u00fbye.<br \/>\nBerdevk\u00ea pol\u00eesan amaje kir, ceseda w\u00ee xort\u00ee jibo piz\u00ee\u015f\u00ea dad hat rewanekirin \u00fb doseya vekol\u00een\u00ea li ser w\u00ea b\u00fbyer\u00ea dest p\u00ea kir\u00eeye.<\/h3>\n","protected":false},"excerpt":{"rendered":"<p>Di b\u00fbyereke mijew\u00ee de, \u00eero xortek\u00ee bajar\u00ea dihok\u00ea li bendav\u00ea daw\u00ee bi j\u00eeyana xwe an\u00ee, dema xwe bi kevirek\u00ea berav\u00ean bendav\u00ea ve bi darvekr\u00ee. \u00cero roja yek\u015fem\u00ee, xortek\u00ea bajar\u00ea Dihok\u00ea bi sedemeke nedyar, li bendava Dihok\u00ea daw\u00ee bi j\u00eeyana xwe an\u00ee, pi\u015ft\u00ee bi kemera xwe a pantol\u00ea xwe bi kevirk\u00ea berav\u00ean bendav\u00ea ve helaw\u00eest\u00ee \u00fb [&hellip;]<\/p>\n","protected":false},"author":2,"featured_media":1006715,"comment_status":"closed","ping_status":"closed","sticky":false,"template":"","format":"standard","meta":{"footnotes":""},"categories":[29],"tags":[],"class_list":["post-1006714","post","type-post","status-publish","format-standard","has-post-thumbnail","hentry","category-kurdistan"],"blocksy_meta":[],"seo_head":"<!-- This site is optimized with the Yoast SEO plugin v27.5 - https:\/\/yoast.com\/product\/yoast-seo-wordpress\/ -->\n<title>Dihok.. Xortek\u00ee xwe bi darvekir - Darka Maz\u00ee<\/title>\n<meta name=\"robots\" content=\"index, follow, max-snippet:-1, max-image-preview:large, max-video-preview:-1\" \/>\n<link rel=\"canonical\" href=\"https:\/\/darkamazi.info\/archives\/1006714\" \/>\n<meta property=\"og:locale\" content=\"en_US\" \/>\n<meta property=\"og:type\" content=\"article\" \/>\n<meta property=\"og:title\" content=\"Dihok.. Xortek\u00ee xwe bi darvekir - Darka Maz\u00ee\" \/>\n<meta property=\"og:description\" content=\"Di b\u00fbyereke mijew\u00ee de, \u00eero xortek\u00ee bajar\u00ea dihok\u00ea li bendav\u00ea daw\u00ee bi j\u00eeyana xwe an\u00ee, dema xwe bi kevirek\u00ea berav\u00ean bendav\u00ea ve bi darvekr\u00ee. \u00cero roja yek\u015fem\u00ee, xortek\u00ea bajar\u00ea Dihok\u00ea bi sedemeke nedyar, li bendava Dihok\u00ea daw\u00ee bi j\u00eeyana xwe an\u00ee, pi\u015ft\u00ee bi kemera xwe a pantol\u00ea xwe bi kevirk\u00ea berav\u00ean bendav\u00ea ve helaw\u00eest\u00ee \u00fb [&hellip;]\" \/>\n<meta property=\"og:url\" content=\"https:\/\/darkamazi.info\/archives\/1006714\" \/>\n<meta property=\"og:site_name\" content=\"Darka Maz\u00ee\" \/>\n<meta property=\"article:publisher\" content=\"https:\/\/www.facebook.com\/DarMaziKurmanci\" \/>\n<meta property=\"article:published_time\" content=\"2019-09-08T17:15:16+00:00\" \/>\n<meta property=\"article:modified_time\" content=\"2019-10-07T15:40:03+00:00\" \/>\n<meta property=\"og:image\" content=\"https:\/\/darkamazi.info\/file\/2019\/09\/Hemin-Sileman.jpg\" \/>\n\t<meta property=\"og:image:width\" content=\"600\" \/>\n\t<meta property=\"og:image:height\" content=\"337\" \/>\n\t<meta property=\"og:image:type\" content=\"image\/jpeg\" \/>\n<meta name=\"author\" content=\"darka mazi\" \/>\n<meta name=\"twitter:card\" content=\"summary_large_image\" \/>\n<meta name=\"twitter:image\" content=\"https:\/\/darkamazi.info\/file\/2019\/09\/Hemin-Sileman.jpg\" \/>\n<meta name=\"twitter:creator\" content=\"@DarkaMaziLatini\" \/>\n<meta name=\"twitter:site\" content=\"@DarkaMaziLatini\" \/>\n<meta name=\"twitter:label1\" content=\"Written by\" \/>\n\t<meta name=\"twitter:data1\" content=\"darka mazi\" \/>\n\t<meta name=\"twitter:label2\" content=\"Est. reading time\" \/>\n\t<meta name=\"twitter:data2\" content=\"1 minute\" \/>\n<script type=\"application\/ld+json\" class=\"seo-schema-graph\">{\"@context\":\"https:\\\/\\\/schema.org\",\"@graph\":[{\"@type\":\"Article\",\"@id\":\"https:\\\/\\\/darkamazi.info\\\/archives\\\/1006714#article\",\"isPartOf\":{\"@id\":\"https:\\\/\\\/darkamazi.info\\\/archives\\\/1006714\"},\"author\":{\"name\":\"darka mazi\",\"@id\":\"https:\\\/\\\/darkamazi.info\\\/#\\\/schema\\\/person\\\/5ad3e24553a0567993fa8ed4bd0a776c\"},\"headline\":\"Dihok.. Xortek\u00ee xwe bi darvekir\",\"datePublished\":\"2019-09-08T17:15:16+00:00\",\"dateModified\":\"2019-10-07T15:40:03+00:00\",\"mainEntityOfPage\":{\"@id\":\"https:\\\/\\\/darkamazi.info\\\/archives\\\/1006714\"},\"wordCount\":138,\"publisher\":{\"@id\":\"https:\\\/\\\/darkamazi.info\\\/#organization\"},\"image\":{\"@id\":\"https:\\\/\\\/darkamazi.info\\\/archives\\\/1006714#primaryimage\"},\"thumbnailUrl\":\"https:\\\/\\\/darkamazi.info\\\/darka-content\\\/uploads\\\/2019\\\/09\\\/Hemin-Sileman.jpg\",\"articleSection\":[\"Kurdistan\"],\"inLanguage\":\"en-US\"},{\"@type\":\"WebPage\",\"@id\":\"https:\\\/\\\/darkamazi.info\\\/archives\\\/1006714\",\"url\":\"https:\\\/\\\/darkamazi.info\\\/archives\\\/1006714\",\"name\":\"Dihok.. Xortek\u00ee xwe bi darvekir - Darka Maz\u00ee\",\"isPartOf\":{\"@id\":\"https:\\\/\\\/darkamazi.info\\\/#website\"},\"primaryImageOfPage\":{\"@id\":\"https:\\\/\\\/darkamazi.info\\\/archives\\\/1006714#primaryimage\"},\"image\":{\"@id\":\"https:\\\/\\\/darkamazi.info\\\/archives\\\/1006714#primaryimage\"},\"thumbnailUrl\":\"https:\\\/\\\/darkamazi.info\\\/darka-content\\\/uploads\\\/2019\\\/09\\\/Hemin-Sileman.jpg\",\"datePublished\":\"2019-09-08T17:15:16+00:00\",\"dateModified\":\"2019-10-07T15:40:03+00:00\",\"breadcrumb\":{\"@id\":\"https:\\\/\\\/darkamazi.info\\\/archives\\\/1006714#breadcrumb\"},\"inLanguage\":\"en-US\",\"potentialAction\":[{\"@type\":\"ReadAction\",\"target\":[\"https:\\\/\\\/darkamazi.info\\\/archives\\\/1006714\"]}]},{\"@type\":\"ImageObject\",\"inLanguage\":\"en-US\",\"@id\":\"https:\\\/\\\/darkamazi.info\\\/archives\\\/1006714#primaryimage\",\"url\":\"https:\\\/\\\/darkamazi.info\\\/darka-content\\\/uploads\\\/2019\\\/09\\\/Hemin-Sileman.jpg\",\"contentUrl\":\"https:\\\/\\\/darkamazi.info\\\/darka-content\\\/uploads\\\/2019\\\/09\\\/Hemin-Sileman.jpg\",\"width\":600,\"height\":337},{\"@type\":\"BreadcrumbList\",\"@id\":\"https:\\\/\\\/darkamazi.info\\\/archives\\\/1006714#breadcrumb\",\"itemListElement\":[{\"@type\":\"ListItem\",\"position\":1,\"name\":\"Home\",\"item\":\"https:\\\/\\\/darkamazi.info\\\/\"},{\"@type\":\"ListItem\",\"position\":2,\"name\":\"Dihok.. Xortek\u00ee xwe bi darvekir\"}]},{\"@type\":\"WebSite\",\"@id\":\"https:\\\/\\\/darkamazi.info\\\/#website\",\"url\":\"https:\\\/\\\/darkamazi.info\\\/\",\"name\":\"Darka Maz\u00ee\",\"description\":\"P\u00eageha Zanyariy\u00ean Nebih\u00eest\u00ee\",\"publisher\":{\"@id\":\"https:\\\/\\\/darkamazi.info\\\/#organization\"},\"potentialAction\":[{\"@type\":\"SearchAction\",\"target\":{\"@type\":\"EntryPoint\",\"urlTemplate\":\"https:\\\/\\\/darkamazi.info\\\/?s={search_term_string}\"},\"query-input\":{\"@type\":\"PropertyValueSpecification\",\"valueRequired\":true,\"valueName\":\"search_term_string\"}}],\"inLanguage\":\"en-US\"},{\"@type\":\"Organization\",\"@id\":\"https:\\\/\\\/darkamazi.info\\\/#organization\",\"name\":\"Darka Maz\u00ee\",\"url\":\"https:\\\/\\\/darkamazi.info\\\/\",\"logo\":{\"@type\":\"ImageObject\",\"inLanguage\":\"en-US\",\"@id\":\"https:\\\/\\\/darkamazi.info\\\/#\\\/schema\\\/logo\\\/image\\\/\",\"url\":\"https:\\\/\\\/darkamazi.info\\\/darka-content\\\/uploads\\\/2017\\\/12\\\/darka-mazi-logo.png\",\"contentUrl\":\"https:\\\/\\\/darkamazi.info\\\/darka-content\\\/uploads\\\/2017\\\/12\\\/darka-mazi-logo.png\",\"width\":151,\"height\":75,\"caption\":\"Darka Maz\u00ee\"},\"image\":{\"@id\":\"https:\\\/\\\/darkamazi.info\\\/#\\\/schema\\\/logo\\\/image\\\/\"},\"sameAs\":[\"https:\\\/\\\/www.facebook.com\\\/DarMaziKurmanci\",\"https:\\\/\\\/x.com\\\/DarkaMaziLatini\",\"https:\\\/\\\/www.instagram.com\\\/darkamazi.kurmanci\\\/\",\"https:\\\/\\\/www.youtube.com\\\/channel\\\/UCa5HkTdmI8U1qCUFuTw8B2g\"]},{\"@type\":\"Person\",\"@id\":\"https:\\\/\\\/darkamazi.info\\\/#\\\/schema\\\/person\\\/5ad3e24553a0567993fa8ed4bd0a776c\",\"name\":\"darka mazi\",\"sameAs\":[\"https:\\\/\\\/darkamazi.info\\\/\"],\"url\":\"https:\\\/\\\/darkamazi.info\\\/archives\\\/author\\\/kurdi\"}]}<\/script>\n<!-- \/ Yoast SEO plugin. -->","seo_head_json":{"title":"Dihok.. Xortek\u00ee xwe bi darvekir - Darka Maz\u00ee","robots":{"index":"index","follow":"follow","max-snippet":"max-snippet:-1","max-image-preview":"max-image-preview:large","max-video-preview":"max-video-preview:-1"},"canonical":"https:\/\/darkamazi.info\/archives\/1006714","og_locale":"en_US","og_type":"article","og_title":"Dihok.. Xortek\u00ee xwe bi darvekir - Darka Maz\u00ee","og_description":"Di b\u00fbyereke mijew\u00ee de, \u00eero xortek\u00ee bajar\u00ea dihok\u00ea li bendav\u00ea daw\u00ee bi j\u00eeyana xwe an\u00ee, dema xwe bi kevirek\u00ea berav\u00ean bendav\u00ea ve bi darvekr\u00ee. \u00cero roja yek\u015fem\u00ee, xortek\u00ea bajar\u00ea Dihok\u00ea bi sedemeke nedyar, li bendava Dihok\u00ea daw\u00ee bi j\u00eeyana xwe an\u00ee, pi\u015ft\u00ee bi kemera xwe a pantol\u00ea xwe bi kevirk\u00ea berav\u00ean bendav\u00ea ve helaw\u00eest\u00ee \u00fb [&hellip;]","og_url":"https:\/\/darkamazi.info\/archives\/1006714","og_site_name":"Darka Maz\u00ee","article_publisher":"https:\/\/www.facebook.com\/DarMaziKurmanci","article_published_time":"2019-09-08T17:15:16+00:00","article_modified_time":"2019-10-07T15:40:03+00:00","og_image":[{"width":600,"height":337,"url":"https:\/\/darkamazi.info\/file\/2019\/09\/Hemin-Sileman.jpg","type":"image\/jpeg"}],"author":"darka mazi","twitter_card":"summary_large_image","twitter_image":"https:\/\/darkamazi.info\/file\/2019\/09\/Hemin-Sileman.jpg","twitter_creator":"@DarkaMaziLatini","twitter_site":"@DarkaMaziLatini","twitter_misc":{"Written by":"darka mazi","Est. reading time":"1 minute"},"schema":{"@context":"https:\/\/schema.org","@graph":[{"@type":"Article","@id":"https:\/\/darkamazi.info\/archives\/1006714#article","isPartOf":{"@id":"https:\/\/darkamazi.info\/archives\/1006714"},"author":{"name":"darka mazi","@id":"https:\/\/darkamazi.info\/#\/schema\/person\/5ad3e24553a0567993fa8ed4bd0a776c"},"headline":"Dihok.. Xortek\u00ee xwe bi darvekir","datePublished":"2019-09-08T17:15:16+00:00","dateModified":"2019-10-07T15:40:03+00:00","mainEntityOfPage":{"@id":"https:\/\/darkamazi.info\/archives\/1006714"},"wordCount":138,"publisher":{"@id":"https:\/\/darkamazi.info\/#organization"},"image":{"@id":"https:\/\/darkamazi.info\/archives\/1006714#primaryimage"},"thumbnailUrl":"https:\/\/darkamazi.info\/file\/2019\/09\/Hemin-Sileman.jpg","articleSection":["Kurdistan"],"inLanguage":"en-US"},{"@type":"WebPage","@id":"https:\/\/darkamazi.info\/archives\/1006714","url":"https:\/\/darkamazi.info\/archives\/1006714","name":"Dihok.. Xortek\u00ee xwe bi darvekir - Darka Maz\u00ee","isPartOf":{"@id":"https:\/\/darkamazi.info\/#website"},"primaryImageOfPage":{"@id":"https:\/\/darkamazi.info\/archives\/1006714#primaryimage"},"image":{"@id":"https:\/\/darkamazi.info\/archives\/1006714#primaryimage"},"thumbnailUrl":"https:\/\/darkamazi.info\/file\/2019\/09\/Hemin-Sileman.jpg","datePublished":"2019-09-08T17:15:16+00:00","dateModified":"2019-10-07T15:40:03+00:00","breadcrumb":{"@id":"https:\/\/darkamazi.info\/archives\/1006714#breadcrumb"},"inLanguage":"en-US","potentialAction":[{"@type":"ReadAction","target":["https:\/\/darkamazi.info\/archives\/1006714"]}]},{"@type":"ImageObject","inLanguage":"en-US","@id":"https:\/\/darkamazi.info\/archives\/1006714#primaryimage","url":"https:\/\/darkamazi.info\/file\/2019\/09\/Hemin-Sileman.jpg","contentUrl":"https:\/\/darkamazi.info\/file\/2019\/09\/Hemin-Sileman.jpg","width":600,"height":337},{"@type":"BreadcrumbList","@id":"https:\/\/darkamazi.info\/archives\/1006714#breadcrumb","itemListElement":[{"@type":"ListItem","position":1,"name":"Home","item":"https:\/\/darkamazi.info\/"},{"@type":"ListItem","position":2,"name":"Dihok.. Xortek\u00ee xwe bi darvekir"}]},{"@type":"WebSite","@id":"https:\/\/darkamazi.info\/#website","url":"https:\/\/darkamazi.info\/","name":"Darka Maz\u00ee","description":"P\u00eageha Zanyariy\u00ean Nebih\u00eest\u00ee","publisher":{"@id":"https:\/\/darkamazi.info\/#organization"},"potentialAction":[{"@type":"SearchAction","target":{"@type":"EntryPoint","urlTemplate":"https:\/\/darkamazi.info\/?s={search_term_string}"},"query-input":{"@type":"PropertyValueSpecification","valueRequired":true,"valueName":"search_term_string"}}],"inLanguage":"en-US"},{"@type":"Organization","@id":"https:\/\/darkamazi.info\/#organization","name":"Darka Maz\u00ee","url":"https:\/\/darkamazi.info\/","logo":{"@type":"ImageObject","inLanguage":"en-US","@id":"https:\/\/darkamazi.info\/#\/schema\/logo\/image\/","url":"https:\/\/darkamazi.info\/file\/2017\/12\/darka-mazi-logo.png","contentUrl":"https:\/\/darkamazi.info\/file\/2017\/12\/darka-mazi-logo.png","width":151,"height":75,"caption":"Darka Maz\u00ee"},"image":{"@id":"https:\/\/darkamazi.info\/#\/schema\/logo\/image\/"},"sameAs":["https:\/\/www.facebook.com\/DarMaziKurmanci","https:\/\/x.com\/DarkaMaziLatini","https:\/\/www.instagram.com\/darkamazi.kurmanci\/","https:\/\/www.youtube.com\/channel\/UCa5HkTdmI8U1qCUFuTw8B2g"]},{"@type":"Person","@id":"https:\/\/darkamazi.info\/#\/schema\/person\/5ad3e24553a0567993fa8ed4bd0a776c","name":"darka mazi","sameAs":["https:\/\/darkamazi.info\/"],"url":"https:\/\/darkamazi.info\/archives\/author\/kurdi"}]}},"_links":{"self":[{"href":"https:\/\/darkamazi.info\/funavuv\/wp\/v2\/posts\/1006714","targetHints":{"allow":["GET"]}}],"collection":[{"href":"https:\/\/darkamazi.info\/funavuv\/wp\/v2\/posts"}],"about":[{"href":"https:\/\/darkamazi.info\/funavuv\/wp\/v2\/types\/post"}],"author":[{"embeddable":true,"href":"https:\/\/darkamazi.info\/funavuv\/wp\/v2\/users\/2"}],"replies":[{"embeddable":true,"href":"https:\/\/darkamazi.info\/funavuv\/wp\/v2\/comments?post=1006714"}],"version-history":[{"count":0,"href":"https:\/\/darkamazi.info\/funavuv\/wp\/v2\/posts\/1006714\/revisions"}],"wp:featuredmedia":[{"embeddable":true,"href":"https:\/\/darkamazi.info\/funavuv\/wp\/v2\/media\/1006715"}],"wp:attachment":[{"href":"https:\/\/darkamazi.info\/funavuv\/wp\/v2\/media?parent=1006714"}],"wp:term":[{"taxonomy":"category","embeddable":true,"href":"https:\/\/darkamazi.info\/funavuv\/wp\/v2\/categories?post=1006714"},{"taxonomy":"post_tag","embeddable":true,"href":"https:\/\/darkamazi.info\/funavuv\/wp\/v2\/tags?post=1006714"}],"curies":[{"name":"wp","href":"https:\/\/api.w.org\/{rel}","templated":true}]}}