{"id":1006735,"date":"2019-09-09T15:50:33","date_gmt":"2019-09-09T12:50:33","guid":{"rendered":"https:\/\/darkamazi.info\/?p=1006735"},"modified":"2019-10-07T19:18:37","modified_gmt":"2019-10-07T16:18:37","slug":"hevpeymaniya-navdewleti-pistigiriya-ypg-we-berdewam-be","status":"publish","type":"post","link":"https:\/\/darkamazi.info\/archives\/1006735","title":{"rendered":"Hevpeyman\u00eeya navdewlet\u00ee: pi\u015ftigir\u00eeya YPG w\u00ea berdewam be"},"content":{"rendered":"<h2><strong>Hevpeyman\u00eeya navdewlet\u00ee e\u015fkere kir ku yek\u00eeney\u00ean parastna gel YPG tev berpirsyar\u00eey\u00ean xwe \u00ean lihevhatina nav\u00e7eya aram bicih kirine.<\/strong><\/h2>\n<h3>Fermandar\u00eeya hevpeyman\u00eeya navdewlet\u00ee a li dj\u00ee DA\u00ce\u015e \u00eero di beyaneke niv\u00eesk\u00ee de behsa rola yek\u00eeney\u00ean parastina gel YPG di \u00e7ar\u00e7\u00fbveya lihevhatina diristkirina nav\u00e7eya aram a li rojhelata firat\u00ea kir \u00fb e\u015fkere kir, YPG tev berpirsyar\u00eey\u00ean xwe \u00ean di w\u00ea lihevhatin\u00ea de, bicih kirine.<\/h3>\n<h3>Hevpeyman\u00eeya navdewlet\u00ee dib\u00eaje: p\u00eag\u00eer\u00eeya YPG bi bend \u00fb xal\u00ean lihevhatina nav\u00e7eya aram, gaveke ba\u015f \u00fb er\u00ean\u00ee e \u00fb p\u00eaw\u00eeste ew yek hinek\u00ea ji tirsa Tirky\u00ea neh\u00eale.<\/h3>\n<h3>Arte\u015f\u00ean Emer\u00eeka \u00fb Tirkiy\u00ea duh dest bi ger\u00ean hevbe\u015f li s\u00eenor\u00ea rojavaya Kurdistan\u00ea kirin, nexasme li nav\u00e7ey\u00ean di n\u00eavbera Gir\u00ea Sip\u00eey\u00ea \u00fb Ser\u00ea Kany\u00ea.<\/h3>\n<h3>Di wan ger\u00ean hevbe\u015f de, yek\u00eeney\u00ean parastina gel YPG bi xwe \u00e7eper\u00ean xwe rakirin \u00fb arte\u015fa Tirkiy\u00ea ew yek tema\u015fe kir.<\/h3>\n<h3>Hevpeyman\u00eeya navdewlet\u00ee hevdem tekez kir ku pi\u015ftigr\u00eeya wan li yek\u00eeney\u00ean parastina gel w\u00ea berdewam bibe \u00fb lihevhatina nav\u00e7eya aram tu ziyanek\u00ea nagh\u00eene w\u00ea pi\u015ftgiry\u00ea.<\/h3>\n","protected":false},"excerpt":{"rendered":"<p>Hevpeyman\u00eeya navdewlet\u00ee e\u015fkere kir ku yek\u00eeney\u00ean parastna gel YPG tev berpirsyar\u00eey\u00ean xwe \u00ean lihevhatina nav\u00e7eya aram bicih kirine. Fermandar\u00eeya hevpeyman\u00eeya navdewlet\u00ee a li dj\u00ee DA\u00ce\u015e \u00eero di beyaneke niv\u00eesk\u00ee de behsa rola yek\u00eeney\u00ean parastina gel YPG di \u00e7ar\u00e7\u00fbveya lihevhatina diristkirina nav\u00e7eya aram a li rojhelata firat\u00ea kir \u00fb e\u015fkere kir, YPG tev berpirsyar\u00eey\u00ean xwe \u00ean [&hellip;]<\/p>\n","protected":false},"author":2,"featured_media":1006736,"comment_status":"closed","ping_status":"closed","sticky":false,"template":"","format":"standard","meta":{"footnotes":""},"categories":[29],"tags":[],"class_list":["post-1006735","post","type-post","status-publish","format-standard","has-post-thumbnail","hentry","category-kurdistan"],"blocksy_meta":[],"seo_head":"<!-- This site is optimized with the Yoast SEO plugin v27.5 - https:\/\/yoast.com\/product\/yoast-seo-wordpress\/ -->\n<title>Hevpeyman\u00eeya navdewlet\u00ee: pi\u015ftigir\u00eeya YPG w\u00ea berdewam be - Darka Maz\u00ee<\/title>\n<meta name=\"robots\" content=\"index, follow, max-snippet:-1, max-image-preview:large, max-video-preview:-1\" \/>\n<link rel=\"canonical\" href=\"https:\/\/darkamazi.info\/archives\/1006735\" \/>\n<meta property=\"og:locale\" content=\"en_US\" \/>\n<meta property=\"og:type\" content=\"article\" \/>\n<meta property=\"og:title\" content=\"Hevpeyman\u00eeya navdewlet\u00ee: pi\u015ftigir\u00eeya YPG w\u00ea berdewam be - Darka Maz\u00ee\" \/>\n<meta property=\"og:description\" content=\"Hevpeyman\u00eeya navdewlet\u00ee e\u015fkere kir ku yek\u00eeney\u00ean parastna gel YPG tev berpirsyar\u00eey\u00ean xwe \u00ean lihevhatina nav\u00e7eya aram bicih kirine. Fermandar\u00eeya hevpeyman\u00eeya navdewlet\u00ee a li dj\u00ee DA\u00ce\u015e \u00eero di beyaneke niv\u00eesk\u00ee de behsa rola yek\u00eeney\u00ean parastina gel YPG di \u00e7ar\u00e7\u00fbveya lihevhatina diristkirina nav\u00e7eya aram a li rojhelata firat\u00ea kir \u00fb e\u015fkere kir, YPG tev berpirsyar\u00eey\u00ean xwe \u00ean [&hellip;]\" \/>\n<meta property=\"og:url\" content=\"https:\/\/darkamazi.info\/archives\/1006735\" \/>\n<meta property=\"og:site_name\" content=\"Darka Maz\u00ee\" \/>\n<meta property=\"article:publisher\" content=\"https:\/\/www.facebook.com\/DarMaziKurmanci\" \/>\n<meta property=\"article:published_time\" content=\"2019-09-09T12:50:33+00:00\" \/>\n<meta property=\"article:modified_time\" content=\"2019-10-07T16:18:37+00:00\" \/>\n<meta property=\"og:image\" content=\"https:\/\/darkamazi.info\/file\/2019\/09\/\u0626\u06d5\u0645\u0631\u06cc\u06a9\u0627-\u0633\u06d5\u0631\u0628\u0627\u0632.jpg\" \/>\n\t<meta property=\"og:image:width\" content=\"2048\" \/>\n\t<meta property=\"og:image:height\" content=\"1284\" \/>\n\t<meta property=\"og:image:type\" content=\"image\/jpeg\" \/>\n<meta name=\"author\" content=\"darka mazi\" \/>\n<meta name=\"twitter:card\" content=\"summary_large_image\" \/>\n<meta name=\"twitter:image\" content=\"https:\/\/darkamazi.info\/file\/2019\/09\/\u0626\u06d5\u0645\u0631\u06cc\u06a9\u0627-\u0633\u06d5\u0631\u0628\u0627\u0632.jpg\" \/>\n<meta name=\"twitter:creator\" content=\"@DarkaMaziLatini\" \/>\n<meta name=\"twitter:site\" content=\"@DarkaMaziLatini\" \/>\n<meta name=\"twitter:label1\" content=\"Written by\" \/>\n\t<meta name=\"twitter:data1\" content=\"darka mazi\" \/>\n\t<meta name=\"twitter:label2\" content=\"Est. reading time\" \/>\n\t<meta name=\"twitter:data2\" content=\"1 minute\" \/>\n<script type=\"application\/ld+json\" class=\"seo-schema-graph\">{\"@context\":\"https:\\\/\\\/schema.org\",\"@graph\":[{\"@type\":\"Article\",\"@id\":\"https:\\\/\\\/darkamazi.info\\\/archives\\\/1006735#article\",\"isPartOf\":{\"@id\":\"https:\\\/\\\/darkamazi.info\\\/archives\\\/1006735\"},\"author\":{\"name\":\"darka mazi\",\"@id\":\"https:\\\/\\\/darkamazi.info\\\/#\\\/schema\\\/person\\\/5ad3e24553a0567993fa8ed4bd0a776c\"},\"headline\":\"Hevpeyman\u00eeya navdewlet\u00ee: pi\u015ftigir\u00eeya YPG w\u00ea berdewam be\",\"datePublished\":\"2019-09-09T12:50:33+00:00\",\"dateModified\":\"2019-10-07T16:18:37+00:00\",\"mainEntityOfPage\":{\"@id\":\"https:\\\/\\\/darkamazi.info\\\/archives\\\/1006735\"},\"wordCount\":208,\"publisher\":{\"@id\":\"https:\\\/\\\/darkamazi.info\\\/#organization\"},\"image\":{\"@id\":\"https:\\\/\\\/darkamazi.info\\\/archives\\\/1006735#primaryimage\"},\"thumbnailUrl\":\"https:\\\/\\\/darkamazi.info\\\/darka-content\\\/uploads\\\/2019\\\/09\\\/\u0626\u06d5\u0645\u0631\u06cc\u06a9\u0627-\u0633\u06d5\u0631\u0628\u0627\u0632.jpg\",\"articleSection\":[\"Kurdistan\"],\"inLanguage\":\"en-US\"},{\"@type\":\"WebPage\",\"@id\":\"https:\\\/\\\/darkamazi.info\\\/archives\\\/1006735\",\"url\":\"https:\\\/\\\/darkamazi.info\\\/archives\\\/1006735\",\"name\":\"Hevpeyman\u00eeya navdewlet\u00ee: pi\u015ftigir\u00eeya YPG w\u00ea berdewam be - Darka Maz\u00ee\",\"isPartOf\":{\"@id\":\"https:\\\/\\\/darkamazi.info\\\/#website\"},\"primaryImageOfPage\":{\"@id\":\"https:\\\/\\\/darkamazi.info\\\/archives\\\/1006735#primaryimage\"},\"image\":{\"@id\":\"https:\\\/\\\/darkamazi.info\\\/archives\\\/1006735#primaryimage\"},\"thumbnailUrl\":\"https:\\\/\\\/darkamazi.info\\\/darka-content\\\/uploads\\\/2019\\\/09\\\/\u0626\u06d5\u0645\u0631\u06cc\u06a9\u0627-\u0633\u06d5\u0631\u0628\u0627\u0632.jpg\",\"datePublished\":\"2019-09-09T12:50:33+00:00\",\"dateModified\":\"2019-10-07T16:18:37+00:00\",\"breadcrumb\":{\"@id\":\"https:\\\/\\\/darkamazi.info\\\/archives\\\/1006735#breadcrumb\"},\"inLanguage\":\"en-US\",\"potentialAction\":[{\"@type\":\"ReadAction\",\"target\":[\"https:\\\/\\\/darkamazi.info\\\/archives\\\/1006735\"]}]},{\"@type\":\"ImageObject\",\"inLanguage\":\"en-US\",\"@id\":\"https:\\\/\\\/darkamazi.info\\\/archives\\\/1006735#primaryimage\",\"url\":\"https:\\\/\\\/darkamazi.info\\\/darka-content\\\/uploads\\\/2019\\\/09\\\/\u0626\u06d5\u0645\u0631\u06cc\u06a9\u0627-\u0633\u06d5\u0631\u0628\u0627\u0632.jpg\",\"contentUrl\":\"https:\\\/\\\/darkamazi.info\\\/darka-content\\\/uploads\\\/2019\\\/09\\\/\u0626\u06d5\u0645\u0631\u06cc\u06a9\u0627-\u0633\u06d5\u0631\u0628\u0627\u0632.jpg\",\"width\":2048,\"height\":1284},{\"@type\":\"BreadcrumbList\",\"@id\":\"https:\\\/\\\/darkamazi.info\\\/archives\\\/1006735#breadcrumb\",\"itemListElement\":[{\"@type\":\"ListItem\",\"position\":1,\"name\":\"Home\",\"item\":\"https:\\\/\\\/darkamazi.info\\\/\"},{\"@type\":\"ListItem\",\"position\":2,\"name\":\"Hevpeyman\u00eeya navdewlet\u00ee: pi\u015ftigir\u00eeya YPG w\u00ea berdewam be\"}]},{\"@type\":\"WebSite\",\"@id\":\"https:\\\/\\\/darkamazi.info\\\/#website\",\"url\":\"https:\\\/\\\/darkamazi.info\\\/\",\"name\":\"Darka Maz\u00ee\",\"description\":\"P\u00eageha Zanyariy\u00ean Nebih\u00eest\u00ee\",\"publisher\":{\"@id\":\"https:\\\/\\\/darkamazi.info\\\/#organization\"},\"potentialAction\":[{\"@type\":\"SearchAction\",\"target\":{\"@type\":\"EntryPoint\",\"urlTemplate\":\"https:\\\/\\\/darkamazi.info\\\/?s={search_term_string}\"},\"query-input\":{\"@type\":\"PropertyValueSpecification\",\"valueRequired\":true,\"valueName\":\"search_term_string\"}}],\"inLanguage\":\"en-US\"},{\"@type\":\"Organization\",\"@id\":\"https:\\\/\\\/darkamazi.info\\\/#organization\",\"name\":\"Darka Maz\u00ee\",\"url\":\"https:\\\/\\\/darkamazi.info\\\/\",\"logo\":{\"@type\":\"ImageObject\",\"inLanguage\":\"en-US\",\"@id\":\"https:\\\/\\\/darkamazi.info\\\/#\\\/schema\\\/logo\\\/image\\\/\",\"url\":\"https:\\\/\\\/darkamazi.info\\\/darka-content\\\/uploads\\\/2017\\\/12\\\/darka-mazi-logo.png\",\"contentUrl\":\"https:\\\/\\\/darkamazi.info\\\/darka-content\\\/uploads\\\/2017\\\/12\\\/darka-mazi-logo.png\",\"width\":151,\"height\":75,\"caption\":\"Darka Maz\u00ee\"},\"image\":{\"@id\":\"https:\\\/\\\/darkamazi.info\\\/#\\\/schema\\\/logo\\\/image\\\/\"},\"sameAs\":[\"https:\\\/\\\/www.facebook.com\\\/DarMaziKurmanci\",\"https:\\\/\\\/x.com\\\/DarkaMaziLatini\",\"https:\\\/\\\/www.instagram.com\\\/darkamazi.kurmanci\\\/\",\"https:\\\/\\\/www.youtube.com\\\/channel\\\/UCa5HkTdmI8U1qCUFuTw8B2g\"]},{\"@type\":\"Person\",\"@id\":\"https:\\\/\\\/darkamazi.info\\\/#\\\/schema\\\/person\\\/5ad3e24553a0567993fa8ed4bd0a776c\",\"name\":\"darka mazi\",\"sameAs\":[\"https:\\\/\\\/darkamazi.info\\\/\"],\"url\":\"https:\\\/\\\/darkamazi.info\\\/archives\\\/author\\\/kurdi\"}]}<\/script>\n<!-- \/ Yoast SEO plugin. -->","seo_head_json":{"title":"Hevpeyman\u00eeya navdewlet\u00ee: pi\u015ftigir\u00eeya YPG w\u00ea berdewam be - Darka Maz\u00ee","robots":{"index":"index","follow":"follow","max-snippet":"max-snippet:-1","max-image-preview":"max-image-preview:large","max-video-preview":"max-video-preview:-1"},"canonical":"https:\/\/darkamazi.info\/archives\/1006735","og_locale":"en_US","og_type":"article","og_title":"Hevpeyman\u00eeya navdewlet\u00ee: pi\u015ftigir\u00eeya YPG w\u00ea berdewam be - Darka Maz\u00ee","og_description":"Hevpeyman\u00eeya navdewlet\u00ee e\u015fkere kir ku yek\u00eeney\u00ean parastna gel YPG tev berpirsyar\u00eey\u00ean xwe \u00ean lihevhatina nav\u00e7eya aram bicih kirine. Fermandar\u00eeya hevpeyman\u00eeya navdewlet\u00ee a li dj\u00ee DA\u00ce\u015e \u00eero di beyaneke niv\u00eesk\u00ee de behsa rola yek\u00eeney\u00ean parastina gel YPG di \u00e7ar\u00e7\u00fbveya lihevhatina diristkirina nav\u00e7eya aram a li rojhelata firat\u00ea kir \u00fb e\u015fkere kir, YPG tev berpirsyar\u00eey\u00ean xwe \u00ean [&hellip;]","og_url":"https:\/\/darkamazi.info\/archives\/1006735","og_site_name":"Darka Maz\u00ee","article_publisher":"https:\/\/www.facebook.com\/DarMaziKurmanci","article_published_time":"2019-09-09T12:50:33+00:00","article_modified_time":"2019-10-07T16:18:37+00:00","og_image":[{"width":2048,"height":1284,"url":"https:\/\/darkamazi.info\/file\/2019\/09\/\u0626\u06d5\u0645\u0631\u06cc\u06a9\u0627-\u0633\u06d5\u0631\u0628\u0627\u0632.jpg","type":"image\/jpeg"}],"author":"darka mazi","twitter_card":"summary_large_image","twitter_image":"https:\/\/darkamazi.info\/file\/2019\/09\/\u0626\u06d5\u0645\u0631\u06cc\u06a9\u0627-\u0633\u06d5\u0631\u0628\u0627\u0632.jpg","twitter_creator":"@DarkaMaziLatini","twitter_site":"@DarkaMaziLatini","twitter_misc":{"Written by":"darka mazi","Est. reading time":"1 minute"},"schema":{"@context":"https:\/\/schema.org","@graph":[{"@type":"Article","@id":"https:\/\/darkamazi.info\/archives\/1006735#article","isPartOf":{"@id":"https:\/\/darkamazi.info\/archives\/1006735"},"author":{"name":"darka mazi","@id":"https:\/\/darkamazi.info\/#\/schema\/person\/5ad3e24553a0567993fa8ed4bd0a776c"},"headline":"Hevpeyman\u00eeya navdewlet\u00ee: pi\u015ftigir\u00eeya YPG w\u00ea berdewam be","datePublished":"2019-09-09T12:50:33+00:00","dateModified":"2019-10-07T16:18:37+00:00","mainEntityOfPage":{"@id":"https:\/\/darkamazi.info\/archives\/1006735"},"wordCount":208,"publisher":{"@id":"https:\/\/darkamazi.info\/#organization"},"image":{"@id":"https:\/\/darkamazi.info\/archives\/1006735#primaryimage"},"thumbnailUrl":"https:\/\/darkamazi.info\/file\/2019\/09\/\u0626\u06d5\u0645\u0631\u06cc\u06a9\u0627-\u0633\u06d5\u0631\u0628\u0627\u0632.jpg","articleSection":["Kurdistan"],"inLanguage":"en-US"},{"@type":"WebPage","@id":"https:\/\/darkamazi.info\/archives\/1006735","url":"https:\/\/darkamazi.info\/archives\/1006735","name":"Hevpeyman\u00eeya navdewlet\u00ee: pi\u015ftigir\u00eeya YPG w\u00ea berdewam be - Darka Maz\u00ee","isPartOf":{"@id":"https:\/\/darkamazi.info\/#website"},"primaryImageOfPage":{"@id":"https:\/\/darkamazi.info\/archives\/1006735#primaryimage"},"image":{"@id":"https:\/\/darkamazi.info\/archives\/1006735#primaryimage"},"thumbnailUrl":"https:\/\/darkamazi.info\/file\/2019\/09\/\u0626\u06d5\u0645\u0631\u06cc\u06a9\u0627-\u0633\u06d5\u0631\u0628\u0627\u0632.jpg","datePublished":"2019-09-09T12:50:33+00:00","dateModified":"2019-10-07T16:18:37+00:00","breadcrumb":{"@id":"https:\/\/darkamazi.info\/archives\/1006735#breadcrumb"},"inLanguage":"en-US","potentialAction":[{"@type":"ReadAction","target":["https:\/\/darkamazi.info\/archives\/1006735"]}]},{"@type":"ImageObject","inLanguage":"en-US","@id":"https:\/\/darkamazi.info\/archives\/1006735#primaryimage","url":"https:\/\/darkamazi.info\/file\/2019\/09\/\u0626\u06d5\u0645\u0631\u06cc\u06a9\u0627-\u0633\u06d5\u0631\u0628\u0627\u0632.jpg","contentUrl":"https:\/\/darkamazi.info\/file\/2019\/09\/\u0626\u06d5\u0645\u0631\u06cc\u06a9\u0627-\u0633\u06d5\u0631\u0628\u0627\u0632.jpg","width":2048,"height":1284},{"@type":"BreadcrumbList","@id":"https:\/\/darkamazi.info\/archives\/1006735#breadcrumb","itemListElement":[{"@type":"ListItem","position":1,"name":"Home","item":"https:\/\/darkamazi.info\/"},{"@type":"ListItem","position":2,"name":"Hevpeyman\u00eeya navdewlet\u00ee: pi\u015ftigir\u00eeya YPG w\u00ea berdewam be"}]},{"@type":"WebSite","@id":"https:\/\/darkamazi.info\/#website","url":"https:\/\/darkamazi.info\/","name":"Darka Maz\u00ee","description":"P\u00eageha Zanyariy\u00ean Nebih\u00eest\u00ee","publisher":{"@id":"https:\/\/darkamazi.info\/#organization"},"potentialAction":[{"@type":"SearchAction","target":{"@type":"EntryPoint","urlTemplate":"https:\/\/darkamazi.info\/?s={search_term_string}"},"query-input":{"@type":"PropertyValueSpecification","valueRequired":true,"valueName":"search_term_string"}}],"inLanguage":"en-US"},{"@type":"Organization","@id":"https:\/\/darkamazi.info\/#organization","name":"Darka Maz\u00ee","url":"https:\/\/darkamazi.info\/","logo":{"@type":"ImageObject","inLanguage":"en-US","@id":"https:\/\/darkamazi.info\/#\/schema\/logo\/image\/","url":"https:\/\/darkamazi.info\/file\/2017\/12\/darka-mazi-logo.png","contentUrl":"https:\/\/darkamazi.info\/file\/2017\/12\/darka-mazi-logo.png","width":151,"height":75,"caption":"Darka Maz\u00ee"},"image":{"@id":"https:\/\/darkamazi.info\/#\/schema\/logo\/image\/"},"sameAs":["https:\/\/www.facebook.com\/DarMaziKurmanci","https:\/\/x.com\/DarkaMaziLatini","https:\/\/www.instagram.com\/darkamazi.kurmanci\/","https:\/\/www.youtube.com\/channel\/UCa5HkTdmI8U1qCUFuTw8B2g"]},{"@type":"Person","@id":"https:\/\/darkamazi.info\/#\/schema\/person\/5ad3e24553a0567993fa8ed4bd0a776c","name":"darka mazi","sameAs":["https:\/\/darkamazi.info\/"],"url":"https:\/\/darkamazi.info\/archives\/author\/kurdi"}]}},"_links":{"self":[{"href":"https:\/\/darkamazi.info\/funavuv\/wp\/v2\/posts\/1006735","targetHints":{"allow":["GET"]}}],"collection":[{"href":"https:\/\/darkamazi.info\/funavuv\/wp\/v2\/posts"}],"about":[{"href":"https:\/\/darkamazi.info\/funavuv\/wp\/v2\/types\/post"}],"author":[{"embeddable":true,"href":"https:\/\/darkamazi.info\/funavuv\/wp\/v2\/users\/2"}],"replies":[{"embeddable":true,"href":"https:\/\/darkamazi.info\/funavuv\/wp\/v2\/comments?post=1006735"}],"version-history":[{"count":0,"href":"https:\/\/darkamazi.info\/funavuv\/wp\/v2\/posts\/1006735\/revisions"}],"wp:featuredmedia":[{"embeddable":true,"href":"https:\/\/darkamazi.info\/funavuv\/wp\/v2\/media\/1006736"}],"wp:attachment":[{"href":"https:\/\/darkamazi.info\/funavuv\/wp\/v2\/media?parent=1006735"}],"wp:term":[{"taxonomy":"category","embeddable":true,"href":"https:\/\/darkamazi.info\/funavuv\/wp\/v2\/categories?post=1006735"},{"taxonomy":"post_tag","embeddable":true,"href":"https:\/\/darkamazi.info\/funavuv\/wp\/v2\/tags?post=1006735"}],"curies":[{"name":"wp","href":"https:\/\/api.w.org\/{rel}","templated":true}]}}