{"id":1006738,"date":"2019-09-09T16:00:53","date_gmt":"2019-09-09T13:00:53","guid":{"rendered":"https:\/\/darkamazi.info\/?p=1006738"},"modified":"2019-10-07T19:18:29","modified_gmt":"2019-10-07T16:18:29","slug":"sanda-hdp-u-serok-komare-iraqe-civiyan","status":"publish","type":"post","link":"https:\/\/darkamazi.info\/archives\/1006738","title":{"rendered":"\u015eanda HDP \u00fb Serok komar\u00ea \u00ceraq\u00ea civ\u00eeyan"},"content":{"rendered":"<h2><strong>Hevd\u00eetin\u00ean \u015fanda part\u00eeya demokrat\u00eek a gelan HDP \u00ean sl\u00eamany\u00ea \u00eero dest p\u00ea kirin \u00fb westgeha yekem\u00een a hevd\u00eetnan, D.Berhem Salih Serok komar\u00ea \u00ceraq\u00ea b\u00fb.<\/strong><\/h2>\n<h3>\u015eanda HDP bi serokat\u00eeya Sezay\u00ee Temel\u00ee hevserok\u00ea HDP, \u00eero geh\u00ee\u015ft Sil\u00eamany\u00ea, jibo p\u00eakan\u00eena hevd\u00eetn\u00ean li gel al\u00eey\u00ean s\u00eeyas\u00ee \u00ean w\u00ea par\u00eazgeh\u00eey\u00ea \u00fb li berah\u00eey\u00ea, li gel D.Berhem Salih serok komar\u00ea \u00ceraq\u00ea \u00fb serkirdey\u00ea part\u00eeya yek\u00eat\u00eeya ni\u015ft\u00eeman\u00ee a kurdistan\u00ea civ\u00eeya.<\/h3>\n<h3>Civ\u00eena \u015fanda HDP \u00fb serok komar\u00ea \u00ceraq\u00ea li mala Berhem Salih bir\u00eave\u00e7\u00fb \u00fb herdu al\u00eeyan giftoguya rew\u015fa nav\u00e7ey\u00ea bigi\u015ft\u00ee \u00fb t\u00eakily\u00ean dual\u00ee kirin.<\/h3>\n<h3>\u015eanda HDP weke hevd\u00eetn\u00ean p\u00ea\u015ftir \u00ean digel serkirdey\u00ean kurdistan\u00ea, pi\u015ftg\u00eer\u00eeya s\u00eeyas\u00ee ji Berhem Salih xwest.<\/h3>\n<h3>T\u00ea \u00e7aver\u00ea kirin, \u015fanda HDP heyama 2 rojan li sil\u00eamany\u00ea bim\u00eene, di bernameya wan j\u00ee de heye, hevd\u00eetn\u00ea digel hem\u00fb al\u00eey\u00ean s\u00eeyas\u00ee \u00ean w\u00ea par\u00eazgeh\u00eey\u00ea p\u00eakb\u00eenin.<\/h3>\n","protected":false},"excerpt":{"rendered":"<p>Hevd\u00eetin\u00ean \u015fanda part\u00eeya demokrat\u00eek a gelan HDP \u00ean sl\u00eamany\u00ea \u00eero dest p\u00ea kirin \u00fb westgeha yekem\u00een a hevd\u00eetnan, D.Berhem Salih Serok komar\u00ea \u00ceraq\u00ea b\u00fb. \u015eanda HDP bi serokat\u00eeya Sezay\u00ee Temel\u00ee hevserok\u00ea HDP, \u00eero geh\u00ee\u015ft Sil\u00eamany\u00ea, jibo p\u00eakan\u00eena hevd\u00eetn\u00ean li gel al\u00eey\u00ean s\u00eeyas\u00ee \u00ean w\u00ea par\u00eazgeh\u00eey\u00ea \u00fb li berah\u00eey\u00ea, li gel D.Berhem Salih serok komar\u00ea \u00ceraq\u00ea [&hellip;]<\/p>\n","protected":false},"author":2,"featured_media":1006739,"comment_status":"closed","ping_status":"closed","sticky":false,"template":"","format":"standard","meta":{"footnotes":""},"categories":[29],"tags":[],"class_list":["post-1006738","post","type-post","status-publish","format-standard","has-post-thumbnail","hentry","category-kurdistan"],"blocksy_meta":[],"seo_head":"<!-- This site is optimized with the Yoast SEO plugin v27.5 - https:\/\/yoast.com\/product\/yoast-seo-wordpress\/ -->\n<title>\u015eanda HDP \u00fb Serok komar\u00ea \u00ceraq\u00ea civ\u00eeyan - Darka Maz\u00ee<\/title>\n<meta name=\"robots\" content=\"index, follow, max-snippet:-1, max-image-preview:large, max-video-preview:-1\" \/>\n<link rel=\"canonical\" href=\"https:\/\/darkamazi.info\/archives\/1006738\" \/>\n<meta property=\"og:locale\" content=\"en_US\" \/>\n<meta property=\"og:type\" content=\"article\" \/>\n<meta property=\"og:title\" content=\"\u015eanda HDP \u00fb Serok komar\u00ea \u00ceraq\u00ea civ\u00eeyan - Darka Maz\u00ee\" \/>\n<meta property=\"og:description\" content=\"Hevd\u00eetin\u00ean \u015fanda part\u00eeya demokrat\u00eek a gelan HDP \u00ean sl\u00eamany\u00ea \u00eero dest p\u00ea kirin \u00fb westgeha yekem\u00een a hevd\u00eetnan, D.Berhem Salih Serok komar\u00ea \u00ceraq\u00ea b\u00fb. \u015eanda HDP bi serokat\u00eeya Sezay\u00ee Temel\u00ee hevserok\u00ea HDP, \u00eero geh\u00ee\u015ft Sil\u00eamany\u00ea, jibo p\u00eakan\u00eena hevd\u00eetn\u00ean li gel al\u00eey\u00ean s\u00eeyas\u00ee \u00ean w\u00ea par\u00eazgeh\u00eey\u00ea \u00fb li berah\u00eey\u00ea, li gel D.Berhem Salih serok komar\u00ea \u00ceraq\u00ea [&hellip;]\" \/>\n<meta property=\"og:url\" content=\"https:\/\/darkamazi.info\/archives\/1006738\" \/>\n<meta property=\"og:site_name\" content=\"Darka Maz\u00ee\" \/>\n<meta property=\"article:publisher\" content=\"https:\/\/www.facebook.com\/DarMaziKurmanci\" \/>\n<meta property=\"article:published_time\" content=\"2019-09-09T13:00:53+00:00\" \/>\n<meta property=\"article:modified_time\" content=\"2019-10-07T16:18:29+00:00\" \/>\n<meta property=\"og:image\" content=\"https:\/\/darkamazi.info\/file\/2019\/09\/\u0628\u06d5\u0631\u0647\u06d5\u0645-\u062f\u06af\u06d5\u0644-\u0647\u06d5\u062f\u06d5\u067e\u06ce.jpg\" \/>\n\t<meta property=\"og:image:width\" content=\"2048\" \/>\n\t<meta property=\"og:image:height\" content=\"1365\" \/>\n\t<meta property=\"og:image:type\" content=\"image\/jpeg\" \/>\n<meta name=\"author\" content=\"darka mazi\" \/>\n<meta name=\"twitter:card\" content=\"summary_large_image\" \/>\n<meta name=\"twitter:image\" content=\"https:\/\/darkamazi.info\/file\/2019\/09\/\u0628\u06d5\u0631\u0647\u06d5\u0645-\u062f\u06af\u06d5\u0644-\u0647\u06d5\u062f\u06d5\u067e\u06ce.jpg\" \/>\n<meta name=\"twitter:creator\" content=\"@DarkaMaziLatini\" \/>\n<meta name=\"twitter:site\" content=\"@DarkaMaziLatini\" \/>\n<meta name=\"twitter:label1\" content=\"Written by\" \/>\n\t<meta name=\"twitter:data1\" content=\"darka mazi\" \/>\n\t<meta name=\"twitter:label2\" content=\"Est. reading time\" \/>\n\t<meta name=\"twitter:data2\" content=\"1 minute\" \/>\n<script type=\"application\/ld+json\" class=\"seo-schema-graph\">{\"@context\":\"https:\\\/\\\/schema.org\",\"@graph\":[{\"@type\":\"Article\",\"@id\":\"https:\\\/\\\/darkamazi.info\\\/archives\\\/1006738#article\",\"isPartOf\":{\"@id\":\"https:\\\/\\\/darkamazi.info\\\/archives\\\/1006738\"},\"author\":{\"name\":\"darka mazi\",\"@id\":\"https:\\\/\\\/darkamazi.info\\\/#\\\/schema\\\/person\\\/5ad3e24553a0567993fa8ed4bd0a776c\"},\"headline\":\"\u015eanda HDP \u00fb Serok komar\u00ea \u00ceraq\u00ea civ\u00eeyan\",\"datePublished\":\"2019-09-09T13:00:53+00:00\",\"dateModified\":\"2019-10-07T16:18:29+00:00\",\"mainEntityOfPage\":{\"@id\":\"https:\\\/\\\/darkamazi.info\\\/archives\\\/1006738\"},\"wordCount\":181,\"publisher\":{\"@id\":\"https:\\\/\\\/darkamazi.info\\\/#organization\"},\"image\":{\"@id\":\"https:\\\/\\\/darkamazi.info\\\/archives\\\/1006738#primaryimage\"},\"thumbnailUrl\":\"https:\\\/\\\/darkamazi.info\\\/darka-content\\\/uploads\\\/2019\\\/09\\\/\u0628\u06d5\u0631\u0647\u06d5\u0645-\u062f\u06af\u06d5\u0644-\u0647\u06d5\u062f\u06d5\u067e\u06ce.jpg\",\"articleSection\":[\"Kurdistan\"],\"inLanguage\":\"en-US\"},{\"@type\":\"WebPage\",\"@id\":\"https:\\\/\\\/darkamazi.info\\\/archives\\\/1006738\",\"url\":\"https:\\\/\\\/darkamazi.info\\\/archives\\\/1006738\",\"name\":\"\u015eanda HDP \u00fb Serok komar\u00ea \u00ceraq\u00ea civ\u00eeyan - Darka Maz\u00ee\",\"isPartOf\":{\"@id\":\"https:\\\/\\\/darkamazi.info\\\/#website\"},\"primaryImageOfPage\":{\"@id\":\"https:\\\/\\\/darkamazi.info\\\/archives\\\/1006738#primaryimage\"},\"image\":{\"@id\":\"https:\\\/\\\/darkamazi.info\\\/archives\\\/1006738#primaryimage\"},\"thumbnailUrl\":\"https:\\\/\\\/darkamazi.info\\\/darka-content\\\/uploads\\\/2019\\\/09\\\/\u0628\u06d5\u0631\u0647\u06d5\u0645-\u062f\u06af\u06d5\u0644-\u0647\u06d5\u062f\u06d5\u067e\u06ce.jpg\",\"datePublished\":\"2019-09-09T13:00:53+00:00\",\"dateModified\":\"2019-10-07T16:18:29+00:00\",\"breadcrumb\":{\"@id\":\"https:\\\/\\\/darkamazi.info\\\/archives\\\/1006738#breadcrumb\"},\"inLanguage\":\"en-US\",\"potentialAction\":[{\"@type\":\"ReadAction\",\"target\":[\"https:\\\/\\\/darkamazi.info\\\/archives\\\/1006738\"]}]},{\"@type\":\"ImageObject\",\"inLanguage\":\"en-US\",\"@id\":\"https:\\\/\\\/darkamazi.info\\\/archives\\\/1006738#primaryimage\",\"url\":\"https:\\\/\\\/darkamazi.info\\\/darka-content\\\/uploads\\\/2019\\\/09\\\/\u0628\u06d5\u0631\u0647\u06d5\u0645-\u062f\u06af\u06d5\u0644-\u0647\u06d5\u062f\u06d5\u067e\u06ce.jpg\",\"contentUrl\":\"https:\\\/\\\/darkamazi.info\\\/darka-content\\\/uploads\\\/2019\\\/09\\\/\u0628\u06d5\u0631\u0647\u06d5\u0645-\u062f\u06af\u06d5\u0644-\u0647\u06d5\u062f\u06d5\u067e\u06ce.jpg\",\"width\":2048,\"height\":1365},{\"@type\":\"BreadcrumbList\",\"@id\":\"https:\\\/\\\/darkamazi.info\\\/archives\\\/1006738#breadcrumb\",\"itemListElement\":[{\"@type\":\"ListItem\",\"position\":1,\"name\":\"Home\",\"item\":\"https:\\\/\\\/darkamazi.info\\\/\"},{\"@type\":\"ListItem\",\"position\":2,\"name\":\"\u015eanda HDP \u00fb Serok komar\u00ea \u00ceraq\u00ea civ\u00eeyan\"}]},{\"@type\":\"WebSite\",\"@id\":\"https:\\\/\\\/darkamazi.info\\\/#website\",\"url\":\"https:\\\/\\\/darkamazi.info\\\/\",\"name\":\"Darka Maz\u00ee\",\"description\":\"P\u00eageha Zanyariy\u00ean Nebih\u00eest\u00ee\",\"publisher\":{\"@id\":\"https:\\\/\\\/darkamazi.info\\\/#organization\"},\"potentialAction\":[{\"@type\":\"SearchAction\",\"target\":{\"@type\":\"EntryPoint\",\"urlTemplate\":\"https:\\\/\\\/darkamazi.info\\\/?s={search_term_string}\"},\"query-input\":{\"@type\":\"PropertyValueSpecification\",\"valueRequired\":true,\"valueName\":\"search_term_string\"}}],\"inLanguage\":\"en-US\"},{\"@type\":\"Organization\",\"@id\":\"https:\\\/\\\/darkamazi.info\\\/#organization\",\"name\":\"Darka Maz\u00ee\",\"url\":\"https:\\\/\\\/darkamazi.info\\\/\",\"logo\":{\"@type\":\"ImageObject\",\"inLanguage\":\"en-US\",\"@id\":\"https:\\\/\\\/darkamazi.info\\\/#\\\/schema\\\/logo\\\/image\\\/\",\"url\":\"https:\\\/\\\/darkamazi.info\\\/darka-content\\\/uploads\\\/2017\\\/12\\\/darka-mazi-logo.png\",\"contentUrl\":\"https:\\\/\\\/darkamazi.info\\\/darka-content\\\/uploads\\\/2017\\\/12\\\/darka-mazi-logo.png\",\"width\":151,\"height\":75,\"caption\":\"Darka Maz\u00ee\"},\"image\":{\"@id\":\"https:\\\/\\\/darkamazi.info\\\/#\\\/schema\\\/logo\\\/image\\\/\"},\"sameAs\":[\"https:\\\/\\\/www.facebook.com\\\/DarMaziKurmanci\",\"https:\\\/\\\/x.com\\\/DarkaMaziLatini\",\"https:\\\/\\\/www.instagram.com\\\/darkamazi.kurmanci\\\/\",\"https:\\\/\\\/www.youtube.com\\\/channel\\\/UCa5HkTdmI8U1qCUFuTw8B2g\"]},{\"@type\":\"Person\",\"@id\":\"https:\\\/\\\/darkamazi.info\\\/#\\\/schema\\\/person\\\/5ad3e24553a0567993fa8ed4bd0a776c\",\"name\":\"darka mazi\",\"sameAs\":[\"https:\\\/\\\/darkamazi.info\\\/\"],\"url\":\"https:\\\/\\\/darkamazi.info\\\/archives\\\/author\\\/kurdi\"}]}<\/script>\n<!-- \/ Yoast SEO plugin. -->","seo_head_json":{"title":"\u015eanda HDP \u00fb Serok komar\u00ea \u00ceraq\u00ea civ\u00eeyan - Darka Maz\u00ee","robots":{"index":"index","follow":"follow","max-snippet":"max-snippet:-1","max-image-preview":"max-image-preview:large","max-video-preview":"max-video-preview:-1"},"canonical":"https:\/\/darkamazi.info\/archives\/1006738","og_locale":"en_US","og_type":"article","og_title":"\u015eanda HDP \u00fb Serok komar\u00ea \u00ceraq\u00ea civ\u00eeyan - Darka Maz\u00ee","og_description":"Hevd\u00eetin\u00ean \u015fanda part\u00eeya demokrat\u00eek a gelan HDP \u00ean sl\u00eamany\u00ea \u00eero dest p\u00ea kirin \u00fb westgeha yekem\u00een a hevd\u00eetnan, D.Berhem Salih Serok komar\u00ea \u00ceraq\u00ea b\u00fb. \u015eanda HDP bi serokat\u00eeya Sezay\u00ee Temel\u00ee hevserok\u00ea HDP, \u00eero geh\u00ee\u015ft Sil\u00eamany\u00ea, jibo p\u00eakan\u00eena hevd\u00eetn\u00ean li gel al\u00eey\u00ean s\u00eeyas\u00ee \u00ean w\u00ea par\u00eazgeh\u00eey\u00ea \u00fb li berah\u00eey\u00ea, li gel D.Berhem Salih serok komar\u00ea \u00ceraq\u00ea [&hellip;]","og_url":"https:\/\/darkamazi.info\/archives\/1006738","og_site_name":"Darka Maz\u00ee","article_publisher":"https:\/\/www.facebook.com\/DarMaziKurmanci","article_published_time":"2019-09-09T13:00:53+00:00","article_modified_time":"2019-10-07T16:18:29+00:00","og_image":[{"width":2048,"height":1365,"url":"https:\/\/darkamazi.info\/file\/2019\/09\/\u0628\u06d5\u0631\u0647\u06d5\u0645-\u062f\u06af\u06d5\u0644-\u0647\u06d5\u062f\u06d5\u067e\u06ce.jpg","type":"image\/jpeg"}],"author":"darka mazi","twitter_card":"summary_large_image","twitter_image":"https:\/\/darkamazi.info\/file\/2019\/09\/\u0628\u06d5\u0631\u0647\u06d5\u0645-\u062f\u06af\u06d5\u0644-\u0647\u06d5\u062f\u06d5\u067e\u06ce.jpg","twitter_creator":"@DarkaMaziLatini","twitter_site":"@DarkaMaziLatini","twitter_misc":{"Written by":"darka mazi","Est. reading time":"1 minute"},"schema":{"@context":"https:\/\/schema.org","@graph":[{"@type":"Article","@id":"https:\/\/darkamazi.info\/archives\/1006738#article","isPartOf":{"@id":"https:\/\/darkamazi.info\/archives\/1006738"},"author":{"name":"darka mazi","@id":"https:\/\/darkamazi.info\/#\/schema\/person\/5ad3e24553a0567993fa8ed4bd0a776c"},"headline":"\u015eanda HDP \u00fb Serok komar\u00ea \u00ceraq\u00ea civ\u00eeyan","datePublished":"2019-09-09T13:00:53+00:00","dateModified":"2019-10-07T16:18:29+00:00","mainEntityOfPage":{"@id":"https:\/\/darkamazi.info\/archives\/1006738"},"wordCount":181,"publisher":{"@id":"https:\/\/darkamazi.info\/#organization"},"image":{"@id":"https:\/\/darkamazi.info\/archives\/1006738#primaryimage"},"thumbnailUrl":"https:\/\/darkamazi.info\/file\/2019\/09\/\u0628\u06d5\u0631\u0647\u06d5\u0645-\u062f\u06af\u06d5\u0644-\u0647\u06d5\u062f\u06d5\u067e\u06ce.jpg","articleSection":["Kurdistan"],"inLanguage":"en-US"},{"@type":"WebPage","@id":"https:\/\/darkamazi.info\/archives\/1006738","url":"https:\/\/darkamazi.info\/archives\/1006738","name":"\u015eanda HDP \u00fb Serok komar\u00ea \u00ceraq\u00ea civ\u00eeyan - Darka Maz\u00ee","isPartOf":{"@id":"https:\/\/darkamazi.info\/#website"},"primaryImageOfPage":{"@id":"https:\/\/darkamazi.info\/archives\/1006738#primaryimage"},"image":{"@id":"https:\/\/darkamazi.info\/archives\/1006738#primaryimage"},"thumbnailUrl":"https:\/\/darkamazi.info\/file\/2019\/09\/\u0628\u06d5\u0631\u0647\u06d5\u0645-\u062f\u06af\u06d5\u0644-\u0647\u06d5\u062f\u06d5\u067e\u06ce.jpg","datePublished":"2019-09-09T13:00:53+00:00","dateModified":"2019-10-07T16:18:29+00:00","breadcrumb":{"@id":"https:\/\/darkamazi.info\/archives\/1006738#breadcrumb"},"inLanguage":"en-US","potentialAction":[{"@type":"ReadAction","target":["https:\/\/darkamazi.info\/archives\/1006738"]}]},{"@type":"ImageObject","inLanguage":"en-US","@id":"https:\/\/darkamazi.info\/archives\/1006738#primaryimage","url":"https:\/\/darkamazi.info\/file\/2019\/09\/\u0628\u06d5\u0631\u0647\u06d5\u0645-\u062f\u06af\u06d5\u0644-\u0647\u06d5\u062f\u06d5\u067e\u06ce.jpg","contentUrl":"https:\/\/darkamazi.info\/file\/2019\/09\/\u0628\u06d5\u0631\u0647\u06d5\u0645-\u062f\u06af\u06d5\u0644-\u0647\u06d5\u062f\u06d5\u067e\u06ce.jpg","width":2048,"height":1365},{"@type":"BreadcrumbList","@id":"https:\/\/darkamazi.info\/archives\/1006738#breadcrumb","itemListElement":[{"@type":"ListItem","position":1,"name":"Home","item":"https:\/\/darkamazi.info\/"},{"@type":"ListItem","position":2,"name":"\u015eanda HDP \u00fb Serok komar\u00ea \u00ceraq\u00ea civ\u00eeyan"}]},{"@type":"WebSite","@id":"https:\/\/darkamazi.info\/#website","url":"https:\/\/darkamazi.info\/","name":"Darka Maz\u00ee","description":"P\u00eageha Zanyariy\u00ean Nebih\u00eest\u00ee","publisher":{"@id":"https:\/\/darkamazi.info\/#organization"},"potentialAction":[{"@type":"SearchAction","target":{"@type":"EntryPoint","urlTemplate":"https:\/\/darkamazi.info\/?s={search_term_string}"},"query-input":{"@type":"PropertyValueSpecification","valueRequired":true,"valueName":"search_term_string"}}],"inLanguage":"en-US"},{"@type":"Organization","@id":"https:\/\/darkamazi.info\/#organization","name":"Darka Maz\u00ee","url":"https:\/\/darkamazi.info\/","logo":{"@type":"ImageObject","inLanguage":"en-US","@id":"https:\/\/darkamazi.info\/#\/schema\/logo\/image\/","url":"https:\/\/darkamazi.info\/file\/2017\/12\/darka-mazi-logo.png","contentUrl":"https:\/\/darkamazi.info\/file\/2017\/12\/darka-mazi-logo.png","width":151,"height":75,"caption":"Darka Maz\u00ee"},"image":{"@id":"https:\/\/darkamazi.info\/#\/schema\/logo\/image\/"},"sameAs":["https:\/\/www.facebook.com\/DarMaziKurmanci","https:\/\/x.com\/DarkaMaziLatini","https:\/\/www.instagram.com\/darkamazi.kurmanci\/","https:\/\/www.youtube.com\/channel\/UCa5HkTdmI8U1qCUFuTw8B2g"]},{"@type":"Person","@id":"https:\/\/darkamazi.info\/#\/schema\/person\/5ad3e24553a0567993fa8ed4bd0a776c","name":"darka mazi","sameAs":["https:\/\/darkamazi.info\/"],"url":"https:\/\/darkamazi.info\/archives\/author\/kurdi"}]}},"_links":{"self":[{"href":"https:\/\/darkamazi.info\/funavuv\/wp\/v2\/posts\/1006738","targetHints":{"allow":["GET"]}}],"collection":[{"href":"https:\/\/darkamazi.info\/funavuv\/wp\/v2\/posts"}],"about":[{"href":"https:\/\/darkamazi.info\/funavuv\/wp\/v2\/types\/post"}],"author":[{"embeddable":true,"href":"https:\/\/darkamazi.info\/funavuv\/wp\/v2\/users\/2"}],"replies":[{"embeddable":true,"href":"https:\/\/darkamazi.info\/funavuv\/wp\/v2\/comments?post=1006738"}],"version-history":[{"count":0,"href":"https:\/\/darkamazi.info\/funavuv\/wp\/v2\/posts\/1006738\/revisions"}],"wp:featuredmedia":[{"embeddable":true,"href":"https:\/\/darkamazi.info\/funavuv\/wp\/v2\/media\/1006739"}],"wp:attachment":[{"href":"https:\/\/darkamazi.info\/funavuv\/wp\/v2\/media?parent=1006738"}],"wp:term":[{"taxonomy":"category","embeddable":true,"href":"https:\/\/darkamazi.info\/funavuv\/wp\/v2\/categories?post=1006738"},{"taxonomy":"post_tag","embeddable":true,"href":"https:\/\/darkamazi.info\/funavuv\/wp\/v2\/tags?post=1006738"}],"curies":[{"name":"wp","href":"https:\/\/api.w.org\/{rel}","templated":true}]}}