{"id":1006741,"date":"2019-09-09T16:07:23","date_gmt":"2019-09-09T13:07:23","guid":{"rendered":"https:\/\/darkamazi.info\/?p=1006741"},"modified":"2019-10-07T19:18:21","modified_gmt":"2019-10-07T16:18:21","slug":"203-kocberen-bedestur-li-izmire-hatin-girtin","status":"publish","type":"post","link":"https:\/\/darkamazi.info\/archives\/1006741","title":{"rendered":"203 ko\u00e7ber\u00ean b\u00eadest\u00fbr li \u00cezm\u00eer\u00ea hatin girtin"},"content":{"rendered":"<h2><strong>Di operasyonek\u00ea de li \u00cezm\u00eer\u00ea 203 ko\u00e7ber\u00ean b\u00eadest\u00fbr ku di xwestin bi r\u00eayeke neqan\u00fbn\u00ee derbas\u00ee yonan\u00ea bibin, hatin girtin.<\/strong><\/h2>\n<h3>H\u00eaz\u00ean beravan \u00ean Tirk\u062dy\u00ea, \u00eero kar\u00een 203 ko\u00e7ber\u00ean b\u00eadest\u00fbr ku di 2 belem\u00ean last\u00eek de b\u00fbn, li berav\u00ean par\u00eazgeha \u00cezm\u00eer\u00ea hatin girtin.<\/h3>\n<h3>Di nava ko\u00e7beran de, tev\u00ee jin \u00fb zaro heb\u00fbn \u00fb her hem\u00fb di deryaya \u00cece de hatine desteser kirin \u00fb bi amanca l\u00eakol\u00een\u00ea jibo mid\u00fbryeta ko\u00e7beran a<br \/>\n\u00cezm\u00eer\u00ea hatin veguhastin\u00ea.<\/h3>\n","protected":false},"excerpt":{"rendered":"<p>Di operasyonek\u00ea de li \u00cezm\u00eer\u00ea 203 ko\u00e7ber\u00ean b\u00eadest\u00fbr ku di xwestin bi r\u00eayeke neqan\u00fbn\u00ee derbas\u00ee yonan\u00ea bibin, hatin girtin. H\u00eaz\u00ean beravan \u00ean Tirk\u062dy\u00ea, \u00eero kar\u00een 203 ko\u00e7ber\u00ean b\u00eadest\u00fbr ku di 2 belem\u00ean last\u00eek de b\u00fbn, li berav\u00ean par\u00eazgeha \u00cezm\u00eer\u00ea hatin girtin. Di nava ko\u00e7beran de, tev\u00ee jin \u00fb zaro heb\u00fbn \u00fb her hem\u00fb di deryaya [&hellip;]<\/p>\n","protected":false},"author":2,"featured_media":1006742,"comment_status":"closed","ping_status":"closed","sticky":false,"template":"","format":"standard","meta":{"footnotes":""},"categories":[31],"tags":[],"class_list":["post-1006741","post","type-post","status-publish","format-standard","has-post-thumbnail","hentry","category-rojhelata-navin"],"blocksy_meta":[],"seo_head":"<!-- This site is optimized with the Yoast SEO plugin v27.5 - https:\/\/yoast.com\/product\/yoast-seo-wordpress\/ -->\n<title>203 ko\u00e7ber\u00ean b\u00eadest\u00fbr li \u00cezm\u00eer\u00ea hatin girtin - Darka Maz\u00ee<\/title>\n<meta name=\"robots\" content=\"index, follow, max-snippet:-1, max-image-preview:large, max-video-preview:-1\" \/>\n<link rel=\"canonical\" href=\"https:\/\/darkamazi.info\/archives\/1006741\" \/>\n<meta property=\"og:locale\" content=\"en_US\" \/>\n<meta property=\"og:type\" content=\"article\" \/>\n<meta property=\"og:title\" content=\"203 ko\u00e7ber\u00ean b\u00eadest\u00fbr li \u00cezm\u00eer\u00ea hatin girtin - Darka Maz\u00ee\" \/>\n<meta property=\"og:description\" content=\"Di operasyonek\u00ea de li \u00cezm\u00eer\u00ea 203 ko\u00e7ber\u00ean b\u00eadest\u00fbr ku di xwestin bi r\u00eayeke neqan\u00fbn\u00ee derbas\u00ee yonan\u00ea bibin, hatin girtin. H\u00eaz\u00ean beravan \u00ean Tirk\u062dy\u00ea, \u00eero kar\u00een 203 ko\u00e7ber\u00ean b\u00eadest\u00fbr ku di 2 belem\u00ean last\u00eek de b\u00fbn, li berav\u00ean par\u00eazgeha \u00cezm\u00eer\u00ea hatin girtin. Di nava ko\u00e7beran de, tev\u00ee jin \u00fb zaro heb\u00fbn \u00fb her hem\u00fb di deryaya [&hellip;]\" \/>\n<meta property=\"og:url\" content=\"https:\/\/darkamazi.info\/archives\/1006741\" \/>\n<meta property=\"og:site_name\" content=\"Darka Maz\u00ee\" \/>\n<meta property=\"article:publisher\" content=\"https:\/\/www.facebook.com\/DarMaziKurmanci\" \/>\n<meta property=\"article:published_time\" content=\"2019-09-09T13:07:23+00:00\" \/>\n<meta property=\"article:modified_time\" content=\"2019-10-07T16:18:21+00:00\" \/>\n<meta property=\"og:image\" content=\"https:\/\/darkamazi.info\/file\/2019\/09\/\u06a9\u0648\u0686\u0628\u06d5\u0631.jpg\" \/>\n\t<meta property=\"og:image:width\" content=\"2048\" \/>\n\t<meta property=\"og:image:height\" content=\"1365\" \/>\n\t<meta property=\"og:image:type\" content=\"image\/jpeg\" \/>\n<meta name=\"author\" content=\"darka mazi\" \/>\n<meta name=\"twitter:card\" content=\"summary_large_image\" \/>\n<meta name=\"twitter:image\" content=\"https:\/\/darkamazi.info\/file\/2019\/09\/\u06a9\u0648\u0686\u0628\u06d5\u0631.jpg\" \/>\n<meta name=\"twitter:creator\" content=\"@DarkaMaziLatini\" \/>\n<meta name=\"twitter:site\" content=\"@DarkaMaziLatini\" \/>\n<meta name=\"twitter:label1\" content=\"Written by\" \/>\n\t<meta name=\"twitter:data1\" content=\"darka mazi\" \/>\n<script type=\"application\/ld+json\" class=\"seo-schema-graph\">{\"@context\":\"https:\\\/\\\/schema.org\",\"@graph\":[{\"@type\":\"Article\",\"@id\":\"https:\\\/\\\/darkamazi.info\\\/archives\\\/1006741#article\",\"isPartOf\":{\"@id\":\"https:\\\/\\\/darkamazi.info\\\/archives\\\/1006741\"},\"author\":{\"name\":\"darka mazi\",\"@id\":\"https:\\\/\\\/darkamazi.info\\\/#\\\/schema\\\/person\\\/5ad3e24553a0567993fa8ed4bd0a776c\"},\"headline\":\"203 ko\u00e7ber\u00ean b\u00eadest\u00fbr li \u00cezm\u00eer\u00ea hatin girtin\",\"datePublished\":\"2019-09-09T13:07:23+00:00\",\"dateModified\":\"2019-10-07T16:18:21+00:00\",\"mainEntityOfPage\":{\"@id\":\"https:\\\/\\\/darkamazi.info\\\/archives\\\/1006741\"},\"wordCount\":104,\"publisher\":{\"@id\":\"https:\\\/\\\/darkamazi.info\\\/#organization\"},\"image\":{\"@id\":\"https:\\\/\\\/darkamazi.info\\\/archives\\\/1006741#primaryimage\"},\"thumbnailUrl\":\"https:\\\/\\\/darkamazi.info\\\/darka-content\\\/uploads\\\/2019\\\/09\\\/\u06a9\u0648\u0686\u0628\u06d5\u0631.jpg\",\"articleSection\":[\"Rojhelata nav\u00een\"],\"inLanguage\":\"en-US\"},{\"@type\":\"WebPage\",\"@id\":\"https:\\\/\\\/darkamazi.info\\\/archives\\\/1006741\",\"url\":\"https:\\\/\\\/darkamazi.info\\\/archives\\\/1006741\",\"name\":\"203 ko\u00e7ber\u00ean b\u00eadest\u00fbr li \u00cezm\u00eer\u00ea hatin girtin - Darka Maz\u00ee\",\"isPartOf\":{\"@id\":\"https:\\\/\\\/darkamazi.info\\\/#website\"},\"primaryImageOfPage\":{\"@id\":\"https:\\\/\\\/darkamazi.info\\\/archives\\\/1006741#primaryimage\"},\"image\":{\"@id\":\"https:\\\/\\\/darkamazi.info\\\/archives\\\/1006741#primaryimage\"},\"thumbnailUrl\":\"https:\\\/\\\/darkamazi.info\\\/darka-content\\\/uploads\\\/2019\\\/09\\\/\u06a9\u0648\u0686\u0628\u06d5\u0631.jpg\",\"datePublished\":\"2019-09-09T13:07:23+00:00\",\"dateModified\":\"2019-10-07T16:18:21+00:00\",\"breadcrumb\":{\"@id\":\"https:\\\/\\\/darkamazi.info\\\/archives\\\/1006741#breadcrumb\"},\"inLanguage\":\"en-US\",\"potentialAction\":[{\"@type\":\"ReadAction\",\"target\":[\"https:\\\/\\\/darkamazi.info\\\/archives\\\/1006741\"]}]},{\"@type\":\"ImageObject\",\"inLanguage\":\"en-US\",\"@id\":\"https:\\\/\\\/darkamazi.info\\\/archives\\\/1006741#primaryimage\",\"url\":\"https:\\\/\\\/darkamazi.info\\\/darka-content\\\/uploads\\\/2019\\\/09\\\/\u06a9\u0648\u0686\u0628\u06d5\u0631.jpg\",\"contentUrl\":\"https:\\\/\\\/darkamazi.info\\\/darka-content\\\/uploads\\\/2019\\\/09\\\/\u06a9\u0648\u0686\u0628\u06d5\u0631.jpg\",\"width\":2048,\"height\":1365},{\"@type\":\"BreadcrumbList\",\"@id\":\"https:\\\/\\\/darkamazi.info\\\/archives\\\/1006741#breadcrumb\",\"itemListElement\":[{\"@type\":\"ListItem\",\"position\":1,\"name\":\"Home\",\"item\":\"https:\\\/\\\/darkamazi.info\\\/\"},{\"@type\":\"ListItem\",\"position\":2,\"name\":\"203 ko\u00e7ber\u00ean b\u00eadest\u00fbr li \u00cezm\u00eer\u00ea hatin girtin\"}]},{\"@type\":\"WebSite\",\"@id\":\"https:\\\/\\\/darkamazi.info\\\/#website\",\"url\":\"https:\\\/\\\/darkamazi.info\\\/\",\"name\":\"Darka Maz\u00ee\",\"description\":\"P\u00eageha Zanyariy\u00ean Nebih\u00eest\u00ee\",\"publisher\":{\"@id\":\"https:\\\/\\\/darkamazi.info\\\/#organization\"},\"potentialAction\":[{\"@type\":\"SearchAction\",\"target\":{\"@type\":\"EntryPoint\",\"urlTemplate\":\"https:\\\/\\\/darkamazi.info\\\/?s={search_term_string}\"},\"query-input\":{\"@type\":\"PropertyValueSpecification\",\"valueRequired\":true,\"valueName\":\"search_term_string\"}}],\"inLanguage\":\"en-US\"},{\"@type\":\"Organization\",\"@id\":\"https:\\\/\\\/darkamazi.info\\\/#organization\",\"name\":\"Darka Maz\u00ee\",\"url\":\"https:\\\/\\\/darkamazi.info\\\/\",\"logo\":{\"@type\":\"ImageObject\",\"inLanguage\":\"en-US\",\"@id\":\"https:\\\/\\\/darkamazi.info\\\/#\\\/schema\\\/logo\\\/image\\\/\",\"url\":\"https:\\\/\\\/darkamazi.info\\\/darka-content\\\/uploads\\\/2017\\\/12\\\/darka-mazi-logo.png\",\"contentUrl\":\"https:\\\/\\\/darkamazi.info\\\/darka-content\\\/uploads\\\/2017\\\/12\\\/darka-mazi-logo.png\",\"width\":151,\"height\":75,\"caption\":\"Darka Maz\u00ee\"},\"image\":{\"@id\":\"https:\\\/\\\/darkamazi.info\\\/#\\\/schema\\\/logo\\\/image\\\/\"},\"sameAs\":[\"https:\\\/\\\/www.facebook.com\\\/DarMaziKurmanci\",\"https:\\\/\\\/x.com\\\/DarkaMaziLatini\",\"https:\\\/\\\/www.instagram.com\\\/darkamazi.kurmanci\\\/\",\"https:\\\/\\\/www.youtube.com\\\/channel\\\/UCa5HkTdmI8U1qCUFuTw8B2g\"]},{\"@type\":\"Person\",\"@id\":\"https:\\\/\\\/darkamazi.info\\\/#\\\/schema\\\/person\\\/5ad3e24553a0567993fa8ed4bd0a776c\",\"name\":\"darka mazi\",\"sameAs\":[\"https:\\\/\\\/darkamazi.info\\\/\"],\"url\":\"https:\\\/\\\/darkamazi.info\\\/archives\\\/author\\\/kurdi\"}]}<\/script>\n<!-- \/ Yoast SEO plugin. -->","seo_head_json":{"title":"203 ko\u00e7ber\u00ean b\u00eadest\u00fbr li \u00cezm\u00eer\u00ea hatin girtin - Darka Maz\u00ee","robots":{"index":"index","follow":"follow","max-snippet":"max-snippet:-1","max-image-preview":"max-image-preview:large","max-video-preview":"max-video-preview:-1"},"canonical":"https:\/\/darkamazi.info\/archives\/1006741","og_locale":"en_US","og_type":"article","og_title":"203 ko\u00e7ber\u00ean b\u00eadest\u00fbr li \u00cezm\u00eer\u00ea hatin girtin - Darka Maz\u00ee","og_description":"Di operasyonek\u00ea de li \u00cezm\u00eer\u00ea 203 ko\u00e7ber\u00ean b\u00eadest\u00fbr ku di xwestin bi r\u00eayeke neqan\u00fbn\u00ee derbas\u00ee yonan\u00ea bibin, hatin girtin. H\u00eaz\u00ean beravan \u00ean Tirk\u062dy\u00ea, \u00eero kar\u00een 203 ko\u00e7ber\u00ean b\u00eadest\u00fbr ku di 2 belem\u00ean last\u00eek de b\u00fbn, li berav\u00ean par\u00eazgeha \u00cezm\u00eer\u00ea hatin girtin. Di nava ko\u00e7beran de, tev\u00ee jin \u00fb zaro heb\u00fbn \u00fb her hem\u00fb di deryaya [&hellip;]","og_url":"https:\/\/darkamazi.info\/archives\/1006741","og_site_name":"Darka Maz\u00ee","article_publisher":"https:\/\/www.facebook.com\/DarMaziKurmanci","article_published_time":"2019-09-09T13:07:23+00:00","article_modified_time":"2019-10-07T16:18:21+00:00","og_image":[{"width":2048,"height":1365,"url":"https:\/\/darkamazi.info\/file\/2019\/09\/\u06a9\u0648\u0686\u0628\u06d5\u0631.jpg","type":"image\/jpeg"}],"author":"darka mazi","twitter_card":"summary_large_image","twitter_image":"https:\/\/darkamazi.info\/file\/2019\/09\/\u06a9\u0648\u0686\u0628\u06d5\u0631.jpg","twitter_creator":"@DarkaMaziLatini","twitter_site":"@DarkaMaziLatini","twitter_misc":{"Written by":"darka mazi"},"schema":{"@context":"https:\/\/schema.org","@graph":[{"@type":"Article","@id":"https:\/\/darkamazi.info\/archives\/1006741#article","isPartOf":{"@id":"https:\/\/darkamazi.info\/archives\/1006741"},"author":{"name":"darka mazi","@id":"https:\/\/darkamazi.info\/#\/schema\/person\/5ad3e24553a0567993fa8ed4bd0a776c"},"headline":"203 ko\u00e7ber\u00ean b\u00eadest\u00fbr li \u00cezm\u00eer\u00ea hatin girtin","datePublished":"2019-09-09T13:07:23+00:00","dateModified":"2019-10-07T16:18:21+00:00","mainEntityOfPage":{"@id":"https:\/\/darkamazi.info\/archives\/1006741"},"wordCount":104,"publisher":{"@id":"https:\/\/darkamazi.info\/#organization"},"image":{"@id":"https:\/\/darkamazi.info\/archives\/1006741#primaryimage"},"thumbnailUrl":"https:\/\/darkamazi.info\/file\/2019\/09\/\u06a9\u0648\u0686\u0628\u06d5\u0631.jpg","articleSection":["Rojhelata nav\u00een"],"inLanguage":"en-US"},{"@type":"WebPage","@id":"https:\/\/darkamazi.info\/archives\/1006741","url":"https:\/\/darkamazi.info\/archives\/1006741","name":"203 ko\u00e7ber\u00ean b\u00eadest\u00fbr li \u00cezm\u00eer\u00ea hatin girtin - Darka Maz\u00ee","isPartOf":{"@id":"https:\/\/darkamazi.info\/#website"},"primaryImageOfPage":{"@id":"https:\/\/darkamazi.info\/archives\/1006741#primaryimage"},"image":{"@id":"https:\/\/darkamazi.info\/archives\/1006741#primaryimage"},"thumbnailUrl":"https:\/\/darkamazi.info\/file\/2019\/09\/\u06a9\u0648\u0686\u0628\u06d5\u0631.jpg","datePublished":"2019-09-09T13:07:23+00:00","dateModified":"2019-10-07T16:18:21+00:00","breadcrumb":{"@id":"https:\/\/darkamazi.info\/archives\/1006741#breadcrumb"},"inLanguage":"en-US","potentialAction":[{"@type":"ReadAction","target":["https:\/\/darkamazi.info\/archives\/1006741"]}]},{"@type":"ImageObject","inLanguage":"en-US","@id":"https:\/\/darkamazi.info\/archives\/1006741#primaryimage","url":"https:\/\/darkamazi.info\/file\/2019\/09\/\u06a9\u0648\u0686\u0628\u06d5\u0631.jpg","contentUrl":"https:\/\/darkamazi.info\/file\/2019\/09\/\u06a9\u0648\u0686\u0628\u06d5\u0631.jpg","width":2048,"height":1365},{"@type":"BreadcrumbList","@id":"https:\/\/darkamazi.info\/archives\/1006741#breadcrumb","itemListElement":[{"@type":"ListItem","position":1,"name":"Home","item":"https:\/\/darkamazi.info\/"},{"@type":"ListItem","position":2,"name":"203 ko\u00e7ber\u00ean b\u00eadest\u00fbr li \u00cezm\u00eer\u00ea hatin girtin"}]},{"@type":"WebSite","@id":"https:\/\/darkamazi.info\/#website","url":"https:\/\/darkamazi.info\/","name":"Darka Maz\u00ee","description":"P\u00eageha Zanyariy\u00ean Nebih\u00eest\u00ee","publisher":{"@id":"https:\/\/darkamazi.info\/#organization"},"potentialAction":[{"@type":"SearchAction","target":{"@type":"EntryPoint","urlTemplate":"https:\/\/darkamazi.info\/?s={search_term_string}"},"query-input":{"@type":"PropertyValueSpecification","valueRequired":true,"valueName":"search_term_string"}}],"inLanguage":"en-US"},{"@type":"Organization","@id":"https:\/\/darkamazi.info\/#organization","name":"Darka Maz\u00ee","url":"https:\/\/darkamazi.info\/","logo":{"@type":"ImageObject","inLanguage":"en-US","@id":"https:\/\/darkamazi.info\/#\/schema\/logo\/image\/","url":"https:\/\/darkamazi.info\/file\/2017\/12\/darka-mazi-logo.png","contentUrl":"https:\/\/darkamazi.info\/file\/2017\/12\/darka-mazi-logo.png","width":151,"height":75,"caption":"Darka Maz\u00ee"},"image":{"@id":"https:\/\/darkamazi.info\/#\/schema\/logo\/image\/"},"sameAs":["https:\/\/www.facebook.com\/DarMaziKurmanci","https:\/\/x.com\/DarkaMaziLatini","https:\/\/www.instagram.com\/darkamazi.kurmanci\/","https:\/\/www.youtube.com\/channel\/UCa5HkTdmI8U1qCUFuTw8B2g"]},{"@type":"Person","@id":"https:\/\/darkamazi.info\/#\/schema\/person\/5ad3e24553a0567993fa8ed4bd0a776c","name":"darka mazi","sameAs":["https:\/\/darkamazi.info\/"],"url":"https:\/\/darkamazi.info\/archives\/author\/kurdi"}]}},"_links":{"self":[{"href":"https:\/\/darkamazi.info\/funavuv\/wp\/v2\/posts\/1006741","targetHints":{"allow":["GET"]}}],"collection":[{"href":"https:\/\/darkamazi.info\/funavuv\/wp\/v2\/posts"}],"about":[{"href":"https:\/\/darkamazi.info\/funavuv\/wp\/v2\/types\/post"}],"author":[{"embeddable":true,"href":"https:\/\/darkamazi.info\/funavuv\/wp\/v2\/users\/2"}],"replies":[{"embeddable":true,"href":"https:\/\/darkamazi.info\/funavuv\/wp\/v2\/comments?post=1006741"}],"version-history":[{"count":0,"href":"https:\/\/darkamazi.info\/funavuv\/wp\/v2\/posts\/1006741\/revisions"}],"wp:featuredmedia":[{"embeddable":true,"href":"https:\/\/darkamazi.info\/funavuv\/wp\/v2\/media\/1006742"}],"wp:attachment":[{"href":"https:\/\/darkamazi.info\/funavuv\/wp\/v2\/media?parent=1006741"}],"wp:term":[{"taxonomy":"category","embeddable":true,"href":"https:\/\/darkamazi.info\/funavuv\/wp\/v2\/categories?post=1006741"},{"taxonomy":"post_tag","embeddable":true,"href":"https:\/\/darkamazi.info\/funavuv\/wp\/v2\/tags?post=1006741"}],"curies":[{"name":"wp","href":"https:\/\/api.w.org\/{rel}","templated":true}]}}