{"id":1006744,"date":"2019-09-09T16:14:03","date_gmt":"2019-09-09T13:14:03","guid":{"rendered":"https:\/\/darkamazi.info\/?p=1006744"},"modified":"2019-10-07T19:18:14","modified_gmt":"2019-10-07T16:18:14","slug":"2-endamen-pkk-u-kck-li-amede-hatin-girtin","status":"publish","type":"post","link":"https:\/\/darkamazi.info\/archives\/1006744","title":{"rendered":"2 Endam\u00ean PKK \u00fb KCK li Amed\u00ea hatin girtin"},"content":{"rendered":"<h2><strong>Di operasyoneke h\u00eaz\u00ean mid\u00fbr\u00eeya \u015faxa teko\u015f\u00eena li dij\u00ee teror\u00ea a ser bi fermandar\u00eeya cendirmeyan ve, \u00eero 2 endam\u00ean PKK \u00fb KCK hatin girtin.<\/strong><\/h2>\n<h3>Li gor\u00ee daxuyan\u00eeya walit\u00eey\u00ea, t\u00eem\u00ean mid\u00fbr\u00eeya \u015faxa teko\u015f\u00eena li dij\u00ee teror\u00ea \u00ean ser bi fermandar\u00eeya cendirmeyan ve, 2 endam\u00ean part\u00eeya karker\u00ean kurdistan\u00ea PKK \u00fb koma civak\u00ean kurdistan\u00ea KCK ku bi seywana h\u00eaz\u00ean s\u00eeyas\u00ee \u00ean ser bi PKK ve t\u00ea hejmar kirin, hatin girtin.<\/h3>\n<h3>Walit\u00eeya Amed\u00ea e\u015fkere kir\u00eeye, kes\u00ean ku hatine girtin, perwerdeya xwe a r\u00eakxistin\u00ea \u00fb \u00eedoloj\u00eek temam kirine \u00fb li r\u00eakxistin\u00ean nih\u00ean\u00ee \u00ean PKK de hatb\u00fbn wez\u00eefedar kirin.<\/h3>\n<h3>T\u00eem\u00ean mid\u00fbr\u00eeya teko\u015f\u00eena li dj\u00ee teror\u00ea j\u00ee ew her2 kes li Amed\u00ea bi s\u00fb\u00e7a endam\u00eat\u00eeya r\u00eakxistneke \u00e7ekdar a qedexe kir\u00ee ew girtne.<\/h3>\n","protected":false},"excerpt":{"rendered":"<p>Di operasyoneke h\u00eaz\u00ean mid\u00fbr\u00eeya \u015faxa teko\u015f\u00eena li dij\u00ee teror\u00ea a ser bi fermandar\u00eeya cendirmeyan ve, \u00eero 2 endam\u00ean PKK \u00fb KCK hatin girtin. Li gor\u00ee daxuyan\u00eeya walit\u00eey\u00ea, t\u00eem\u00ean mid\u00fbr\u00eeya \u015faxa teko\u015f\u00eena li dij\u00ee teror\u00ea \u00ean ser bi fermandar\u00eeya cendirmeyan ve, 2 endam\u00ean part\u00eeya karker\u00ean kurdistan\u00ea PKK \u00fb koma civak\u00ean kurdistan\u00ea KCK ku bi seywana h\u00eaz\u00ean [&hellip;]<\/p>\n","protected":false},"author":2,"featured_media":1006745,"comment_status":"closed","ping_status":"closed","sticky":false,"template":"","format":"standard","meta":{"footnotes":""},"categories":[29],"tags":[],"class_list":["post-1006744","post","type-post","status-publish","format-standard","has-post-thumbnail","hentry","category-kurdistan"],"blocksy_meta":[],"seo_head":"<!-- This site is optimized with the Yoast SEO plugin v27.5 - https:\/\/yoast.com\/product\/yoast-seo-wordpress\/ -->\n<title>2 Endam\u00ean PKK \u00fb KCK li Amed\u00ea hatin girtin - Darka Maz\u00ee<\/title>\n<meta name=\"robots\" content=\"index, follow, max-snippet:-1, max-image-preview:large, max-video-preview:-1\" \/>\n<link rel=\"canonical\" href=\"https:\/\/darkamazi.info\/archives\/1006744\" \/>\n<meta property=\"og:locale\" content=\"en_US\" \/>\n<meta property=\"og:type\" content=\"article\" \/>\n<meta property=\"og:title\" content=\"2 Endam\u00ean PKK \u00fb KCK li Amed\u00ea hatin girtin - Darka Maz\u00ee\" \/>\n<meta property=\"og:description\" content=\"Di operasyoneke h\u00eaz\u00ean mid\u00fbr\u00eeya \u015faxa teko\u015f\u00eena li dij\u00ee teror\u00ea a ser bi fermandar\u00eeya cendirmeyan ve, \u00eero 2 endam\u00ean PKK \u00fb KCK hatin girtin. Li gor\u00ee daxuyan\u00eeya walit\u00eey\u00ea, t\u00eem\u00ean mid\u00fbr\u00eeya \u015faxa teko\u015f\u00eena li dij\u00ee teror\u00ea \u00ean ser bi fermandar\u00eeya cendirmeyan ve, 2 endam\u00ean part\u00eeya karker\u00ean kurdistan\u00ea PKK \u00fb koma civak\u00ean kurdistan\u00ea KCK ku bi seywana h\u00eaz\u00ean [&hellip;]\" \/>\n<meta property=\"og:url\" content=\"https:\/\/darkamazi.info\/archives\/1006744\" \/>\n<meta property=\"og:site_name\" content=\"Darka Maz\u00ee\" \/>\n<meta property=\"article:publisher\" content=\"https:\/\/www.facebook.com\/DarMaziKurmanci\" \/>\n<meta property=\"article:published_time\" content=\"2019-09-09T13:14:03+00:00\" \/>\n<meta property=\"article:modified_time\" content=\"2019-10-07T16:18:14+00:00\" \/>\n<meta property=\"og:image\" content=\"https:\/\/darkamazi.info\/file\/2019\/09\/\u06af\u0631\u062a\u0646.jpg\" \/>\n\t<meta property=\"og:image:width\" content=\"640\" \/>\n\t<meta property=\"og:image:height\" content=\"355\" \/>\n\t<meta property=\"og:image:type\" content=\"image\/jpeg\" \/>\n<meta name=\"author\" content=\"darka mazi\" \/>\n<meta name=\"twitter:card\" content=\"summary_large_image\" \/>\n<meta name=\"twitter:image\" content=\"https:\/\/darkamazi.info\/file\/2019\/09\/\u06af\u0631\u062a\u0646.jpg\" \/>\n<meta name=\"twitter:creator\" content=\"@DarkaMaziLatini\" \/>\n<meta name=\"twitter:site\" content=\"@DarkaMaziLatini\" \/>\n<meta name=\"twitter:label1\" content=\"Written by\" \/>\n\t<meta name=\"twitter:data1\" content=\"darka mazi\" \/>\n\t<meta name=\"twitter:label2\" content=\"Est. reading time\" \/>\n\t<meta name=\"twitter:data2\" content=\"1 minute\" \/>\n<script type=\"application\/ld+json\" class=\"seo-schema-graph\">{\"@context\":\"https:\\\/\\\/schema.org\",\"@graph\":[{\"@type\":\"Article\",\"@id\":\"https:\\\/\\\/darkamazi.info\\\/archives\\\/1006744#article\",\"isPartOf\":{\"@id\":\"https:\\\/\\\/darkamazi.info\\\/archives\\\/1006744\"},\"author\":{\"name\":\"darka mazi\",\"@id\":\"https:\\\/\\\/darkamazi.info\\\/#\\\/schema\\\/person\\\/5ad3e24553a0567993fa8ed4bd0a776c\"},\"headline\":\"2 Endam\u00ean PKK \u00fb KCK li Amed\u00ea hatin girtin\",\"datePublished\":\"2019-09-09T13:14:03+00:00\",\"dateModified\":\"2019-10-07T16:18:14+00:00\",\"mainEntityOfPage\":{\"@id\":\"https:\\\/\\\/darkamazi.info\\\/archives\\\/1006744\"},\"wordCount\":158,\"publisher\":{\"@id\":\"https:\\\/\\\/darkamazi.info\\\/#organization\"},\"image\":{\"@id\":\"https:\\\/\\\/darkamazi.info\\\/archives\\\/1006744#primaryimage\"},\"thumbnailUrl\":\"https:\\\/\\\/darkamazi.info\\\/darka-content\\\/uploads\\\/2019\\\/09\\\/\u06af\u0631\u062a\u0646.jpg\",\"articleSection\":[\"Kurdistan\"],\"inLanguage\":\"en-US\"},{\"@type\":\"WebPage\",\"@id\":\"https:\\\/\\\/darkamazi.info\\\/archives\\\/1006744\",\"url\":\"https:\\\/\\\/darkamazi.info\\\/archives\\\/1006744\",\"name\":\"2 Endam\u00ean PKK \u00fb KCK li Amed\u00ea hatin girtin - Darka Maz\u00ee\",\"isPartOf\":{\"@id\":\"https:\\\/\\\/darkamazi.info\\\/#website\"},\"primaryImageOfPage\":{\"@id\":\"https:\\\/\\\/darkamazi.info\\\/archives\\\/1006744#primaryimage\"},\"image\":{\"@id\":\"https:\\\/\\\/darkamazi.info\\\/archives\\\/1006744#primaryimage\"},\"thumbnailUrl\":\"https:\\\/\\\/darkamazi.info\\\/darka-content\\\/uploads\\\/2019\\\/09\\\/\u06af\u0631\u062a\u0646.jpg\",\"datePublished\":\"2019-09-09T13:14:03+00:00\",\"dateModified\":\"2019-10-07T16:18:14+00:00\",\"breadcrumb\":{\"@id\":\"https:\\\/\\\/darkamazi.info\\\/archives\\\/1006744#breadcrumb\"},\"inLanguage\":\"en-US\",\"potentialAction\":[{\"@type\":\"ReadAction\",\"target\":[\"https:\\\/\\\/darkamazi.info\\\/archives\\\/1006744\"]}]},{\"@type\":\"ImageObject\",\"inLanguage\":\"en-US\",\"@id\":\"https:\\\/\\\/darkamazi.info\\\/archives\\\/1006744#primaryimage\",\"url\":\"https:\\\/\\\/darkamazi.info\\\/darka-content\\\/uploads\\\/2019\\\/09\\\/\u06af\u0631\u062a\u0646.jpg\",\"contentUrl\":\"https:\\\/\\\/darkamazi.info\\\/darka-content\\\/uploads\\\/2019\\\/09\\\/\u06af\u0631\u062a\u0646.jpg\",\"width\":640,\"height\":355},{\"@type\":\"BreadcrumbList\",\"@id\":\"https:\\\/\\\/darkamazi.info\\\/archives\\\/1006744#breadcrumb\",\"itemListElement\":[{\"@type\":\"ListItem\",\"position\":1,\"name\":\"Home\",\"item\":\"https:\\\/\\\/darkamazi.info\\\/\"},{\"@type\":\"ListItem\",\"position\":2,\"name\":\"2 Endam\u00ean PKK \u00fb KCK li Amed\u00ea hatin girtin\"}]},{\"@type\":\"WebSite\",\"@id\":\"https:\\\/\\\/darkamazi.info\\\/#website\",\"url\":\"https:\\\/\\\/darkamazi.info\\\/\",\"name\":\"Darka Maz\u00ee\",\"description\":\"P\u00eageha Zanyariy\u00ean Nebih\u00eest\u00ee\",\"publisher\":{\"@id\":\"https:\\\/\\\/darkamazi.info\\\/#organization\"},\"potentialAction\":[{\"@type\":\"SearchAction\",\"target\":{\"@type\":\"EntryPoint\",\"urlTemplate\":\"https:\\\/\\\/darkamazi.info\\\/?s={search_term_string}\"},\"query-input\":{\"@type\":\"PropertyValueSpecification\",\"valueRequired\":true,\"valueName\":\"search_term_string\"}}],\"inLanguage\":\"en-US\"},{\"@type\":\"Organization\",\"@id\":\"https:\\\/\\\/darkamazi.info\\\/#organization\",\"name\":\"Darka Maz\u00ee\",\"url\":\"https:\\\/\\\/darkamazi.info\\\/\",\"logo\":{\"@type\":\"ImageObject\",\"inLanguage\":\"en-US\",\"@id\":\"https:\\\/\\\/darkamazi.info\\\/#\\\/schema\\\/logo\\\/image\\\/\",\"url\":\"https:\\\/\\\/darkamazi.info\\\/darka-content\\\/uploads\\\/2017\\\/12\\\/darka-mazi-logo.png\",\"contentUrl\":\"https:\\\/\\\/darkamazi.info\\\/darka-content\\\/uploads\\\/2017\\\/12\\\/darka-mazi-logo.png\",\"width\":151,\"height\":75,\"caption\":\"Darka Maz\u00ee\"},\"image\":{\"@id\":\"https:\\\/\\\/darkamazi.info\\\/#\\\/schema\\\/logo\\\/image\\\/\"},\"sameAs\":[\"https:\\\/\\\/www.facebook.com\\\/DarMaziKurmanci\",\"https:\\\/\\\/x.com\\\/DarkaMaziLatini\",\"https:\\\/\\\/www.instagram.com\\\/darkamazi.kurmanci\\\/\",\"https:\\\/\\\/www.youtube.com\\\/channel\\\/UCa5HkTdmI8U1qCUFuTw8B2g\"]},{\"@type\":\"Person\",\"@id\":\"https:\\\/\\\/darkamazi.info\\\/#\\\/schema\\\/person\\\/5ad3e24553a0567993fa8ed4bd0a776c\",\"name\":\"darka mazi\",\"sameAs\":[\"https:\\\/\\\/darkamazi.info\\\/\"],\"url\":\"https:\\\/\\\/darkamazi.info\\\/archives\\\/author\\\/kurdi\"}]}<\/script>\n<!-- \/ Yoast SEO plugin. -->","seo_head_json":{"title":"2 Endam\u00ean PKK \u00fb KCK li Amed\u00ea hatin girtin - Darka Maz\u00ee","robots":{"index":"index","follow":"follow","max-snippet":"max-snippet:-1","max-image-preview":"max-image-preview:large","max-video-preview":"max-video-preview:-1"},"canonical":"https:\/\/darkamazi.info\/archives\/1006744","og_locale":"en_US","og_type":"article","og_title":"2 Endam\u00ean PKK \u00fb KCK li Amed\u00ea hatin girtin - Darka Maz\u00ee","og_description":"Di operasyoneke h\u00eaz\u00ean mid\u00fbr\u00eeya \u015faxa teko\u015f\u00eena li dij\u00ee teror\u00ea a ser bi fermandar\u00eeya cendirmeyan ve, \u00eero 2 endam\u00ean PKK \u00fb KCK hatin girtin. Li gor\u00ee daxuyan\u00eeya walit\u00eey\u00ea, t\u00eem\u00ean mid\u00fbr\u00eeya \u015faxa teko\u015f\u00eena li dij\u00ee teror\u00ea \u00ean ser bi fermandar\u00eeya cendirmeyan ve, 2 endam\u00ean part\u00eeya karker\u00ean kurdistan\u00ea PKK \u00fb koma civak\u00ean kurdistan\u00ea KCK ku bi seywana h\u00eaz\u00ean [&hellip;]","og_url":"https:\/\/darkamazi.info\/archives\/1006744","og_site_name":"Darka Maz\u00ee","article_publisher":"https:\/\/www.facebook.com\/DarMaziKurmanci","article_published_time":"2019-09-09T13:14:03+00:00","article_modified_time":"2019-10-07T16:18:14+00:00","og_image":[{"width":640,"height":355,"url":"https:\/\/darkamazi.info\/file\/2019\/09\/\u06af\u0631\u062a\u0646.jpg","type":"image\/jpeg"}],"author":"darka mazi","twitter_card":"summary_large_image","twitter_image":"https:\/\/darkamazi.info\/file\/2019\/09\/\u06af\u0631\u062a\u0646.jpg","twitter_creator":"@DarkaMaziLatini","twitter_site":"@DarkaMaziLatini","twitter_misc":{"Written by":"darka mazi","Est. reading time":"1 minute"},"schema":{"@context":"https:\/\/schema.org","@graph":[{"@type":"Article","@id":"https:\/\/darkamazi.info\/archives\/1006744#article","isPartOf":{"@id":"https:\/\/darkamazi.info\/archives\/1006744"},"author":{"name":"darka mazi","@id":"https:\/\/darkamazi.info\/#\/schema\/person\/5ad3e24553a0567993fa8ed4bd0a776c"},"headline":"2 Endam\u00ean PKK \u00fb KCK li Amed\u00ea hatin girtin","datePublished":"2019-09-09T13:14:03+00:00","dateModified":"2019-10-07T16:18:14+00:00","mainEntityOfPage":{"@id":"https:\/\/darkamazi.info\/archives\/1006744"},"wordCount":158,"publisher":{"@id":"https:\/\/darkamazi.info\/#organization"},"image":{"@id":"https:\/\/darkamazi.info\/archives\/1006744#primaryimage"},"thumbnailUrl":"https:\/\/darkamazi.info\/file\/2019\/09\/\u06af\u0631\u062a\u0646.jpg","articleSection":["Kurdistan"],"inLanguage":"en-US"},{"@type":"WebPage","@id":"https:\/\/darkamazi.info\/archives\/1006744","url":"https:\/\/darkamazi.info\/archives\/1006744","name":"2 Endam\u00ean PKK \u00fb KCK li Amed\u00ea hatin girtin - Darka Maz\u00ee","isPartOf":{"@id":"https:\/\/darkamazi.info\/#website"},"primaryImageOfPage":{"@id":"https:\/\/darkamazi.info\/archives\/1006744#primaryimage"},"image":{"@id":"https:\/\/darkamazi.info\/archives\/1006744#primaryimage"},"thumbnailUrl":"https:\/\/darkamazi.info\/file\/2019\/09\/\u06af\u0631\u062a\u0646.jpg","datePublished":"2019-09-09T13:14:03+00:00","dateModified":"2019-10-07T16:18:14+00:00","breadcrumb":{"@id":"https:\/\/darkamazi.info\/archives\/1006744#breadcrumb"},"inLanguage":"en-US","potentialAction":[{"@type":"ReadAction","target":["https:\/\/darkamazi.info\/archives\/1006744"]}]},{"@type":"ImageObject","inLanguage":"en-US","@id":"https:\/\/darkamazi.info\/archives\/1006744#primaryimage","url":"https:\/\/darkamazi.info\/file\/2019\/09\/\u06af\u0631\u062a\u0646.jpg","contentUrl":"https:\/\/darkamazi.info\/file\/2019\/09\/\u06af\u0631\u062a\u0646.jpg","width":640,"height":355},{"@type":"BreadcrumbList","@id":"https:\/\/darkamazi.info\/archives\/1006744#breadcrumb","itemListElement":[{"@type":"ListItem","position":1,"name":"Home","item":"https:\/\/darkamazi.info\/"},{"@type":"ListItem","position":2,"name":"2 Endam\u00ean PKK \u00fb KCK li Amed\u00ea hatin girtin"}]},{"@type":"WebSite","@id":"https:\/\/darkamazi.info\/#website","url":"https:\/\/darkamazi.info\/","name":"Darka Maz\u00ee","description":"P\u00eageha Zanyariy\u00ean Nebih\u00eest\u00ee","publisher":{"@id":"https:\/\/darkamazi.info\/#organization"},"potentialAction":[{"@type":"SearchAction","target":{"@type":"EntryPoint","urlTemplate":"https:\/\/darkamazi.info\/?s={search_term_string}"},"query-input":{"@type":"PropertyValueSpecification","valueRequired":true,"valueName":"search_term_string"}}],"inLanguage":"en-US"},{"@type":"Organization","@id":"https:\/\/darkamazi.info\/#organization","name":"Darka Maz\u00ee","url":"https:\/\/darkamazi.info\/","logo":{"@type":"ImageObject","inLanguage":"en-US","@id":"https:\/\/darkamazi.info\/#\/schema\/logo\/image\/","url":"https:\/\/darkamazi.info\/file\/2017\/12\/darka-mazi-logo.png","contentUrl":"https:\/\/darkamazi.info\/file\/2017\/12\/darka-mazi-logo.png","width":151,"height":75,"caption":"Darka Maz\u00ee"},"image":{"@id":"https:\/\/darkamazi.info\/#\/schema\/logo\/image\/"},"sameAs":["https:\/\/www.facebook.com\/DarMaziKurmanci","https:\/\/x.com\/DarkaMaziLatini","https:\/\/www.instagram.com\/darkamazi.kurmanci\/","https:\/\/www.youtube.com\/channel\/UCa5HkTdmI8U1qCUFuTw8B2g"]},{"@type":"Person","@id":"https:\/\/darkamazi.info\/#\/schema\/person\/5ad3e24553a0567993fa8ed4bd0a776c","name":"darka mazi","sameAs":["https:\/\/darkamazi.info\/"],"url":"https:\/\/darkamazi.info\/archives\/author\/kurdi"}]}},"_links":{"self":[{"href":"https:\/\/darkamazi.info\/funavuv\/wp\/v2\/posts\/1006744","targetHints":{"allow":["GET"]}}],"collection":[{"href":"https:\/\/darkamazi.info\/funavuv\/wp\/v2\/posts"}],"about":[{"href":"https:\/\/darkamazi.info\/funavuv\/wp\/v2\/types\/post"}],"author":[{"embeddable":true,"href":"https:\/\/darkamazi.info\/funavuv\/wp\/v2\/users\/2"}],"replies":[{"embeddable":true,"href":"https:\/\/darkamazi.info\/funavuv\/wp\/v2\/comments?post=1006744"}],"version-history":[{"count":0,"href":"https:\/\/darkamazi.info\/funavuv\/wp\/v2\/posts\/1006744\/revisions"}],"wp:featuredmedia":[{"embeddable":true,"href":"https:\/\/darkamazi.info\/funavuv\/wp\/v2\/media\/1006745"}],"wp:attachment":[{"href":"https:\/\/darkamazi.info\/funavuv\/wp\/v2\/media?parent=1006744"}],"wp:term":[{"taxonomy":"category","embeddable":true,"href":"https:\/\/darkamazi.info\/funavuv\/wp\/v2\/categories?post=1006744"},{"taxonomy":"post_tag","embeddable":true,"href":"https:\/\/darkamazi.info\/funavuv\/wp\/v2\/tags?post=1006744"}],"curies":[{"name":"wp","href":"https:\/\/api.w.org\/{rel}","templated":true}]}}