{"id":1006747,"date":"2019-09-09T16:22:58","date_gmt":"2019-09-09T13:22:58","guid":{"rendered":"https:\/\/darkamazi.info\/?p=1006747"},"modified":"2019-10-07T19:18:07","modified_gmt":"2019-10-07T16:18:07","slug":"partiyen-kurdi-en-kerkuke-we-bi-yek-liste-tevli-helibjartinan-bin","status":"publish","type":"post","link":"https:\/\/darkamazi.info\/archives\/1006747","title":{"rendered":"Part\u00eey\u00ean kurd\u00ee \u00ean Kerk\u00fbk\u00ea w\u00ea bi yek l\u00eeste tevl\u00ee helibjartinan bin"},"content":{"rendered":"<h2><strong>Part\u00eey\u00ean s\u00eeyas\u00ee \u00ean Kerk\u00fbk\u00ee \u00eero b\u00eay be\u015fdar\u00eeya part\u00eeya demokrat a kurdistan\u00ea li Kerk\u00fbk\u00ea civ\u00eeyan \u00fb gehi\u015ftin w\u00ea biryar\u00ea ku bi l\u00eesteke yekgirt\u00ee, tevl\u00ee helbijartin\u00ean par\u00eazgeh\u00eeyan bibin.<\/strong><\/h2>\n<h3>\u00cero sib\u00ea hejmareke part\u00eey\u00ean Kurdistan\u00ee li Kerk\u00fbk\u00ea, b\u00eay be\u015fdar\u00eeya PDK \u00ea li baregeha part\u00eeya \u015eiyo\u00ee a Kurdistan\u00ea civ\u00eeyan \u00fb di civ\u00een\u00ea de, lihevhatneke destip\u00eak\u00ee jiboy diristkirna l\u00eestek yekgirt\u00ee ji boy helbijartin\u00ean dahat\u00ee \u00ean par\u00eazgeh\u00eeyan kirin.<\/h3>\n<h3>Aly\u00ean ku ev civ\u00een p\u00eakan\u00een e\u015fkere kirin, jibo ku deng\u00ean kurdan li Kerk\u00fbk\u00ea belave nebin, p\u00eaw\u00eeste ew bi l\u00eesteke yekgirt\u00ee tevl\u00ee helbijartin\u00ea bibin.<\/h3>\n<h3>Herweha e\u015fkere kirin ku jibo w\u00ea l\u00eesta yekgirt\u00ee, her al\u00eeyek w\u00ea 28 namzedan p\u00ea\u015fk\u00ea\u015f bike.<\/h3>\n<h3>Part\u00eeya d\u00eemokrat a kurdistan\u00ea, be\u015fdar\u00eeya w\u00ea di civ\u00eena \u00eero a aly\u00ean kurd\u00ee \u00ean Kerk\u00fbk\u00ea de neb\u00fb, sedem j\u00ee bo w\u00ea yek\u00ea vedgerin ku w\u00ea party\u00ea baykota piroseya s\u00eeyas\u00ee a Kerk\u00fbk\u00ea kir\u00eeye \u00fb dixwaze li berah\u00eey\u00ea rew\u015fa Kerk\u00fbk\u00ea jiboy p\u00ea\u015f\u00ee 16 oktober\u00ea were vegerandin, pa\u015f ew\u00ea tevl\u00ee pirosey\u00ea bibe.<\/h3>\n<h3>Li gor\u00ee biryara perlemena \u00ceraq\u00ea helbijartin\u00ean gera dahat\u00ee \u00ean par\u00eazgeh\u00eeyan, w\u00ea li meha N\u00eesana sala dahat\u00ee a 2020 werin kirin.<\/h3>\n","protected":false},"excerpt":{"rendered":"<p>Part\u00eey\u00ean s\u00eeyas\u00ee \u00ean Kerk\u00fbk\u00ee \u00eero b\u00eay be\u015fdar\u00eeya part\u00eeya demokrat a kurdistan\u00ea li Kerk\u00fbk\u00ea civ\u00eeyan \u00fb gehi\u015ftin w\u00ea biryar\u00ea ku bi l\u00eesteke yekgirt\u00ee, tevl\u00ee helbijartin\u00ean par\u00eazgeh\u00eeyan bibin. \u00cero sib\u00ea hejmareke part\u00eey\u00ean Kurdistan\u00ee li Kerk\u00fbk\u00ea, b\u00eay be\u015fdar\u00eeya PDK \u00ea li baregeha part\u00eeya \u015eiyo\u00ee a Kurdistan\u00ea civ\u00eeyan \u00fb di civ\u00een\u00ea de, lihevhatneke destip\u00eak\u00ee jiboy diristkirna l\u00eestek yekgirt\u00ee ji [&hellip;]<\/p>\n","protected":false},"author":2,"featured_media":1006748,"comment_status":"closed","ping_status":"closed","sticky":false,"template":"","format":"standard","meta":{"footnotes":""},"categories":[29],"tags":[],"class_list":["post-1006747","post","type-post","status-publish","format-standard","has-post-thumbnail","hentry","category-kurdistan"],"blocksy_meta":[],"seo_head":"<!-- This site is optimized with the Yoast SEO plugin v27.5 - https:\/\/yoast.com\/product\/yoast-seo-wordpress\/ -->\n<title>Part\u00eey\u00ean kurd\u00ee \u00ean Kerk\u00fbk\u00ea w\u00ea bi yek l\u00eeste tevl\u00ee helibjartinan bin - Darka Maz\u00ee<\/title>\n<meta name=\"robots\" content=\"index, follow, max-snippet:-1, max-image-preview:large, max-video-preview:-1\" \/>\n<link rel=\"canonical\" href=\"https:\/\/darkamazi.info\/archives\/1006747\" \/>\n<meta property=\"og:locale\" content=\"en_US\" \/>\n<meta property=\"og:type\" content=\"article\" \/>\n<meta property=\"og:title\" content=\"Part\u00eey\u00ean kurd\u00ee \u00ean Kerk\u00fbk\u00ea w\u00ea bi yek l\u00eeste tevl\u00ee helibjartinan bin - Darka Maz\u00ee\" \/>\n<meta property=\"og:description\" content=\"Part\u00eey\u00ean s\u00eeyas\u00ee \u00ean Kerk\u00fbk\u00ee \u00eero b\u00eay be\u015fdar\u00eeya part\u00eeya demokrat a kurdistan\u00ea li Kerk\u00fbk\u00ea civ\u00eeyan \u00fb gehi\u015ftin w\u00ea biryar\u00ea ku bi l\u00eesteke yekgirt\u00ee, tevl\u00ee helbijartin\u00ean par\u00eazgeh\u00eeyan bibin. \u00cero sib\u00ea hejmareke part\u00eey\u00ean Kurdistan\u00ee li Kerk\u00fbk\u00ea, b\u00eay be\u015fdar\u00eeya PDK \u00ea li baregeha part\u00eeya \u015eiyo\u00ee a Kurdistan\u00ea civ\u00eeyan \u00fb di civ\u00een\u00ea de, lihevhatneke destip\u00eak\u00ee jiboy diristkirna l\u00eestek yekgirt\u00ee ji [&hellip;]\" \/>\n<meta property=\"og:url\" content=\"https:\/\/darkamazi.info\/archives\/1006747\" \/>\n<meta property=\"og:site_name\" content=\"Darka Maz\u00ee\" \/>\n<meta property=\"article:publisher\" content=\"https:\/\/www.facebook.com\/DarMaziKurmanci\" \/>\n<meta property=\"article:published_time\" content=\"2019-09-09T13:22:58+00:00\" \/>\n<meta property=\"article:modified_time\" content=\"2019-10-07T16:18:07+00:00\" \/>\n<meta property=\"og:image\" content=\"https:\/\/darkamazi.info\/file\/2019\/09\/krkyk.jpg\" \/>\n\t<meta property=\"og:image:width\" content=\"1500\" \/>\n\t<meta property=\"og:image:height\" content=\"945\" \/>\n\t<meta property=\"og:image:type\" content=\"image\/jpeg\" \/>\n<meta name=\"author\" content=\"darka mazi\" \/>\n<meta name=\"twitter:card\" content=\"summary_large_image\" \/>\n<meta name=\"twitter:image\" content=\"https:\/\/darkamazi.info\/file\/2019\/09\/krkyk.jpg\" \/>\n<meta name=\"twitter:creator\" content=\"@DarkaMaziLatini\" \/>\n<meta name=\"twitter:site\" content=\"@DarkaMaziLatini\" \/>\n<meta name=\"twitter:label1\" content=\"Written by\" \/>\n\t<meta name=\"twitter:data1\" content=\"darka mazi\" \/>\n\t<meta name=\"twitter:label2\" content=\"Est. reading time\" \/>\n\t<meta name=\"twitter:data2\" content=\"1 minute\" \/>\n<script type=\"application\/ld+json\" class=\"seo-schema-graph\">{\"@context\":\"https:\\\/\\\/schema.org\",\"@graph\":[{\"@type\":\"Article\",\"@id\":\"https:\\\/\\\/darkamazi.info\\\/archives\\\/1006747#article\",\"isPartOf\":{\"@id\":\"https:\\\/\\\/darkamazi.info\\\/archives\\\/1006747\"},\"author\":{\"name\":\"darka mazi\",\"@id\":\"https:\\\/\\\/darkamazi.info\\\/#\\\/schema\\\/person\\\/5ad3e24553a0567993fa8ed4bd0a776c\"},\"headline\":\"Part\u00eey\u00ean kurd\u00ee \u00ean Kerk\u00fbk\u00ea w\u00ea bi yek l\u00eeste tevl\u00ee helibjartinan bin\",\"datePublished\":\"2019-09-09T13:22:58+00:00\",\"dateModified\":\"2019-10-07T16:18:07+00:00\",\"mainEntityOfPage\":{\"@id\":\"https:\\\/\\\/darkamazi.info\\\/archives\\\/1006747\"},\"wordCount\":235,\"publisher\":{\"@id\":\"https:\\\/\\\/darkamazi.info\\\/#organization\"},\"image\":{\"@id\":\"https:\\\/\\\/darkamazi.info\\\/archives\\\/1006747#primaryimage\"},\"thumbnailUrl\":\"https:\\\/\\\/darkamazi.info\\\/darka-content\\\/uploads\\\/2019\\\/09\\\/krkyk.jpg\",\"articleSection\":[\"Kurdistan\"],\"inLanguage\":\"en-US\"},{\"@type\":\"WebPage\",\"@id\":\"https:\\\/\\\/darkamazi.info\\\/archives\\\/1006747\",\"url\":\"https:\\\/\\\/darkamazi.info\\\/archives\\\/1006747\",\"name\":\"Part\u00eey\u00ean kurd\u00ee \u00ean Kerk\u00fbk\u00ea w\u00ea bi yek l\u00eeste tevl\u00ee helibjartinan bin - Darka Maz\u00ee\",\"isPartOf\":{\"@id\":\"https:\\\/\\\/darkamazi.info\\\/#website\"},\"primaryImageOfPage\":{\"@id\":\"https:\\\/\\\/darkamazi.info\\\/archives\\\/1006747#primaryimage\"},\"image\":{\"@id\":\"https:\\\/\\\/darkamazi.info\\\/archives\\\/1006747#primaryimage\"},\"thumbnailUrl\":\"https:\\\/\\\/darkamazi.info\\\/darka-content\\\/uploads\\\/2019\\\/09\\\/krkyk.jpg\",\"datePublished\":\"2019-09-09T13:22:58+00:00\",\"dateModified\":\"2019-10-07T16:18:07+00:00\",\"breadcrumb\":{\"@id\":\"https:\\\/\\\/darkamazi.info\\\/archives\\\/1006747#breadcrumb\"},\"inLanguage\":\"en-US\",\"potentialAction\":[{\"@type\":\"ReadAction\",\"target\":[\"https:\\\/\\\/darkamazi.info\\\/archives\\\/1006747\"]}]},{\"@type\":\"ImageObject\",\"inLanguage\":\"en-US\",\"@id\":\"https:\\\/\\\/darkamazi.info\\\/archives\\\/1006747#primaryimage\",\"url\":\"https:\\\/\\\/darkamazi.info\\\/darka-content\\\/uploads\\\/2019\\\/09\\\/krkyk.jpg\",\"contentUrl\":\"https:\\\/\\\/darkamazi.info\\\/darka-content\\\/uploads\\\/2019\\\/09\\\/krkyk.jpg\",\"width\":1500,\"height\":945},{\"@type\":\"BreadcrumbList\",\"@id\":\"https:\\\/\\\/darkamazi.info\\\/archives\\\/1006747#breadcrumb\",\"itemListElement\":[{\"@type\":\"ListItem\",\"position\":1,\"name\":\"Home\",\"item\":\"https:\\\/\\\/darkamazi.info\\\/\"},{\"@type\":\"ListItem\",\"position\":2,\"name\":\"Part\u00eey\u00ean kurd\u00ee \u00ean Kerk\u00fbk\u00ea w\u00ea bi yek l\u00eeste tevl\u00ee helibjartinan bin\"}]},{\"@type\":\"WebSite\",\"@id\":\"https:\\\/\\\/darkamazi.info\\\/#website\",\"url\":\"https:\\\/\\\/darkamazi.info\\\/\",\"name\":\"Darka Maz\u00ee\",\"description\":\"P\u00eageha Zanyariy\u00ean Nebih\u00eest\u00ee\",\"publisher\":{\"@id\":\"https:\\\/\\\/darkamazi.info\\\/#organization\"},\"potentialAction\":[{\"@type\":\"SearchAction\",\"target\":{\"@type\":\"EntryPoint\",\"urlTemplate\":\"https:\\\/\\\/darkamazi.info\\\/?s={search_term_string}\"},\"query-input\":{\"@type\":\"PropertyValueSpecification\",\"valueRequired\":true,\"valueName\":\"search_term_string\"}}],\"inLanguage\":\"en-US\"},{\"@type\":\"Organization\",\"@id\":\"https:\\\/\\\/darkamazi.info\\\/#organization\",\"name\":\"Darka Maz\u00ee\",\"url\":\"https:\\\/\\\/darkamazi.info\\\/\",\"logo\":{\"@type\":\"ImageObject\",\"inLanguage\":\"en-US\",\"@id\":\"https:\\\/\\\/darkamazi.info\\\/#\\\/schema\\\/logo\\\/image\\\/\",\"url\":\"https:\\\/\\\/darkamazi.info\\\/darka-content\\\/uploads\\\/2017\\\/12\\\/darka-mazi-logo.png\",\"contentUrl\":\"https:\\\/\\\/darkamazi.info\\\/darka-content\\\/uploads\\\/2017\\\/12\\\/darka-mazi-logo.png\",\"width\":151,\"height\":75,\"caption\":\"Darka Maz\u00ee\"},\"image\":{\"@id\":\"https:\\\/\\\/darkamazi.info\\\/#\\\/schema\\\/logo\\\/image\\\/\"},\"sameAs\":[\"https:\\\/\\\/www.facebook.com\\\/DarMaziKurmanci\",\"https:\\\/\\\/x.com\\\/DarkaMaziLatini\",\"https:\\\/\\\/www.instagram.com\\\/darkamazi.kurmanci\\\/\",\"https:\\\/\\\/www.youtube.com\\\/channel\\\/UCa5HkTdmI8U1qCUFuTw8B2g\"]},{\"@type\":\"Person\",\"@id\":\"https:\\\/\\\/darkamazi.info\\\/#\\\/schema\\\/person\\\/5ad3e24553a0567993fa8ed4bd0a776c\",\"name\":\"darka mazi\",\"sameAs\":[\"https:\\\/\\\/darkamazi.info\\\/\"],\"url\":\"https:\\\/\\\/darkamazi.info\\\/archives\\\/author\\\/kurdi\"}]}<\/script>\n<!-- \/ Yoast SEO plugin. -->","seo_head_json":{"title":"Part\u00eey\u00ean kurd\u00ee \u00ean Kerk\u00fbk\u00ea w\u00ea bi yek l\u00eeste tevl\u00ee helibjartinan bin - Darka Maz\u00ee","robots":{"index":"index","follow":"follow","max-snippet":"max-snippet:-1","max-image-preview":"max-image-preview:large","max-video-preview":"max-video-preview:-1"},"canonical":"https:\/\/darkamazi.info\/archives\/1006747","og_locale":"en_US","og_type":"article","og_title":"Part\u00eey\u00ean kurd\u00ee \u00ean Kerk\u00fbk\u00ea w\u00ea bi yek l\u00eeste tevl\u00ee helibjartinan bin - Darka Maz\u00ee","og_description":"Part\u00eey\u00ean s\u00eeyas\u00ee \u00ean Kerk\u00fbk\u00ee \u00eero b\u00eay be\u015fdar\u00eeya part\u00eeya demokrat a kurdistan\u00ea li Kerk\u00fbk\u00ea civ\u00eeyan \u00fb gehi\u015ftin w\u00ea biryar\u00ea ku bi l\u00eesteke yekgirt\u00ee, tevl\u00ee helbijartin\u00ean par\u00eazgeh\u00eeyan bibin. \u00cero sib\u00ea hejmareke part\u00eey\u00ean Kurdistan\u00ee li Kerk\u00fbk\u00ea, b\u00eay be\u015fdar\u00eeya PDK \u00ea li baregeha part\u00eeya \u015eiyo\u00ee a Kurdistan\u00ea civ\u00eeyan \u00fb di civ\u00een\u00ea de, lihevhatneke destip\u00eak\u00ee jiboy diristkirna l\u00eestek yekgirt\u00ee ji [&hellip;]","og_url":"https:\/\/darkamazi.info\/archives\/1006747","og_site_name":"Darka Maz\u00ee","article_publisher":"https:\/\/www.facebook.com\/DarMaziKurmanci","article_published_time":"2019-09-09T13:22:58+00:00","article_modified_time":"2019-10-07T16:18:07+00:00","og_image":[{"width":1500,"height":945,"url":"https:\/\/darkamazi.info\/file\/2019\/09\/krkyk.jpg","type":"image\/jpeg"}],"author":"darka mazi","twitter_card":"summary_large_image","twitter_image":"https:\/\/darkamazi.info\/file\/2019\/09\/krkyk.jpg","twitter_creator":"@DarkaMaziLatini","twitter_site":"@DarkaMaziLatini","twitter_misc":{"Written by":"darka mazi","Est. reading time":"1 minute"},"schema":{"@context":"https:\/\/schema.org","@graph":[{"@type":"Article","@id":"https:\/\/darkamazi.info\/archives\/1006747#article","isPartOf":{"@id":"https:\/\/darkamazi.info\/archives\/1006747"},"author":{"name":"darka mazi","@id":"https:\/\/darkamazi.info\/#\/schema\/person\/5ad3e24553a0567993fa8ed4bd0a776c"},"headline":"Part\u00eey\u00ean kurd\u00ee \u00ean Kerk\u00fbk\u00ea w\u00ea bi yek l\u00eeste tevl\u00ee helibjartinan bin","datePublished":"2019-09-09T13:22:58+00:00","dateModified":"2019-10-07T16:18:07+00:00","mainEntityOfPage":{"@id":"https:\/\/darkamazi.info\/archives\/1006747"},"wordCount":235,"publisher":{"@id":"https:\/\/darkamazi.info\/#organization"},"image":{"@id":"https:\/\/darkamazi.info\/archives\/1006747#primaryimage"},"thumbnailUrl":"https:\/\/darkamazi.info\/file\/2019\/09\/krkyk.jpg","articleSection":["Kurdistan"],"inLanguage":"en-US"},{"@type":"WebPage","@id":"https:\/\/darkamazi.info\/archives\/1006747","url":"https:\/\/darkamazi.info\/archives\/1006747","name":"Part\u00eey\u00ean kurd\u00ee \u00ean Kerk\u00fbk\u00ea w\u00ea bi yek l\u00eeste tevl\u00ee helibjartinan bin - Darka Maz\u00ee","isPartOf":{"@id":"https:\/\/darkamazi.info\/#website"},"primaryImageOfPage":{"@id":"https:\/\/darkamazi.info\/archives\/1006747#primaryimage"},"image":{"@id":"https:\/\/darkamazi.info\/archives\/1006747#primaryimage"},"thumbnailUrl":"https:\/\/darkamazi.info\/file\/2019\/09\/krkyk.jpg","datePublished":"2019-09-09T13:22:58+00:00","dateModified":"2019-10-07T16:18:07+00:00","breadcrumb":{"@id":"https:\/\/darkamazi.info\/archives\/1006747#breadcrumb"},"inLanguage":"en-US","potentialAction":[{"@type":"ReadAction","target":["https:\/\/darkamazi.info\/archives\/1006747"]}]},{"@type":"ImageObject","inLanguage":"en-US","@id":"https:\/\/darkamazi.info\/archives\/1006747#primaryimage","url":"https:\/\/darkamazi.info\/file\/2019\/09\/krkyk.jpg","contentUrl":"https:\/\/darkamazi.info\/file\/2019\/09\/krkyk.jpg","width":1500,"height":945},{"@type":"BreadcrumbList","@id":"https:\/\/darkamazi.info\/archives\/1006747#breadcrumb","itemListElement":[{"@type":"ListItem","position":1,"name":"Home","item":"https:\/\/darkamazi.info\/"},{"@type":"ListItem","position":2,"name":"Part\u00eey\u00ean kurd\u00ee \u00ean Kerk\u00fbk\u00ea w\u00ea bi yek l\u00eeste tevl\u00ee helibjartinan bin"}]},{"@type":"WebSite","@id":"https:\/\/darkamazi.info\/#website","url":"https:\/\/darkamazi.info\/","name":"Darka Maz\u00ee","description":"P\u00eageha Zanyariy\u00ean Nebih\u00eest\u00ee","publisher":{"@id":"https:\/\/darkamazi.info\/#organization"},"potentialAction":[{"@type":"SearchAction","target":{"@type":"EntryPoint","urlTemplate":"https:\/\/darkamazi.info\/?s={search_term_string}"},"query-input":{"@type":"PropertyValueSpecification","valueRequired":true,"valueName":"search_term_string"}}],"inLanguage":"en-US"},{"@type":"Organization","@id":"https:\/\/darkamazi.info\/#organization","name":"Darka Maz\u00ee","url":"https:\/\/darkamazi.info\/","logo":{"@type":"ImageObject","inLanguage":"en-US","@id":"https:\/\/darkamazi.info\/#\/schema\/logo\/image\/","url":"https:\/\/darkamazi.info\/file\/2017\/12\/darka-mazi-logo.png","contentUrl":"https:\/\/darkamazi.info\/file\/2017\/12\/darka-mazi-logo.png","width":151,"height":75,"caption":"Darka Maz\u00ee"},"image":{"@id":"https:\/\/darkamazi.info\/#\/schema\/logo\/image\/"},"sameAs":["https:\/\/www.facebook.com\/DarMaziKurmanci","https:\/\/x.com\/DarkaMaziLatini","https:\/\/www.instagram.com\/darkamazi.kurmanci\/","https:\/\/www.youtube.com\/channel\/UCa5HkTdmI8U1qCUFuTw8B2g"]},{"@type":"Person","@id":"https:\/\/darkamazi.info\/#\/schema\/person\/5ad3e24553a0567993fa8ed4bd0a776c","name":"darka mazi","sameAs":["https:\/\/darkamazi.info\/"],"url":"https:\/\/darkamazi.info\/archives\/author\/kurdi"}]}},"_links":{"self":[{"href":"https:\/\/darkamazi.info\/funavuv\/wp\/v2\/posts\/1006747","targetHints":{"allow":["GET"]}}],"collection":[{"href":"https:\/\/darkamazi.info\/funavuv\/wp\/v2\/posts"}],"about":[{"href":"https:\/\/darkamazi.info\/funavuv\/wp\/v2\/types\/post"}],"author":[{"embeddable":true,"href":"https:\/\/darkamazi.info\/funavuv\/wp\/v2\/users\/2"}],"replies":[{"embeddable":true,"href":"https:\/\/darkamazi.info\/funavuv\/wp\/v2\/comments?post=1006747"}],"version-history":[{"count":0,"href":"https:\/\/darkamazi.info\/funavuv\/wp\/v2\/posts\/1006747\/revisions"}],"wp:featuredmedia":[{"embeddable":true,"href":"https:\/\/darkamazi.info\/funavuv\/wp\/v2\/media\/1006748"}],"wp:attachment":[{"href":"https:\/\/darkamazi.info\/funavuv\/wp\/v2\/media?parent=1006747"}],"wp:term":[{"taxonomy":"category","embeddable":true,"href":"https:\/\/darkamazi.info\/funavuv\/wp\/v2\/categories?post=1006747"},{"taxonomy":"post_tag","embeddable":true,"href":"https:\/\/darkamazi.info\/funavuv\/wp\/v2\/tags?post=1006747"}],"curies":[{"name":"wp","href":"https:\/\/api.w.org\/{rel}","templated":true}]}}