{"id":1006750,"date":"2019-09-09T16:31:36","date_gmt":"2019-09-09T13:31:36","guid":{"rendered":"https:\/\/darkamazi.info\/?p=1006750"},"modified":"2019-10-07T19:17:59","modified_gmt":"2019-10-07T16:17:59","slug":"tirkye-leprisin-di-derheqa-berpirsen-hedepe-de-destipekir","status":"publish","type":"post","link":"https:\/\/darkamazi.info\/archives\/1006750","title":{"rendered":"Tirkiy\u00ea l\u00eapris\u00een di derheqa berpirs\u00ean HDP \u00ea de dest p\u00eakir"},"content":{"rendered":"<h2><strong>Serdozger\u00eeya komar\u00ee a Tirkiy\u00ea, \u00eero l\u00eapris\u00een li gel berpirs\u00ean HDP, bi s\u00fb\u00e7a gef kirn\u00ea li wan malbat\u00ean li ber baregeha w\u00ea party\u00ea \u00e7alak\u00eeya r\u00fbni\u015ftn\u00ea di dom\u00eenin, da destip\u00eakirin.<\/strong><\/h2>\n<h3>Serdozger\u00eeya komar\u00ee a Ameda bakor\u00ea Kurdistan\u00ea, di beyaneke niv\u00eesk\u00ee de e\u015fkere kir, bi s\u00fb\u00e7a ku berpirs\u00ean HDP \u00ean bajaran, gef li wan malbat\u00ean li ber baregeha HDP \u00ea \u00e7alak\u00eeya xwe a r\u00fbni\u015ftn\u00ea di dom\u00eenin kirine, l\u00eapris\u00een li gel wan hat\u00eeye destip\u00eakirin.<\/h3>\n<h3>Dozger\u00eeya Amed\u00ea ew yek j\u00ee e\u015fkere kir\u00eeye ku jiboy parastina wan malbat\u00ean derd\u00fbra baregeha HDP \u00ea, wan fermana parastin\u00ea bi h\u00eaz\u00ean ewlehy\u00ea daye.<\/h3>\n<h3>T\u00ea zan\u00een hejmareke malbatan \u00e7end rojin bi behaneya ku zaroy\u00ean wan ji al\u00eey\u00ea part\u00eeya karker\u00ean kurdistan\u00ea PKK ve hatine revandin, \u00e7alak\u00eeyeke r\u00fbni\u015ftin\u00ea li ber der\u00ee \u00fb baregeh\u00ea part\u00eeya demokrat\u00eek a gelan dest p\u00ea kirine.<\/h3>\n<h3>Hinek ji wan malbatan j\u00ee e\u015fkere kirine ku berpirs\u00ean navend\u00ean HDP \u00ean bajaran gef li wan kirine \u00fb dozger\u00eeya Amed\u00ea \u00eero ferman daye l\u00eapris\u00een li gel wan berpirsan were kirin\u00ea.<\/h3>\n","protected":false},"excerpt":{"rendered":"<p>Serdozger\u00eeya komar\u00ee a Tirkiy\u00ea, \u00eero l\u00eapris\u00een li gel berpirs\u00ean HDP, bi s\u00fb\u00e7a gef kirn\u00ea li wan malbat\u00ean li ber baregeha w\u00ea party\u00ea \u00e7alak\u00eeya r\u00fbni\u015ftn\u00ea di dom\u00eenin, da destip\u00eakirin. Serdozger\u00eeya komar\u00ee a Ameda bakor\u00ea Kurdistan\u00ea, di beyaneke niv\u00eesk\u00ee de e\u015fkere kir, bi s\u00fb\u00e7a ku berpirs\u00ean HDP \u00ean bajaran, gef li wan malbat\u00ean li ber baregeha HDP [&hellip;]<\/p>\n","protected":false},"author":2,"featured_media":1006751,"comment_status":"closed","ping_status":"closed","sticky":false,"template":"","format":"standard","meta":{"footnotes":""},"categories":[29],"tags":[],"class_list":["post-1006750","post","type-post","status-publish","format-standard","has-post-thumbnail","hentry","category-kurdistan"],"blocksy_meta":[],"seo_head":"<!-- This site is optimized with the Yoast SEO plugin v27.5 - https:\/\/yoast.com\/product\/yoast-seo-wordpress\/ -->\n<title>Tirkiy\u00ea l\u00eapris\u00een di derheqa berpirs\u00ean HDP \u00ea de dest p\u00eakir - Darka Maz\u00ee<\/title>\n<meta name=\"robots\" content=\"index, follow, max-snippet:-1, max-image-preview:large, max-video-preview:-1\" \/>\n<link rel=\"canonical\" href=\"https:\/\/darkamazi.info\/archives\/1006750\" \/>\n<meta property=\"og:locale\" content=\"en_US\" \/>\n<meta property=\"og:type\" content=\"article\" \/>\n<meta property=\"og:title\" content=\"Tirkiy\u00ea l\u00eapris\u00een di derheqa berpirs\u00ean HDP \u00ea de dest p\u00eakir - Darka Maz\u00ee\" \/>\n<meta property=\"og:description\" content=\"Serdozger\u00eeya komar\u00ee a Tirkiy\u00ea, \u00eero l\u00eapris\u00een li gel berpirs\u00ean HDP, bi s\u00fb\u00e7a gef kirn\u00ea li wan malbat\u00ean li ber baregeha w\u00ea party\u00ea \u00e7alak\u00eeya r\u00fbni\u015ftn\u00ea di dom\u00eenin, da destip\u00eakirin. Serdozger\u00eeya komar\u00ee a Ameda bakor\u00ea Kurdistan\u00ea, di beyaneke niv\u00eesk\u00ee de e\u015fkere kir, bi s\u00fb\u00e7a ku berpirs\u00ean HDP \u00ean bajaran, gef li wan malbat\u00ean li ber baregeha HDP [&hellip;]\" \/>\n<meta property=\"og:url\" content=\"https:\/\/darkamazi.info\/archives\/1006750\" \/>\n<meta property=\"og:site_name\" content=\"Darka Maz\u00ee\" \/>\n<meta property=\"article:publisher\" content=\"https:\/\/www.facebook.com\/DarMaziKurmanci\" \/>\n<meta property=\"article:published_time\" content=\"2019-09-09T13:31:36+00:00\" \/>\n<meta property=\"article:modified_time\" content=\"2019-10-07T16:17:59+00:00\" \/>\n<meta property=\"og:image\" content=\"https:\/\/darkamazi.info\/file\/2019\/09\/HDP-Lepirsin.jpg\" \/>\n\t<meta property=\"og:image:width\" content=\"990\" \/>\n\t<meta property=\"og:image:height\" content=\"556\" \/>\n\t<meta property=\"og:image:type\" content=\"image\/jpeg\" \/>\n<meta name=\"author\" content=\"darka mazi\" \/>\n<meta name=\"twitter:card\" content=\"summary_large_image\" \/>\n<meta name=\"twitter:image\" content=\"https:\/\/darkamazi.info\/file\/2019\/09\/HDP-Lepirsin.jpg\" \/>\n<meta name=\"twitter:creator\" content=\"@DarkaMaziLatini\" \/>\n<meta name=\"twitter:site\" content=\"@DarkaMaziLatini\" \/>\n<meta name=\"twitter:label1\" content=\"Written by\" \/>\n\t<meta name=\"twitter:data1\" content=\"darka mazi\" \/>\n\t<meta name=\"twitter:label2\" content=\"Est. reading time\" \/>\n\t<meta name=\"twitter:data2\" content=\"1 minute\" \/>\n<script type=\"application\/ld+json\" class=\"seo-schema-graph\">{\"@context\":\"https:\\\/\\\/schema.org\",\"@graph\":[{\"@type\":\"Article\",\"@id\":\"https:\\\/\\\/darkamazi.info\\\/archives\\\/1006750#article\",\"isPartOf\":{\"@id\":\"https:\\\/\\\/darkamazi.info\\\/archives\\\/1006750\"},\"author\":{\"name\":\"darka mazi\",\"@id\":\"https:\\\/\\\/darkamazi.info\\\/#\\\/schema\\\/person\\\/5ad3e24553a0567993fa8ed4bd0a776c\"},\"headline\":\"Tirkiy\u00ea l\u00eapris\u00een di derheqa berpirs\u00ean HDP \u00ea de dest p\u00eakir\",\"datePublished\":\"2019-09-09T13:31:36+00:00\",\"dateModified\":\"2019-10-07T16:17:59+00:00\",\"mainEntityOfPage\":{\"@id\":\"https:\\\/\\\/darkamazi.info\\\/archives\\\/1006750\"},\"wordCount\":213,\"publisher\":{\"@id\":\"https:\\\/\\\/darkamazi.info\\\/#organization\"},\"image\":{\"@id\":\"https:\\\/\\\/darkamazi.info\\\/archives\\\/1006750#primaryimage\"},\"thumbnailUrl\":\"https:\\\/\\\/darkamazi.info\\\/darka-content\\\/uploads\\\/2019\\\/09\\\/HDP-Lepirsin.jpg\",\"articleSection\":[\"Kurdistan\"],\"inLanguage\":\"en-US\"},{\"@type\":\"WebPage\",\"@id\":\"https:\\\/\\\/darkamazi.info\\\/archives\\\/1006750\",\"url\":\"https:\\\/\\\/darkamazi.info\\\/archives\\\/1006750\",\"name\":\"Tirkiy\u00ea l\u00eapris\u00een di derheqa berpirs\u00ean HDP \u00ea de dest p\u00eakir - Darka Maz\u00ee\",\"isPartOf\":{\"@id\":\"https:\\\/\\\/darkamazi.info\\\/#website\"},\"primaryImageOfPage\":{\"@id\":\"https:\\\/\\\/darkamazi.info\\\/archives\\\/1006750#primaryimage\"},\"image\":{\"@id\":\"https:\\\/\\\/darkamazi.info\\\/archives\\\/1006750#primaryimage\"},\"thumbnailUrl\":\"https:\\\/\\\/darkamazi.info\\\/darka-content\\\/uploads\\\/2019\\\/09\\\/HDP-Lepirsin.jpg\",\"datePublished\":\"2019-09-09T13:31:36+00:00\",\"dateModified\":\"2019-10-07T16:17:59+00:00\",\"breadcrumb\":{\"@id\":\"https:\\\/\\\/darkamazi.info\\\/archives\\\/1006750#breadcrumb\"},\"inLanguage\":\"en-US\",\"potentialAction\":[{\"@type\":\"ReadAction\",\"target\":[\"https:\\\/\\\/darkamazi.info\\\/archives\\\/1006750\"]}]},{\"@type\":\"ImageObject\",\"inLanguage\":\"en-US\",\"@id\":\"https:\\\/\\\/darkamazi.info\\\/archives\\\/1006750#primaryimage\",\"url\":\"https:\\\/\\\/darkamazi.info\\\/darka-content\\\/uploads\\\/2019\\\/09\\\/HDP-Lepirsin.jpg\",\"contentUrl\":\"https:\\\/\\\/darkamazi.info\\\/darka-content\\\/uploads\\\/2019\\\/09\\\/HDP-Lepirsin.jpg\",\"width\":990,\"height\":556},{\"@type\":\"BreadcrumbList\",\"@id\":\"https:\\\/\\\/darkamazi.info\\\/archives\\\/1006750#breadcrumb\",\"itemListElement\":[{\"@type\":\"ListItem\",\"position\":1,\"name\":\"Home\",\"item\":\"https:\\\/\\\/darkamazi.info\\\/\"},{\"@type\":\"ListItem\",\"position\":2,\"name\":\"Tirkiy\u00ea l\u00eapris\u00een di derheqa berpirs\u00ean HDP \u00ea de dest p\u00eakir\"}]},{\"@type\":\"WebSite\",\"@id\":\"https:\\\/\\\/darkamazi.info\\\/#website\",\"url\":\"https:\\\/\\\/darkamazi.info\\\/\",\"name\":\"Darka Maz\u00ee\",\"description\":\"P\u00eageha Zanyariy\u00ean Nebih\u00eest\u00ee\",\"publisher\":{\"@id\":\"https:\\\/\\\/darkamazi.info\\\/#organization\"},\"potentialAction\":[{\"@type\":\"SearchAction\",\"target\":{\"@type\":\"EntryPoint\",\"urlTemplate\":\"https:\\\/\\\/darkamazi.info\\\/?s={search_term_string}\"},\"query-input\":{\"@type\":\"PropertyValueSpecification\",\"valueRequired\":true,\"valueName\":\"search_term_string\"}}],\"inLanguage\":\"en-US\"},{\"@type\":\"Organization\",\"@id\":\"https:\\\/\\\/darkamazi.info\\\/#organization\",\"name\":\"Darka Maz\u00ee\",\"url\":\"https:\\\/\\\/darkamazi.info\\\/\",\"logo\":{\"@type\":\"ImageObject\",\"inLanguage\":\"en-US\",\"@id\":\"https:\\\/\\\/darkamazi.info\\\/#\\\/schema\\\/logo\\\/image\\\/\",\"url\":\"https:\\\/\\\/darkamazi.info\\\/darka-content\\\/uploads\\\/2017\\\/12\\\/darka-mazi-logo.png\",\"contentUrl\":\"https:\\\/\\\/darkamazi.info\\\/darka-content\\\/uploads\\\/2017\\\/12\\\/darka-mazi-logo.png\",\"width\":151,\"height\":75,\"caption\":\"Darka Maz\u00ee\"},\"image\":{\"@id\":\"https:\\\/\\\/darkamazi.info\\\/#\\\/schema\\\/logo\\\/image\\\/\"},\"sameAs\":[\"https:\\\/\\\/www.facebook.com\\\/DarMaziKurmanci\",\"https:\\\/\\\/x.com\\\/DarkaMaziLatini\",\"https:\\\/\\\/www.instagram.com\\\/darkamazi.kurmanci\\\/\",\"https:\\\/\\\/www.youtube.com\\\/channel\\\/UCa5HkTdmI8U1qCUFuTw8B2g\"]},{\"@type\":\"Person\",\"@id\":\"https:\\\/\\\/darkamazi.info\\\/#\\\/schema\\\/person\\\/5ad3e24553a0567993fa8ed4bd0a776c\",\"name\":\"darka mazi\",\"sameAs\":[\"https:\\\/\\\/darkamazi.info\\\/\"],\"url\":\"https:\\\/\\\/darkamazi.info\\\/archives\\\/author\\\/kurdi\"}]}<\/script>\n<!-- \/ Yoast SEO plugin. -->","seo_head_json":{"title":"Tirkiy\u00ea l\u00eapris\u00een di derheqa berpirs\u00ean HDP \u00ea de dest p\u00eakir - Darka Maz\u00ee","robots":{"index":"index","follow":"follow","max-snippet":"max-snippet:-1","max-image-preview":"max-image-preview:large","max-video-preview":"max-video-preview:-1"},"canonical":"https:\/\/darkamazi.info\/archives\/1006750","og_locale":"en_US","og_type":"article","og_title":"Tirkiy\u00ea l\u00eapris\u00een di derheqa berpirs\u00ean HDP \u00ea de dest p\u00eakir - Darka Maz\u00ee","og_description":"Serdozger\u00eeya komar\u00ee a Tirkiy\u00ea, \u00eero l\u00eapris\u00een li gel berpirs\u00ean HDP, bi s\u00fb\u00e7a gef kirn\u00ea li wan malbat\u00ean li ber baregeha w\u00ea party\u00ea \u00e7alak\u00eeya r\u00fbni\u015ftn\u00ea di dom\u00eenin, da destip\u00eakirin. Serdozger\u00eeya komar\u00ee a Ameda bakor\u00ea Kurdistan\u00ea, di beyaneke niv\u00eesk\u00ee de e\u015fkere kir, bi s\u00fb\u00e7a ku berpirs\u00ean HDP \u00ean bajaran, gef li wan malbat\u00ean li ber baregeha HDP [&hellip;]","og_url":"https:\/\/darkamazi.info\/archives\/1006750","og_site_name":"Darka Maz\u00ee","article_publisher":"https:\/\/www.facebook.com\/DarMaziKurmanci","article_published_time":"2019-09-09T13:31:36+00:00","article_modified_time":"2019-10-07T16:17:59+00:00","og_image":[{"width":990,"height":556,"url":"https:\/\/darkamazi.info\/file\/2019\/09\/HDP-Lepirsin.jpg","type":"image\/jpeg"}],"author":"darka mazi","twitter_card":"summary_large_image","twitter_image":"https:\/\/darkamazi.info\/file\/2019\/09\/HDP-Lepirsin.jpg","twitter_creator":"@DarkaMaziLatini","twitter_site":"@DarkaMaziLatini","twitter_misc":{"Written by":"darka mazi","Est. reading time":"1 minute"},"schema":{"@context":"https:\/\/schema.org","@graph":[{"@type":"Article","@id":"https:\/\/darkamazi.info\/archives\/1006750#article","isPartOf":{"@id":"https:\/\/darkamazi.info\/archives\/1006750"},"author":{"name":"darka mazi","@id":"https:\/\/darkamazi.info\/#\/schema\/person\/5ad3e24553a0567993fa8ed4bd0a776c"},"headline":"Tirkiy\u00ea l\u00eapris\u00een di derheqa berpirs\u00ean HDP \u00ea de dest p\u00eakir","datePublished":"2019-09-09T13:31:36+00:00","dateModified":"2019-10-07T16:17:59+00:00","mainEntityOfPage":{"@id":"https:\/\/darkamazi.info\/archives\/1006750"},"wordCount":213,"publisher":{"@id":"https:\/\/darkamazi.info\/#organization"},"image":{"@id":"https:\/\/darkamazi.info\/archives\/1006750#primaryimage"},"thumbnailUrl":"https:\/\/darkamazi.info\/file\/2019\/09\/HDP-Lepirsin.jpg","articleSection":["Kurdistan"],"inLanguage":"en-US"},{"@type":"WebPage","@id":"https:\/\/darkamazi.info\/archives\/1006750","url":"https:\/\/darkamazi.info\/archives\/1006750","name":"Tirkiy\u00ea l\u00eapris\u00een di derheqa berpirs\u00ean HDP \u00ea de dest p\u00eakir - Darka Maz\u00ee","isPartOf":{"@id":"https:\/\/darkamazi.info\/#website"},"primaryImageOfPage":{"@id":"https:\/\/darkamazi.info\/archives\/1006750#primaryimage"},"image":{"@id":"https:\/\/darkamazi.info\/archives\/1006750#primaryimage"},"thumbnailUrl":"https:\/\/darkamazi.info\/file\/2019\/09\/HDP-Lepirsin.jpg","datePublished":"2019-09-09T13:31:36+00:00","dateModified":"2019-10-07T16:17:59+00:00","breadcrumb":{"@id":"https:\/\/darkamazi.info\/archives\/1006750#breadcrumb"},"inLanguage":"en-US","potentialAction":[{"@type":"ReadAction","target":["https:\/\/darkamazi.info\/archives\/1006750"]}]},{"@type":"ImageObject","inLanguage":"en-US","@id":"https:\/\/darkamazi.info\/archives\/1006750#primaryimage","url":"https:\/\/darkamazi.info\/file\/2019\/09\/HDP-Lepirsin.jpg","contentUrl":"https:\/\/darkamazi.info\/file\/2019\/09\/HDP-Lepirsin.jpg","width":990,"height":556},{"@type":"BreadcrumbList","@id":"https:\/\/darkamazi.info\/archives\/1006750#breadcrumb","itemListElement":[{"@type":"ListItem","position":1,"name":"Home","item":"https:\/\/darkamazi.info\/"},{"@type":"ListItem","position":2,"name":"Tirkiy\u00ea l\u00eapris\u00een di derheqa berpirs\u00ean HDP \u00ea de dest p\u00eakir"}]},{"@type":"WebSite","@id":"https:\/\/darkamazi.info\/#website","url":"https:\/\/darkamazi.info\/","name":"Darka Maz\u00ee","description":"P\u00eageha Zanyariy\u00ean Nebih\u00eest\u00ee","publisher":{"@id":"https:\/\/darkamazi.info\/#organization"},"potentialAction":[{"@type":"SearchAction","target":{"@type":"EntryPoint","urlTemplate":"https:\/\/darkamazi.info\/?s={search_term_string}"},"query-input":{"@type":"PropertyValueSpecification","valueRequired":true,"valueName":"search_term_string"}}],"inLanguage":"en-US"},{"@type":"Organization","@id":"https:\/\/darkamazi.info\/#organization","name":"Darka Maz\u00ee","url":"https:\/\/darkamazi.info\/","logo":{"@type":"ImageObject","inLanguage":"en-US","@id":"https:\/\/darkamazi.info\/#\/schema\/logo\/image\/","url":"https:\/\/darkamazi.info\/file\/2017\/12\/darka-mazi-logo.png","contentUrl":"https:\/\/darkamazi.info\/file\/2017\/12\/darka-mazi-logo.png","width":151,"height":75,"caption":"Darka Maz\u00ee"},"image":{"@id":"https:\/\/darkamazi.info\/#\/schema\/logo\/image\/"},"sameAs":["https:\/\/www.facebook.com\/DarMaziKurmanci","https:\/\/x.com\/DarkaMaziLatini","https:\/\/www.instagram.com\/darkamazi.kurmanci\/","https:\/\/www.youtube.com\/channel\/UCa5HkTdmI8U1qCUFuTw8B2g"]},{"@type":"Person","@id":"https:\/\/darkamazi.info\/#\/schema\/person\/5ad3e24553a0567993fa8ed4bd0a776c","name":"darka mazi","sameAs":["https:\/\/darkamazi.info\/"],"url":"https:\/\/darkamazi.info\/archives\/author\/kurdi"}]}},"_links":{"self":[{"href":"https:\/\/darkamazi.info\/funavuv\/wp\/v2\/posts\/1006750","targetHints":{"allow":["GET"]}}],"collection":[{"href":"https:\/\/darkamazi.info\/funavuv\/wp\/v2\/posts"}],"about":[{"href":"https:\/\/darkamazi.info\/funavuv\/wp\/v2\/types\/post"}],"author":[{"embeddable":true,"href":"https:\/\/darkamazi.info\/funavuv\/wp\/v2\/users\/2"}],"replies":[{"embeddable":true,"href":"https:\/\/darkamazi.info\/funavuv\/wp\/v2\/comments?post=1006750"}],"version-history":[{"count":0,"href":"https:\/\/darkamazi.info\/funavuv\/wp\/v2\/posts\/1006750\/revisions"}],"wp:featuredmedia":[{"embeddable":true,"href":"https:\/\/darkamazi.info\/funavuv\/wp\/v2\/media\/1006751"}],"wp:attachment":[{"href":"https:\/\/darkamazi.info\/funavuv\/wp\/v2\/media?parent=1006750"}],"wp:term":[{"taxonomy":"category","embeddable":true,"href":"https:\/\/darkamazi.info\/funavuv\/wp\/v2\/categories?post=1006750"},{"taxonomy":"post_tag","embeddable":true,"href":"https:\/\/darkamazi.info\/funavuv\/wp\/v2\/tags?post=1006750"}],"curies":[{"name":"wp","href":"https:\/\/api.w.org\/{rel}","templated":true}]}}