{"id":1006759,"date":"2019-09-09T19:24:36","date_gmt":"2019-09-09T16:24:36","guid":{"rendered":"https:\/\/darkamazi.info\/?p=1006759"},"modified":"2019-10-07T19:17:33","modified_gmt":"2019-10-07T16:17:33","slug":"serok-barzani-peswaziya-konsole-britanya-li-hewlere-kir","status":"publish","type":"post","link":"https:\/\/darkamazi.info\/archives\/1006759","title":{"rendered":"Br\u00eetanya dixwaze her\u00eama kurdistan\u00ea bi h\u00eaz \u00fb aram be"},"content":{"rendered":"<div class=\"wpb-content-wrapper\"><p>[darkamazi_row][darkamazi_column][darkamazi_column_text]<\/p>\n<h2><strong>Mes&#8217;\u00fbd Barzan\u00ee p\u00ea\u015fwaziya Konsol\u00ea Br\u00eetanya li Hewl\u00ear\u00ea kir<\/strong><\/h2>\n<h3>Roja d\u00fb\u015fem 09.09.2019 li Selahedd\u00een\u00a0 Mes&#8217;\u00fbd Barzan\u00ee p\u00ea\u015fwaziya Konsol\u00ea Gi\u015ft\u00ee y\u00ea Br\u00eetanya li Hewl\u00ear\u00ea kir.<\/h3>\n<h3>Li hevd\u00eetin\u00ea de ku James Thornton Konsol\u00ea n\u00fb y\u00ea Br\u00eetanya bi mebesta xwenasandin\u00ea serdana Barzan\u00ee kirib\u00fb, xwe\u015fhal\u00eeya xwe ji bo p\u00ea\u015fve\u00e7\u00fbna piroseya s\u00eeyas\u00ee li her\u00eama Kurdistan\u00ea \u00fb destbikarb\u00fbna hik\u00fbmeta n\u00fb ragihand \u00fb tekez li w\u00ea yek\u00ea kir ku welat\u00ea wan xwazyare ku her\u00eama Kurdistan\u00ea bi h\u00eaz \u00fb aram b\u00ea \u00fb her wiha h\u00eav\u00ee xwest peywendiy\u00ean Bir\u00eetanya \u00fb her\u00eama Kurdistan\u00ea b\u00ea p\u00ea\u015fxistin.<\/h3>\n<h3>Her li v\u00ea civ\u00een\u00ea de p\u00ea\u015fhat\u00ean siyasiy\u00ean Iraq \u00fb nav\u00e7ey\u00ea \u00fb rew\u015fa Kerk\u00fbk \u00fb nav\u00e7ey\u00ean maddeya 140 hate nirxandin.<\/h3>\n<h3>Peywendiy\u00ean di navbera Her\u00eama Kurdistan \u00fb Br\u00eetanya mijareke din\u00ea v\u00ea hevd\u00eetin\u00ea b\u00fb.<\/h3>\n<p>[\/darkamazi_column_text][darkamazi_single_image image=&#8221;1006761&#8243; img_size=&#8221;full&#8221; alignment=&#8221;center&#8221;][\/darkamazi_column][\/darkamazi_row]<\/p>\n<\/div>","protected":false},"excerpt":{"rendered":"<p>[darkamazi_row][darkamazi_column][darkamazi_column_text] Mes&#8217;\u00fbd Barzan\u00ee p\u00ea\u015fwaziya Konsol\u00ea Br\u00eetanya li Hewl\u00ear\u00ea kir Roja d\u00fb\u015fem 09.09.2019 li Selahedd\u00een\u00a0 Mes&#8217;\u00fbd Barzan\u00ee p\u00ea\u015fwaziya Konsol\u00ea Gi\u015ft\u00ee y\u00ea Br\u00eetanya li Hewl\u00ear\u00ea kir. Li hevd\u00eetin\u00ea de ku James Thornton Konsol\u00ea n\u00fb y\u00ea Br\u00eetanya bi mebesta xwenasandin\u00ea serdana Barzan\u00ee kirib\u00fb, xwe\u015fhal\u00eeya xwe ji bo p\u00ea\u015fve\u00e7\u00fbna piroseya s\u00eeyas\u00ee li her\u00eama Kurdistan\u00ea \u00fb destbikarb\u00fbna hik\u00fbmeta n\u00fb ragihand [&hellip;]<\/p>\n","protected":false},"author":2,"featured_media":1006760,"comment_status":"closed","ping_status":"closed","sticky":false,"template":"","format":"standard","meta":{"footnotes":""},"categories":[29],"tags":[],"class_list":["post-1006759","post","type-post","status-publish","format-standard","has-post-thumbnail","hentry","category-kurdistan"],"blocksy_meta":[],"seo_head":"<!-- This site is optimized with the Yoast SEO plugin v27.5 - https:\/\/yoast.com\/product\/yoast-seo-wordpress\/ -->\n<title>Br\u00eetanya dixwaze her\u00eama kurdistan\u00ea bi h\u00eaz \u00fb aram be - Darka Maz\u00ee<\/title>\n<meta name=\"robots\" content=\"index, follow, max-snippet:-1, max-image-preview:large, max-video-preview:-1\" \/>\n<link rel=\"canonical\" href=\"https:\/\/darkamazi.info\/archives\/1006759\" \/>\n<meta property=\"og:locale\" content=\"en_US\" \/>\n<meta property=\"og:type\" content=\"article\" \/>\n<meta property=\"og:title\" content=\"Br\u00eetanya dixwaze her\u00eama kurdistan\u00ea bi h\u00eaz \u00fb aram be - Darka Maz\u00ee\" \/>\n<meta property=\"og:description\" content=\"[darkamazi_row][darkamazi_column][darkamazi_column_text] Mes&#8217;\u00fbd Barzan\u00ee p\u00ea\u015fwaziya Konsol\u00ea Br\u00eetanya li Hewl\u00ear\u00ea kir Roja d\u00fb\u015fem 09.09.2019 li Selahedd\u00een\u00a0 Mes&#8217;\u00fbd Barzan\u00ee p\u00ea\u015fwaziya Konsol\u00ea Gi\u015ft\u00ee y\u00ea Br\u00eetanya li Hewl\u00ear\u00ea kir. Li hevd\u00eetin\u00ea de ku James Thornton Konsol\u00ea n\u00fb y\u00ea Br\u00eetanya bi mebesta xwenasandin\u00ea serdana Barzan\u00ee kirib\u00fb, xwe\u015fhal\u00eeya xwe ji bo p\u00ea\u015fve\u00e7\u00fbna piroseya s\u00eeyas\u00ee li her\u00eama Kurdistan\u00ea \u00fb destbikarb\u00fbna hik\u00fbmeta n\u00fb ragihand [&hellip;]\" \/>\n<meta property=\"og:url\" content=\"https:\/\/darkamazi.info\/archives\/1006759\" \/>\n<meta property=\"og:site_name\" content=\"Darka Maz\u00ee\" \/>\n<meta property=\"article:publisher\" content=\"https:\/\/www.facebook.com\/DarMaziKurmanci\" \/>\n<meta property=\"article:published_time\" content=\"2019-09-09T16:24:36+00:00\" \/>\n<meta property=\"article:modified_time\" content=\"2019-10-07T16:17:33+00:00\" \/>\n<meta property=\"og:image\" content=\"https:\/\/darkamazi.info\/file\/2019\/09\/\u0633\u06d5\u0631\u06c6\u06a9\u0662.jpg\" \/>\n\t<meta property=\"og:image:width\" content=\"2048\" \/>\n\t<meta property=\"og:image:height\" content=\"1158\" \/>\n\t<meta property=\"og:image:type\" content=\"image\/jpeg\" \/>\n<meta name=\"author\" content=\"darka mazi\" \/>\n<meta name=\"twitter:card\" content=\"summary_large_image\" \/>\n<meta name=\"twitter:image\" content=\"https:\/\/darkamazi.info\/file\/2019\/09\/\u0633\u06d5\u0631\u06c6\u06a9\u0662.jpg\" \/>\n<meta name=\"twitter:creator\" content=\"@DarkaMaziLatini\" \/>\n<meta name=\"twitter:site\" content=\"@DarkaMaziLatini\" \/>\n<meta name=\"twitter:label1\" content=\"Written by\" \/>\n\t<meta name=\"twitter:data1\" content=\"darka mazi\" \/>\n\t<meta name=\"twitter:label2\" content=\"Est. reading time\" \/>\n\t<meta name=\"twitter:data2\" content=\"1 minute\" \/>\n<script type=\"application\/ld+json\" class=\"seo-schema-graph\">{\"@context\":\"https:\\\/\\\/schema.org\",\"@graph\":[{\"@type\":\"Article\",\"@id\":\"https:\\\/\\\/darkamazi.info\\\/archives\\\/1006759#article\",\"isPartOf\":{\"@id\":\"https:\\\/\\\/darkamazi.info\\\/archives\\\/1006759\"},\"author\":{\"name\":\"darka mazi\",\"@id\":\"https:\\\/\\\/darkamazi.info\\\/#\\\/schema\\\/person\\\/5ad3e24553a0567993fa8ed4bd0a776c\"},\"headline\":\"Br\u00eetanya dixwaze her\u00eama kurdistan\u00ea bi h\u00eaz \u00fb aram be\",\"datePublished\":\"2019-09-09T16:24:36+00:00\",\"dateModified\":\"2019-10-07T16:17:33+00:00\",\"mainEntityOfPage\":{\"@id\":\"https:\\\/\\\/darkamazi.info\\\/archives\\\/1006759\"},\"wordCount\":179,\"publisher\":{\"@id\":\"https:\\\/\\\/darkamazi.info\\\/#organization\"},\"image\":{\"@id\":\"https:\\\/\\\/darkamazi.info\\\/archives\\\/1006759#primaryimage\"},\"thumbnailUrl\":\"https:\\\/\\\/darkamazi.info\\\/darka-content\\\/uploads\\\/2019\\\/09\\\/7g2a4169.jpg\",\"articleSection\":[\"Kurdistan\"],\"inLanguage\":\"en-US\"},{\"@type\":\"WebPage\",\"@id\":\"https:\\\/\\\/darkamazi.info\\\/archives\\\/1006759\",\"url\":\"https:\\\/\\\/darkamazi.info\\\/archives\\\/1006759\",\"name\":\"Br\u00eetanya dixwaze her\u00eama kurdistan\u00ea bi h\u00eaz \u00fb aram be - Darka Maz\u00ee\",\"isPartOf\":{\"@id\":\"https:\\\/\\\/darkamazi.info\\\/#website\"},\"primaryImageOfPage\":{\"@id\":\"https:\\\/\\\/darkamazi.info\\\/archives\\\/1006759#primaryimage\"},\"image\":{\"@id\":\"https:\\\/\\\/darkamazi.info\\\/archives\\\/1006759#primaryimage\"},\"thumbnailUrl\":\"https:\\\/\\\/darkamazi.info\\\/darka-content\\\/uploads\\\/2019\\\/09\\\/7g2a4169.jpg\",\"datePublished\":\"2019-09-09T16:24:36+00:00\",\"dateModified\":\"2019-10-07T16:17:33+00:00\",\"breadcrumb\":{\"@id\":\"https:\\\/\\\/darkamazi.info\\\/archives\\\/1006759#breadcrumb\"},\"inLanguage\":\"en-US\",\"potentialAction\":[{\"@type\":\"ReadAction\",\"target\":[\"https:\\\/\\\/darkamazi.info\\\/archives\\\/1006759\"]}]},{\"@type\":\"ImageObject\",\"inLanguage\":\"en-US\",\"@id\":\"https:\\\/\\\/darkamazi.info\\\/archives\\\/1006759#primaryimage\",\"url\":\"https:\\\/\\\/darkamazi.info\\\/darka-content\\\/uploads\\\/2019\\\/09\\\/7g2a4169.jpg\",\"contentUrl\":\"https:\\\/\\\/darkamazi.info\\\/darka-content\\\/uploads\\\/2019\\\/09\\\/7g2a4169.jpg\",\"width\":750,\"height\":414},{\"@type\":\"BreadcrumbList\",\"@id\":\"https:\\\/\\\/darkamazi.info\\\/archives\\\/1006759#breadcrumb\",\"itemListElement\":[{\"@type\":\"ListItem\",\"position\":1,\"name\":\"Home\",\"item\":\"https:\\\/\\\/darkamazi.info\\\/\"},{\"@type\":\"ListItem\",\"position\":2,\"name\":\"Br\u00eetanya dixwaze her\u00eama kurdistan\u00ea bi h\u00eaz \u00fb aram be\"}]},{\"@type\":\"WebSite\",\"@id\":\"https:\\\/\\\/darkamazi.info\\\/#website\",\"url\":\"https:\\\/\\\/darkamazi.info\\\/\",\"name\":\"Darka Maz\u00ee\",\"description\":\"P\u00eageha Zanyariy\u00ean Nebih\u00eest\u00ee\",\"publisher\":{\"@id\":\"https:\\\/\\\/darkamazi.info\\\/#organization\"},\"potentialAction\":[{\"@type\":\"SearchAction\",\"target\":{\"@type\":\"EntryPoint\",\"urlTemplate\":\"https:\\\/\\\/darkamazi.info\\\/?s={search_term_string}\"},\"query-input\":{\"@type\":\"PropertyValueSpecification\",\"valueRequired\":true,\"valueName\":\"search_term_string\"}}],\"inLanguage\":\"en-US\"},{\"@type\":\"Organization\",\"@id\":\"https:\\\/\\\/darkamazi.info\\\/#organization\",\"name\":\"Darka Maz\u00ee\",\"url\":\"https:\\\/\\\/darkamazi.info\\\/\",\"logo\":{\"@type\":\"ImageObject\",\"inLanguage\":\"en-US\",\"@id\":\"https:\\\/\\\/darkamazi.info\\\/#\\\/schema\\\/logo\\\/image\\\/\",\"url\":\"https:\\\/\\\/darkamazi.info\\\/darka-content\\\/uploads\\\/2017\\\/12\\\/darka-mazi-logo.png\",\"contentUrl\":\"https:\\\/\\\/darkamazi.info\\\/darka-content\\\/uploads\\\/2017\\\/12\\\/darka-mazi-logo.png\",\"width\":151,\"height\":75,\"caption\":\"Darka Maz\u00ee\"},\"image\":{\"@id\":\"https:\\\/\\\/darkamazi.info\\\/#\\\/schema\\\/logo\\\/image\\\/\"},\"sameAs\":[\"https:\\\/\\\/www.facebook.com\\\/DarMaziKurmanci\",\"https:\\\/\\\/x.com\\\/DarkaMaziLatini\",\"https:\\\/\\\/www.instagram.com\\\/darkamazi.kurmanci\\\/\",\"https:\\\/\\\/www.youtube.com\\\/channel\\\/UCa5HkTdmI8U1qCUFuTw8B2g\"]},{\"@type\":\"Person\",\"@id\":\"https:\\\/\\\/darkamazi.info\\\/#\\\/schema\\\/person\\\/5ad3e24553a0567993fa8ed4bd0a776c\",\"name\":\"darka mazi\",\"sameAs\":[\"https:\\\/\\\/darkamazi.info\\\/\"],\"url\":\"https:\\\/\\\/darkamazi.info\\\/archives\\\/author\\\/kurdi\"}]}<\/script>\n<!-- \/ Yoast SEO plugin. -->","seo_head_json":{"title":"Br\u00eetanya dixwaze her\u00eama kurdistan\u00ea bi h\u00eaz \u00fb aram be - Darka Maz\u00ee","robots":{"index":"index","follow":"follow","max-snippet":"max-snippet:-1","max-image-preview":"max-image-preview:large","max-video-preview":"max-video-preview:-1"},"canonical":"https:\/\/darkamazi.info\/archives\/1006759","og_locale":"en_US","og_type":"article","og_title":"Br\u00eetanya dixwaze her\u00eama kurdistan\u00ea bi h\u00eaz \u00fb aram be - Darka Maz\u00ee","og_description":"[darkamazi_row][darkamazi_column][darkamazi_column_text] Mes&#8217;\u00fbd Barzan\u00ee p\u00ea\u015fwaziya Konsol\u00ea Br\u00eetanya li Hewl\u00ear\u00ea kir Roja d\u00fb\u015fem 09.09.2019 li Selahedd\u00een\u00a0 Mes&#8217;\u00fbd Barzan\u00ee p\u00ea\u015fwaziya Konsol\u00ea Gi\u015ft\u00ee y\u00ea Br\u00eetanya li Hewl\u00ear\u00ea kir. Li hevd\u00eetin\u00ea de ku James Thornton Konsol\u00ea n\u00fb y\u00ea Br\u00eetanya bi mebesta xwenasandin\u00ea serdana Barzan\u00ee kirib\u00fb, xwe\u015fhal\u00eeya xwe ji bo p\u00ea\u015fve\u00e7\u00fbna piroseya s\u00eeyas\u00ee li her\u00eama Kurdistan\u00ea \u00fb destbikarb\u00fbna hik\u00fbmeta n\u00fb ragihand [&hellip;]","og_url":"https:\/\/darkamazi.info\/archives\/1006759","og_site_name":"Darka Maz\u00ee","article_publisher":"https:\/\/www.facebook.com\/DarMaziKurmanci","article_published_time":"2019-09-09T16:24:36+00:00","article_modified_time":"2019-10-07T16:17:33+00:00","og_image":[{"width":2048,"height":1158,"url":"https:\/\/darkamazi.info\/file\/2019\/09\/\u0633\u06d5\u0631\u06c6\u06a9\u0662.jpg","type":"image\/jpeg"}],"author":"darka mazi","twitter_card":"summary_large_image","twitter_image":"https:\/\/darkamazi.info\/file\/2019\/09\/\u0633\u06d5\u0631\u06c6\u06a9\u0662.jpg","twitter_creator":"@DarkaMaziLatini","twitter_site":"@DarkaMaziLatini","twitter_misc":{"Written by":"darka mazi","Est. reading time":"1 minute"},"schema":{"@context":"https:\/\/schema.org","@graph":[{"@type":"Article","@id":"https:\/\/darkamazi.info\/archives\/1006759#article","isPartOf":{"@id":"https:\/\/darkamazi.info\/archives\/1006759"},"author":{"name":"darka mazi","@id":"https:\/\/darkamazi.info\/#\/schema\/person\/5ad3e24553a0567993fa8ed4bd0a776c"},"headline":"Br\u00eetanya dixwaze her\u00eama kurdistan\u00ea bi h\u00eaz \u00fb aram be","datePublished":"2019-09-09T16:24:36+00:00","dateModified":"2019-10-07T16:17:33+00:00","mainEntityOfPage":{"@id":"https:\/\/darkamazi.info\/archives\/1006759"},"wordCount":179,"publisher":{"@id":"https:\/\/darkamazi.info\/#organization"},"image":{"@id":"https:\/\/darkamazi.info\/archives\/1006759#primaryimage"},"thumbnailUrl":"https:\/\/darkamazi.info\/file\/2019\/09\/7g2a4169.jpg","articleSection":["Kurdistan"],"inLanguage":"en-US"},{"@type":"WebPage","@id":"https:\/\/darkamazi.info\/archives\/1006759","url":"https:\/\/darkamazi.info\/archives\/1006759","name":"Br\u00eetanya dixwaze her\u00eama kurdistan\u00ea bi h\u00eaz \u00fb aram be - Darka Maz\u00ee","isPartOf":{"@id":"https:\/\/darkamazi.info\/#website"},"primaryImageOfPage":{"@id":"https:\/\/darkamazi.info\/archives\/1006759#primaryimage"},"image":{"@id":"https:\/\/darkamazi.info\/archives\/1006759#primaryimage"},"thumbnailUrl":"https:\/\/darkamazi.info\/file\/2019\/09\/7g2a4169.jpg","datePublished":"2019-09-09T16:24:36+00:00","dateModified":"2019-10-07T16:17:33+00:00","breadcrumb":{"@id":"https:\/\/darkamazi.info\/archives\/1006759#breadcrumb"},"inLanguage":"en-US","potentialAction":[{"@type":"ReadAction","target":["https:\/\/darkamazi.info\/archives\/1006759"]}]},{"@type":"ImageObject","inLanguage":"en-US","@id":"https:\/\/darkamazi.info\/archives\/1006759#primaryimage","url":"https:\/\/darkamazi.info\/file\/2019\/09\/7g2a4169.jpg","contentUrl":"https:\/\/darkamazi.info\/file\/2019\/09\/7g2a4169.jpg","width":750,"height":414},{"@type":"BreadcrumbList","@id":"https:\/\/darkamazi.info\/archives\/1006759#breadcrumb","itemListElement":[{"@type":"ListItem","position":1,"name":"Home","item":"https:\/\/darkamazi.info\/"},{"@type":"ListItem","position":2,"name":"Br\u00eetanya dixwaze her\u00eama kurdistan\u00ea bi h\u00eaz \u00fb aram be"}]},{"@type":"WebSite","@id":"https:\/\/darkamazi.info\/#website","url":"https:\/\/darkamazi.info\/","name":"Darka Maz\u00ee","description":"P\u00eageha Zanyariy\u00ean Nebih\u00eest\u00ee","publisher":{"@id":"https:\/\/darkamazi.info\/#organization"},"potentialAction":[{"@type":"SearchAction","target":{"@type":"EntryPoint","urlTemplate":"https:\/\/darkamazi.info\/?s={search_term_string}"},"query-input":{"@type":"PropertyValueSpecification","valueRequired":true,"valueName":"search_term_string"}}],"inLanguage":"en-US"},{"@type":"Organization","@id":"https:\/\/darkamazi.info\/#organization","name":"Darka Maz\u00ee","url":"https:\/\/darkamazi.info\/","logo":{"@type":"ImageObject","inLanguage":"en-US","@id":"https:\/\/darkamazi.info\/#\/schema\/logo\/image\/","url":"https:\/\/darkamazi.info\/file\/2017\/12\/darka-mazi-logo.png","contentUrl":"https:\/\/darkamazi.info\/file\/2017\/12\/darka-mazi-logo.png","width":151,"height":75,"caption":"Darka Maz\u00ee"},"image":{"@id":"https:\/\/darkamazi.info\/#\/schema\/logo\/image\/"},"sameAs":["https:\/\/www.facebook.com\/DarMaziKurmanci","https:\/\/x.com\/DarkaMaziLatini","https:\/\/www.instagram.com\/darkamazi.kurmanci\/","https:\/\/www.youtube.com\/channel\/UCa5HkTdmI8U1qCUFuTw8B2g"]},{"@type":"Person","@id":"https:\/\/darkamazi.info\/#\/schema\/person\/5ad3e24553a0567993fa8ed4bd0a776c","name":"darka mazi","sameAs":["https:\/\/darkamazi.info\/"],"url":"https:\/\/darkamazi.info\/archives\/author\/kurdi"}]}},"_links":{"self":[{"href":"https:\/\/darkamazi.info\/funavuv\/wp\/v2\/posts\/1006759","targetHints":{"allow":["GET"]}}],"collection":[{"href":"https:\/\/darkamazi.info\/funavuv\/wp\/v2\/posts"}],"about":[{"href":"https:\/\/darkamazi.info\/funavuv\/wp\/v2\/types\/post"}],"author":[{"embeddable":true,"href":"https:\/\/darkamazi.info\/funavuv\/wp\/v2\/users\/2"}],"replies":[{"embeddable":true,"href":"https:\/\/darkamazi.info\/funavuv\/wp\/v2\/comments?post=1006759"}],"version-history":[{"count":0,"href":"https:\/\/darkamazi.info\/funavuv\/wp\/v2\/posts\/1006759\/revisions"}],"wp:featuredmedia":[{"embeddable":true,"href":"https:\/\/darkamazi.info\/funavuv\/wp\/v2\/media\/1006760"}],"wp:attachment":[{"href":"https:\/\/darkamazi.info\/funavuv\/wp\/v2\/media?parent=1006759"}],"wp:term":[{"taxonomy":"category","embeddable":true,"href":"https:\/\/darkamazi.info\/funavuv\/wp\/v2\/categories?post=1006759"},{"taxonomy":"post_tag","embeddable":true,"href":"https:\/\/darkamazi.info\/funavuv\/wp\/v2\/tags?post=1006759"}],"curies":[{"name":"wp","href":"https:\/\/api.w.org\/{rel}","templated":true}]}}