{"id":1006763,"date":"2019-09-09T19:38:22","date_gmt":"2019-09-09T16:38:22","guid":{"rendered":"https:\/\/darkamazi.info\/?p=1006763"},"modified":"2019-10-07T19:17:25","modified_gmt":"2019-10-07T16:17:25","slug":"necirvan-barzani-pesne-rola-fransa-kir","status":"publish","type":"post","link":"https:\/\/darkamazi.info\/archives\/1006763","title":{"rendered":"N\u00ea\u00e7\u00eervan Barzan\u00ee pesna rola Firansa kir"},"content":{"rendered":"<h2><strong>Bir\u00eaz N\u00ea\u00e7\u00eervan Barzan\u00ee Serok\u00ea her\u00eama Kurdistan\u00ea pesna rola serok Macron \u00fb Firansay\u00ea li pi\u015ftg\u00eeriya her\u00eama Kurdistan\u00ea kir \u00fb d\u00fbpat kir ku gel\u00ea Kurdistan\u00ea r\u00eaz \u00fb p\u00eazan\u00een\u00ean xwe ji bo dostayet\u00ee \u00fb pi\u015ftg\u00eeriya Firansa heye \u00fb xwazyar\u00ea z\u00eadetir p\u00ea\u015fxistina peywendiy\u00ean li gel Firansa ye.<\/strong><\/h2>\n<h3>Serok N\u00ea\u00e7\u00eervan Barzan\u00ee pi\u015ft\u00ee n\u00eevroya \u00eero yek\u015fem 08\/09\/2019 li hevd\u00eetinek\u00ea de li gel Olivier Decottignies Konsol\u00ea Gi\u015ft\u00ee y\u00ea n\u00fb y\u00ea Firansa li Hewl\u00ear, ji bil\u00ee p\u00eerozbahiya destbikarb\u00fbna w\u00ee ya li erk\u00ea w\u00ee n\u00fb da, h\u00eaviya serkeftin\u00ea xwest \u00fb hem\u00fb pi\u015ftg\u00eer\u00ee \u00fb h\u00easankariyek\u00ee d\u00fbpat kir.<\/h3>\n<h3>Her wiha r\u00eazdar balki\u015fand li ser rola Serok Macron Serok\u00ea Firansa ya li pi\u015ftg\u00eer\u00eekirina her\u00eama Kurdistan\u00ea \u00fb hewl\u00ean w\u00ee y\u00ean ji bo dest p\u00ea kirina diyaloga Hewl\u00ear \u00fb Bexda ku li encam\u00ea da her d\u00fb al\u00ee kar\u00een hengav\u00ean ji bo normal kirina peywend\u00eeyan \u00fb \u00e7areserkirina hinek ji k\u00ea\u015feyan bikin, her wiha pi\u015ftg\u00eer\u00eeya xwe ji bo hewl\u00ean Firansa ya bi nav\u00ea \u00e7areser kirina nakok\u00eey\u00ean di navbera aliy\u00ean s\u00eeyasiy\u00ean Kurd\u00ee y\u00ean li Kurdistana S\u00fbr\u00eeye derbir\u00ee.<\/h3>\n<h3>Li hevd\u00eetin\u00ea de her d\u00fb al\u00ee t\u00ee\u015fk xistin li ser rew\u015fa ewleh\u00ee, s\u00eeyas\u00ee \u00fb ab\u00fbr\u00ee \u0627 Iraq\u00ea \u00fb tekez li ser gir\u00eengiya hevkar\u00ee \u00fb hemaheng\u00eeya di navbera Her\u00eama Kurdistan \u00fb hik\u00fbmeta federal ya ji bo parastina asay\u00ee\u015f \u00fb aram\u00eey\u00ea bi taybet\u00ee li nav\u00e7ey\u00ean nakok\u00ee li ser kir. Konsol\u00ea Gi\u015ft\u00ee y\u00ea Firansa li Hewl\u00ear sipas \u00fb p\u00eazan\u00een\u00ean welat\u00ea xwe ji bo hevkar\u00ee\u00a0\u00fb al\u00eekar\u00ee\u00ean her\u00eama Kurdistan\u00ea ya ji bo ko\u00e7ber \u00fb penaberan d\u00fbpat kir.<\/h3>\n<h3>Her wiha t\u00ee\u015fk xiste li ser serdana \u00e7aver\u00ea kiriya serok\u00ea Firansa Emmanuel Macron ya Iraq \u00fb Her\u00eama Kurdistan\u00ea.<\/h3>\n","protected":false},"excerpt":{"rendered":"<p>Bir\u00eaz N\u00ea\u00e7\u00eervan Barzan\u00ee Serok\u00ea her\u00eama Kurdistan\u00ea pesna rola serok Macron \u00fb Firansay\u00ea li pi\u015ftg\u00eeriya her\u00eama Kurdistan\u00ea kir \u00fb d\u00fbpat kir ku gel\u00ea Kurdistan\u00ea r\u00eaz \u00fb p\u00eazan\u00een\u00ean xwe ji bo dostayet\u00ee \u00fb pi\u015ftg\u00eeriya Firansa heye \u00fb xwazyar\u00ea z\u00eadetir p\u00ea\u015fxistina peywendiy\u00ean li gel Firansa ye. Serok N\u00ea\u00e7\u00eervan Barzan\u00ee pi\u015ft\u00ee n\u00eevroya \u00eero yek\u015fem 08\/09\/2019 li hevd\u00eetinek\u00ea de li [&hellip;]<\/p>\n","protected":false},"author":2,"featured_media":1006764,"comment_status":"closed","ping_status":"closed","sticky":false,"template":"","format":"standard","meta":{"footnotes":""},"categories":[29],"tags":[],"class_list":["post-1006763","post","type-post","status-publish","format-standard","has-post-thumbnail","hentry","category-kurdistan"],"blocksy_meta":[],"seo_head":"<!-- This site is optimized with the Yoast SEO plugin v27.5 - https:\/\/yoast.com\/product\/yoast-seo-wordpress\/ -->\n<title>N\u00ea\u00e7\u00eervan Barzan\u00ee pesna rola Firansa kir - Darka Maz\u00ee<\/title>\n<meta name=\"robots\" content=\"index, follow, max-snippet:-1, max-image-preview:large, max-video-preview:-1\" \/>\n<link rel=\"canonical\" href=\"https:\/\/darkamazi.info\/archives\/1006763\" \/>\n<meta property=\"og:locale\" content=\"en_US\" \/>\n<meta property=\"og:type\" content=\"article\" \/>\n<meta property=\"og:title\" content=\"N\u00ea\u00e7\u00eervan Barzan\u00ee pesna rola Firansa kir - Darka Maz\u00ee\" \/>\n<meta property=\"og:description\" content=\"Bir\u00eaz N\u00ea\u00e7\u00eervan Barzan\u00ee Serok\u00ea her\u00eama Kurdistan\u00ea pesna rola serok Macron \u00fb Firansay\u00ea li pi\u015ftg\u00eeriya her\u00eama Kurdistan\u00ea kir \u00fb d\u00fbpat kir ku gel\u00ea Kurdistan\u00ea r\u00eaz \u00fb p\u00eazan\u00een\u00ean xwe ji bo dostayet\u00ee \u00fb pi\u015ftg\u00eeriya Firansa heye \u00fb xwazyar\u00ea z\u00eadetir p\u00ea\u015fxistina peywendiy\u00ean li gel Firansa ye. Serok N\u00ea\u00e7\u00eervan Barzan\u00ee pi\u015ft\u00ee n\u00eevroya \u00eero yek\u015fem 08\/09\/2019 li hevd\u00eetinek\u00ea de li [&hellip;]\" \/>\n<meta property=\"og:url\" content=\"https:\/\/darkamazi.info\/archives\/1006763\" \/>\n<meta property=\"og:site_name\" content=\"Darka Maz\u00ee\" \/>\n<meta property=\"article:publisher\" content=\"https:\/\/www.facebook.com\/DarMaziKurmanci\" \/>\n<meta property=\"article:published_time\" content=\"2019-09-09T16:38:22+00:00\" \/>\n<meta property=\"article:modified_time\" content=\"2019-10-07T16:17:25+00:00\" \/>\n<meta property=\"og:image\" content=\"https:\/\/darkamazi.info\/file\/2019\/09\/NB_Kunsli-Ferensa-8-9-2019.jpeg\" \/>\n\t<meta property=\"og:image:width\" content=\"1173\" \/>\n\t<meta property=\"og:image:height\" content=\"777\" \/>\n\t<meta property=\"og:image:type\" content=\"image\/jpeg\" \/>\n<meta name=\"author\" content=\"darka mazi\" \/>\n<meta name=\"twitter:card\" content=\"summary_large_image\" \/>\n<meta name=\"twitter:image\" content=\"https:\/\/darkamazi.info\/file\/2019\/09\/NB_Kunsli-Ferensa-8-9-2019.jpeg\" \/>\n<meta name=\"twitter:creator\" content=\"@DarkaMaziLatini\" \/>\n<meta name=\"twitter:site\" content=\"@DarkaMaziLatini\" \/>\n<meta name=\"twitter:label1\" content=\"Written by\" \/>\n\t<meta name=\"twitter:data1\" content=\"darka mazi\" \/>\n\t<meta name=\"twitter:label2\" content=\"Est. reading time\" \/>\n\t<meta name=\"twitter:data2\" content=\"2 minutes\" \/>\n<script type=\"application\/ld+json\" class=\"seo-schema-graph\">{\"@context\":\"https:\\\/\\\/schema.org\",\"@graph\":[{\"@type\":\"Article\",\"@id\":\"https:\\\/\\\/darkamazi.info\\\/archives\\\/1006763#article\",\"isPartOf\":{\"@id\":\"https:\\\/\\\/darkamazi.info\\\/archives\\\/1006763\"},\"author\":{\"name\":\"darka mazi\",\"@id\":\"https:\\\/\\\/darkamazi.info\\\/#\\\/schema\\\/person\\\/5ad3e24553a0567993fa8ed4bd0a776c\"},\"headline\":\"N\u00ea\u00e7\u00eervan Barzan\u00ee pesna rola Firansa kir\",\"datePublished\":\"2019-09-09T16:38:22+00:00\",\"dateModified\":\"2019-10-07T16:17:25+00:00\",\"mainEntityOfPage\":{\"@id\":\"https:\\\/\\\/darkamazi.info\\\/archives\\\/1006763\"},\"wordCount\":316,\"publisher\":{\"@id\":\"https:\\\/\\\/darkamazi.info\\\/#organization\"},\"image\":{\"@id\":\"https:\\\/\\\/darkamazi.info\\\/archives\\\/1006763#primaryimage\"},\"thumbnailUrl\":\"https:\\\/\\\/darkamazi.info\\\/darka-content\\\/uploads\\\/2019\\\/09\\\/NB_Kunsli-Ferensa-8-9-2019.jpeg\",\"articleSection\":[\"Kurdistan\"],\"inLanguage\":\"en-US\"},{\"@type\":\"WebPage\",\"@id\":\"https:\\\/\\\/darkamazi.info\\\/archives\\\/1006763\",\"url\":\"https:\\\/\\\/darkamazi.info\\\/archives\\\/1006763\",\"name\":\"N\u00ea\u00e7\u00eervan Barzan\u00ee pesna rola Firansa kir - Darka Maz\u00ee\",\"isPartOf\":{\"@id\":\"https:\\\/\\\/darkamazi.info\\\/#website\"},\"primaryImageOfPage\":{\"@id\":\"https:\\\/\\\/darkamazi.info\\\/archives\\\/1006763#primaryimage\"},\"image\":{\"@id\":\"https:\\\/\\\/darkamazi.info\\\/archives\\\/1006763#primaryimage\"},\"thumbnailUrl\":\"https:\\\/\\\/darkamazi.info\\\/darka-content\\\/uploads\\\/2019\\\/09\\\/NB_Kunsli-Ferensa-8-9-2019.jpeg\",\"datePublished\":\"2019-09-09T16:38:22+00:00\",\"dateModified\":\"2019-10-07T16:17:25+00:00\",\"breadcrumb\":{\"@id\":\"https:\\\/\\\/darkamazi.info\\\/archives\\\/1006763#breadcrumb\"},\"inLanguage\":\"en-US\",\"potentialAction\":[{\"@type\":\"ReadAction\",\"target\":[\"https:\\\/\\\/darkamazi.info\\\/archives\\\/1006763\"]}]},{\"@type\":\"ImageObject\",\"inLanguage\":\"en-US\",\"@id\":\"https:\\\/\\\/darkamazi.info\\\/archives\\\/1006763#primaryimage\",\"url\":\"https:\\\/\\\/darkamazi.info\\\/darka-content\\\/uploads\\\/2019\\\/09\\\/NB_Kunsli-Ferensa-8-9-2019.jpeg\",\"contentUrl\":\"https:\\\/\\\/darkamazi.info\\\/darka-content\\\/uploads\\\/2019\\\/09\\\/NB_Kunsli-Ferensa-8-9-2019.jpeg\",\"width\":1173,\"height\":777},{\"@type\":\"BreadcrumbList\",\"@id\":\"https:\\\/\\\/darkamazi.info\\\/archives\\\/1006763#breadcrumb\",\"itemListElement\":[{\"@type\":\"ListItem\",\"position\":1,\"name\":\"Home\",\"item\":\"https:\\\/\\\/darkamazi.info\\\/\"},{\"@type\":\"ListItem\",\"position\":2,\"name\":\"N\u00ea\u00e7\u00eervan Barzan\u00ee pesna rola Firansa kir\"}]},{\"@type\":\"WebSite\",\"@id\":\"https:\\\/\\\/darkamazi.info\\\/#website\",\"url\":\"https:\\\/\\\/darkamazi.info\\\/\",\"name\":\"Darka Maz\u00ee\",\"description\":\"P\u00eageha Zanyariy\u00ean Nebih\u00eest\u00ee\",\"publisher\":{\"@id\":\"https:\\\/\\\/darkamazi.info\\\/#organization\"},\"potentialAction\":[{\"@type\":\"SearchAction\",\"target\":{\"@type\":\"EntryPoint\",\"urlTemplate\":\"https:\\\/\\\/darkamazi.info\\\/?s={search_term_string}\"},\"query-input\":{\"@type\":\"PropertyValueSpecification\",\"valueRequired\":true,\"valueName\":\"search_term_string\"}}],\"inLanguage\":\"en-US\"},{\"@type\":\"Organization\",\"@id\":\"https:\\\/\\\/darkamazi.info\\\/#organization\",\"name\":\"Darka Maz\u00ee\",\"url\":\"https:\\\/\\\/darkamazi.info\\\/\",\"logo\":{\"@type\":\"ImageObject\",\"inLanguage\":\"en-US\",\"@id\":\"https:\\\/\\\/darkamazi.info\\\/#\\\/schema\\\/logo\\\/image\\\/\",\"url\":\"https:\\\/\\\/darkamazi.info\\\/darka-content\\\/uploads\\\/2017\\\/12\\\/darka-mazi-logo.png\",\"contentUrl\":\"https:\\\/\\\/darkamazi.info\\\/darka-content\\\/uploads\\\/2017\\\/12\\\/darka-mazi-logo.png\",\"width\":151,\"height\":75,\"caption\":\"Darka Maz\u00ee\"},\"image\":{\"@id\":\"https:\\\/\\\/darkamazi.info\\\/#\\\/schema\\\/logo\\\/image\\\/\"},\"sameAs\":[\"https:\\\/\\\/www.facebook.com\\\/DarMaziKurmanci\",\"https:\\\/\\\/x.com\\\/DarkaMaziLatini\",\"https:\\\/\\\/www.instagram.com\\\/darkamazi.kurmanci\\\/\",\"https:\\\/\\\/www.youtube.com\\\/channel\\\/UCa5HkTdmI8U1qCUFuTw8B2g\"]},{\"@type\":\"Person\",\"@id\":\"https:\\\/\\\/darkamazi.info\\\/#\\\/schema\\\/person\\\/5ad3e24553a0567993fa8ed4bd0a776c\",\"name\":\"darka mazi\",\"sameAs\":[\"https:\\\/\\\/darkamazi.info\\\/\"],\"url\":\"https:\\\/\\\/darkamazi.info\\\/archives\\\/author\\\/kurdi\"}]}<\/script>\n<!-- \/ Yoast SEO plugin. -->","seo_head_json":{"title":"N\u00ea\u00e7\u00eervan Barzan\u00ee pesna rola Firansa kir - Darka Maz\u00ee","robots":{"index":"index","follow":"follow","max-snippet":"max-snippet:-1","max-image-preview":"max-image-preview:large","max-video-preview":"max-video-preview:-1"},"canonical":"https:\/\/darkamazi.info\/archives\/1006763","og_locale":"en_US","og_type":"article","og_title":"N\u00ea\u00e7\u00eervan Barzan\u00ee pesna rola Firansa kir - Darka Maz\u00ee","og_description":"Bir\u00eaz N\u00ea\u00e7\u00eervan Barzan\u00ee Serok\u00ea her\u00eama Kurdistan\u00ea pesna rola serok Macron \u00fb Firansay\u00ea li pi\u015ftg\u00eeriya her\u00eama Kurdistan\u00ea kir \u00fb d\u00fbpat kir ku gel\u00ea Kurdistan\u00ea r\u00eaz \u00fb p\u00eazan\u00een\u00ean xwe ji bo dostayet\u00ee \u00fb pi\u015ftg\u00eeriya Firansa heye \u00fb xwazyar\u00ea z\u00eadetir p\u00ea\u015fxistina peywendiy\u00ean li gel Firansa ye. Serok N\u00ea\u00e7\u00eervan Barzan\u00ee pi\u015ft\u00ee n\u00eevroya \u00eero yek\u015fem 08\/09\/2019 li hevd\u00eetinek\u00ea de li [&hellip;]","og_url":"https:\/\/darkamazi.info\/archives\/1006763","og_site_name":"Darka Maz\u00ee","article_publisher":"https:\/\/www.facebook.com\/DarMaziKurmanci","article_published_time":"2019-09-09T16:38:22+00:00","article_modified_time":"2019-10-07T16:17:25+00:00","og_image":[{"width":1173,"height":777,"url":"https:\/\/darkamazi.info\/file\/2019\/09\/NB_Kunsli-Ferensa-8-9-2019.jpeg","type":"image\/jpeg"}],"author":"darka mazi","twitter_card":"summary_large_image","twitter_image":"https:\/\/darkamazi.info\/file\/2019\/09\/NB_Kunsli-Ferensa-8-9-2019.jpeg","twitter_creator":"@DarkaMaziLatini","twitter_site":"@DarkaMaziLatini","twitter_misc":{"Written by":"darka mazi","Est. reading time":"2 minutes"},"schema":{"@context":"https:\/\/schema.org","@graph":[{"@type":"Article","@id":"https:\/\/darkamazi.info\/archives\/1006763#article","isPartOf":{"@id":"https:\/\/darkamazi.info\/archives\/1006763"},"author":{"name":"darka mazi","@id":"https:\/\/darkamazi.info\/#\/schema\/person\/5ad3e24553a0567993fa8ed4bd0a776c"},"headline":"N\u00ea\u00e7\u00eervan Barzan\u00ee pesna rola Firansa kir","datePublished":"2019-09-09T16:38:22+00:00","dateModified":"2019-10-07T16:17:25+00:00","mainEntityOfPage":{"@id":"https:\/\/darkamazi.info\/archives\/1006763"},"wordCount":316,"publisher":{"@id":"https:\/\/darkamazi.info\/#organization"},"image":{"@id":"https:\/\/darkamazi.info\/archives\/1006763#primaryimage"},"thumbnailUrl":"https:\/\/darkamazi.info\/file\/2019\/09\/NB_Kunsli-Ferensa-8-9-2019.jpeg","articleSection":["Kurdistan"],"inLanguage":"en-US"},{"@type":"WebPage","@id":"https:\/\/darkamazi.info\/archives\/1006763","url":"https:\/\/darkamazi.info\/archives\/1006763","name":"N\u00ea\u00e7\u00eervan Barzan\u00ee pesna rola Firansa kir - Darka Maz\u00ee","isPartOf":{"@id":"https:\/\/darkamazi.info\/#website"},"primaryImageOfPage":{"@id":"https:\/\/darkamazi.info\/archives\/1006763#primaryimage"},"image":{"@id":"https:\/\/darkamazi.info\/archives\/1006763#primaryimage"},"thumbnailUrl":"https:\/\/darkamazi.info\/file\/2019\/09\/NB_Kunsli-Ferensa-8-9-2019.jpeg","datePublished":"2019-09-09T16:38:22+00:00","dateModified":"2019-10-07T16:17:25+00:00","breadcrumb":{"@id":"https:\/\/darkamazi.info\/archives\/1006763#breadcrumb"},"inLanguage":"en-US","potentialAction":[{"@type":"ReadAction","target":["https:\/\/darkamazi.info\/archives\/1006763"]}]},{"@type":"ImageObject","inLanguage":"en-US","@id":"https:\/\/darkamazi.info\/archives\/1006763#primaryimage","url":"https:\/\/darkamazi.info\/file\/2019\/09\/NB_Kunsli-Ferensa-8-9-2019.jpeg","contentUrl":"https:\/\/darkamazi.info\/file\/2019\/09\/NB_Kunsli-Ferensa-8-9-2019.jpeg","width":1173,"height":777},{"@type":"BreadcrumbList","@id":"https:\/\/darkamazi.info\/archives\/1006763#breadcrumb","itemListElement":[{"@type":"ListItem","position":1,"name":"Home","item":"https:\/\/darkamazi.info\/"},{"@type":"ListItem","position":2,"name":"N\u00ea\u00e7\u00eervan Barzan\u00ee pesna rola Firansa kir"}]},{"@type":"WebSite","@id":"https:\/\/darkamazi.info\/#website","url":"https:\/\/darkamazi.info\/","name":"Darka Maz\u00ee","description":"P\u00eageha Zanyariy\u00ean Nebih\u00eest\u00ee","publisher":{"@id":"https:\/\/darkamazi.info\/#organization"},"potentialAction":[{"@type":"SearchAction","target":{"@type":"EntryPoint","urlTemplate":"https:\/\/darkamazi.info\/?s={search_term_string}"},"query-input":{"@type":"PropertyValueSpecification","valueRequired":true,"valueName":"search_term_string"}}],"inLanguage":"en-US"},{"@type":"Organization","@id":"https:\/\/darkamazi.info\/#organization","name":"Darka Maz\u00ee","url":"https:\/\/darkamazi.info\/","logo":{"@type":"ImageObject","inLanguage":"en-US","@id":"https:\/\/darkamazi.info\/#\/schema\/logo\/image\/","url":"https:\/\/darkamazi.info\/file\/2017\/12\/darka-mazi-logo.png","contentUrl":"https:\/\/darkamazi.info\/file\/2017\/12\/darka-mazi-logo.png","width":151,"height":75,"caption":"Darka Maz\u00ee"},"image":{"@id":"https:\/\/darkamazi.info\/#\/schema\/logo\/image\/"},"sameAs":["https:\/\/www.facebook.com\/DarMaziKurmanci","https:\/\/x.com\/DarkaMaziLatini","https:\/\/www.instagram.com\/darkamazi.kurmanci\/","https:\/\/www.youtube.com\/channel\/UCa5HkTdmI8U1qCUFuTw8B2g"]},{"@type":"Person","@id":"https:\/\/darkamazi.info\/#\/schema\/person\/5ad3e24553a0567993fa8ed4bd0a776c","name":"darka mazi","sameAs":["https:\/\/darkamazi.info\/"],"url":"https:\/\/darkamazi.info\/archives\/author\/kurdi"}]}},"_links":{"self":[{"href":"https:\/\/darkamazi.info\/funavuv\/wp\/v2\/posts\/1006763","targetHints":{"allow":["GET"]}}],"collection":[{"href":"https:\/\/darkamazi.info\/funavuv\/wp\/v2\/posts"}],"about":[{"href":"https:\/\/darkamazi.info\/funavuv\/wp\/v2\/types\/post"}],"author":[{"embeddable":true,"href":"https:\/\/darkamazi.info\/funavuv\/wp\/v2\/users\/2"}],"replies":[{"embeddable":true,"href":"https:\/\/darkamazi.info\/funavuv\/wp\/v2\/comments?post=1006763"}],"version-history":[{"count":0,"href":"https:\/\/darkamazi.info\/funavuv\/wp\/v2\/posts\/1006763\/revisions"}],"wp:featuredmedia":[{"embeddable":true,"href":"https:\/\/darkamazi.info\/funavuv\/wp\/v2\/media\/1006764"}],"wp:attachment":[{"href":"https:\/\/darkamazi.info\/funavuv\/wp\/v2\/media?parent=1006763"}],"wp:term":[{"taxonomy":"category","embeddable":true,"href":"https:\/\/darkamazi.info\/funavuv\/wp\/v2\/categories?post=1006763"},{"taxonomy":"post_tag","embeddable":true,"href":"https:\/\/darkamazi.info\/funavuv\/wp\/v2\/tags?post=1006763"}],"curies":[{"name":"wp","href":"https:\/\/api.w.org\/{rel}","templated":true}]}}