{"id":1006766,"date":"2019-09-09T20:00:04","date_gmt":"2019-09-09T17:00:04","guid":{"rendered":"https:\/\/darkamazi.info\/?p=1006766"},"modified":"2019-10-07T19:16:55","modified_gmt":"2019-10-07T16:16:55","slug":"serok-barzani-hevi-dikin-hemu-keseye-digel-bexdaye-bi-diyaloge-bene-careser-kirin","status":"publish","type":"post","link":"https:\/\/darkamazi.info\/archives\/1006766","title":{"rendered":"Mes&#8217;\u00fbd Barzan\u00ee: p\u00ea\u015fmergey hem\u00fb hevk\u00ea\u015fe guherandin \u00fb kurdistan parast"},"content":{"rendered":"<div class=\"wpb-content-wrapper\"><p>[darkamazi_row][darkamazi_column][darkamazi_column_text]<\/p>\n<h2><strong>Roja d\u00fb\u015fem 09.09.2019 li Selahedd\u00een Mes&#8217;\u00fbd Barzan\u00ee Serok\u00ea part\u00eeya demokrat a kurdistan\u00ea li gel Berpirs\u00ean Leq \u00fb Nav\u00e7ey\u00ean Partiya Demokrata Kurdistan\u00ea li tix\u00fbb \u00fb s\u00eenor\u00ea par\u00eazgeh\u00ean Dihok, M\u00fbsil \u00fb her s\u00ea Enc\u00fbmena Serkirdayetiya Hewl\u00ear, (Kerk\u00fbk \u2013 Germiyan) \u00fb (Sil\u00eaman\u00ee \u2013 Heleb\u00e7e) civiya.<\/strong><\/h2>\n<h3>Li v\u00ea civ\u00een\u00ea de Barzan\u00ee t\u00ee\u015fk xiste li ser rew\u015fa siyas\u00ee ya Her\u00eama Kurdistan \u00fb Iraq \u00fb nav\u00e7ey\u00ea \u00fb qonaxa pi\u015ft\u00ee referand\u00fbm\u00ea \u00fb her d\u00fb hilbijartina Enc\u00fbmena N\u00fbner\u00ean Iraq\u00ea \u00fb Parlemena Kurdistan\u00ea \u00fb p\u00eakan\u00eena kab\u00eeneya n\u00fb ya Hik\u00fbmeta Her\u00eama Kurdistan\u00ea.<\/h3>\n<h3>Mes&#8217;\u00fbd Barzan\u00ee sipas \u00fb p\u00eazan\u00een\u00ean xwe ji bo rola endam \u00fb kadru\u00ean PDK derbir\u00ee ku ji bil\u00ee hem\u00fb giriftan \u00fb wan hem\u00fb pilanger\u00eey\u00ean dij\u00ee PDK li hol\u00ea da b\u00fb, l\u00ea bel\u00ea bi h\u00eemmet \u00fb xweragiriya endam \u00fb al\u00eegir\u00ean PDK, Part\u00ee li ser asta Iraq \u00fb Kurdistan\u00ea b\u00fb bi partiya jimare yek.<\/h3>\n<h3>Her wiha rola kadru\u00ean PDK bilind nirxand ku bi xweragir\u00ee \u00fb bawer\u00ee bi xwe b\u00fbn\u00ea ve di dem\u00ean teng da li senger\u00ea parastina Kurdistan\u00ea dane \u00fb eger PDK neba niha ne Her\u00eam dima \u00fb ne r\u00fbmetek ji bo gel\u00ea me dima.<\/h3>\n<h3>Her li v\u00ea civ\u00een\u00ea de Barzan\u00ee sipas\u00ee a xweragiriya xelk\u00ea Kurdistan\u00ea \u00fb qehreman\u00eeya h\u00eaz\u00ean P\u00ea\u015fmergey\u00ean Kurdistan\u00ea li \u015fer\u00ea teror\u00eestan \u00fb \u015fer\u00ea berevaniya li keramet \u00fb axa ni\u015ftiman kir \u00fb ragihand: Em hem\u00fb qerzdar\u00ea P\u00ea\u015fmergene, ji ber ku P\u00ea\u015fmerge hem\u00fb hevk\u00ea\u015feyan guherand \u00fb Kurdistan\u00ea parast.<\/h3>\n<h3>Barzan\u00ee tekez kir ku PDK di demek da ji day\u00eek b\u00fb ku gel\u00ea me li b\u00eah\u00eav\u00eeyeke mezin da b\u00fb, PDK b\u00fb h\u00eaviya gel \u00fb ji w\u00ea roj\u00ea ve PDK xwed\u00ee armancek\u00ee stratejiye h\u00ee\u00e7 pa\u015fvek\u00ea\u015fiyek j\u00ee ji w\u00ea armanca stratej\u00eey\u00ea nak\u00een, ji bo w\u00ea yek\u00ea PDK herdem bi nav\u00ea parastin \u00fb bexteweriya gel\u00ea me da qurbaniy\u00ea daye \u00fb tu demek j\u00ee ji berpirsiyariy\u00ea narev\u00een.<\/h3>\n<h3>Herwiha Barzan\u00ee ragihand ku ew d\u00fb serkeftina PDK li hilbijartin\u00ean derbasb\u00fby\u00ee de li ser asta Iraq \u00fb Kurdistan\u00ea bi dest ve an\u00ee, pada\u015fta gel\u00ea Kurdistan\u00ea ya ji bo helwest\u00ean neg\u00fbher \u00fb stratejiy\u00ean PDK \u00fb berevaniya me ya li Kurdistan\u00ea b\u00fb.<\/h3>\n<h3>Her li v\u00ea civ\u00een\u00ea de balki\u015fand li ser rew\u015fa j\u00eeyana kadru\u00ean PDK \u00fb wan dijwar\u00eey\u00ean ku r\u00fb bi r\u00fby\u00ea wan dib\u00ea \u00fb bi t\u00ear\u00fbtije behsa wan hengavan kir ku dibine sedema berev p\u00ea\u015fve birina karubar\u00ea PDK \u00fb ba\u015ftirkirina j\u00eeyana kad\u00eeran.<\/h3>\n<h3>Di derbar\u00ea peywendiy\u00ean Hewl\u00ear \u00fb Bexda \u00fb rew\u015fa nav\u00e7ey\u00ean Kurdistaniy\u00ean dervey\u00ea \u00eedareya Her\u00eama Kurdistan\u00ea, Barzan\u00ee balki\u015fand li ser w\u00ea yek\u00ea ku niha guft\u00fbgo \u00fb danustandin heye \u00fb hengav\u00ean ba\u015f \u00e7\u00fbne p\u00ea\u015f \u00fb h\u00eav\u00ee dik\u00een hem\u00fb k\u00ea\u015fe bi diyalog\u00ea b\u00eane \u00e7areser kirin, bi taybet\u00ee k\u00ea\u015feya nav\u00e7ey\u00ean Kurdistaniy\u00ean dervey\u00ea \u00eedareya Her\u00eama Kurdistan\u00ea.<\/h3>\n<h3>Her li v\u00ea civ\u00een\u00ea de dergeha guft\u00fbgo \u00fb pirsiyaran hate vekirin \u00fb Barzan\u00ee bers\u00eeva pirsiyar \u00fb t\u00eab\u00een\u00ee \u00fb p\u00ea\u015fniyar\u00ean amadeb\u00fbyan da.<\/h3>\n<p>[\/darkamazi_column_text][darkamazi_single_image image=&#8221;1006768&#8243; img_size=&#8221;full&#8221; alignment=&#8221;center&#8221;][\/darkamazi_column][\/darkamazi_row]<\/p>\n<\/div>","protected":false},"excerpt":{"rendered":"<p>[darkamazi_row][darkamazi_column][darkamazi_column_text] Roja d\u00fb\u015fem 09.09.2019 li Selahedd\u00een Mes&#8217;\u00fbd Barzan\u00ee Serok\u00ea part\u00eeya demokrat a kurdistan\u00ea li gel Berpirs\u00ean Leq \u00fb Nav\u00e7ey\u00ean Partiya Demokrata Kurdistan\u00ea li tix\u00fbb \u00fb s\u00eenor\u00ea par\u00eazgeh\u00ean Dihok, M\u00fbsil \u00fb her s\u00ea Enc\u00fbmena Serkirdayetiya Hewl\u00ear, (Kerk\u00fbk \u2013 Germiyan) \u00fb (Sil\u00eaman\u00ee \u2013 Heleb\u00e7e) civiya. Li v\u00ea civ\u00een\u00ea de Barzan\u00ee t\u00ee\u015fk xiste li ser rew\u015fa siyas\u00ee ya [&hellip;]<\/p>\n","protected":false},"author":2,"featured_media":1006767,"comment_status":"closed","ping_status":"closed","sticky":false,"template":"","format":"standard","meta":{"footnotes":""},"categories":[29],"tags":[],"class_list":["post-1006766","post","type-post","status-publish","format-standard","has-post-thumbnail","hentry","category-kurdistan"],"blocksy_meta":[],"seo_head":"<!-- This site is optimized with the Yoast SEO plugin v27.5 - https:\/\/yoast.com\/product\/yoast-seo-wordpress\/ -->\n<title>Mes&#039;\u00fbd Barzan\u00ee: p\u00ea\u015fmergey hem\u00fb hevk\u00ea\u015fe guherandin \u00fb kurdistan parast - Darka Maz\u00ee<\/title>\n<meta name=\"robots\" content=\"index, follow, max-snippet:-1, max-image-preview:large, max-video-preview:-1\" \/>\n<link rel=\"canonical\" href=\"https:\/\/darkamazi.info\/archives\/1006766\" \/>\n<meta property=\"og:locale\" content=\"en_US\" \/>\n<meta property=\"og:type\" content=\"article\" \/>\n<meta property=\"og:title\" content=\"Mes&#039;\u00fbd Barzan\u00ee: p\u00ea\u015fmergey hem\u00fb hevk\u00ea\u015fe guherandin \u00fb kurdistan parast - Darka Maz\u00ee\" \/>\n<meta property=\"og:description\" content=\"[darkamazi_row][darkamazi_column][darkamazi_column_text] Roja d\u00fb\u015fem 09.09.2019 li Selahedd\u00een Mes&#8217;\u00fbd Barzan\u00ee Serok\u00ea part\u00eeya demokrat a kurdistan\u00ea li gel Berpirs\u00ean Leq \u00fb Nav\u00e7ey\u00ean Partiya Demokrata Kurdistan\u00ea li tix\u00fbb \u00fb s\u00eenor\u00ea par\u00eazgeh\u00ean Dihok, M\u00fbsil \u00fb her s\u00ea Enc\u00fbmena Serkirdayetiya Hewl\u00ear, (Kerk\u00fbk \u2013 Germiyan) \u00fb (Sil\u00eaman\u00ee \u2013 Heleb\u00e7e) civiya. Li v\u00ea civ\u00een\u00ea de Barzan\u00ee t\u00ee\u015fk xiste li ser rew\u015fa siyas\u00ee ya [&hellip;]\" \/>\n<meta property=\"og:url\" content=\"https:\/\/darkamazi.info\/archives\/1006766\" \/>\n<meta property=\"og:site_name\" content=\"Darka Maz\u00ee\" \/>\n<meta property=\"article:publisher\" content=\"https:\/\/www.facebook.com\/DarMaziKurmanci\" \/>\n<meta property=\"article:published_time\" content=\"2019-09-09T17:00:04+00:00\" \/>\n<meta property=\"article:modified_time\" content=\"2019-10-07T16:16:55+00:00\" \/>\n<meta property=\"og:image\" content=\"https:\/\/darkamazi.info\/file\/2019\/09\/7g2a4196.jpg\" \/>\n\t<meta property=\"og:image:width\" content=\"750\" \/>\n\t<meta property=\"og:image:height\" content=\"500\" \/>\n\t<meta property=\"og:image:type\" content=\"image\/jpeg\" \/>\n<meta name=\"author\" content=\"darka mazi\" \/>\n<meta name=\"twitter:card\" content=\"summary_large_image\" \/>\n<meta name=\"twitter:image\" content=\"https:\/\/darkamazi.info\/file\/2019\/09\/7g2a4196.jpg\" \/>\n<meta name=\"twitter:creator\" content=\"@DarkaMaziLatini\" \/>\n<meta name=\"twitter:site\" content=\"@DarkaMaziLatini\" \/>\n<meta name=\"twitter:label1\" content=\"Written by\" \/>\n\t<meta name=\"twitter:data1\" content=\"darka mazi\" \/>\n\t<meta name=\"twitter:label2\" content=\"Est. reading time\" \/>\n\t<meta name=\"twitter:data2\" content=\"3 minutes\" \/>\n<script type=\"application\/ld+json\" class=\"seo-schema-graph\">{\"@context\":\"https:\\\/\\\/schema.org\",\"@graph\":[{\"@type\":\"Article\",\"@id\":\"https:\\\/\\\/darkamazi.info\\\/archives\\\/1006766#article\",\"isPartOf\":{\"@id\":\"https:\\\/\\\/darkamazi.info\\\/archives\\\/1006766\"},\"author\":{\"name\":\"darka mazi\",\"@id\":\"https:\\\/\\\/darkamazi.info\\\/#\\\/schema\\\/person\\\/5ad3e24553a0567993fa8ed4bd0a776c\"},\"headline\":\"Mes&#8217;\u00fbd Barzan\u00ee: p\u00ea\u015fmergey hem\u00fb hevk\u00ea\u015fe guherandin \u00fb kurdistan parast\",\"datePublished\":\"2019-09-09T17:00:04+00:00\",\"dateModified\":\"2019-10-07T16:16:55+00:00\",\"mainEntityOfPage\":{\"@id\":\"https:\\\/\\\/darkamazi.info\\\/archives\\\/1006766\"},\"wordCount\":536,\"publisher\":{\"@id\":\"https:\\\/\\\/darkamazi.info\\\/#organization\"},\"image\":{\"@id\":\"https:\\\/\\\/darkamazi.info\\\/archives\\\/1006766#primaryimage\"},\"thumbnailUrl\":\"https:\\\/\\\/darkamazi.info\\\/darka-content\\\/uploads\\\/2019\\\/09\\\/7g2a4196.jpg\",\"articleSection\":[\"Kurdistan\"],\"inLanguage\":\"en-US\"},{\"@type\":\"WebPage\",\"@id\":\"https:\\\/\\\/darkamazi.info\\\/archives\\\/1006766\",\"url\":\"https:\\\/\\\/darkamazi.info\\\/archives\\\/1006766\",\"name\":\"Mes'\u00fbd Barzan\u00ee: p\u00ea\u015fmergey hem\u00fb hevk\u00ea\u015fe guherandin \u00fb kurdistan parast - Darka Maz\u00ee\",\"isPartOf\":{\"@id\":\"https:\\\/\\\/darkamazi.info\\\/#website\"},\"primaryImageOfPage\":{\"@id\":\"https:\\\/\\\/darkamazi.info\\\/archives\\\/1006766#primaryimage\"},\"image\":{\"@id\":\"https:\\\/\\\/darkamazi.info\\\/archives\\\/1006766#primaryimage\"},\"thumbnailUrl\":\"https:\\\/\\\/darkamazi.info\\\/darka-content\\\/uploads\\\/2019\\\/09\\\/7g2a4196.jpg\",\"datePublished\":\"2019-09-09T17:00:04+00:00\",\"dateModified\":\"2019-10-07T16:16:55+00:00\",\"breadcrumb\":{\"@id\":\"https:\\\/\\\/darkamazi.info\\\/archives\\\/1006766#breadcrumb\"},\"inLanguage\":\"en-US\",\"potentialAction\":[{\"@type\":\"ReadAction\",\"target\":[\"https:\\\/\\\/darkamazi.info\\\/archives\\\/1006766\"]}]},{\"@type\":\"ImageObject\",\"inLanguage\":\"en-US\",\"@id\":\"https:\\\/\\\/darkamazi.info\\\/archives\\\/1006766#primaryimage\",\"url\":\"https:\\\/\\\/darkamazi.info\\\/darka-content\\\/uploads\\\/2019\\\/09\\\/7g2a4196.jpg\",\"contentUrl\":\"https:\\\/\\\/darkamazi.info\\\/darka-content\\\/uploads\\\/2019\\\/09\\\/7g2a4196.jpg\",\"width\":750,\"height\":500},{\"@type\":\"BreadcrumbList\",\"@id\":\"https:\\\/\\\/darkamazi.info\\\/archives\\\/1006766#breadcrumb\",\"itemListElement\":[{\"@type\":\"ListItem\",\"position\":1,\"name\":\"Home\",\"item\":\"https:\\\/\\\/darkamazi.info\\\/\"},{\"@type\":\"ListItem\",\"position\":2,\"name\":\"Mes&#8217;\u00fbd Barzan\u00ee: p\u00ea\u015fmergey hem\u00fb hevk\u00ea\u015fe guherandin \u00fb kurdistan parast\"}]},{\"@type\":\"WebSite\",\"@id\":\"https:\\\/\\\/darkamazi.info\\\/#website\",\"url\":\"https:\\\/\\\/darkamazi.info\\\/\",\"name\":\"Darka Maz\u00ee\",\"description\":\"P\u00eageha Zanyariy\u00ean Nebih\u00eest\u00ee\",\"publisher\":{\"@id\":\"https:\\\/\\\/darkamazi.info\\\/#organization\"},\"potentialAction\":[{\"@type\":\"SearchAction\",\"target\":{\"@type\":\"EntryPoint\",\"urlTemplate\":\"https:\\\/\\\/darkamazi.info\\\/?s={search_term_string}\"},\"query-input\":{\"@type\":\"PropertyValueSpecification\",\"valueRequired\":true,\"valueName\":\"search_term_string\"}}],\"inLanguage\":\"en-US\"},{\"@type\":\"Organization\",\"@id\":\"https:\\\/\\\/darkamazi.info\\\/#organization\",\"name\":\"Darka Maz\u00ee\",\"url\":\"https:\\\/\\\/darkamazi.info\\\/\",\"logo\":{\"@type\":\"ImageObject\",\"inLanguage\":\"en-US\",\"@id\":\"https:\\\/\\\/darkamazi.info\\\/#\\\/schema\\\/logo\\\/image\\\/\",\"url\":\"https:\\\/\\\/darkamazi.info\\\/darka-content\\\/uploads\\\/2017\\\/12\\\/darka-mazi-logo.png\",\"contentUrl\":\"https:\\\/\\\/darkamazi.info\\\/darka-content\\\/uploads\\\/2017\\\/12\\\/darka-mazi-logo.png\",\"width\":151,\"height\":75,\"caption\":\"Darka Maz\u00ee\"},\"image\":{\"@id\":\"https:\\\/\\\/darkamazi.info\\\/#\\\/schema\\\/logo\\\/image\\\/\"},\"sameAs\":[\"https:\\\/\\\/www.facebook.com\\\/DarMaziKurmanci\",\"https:\\\/\\\/x.com\\\/DarkaMaziLatini\",\"https:\\\/\\\/www.instagram.com\\\/darkamazi.kurmanci\\\/\",\"https:\\\/\\\/www.youtube.com\\\/channel\\\/UCa5HkTdmI8U1qCUFuTw8B2g\"]},{\"@type\":\"Person\",\"@id\":\"https:\\\/\\\/darkamazi.info\\\/#\\\/schema\\\/person\\\/5ad3e24553a0567993fa8ed4bd0a776c\",\"name\":\"darka mazi\",\"sameAs\":[\"https:\\\/\\\/darkamazi.info\\\/\"],\"url\":\"https:\\\/\\\/darkamazi.info\\\/archives\\\/author\\\/kurdi\"}]}<\/script>\n<!-- \/ Yoast SEO plugin. -->","seo_head_json":{"title":"Mes'\u00fbd Barzan\u00ee: p\u00ea\u015fmergey hem\u00fb hevk\u00ea\u015fe guherandin \u00fb kurdistan parast - Darka Maz\u00ee","robots":{"index":"index","follow":"follow","max-snippet":"max-snippet:-1","max-image-preview":"max-image-preview:large","max-video-preview":"max-video-preview:-1"},"canonical":"https:\/\/darkamazi.info\/archives\/1006766","og_locale":"en_US","og_type":"article","og_title":"Mes'\u00fbd Barzan\u00ee: p\u00ea\u015fmergey hem\u00fb hevk\u00ea\u015fe guherandin \u00fb kurdistan parast - Darka Maz\u00ee","og_description":"[darkamazi_row][darkamazi_column][darkamazi_column_text] Roja d\u00fb\u015fem 09.09.2019 li Selahedd\u00een Mes&#8217;\u00fbd Barzan\u00ee Serok\u00ea part\u00eeya demokrat a kurdistan\u00ea li gel Berpirs\u00ean Leq \u00fb Nav\u00e7ey\u00ean Partiya Demokrata Kurdistan\u00ea li tix\u00fbb \u00fb s\u00eenor\u00ea par\u00eazgeh\u00ean Dihok, M\u00fbsil \u00fb her s\u00ea Enc\u00fbmena Serkirdayetiya Hewl\u00ear, (Kerk\u00fbk \u2013 Germiyan) \u00fb (Sil\u00eaman\u00ee \u2013 Heleb\u00e7e) civiya. Li v\u00ea civ\u00een\u00ea de Barzan\u00ee t\u00ee\u015fk xiste li ser rew\u015fa siyas\u00ee ya [&hellip;]","og_url":"https:\/\/darkamazi.info\/archives\/1006766","og_site_name":"Darka Maz\u00ee","article_publisher":"https:\/\/www.facebook.com\/DarMaziKurmanci","article_published_time":"2019-09-09T17:00:04+00:00","article_modified_time":"2019-10-07T16:16:55+00:00","og_image":[{"width":750,"height":500,"url":"https:\/\/darkamazi.info\/file\/2019\/09\/7g2a4196.jpg","type":"image\/jpeg"}],"author":"darka mazi","twitter_card":"summary_large_image","twitter_image":"https:\/\/darkamazi.info\/file\/2019\/09\/7g2a4196.jpg","twitter_creator":"@DarkaMaziLatini","twitter_site":"@DarkaMaziLatini","twitter_misc":{"Written by":"darka mazi","Est. reading time":"3 minutes"},"schema":{"@context":"https:\/\/schema.org","@graph":[{"@type":"Article","@id":"https:\/\/darkamazi.info\/archives\/1006766#article","isPartOf":{"@id":"https:\/\/darkamazi.info\/archives\/1006766"},"author":{"name":"darka mazi","@id":"https:\/\/darkamazi.info\/#\/schema\/person\/5ad3e24553a0567993fa8ed4bd0a776c"},"headline":"Mes&#8217;\u00fbd Barzan\u00ee: p\u00ea\u015fmergey hem\u00fb hevk\u00ea\u015fe guherandin \u00fb kurdistan parast","datePublished":"2019-09-09T17:00:04+00:00","dateModified":"2019-10-07T16:16:55+00:00","mainEntityOfPage":{"@id":"https:\/\/darkamazi.info\/archives\/1006766"},"wordCount":536,"publisher":{"@id":"https:\/\/darkamazi.info\/#organization"},"image":{"@id":"https:\/\/darkamazi.info\/archives\/1006766#primaryimage"},"thumbnailUrl":"https:\/\/darkamazi.info\/file\/2019\/09\/7g2a4196.jpg","articleSection":["Kurdistan"],"inLanguage":"en-US"},{"@type":"WebPage","@id":"https:\/\/darkamazi.info\/archives\/1006766","url":"https:\/\/darkamazi.info\/archives\/1006766","name":"Mes'\u00fbd Barzan\u00ee: p\u00ea\u015fmergey hem\u00fb hevk\u00ea\u015fe guherandin \u00fb kurdistan parast - Darka Maz\u00ee","isPartOf":{"@id":"https:\/\/darkamazi.info\/#website"},"primaryImageOfPage":{"@id":"https:\/\/darkamazi.info\/archives\/1006766#primaryimage"},"image":{"@id":"https:\/\/darkamazi.info\/archives\/1006766#primaryimage"},"thumbnailUrl":"https:\/\/darkamazi.info\/file\/2019\/09\/7g2a4196.jpg","datePublished":"2019-09-09T17:00:04+00:00","dateModified":"2019-10-07T16:16:55+00:00","breadcrumb":{"@id":"https:\/\/darkamazi.info\/archives\/1006766#breadcrumb"},"inLanguage":"en-US","potentialAction":[{"@type":"ReadAction","target":["https:\/\/darkamazi.info\/archives\/1006766"]}]},{"@type":"ImageObject","inLanguage":"en-US","@id":"https:\/\/darkamazi.info\/archives\/1006766#primaryimage","url":"https:\/\/darkamazi.info\/file\/2019\/09\/7g2a4196.jpg","contentUrl":"https:\/\/darkamazi.info\/file\/2019\/09\/7g2a4196.jpg","width":750,"height":500},{"@type":"BreadcrumbList","@id":"https:\/\/darkamazi.info\/archives\/1006766#breadcrumb","itemListElement":[{"@type":"ListItem","position":1,"name":"Home","item":"https:\/\/darkamazi.info\/"},{"@type":"ListItem","position":2,"name":"Mes&#8217;\u00fbd Barzan\u00ee: p\u00ea\u015fmergey hem\u00fb hevk\u00ea\u015fe guherandin \u00fb kurdistan parast"}]},{"@type":"WebSite","@id":"https:\/\/darkamazi.info\/#website","url":"https:\/\/darkamazi.info\/","name":"Darka Maz\u00ee","description":"P\u00eageha Zanyariy\u00ean Nebih\u00eest\u00ee","publisher":{"@id":"https:\/\/darkamazi.info\/#organization"},"potentialAction":[{"@type":"SearchAction","target":{"@type":"EntryPoint","urlTemplate":"https:\/\/darkamazi.info\/?s={search_term_string}"},"query-input":{"@type":"PropertyValueSpecification","valueRequired":true,"valueName":"search_term_string"}}],"inLanguage":"en-US"},{"@type":"Organization","@id":"https:\/\/darkamazi.info\/#organization","name":"Darka Maz\u00ee","url":"https:\/\/darkamazi.info\/","logo":{"@type":"ImageObject","inLanguage":"en-US","@id":"https:\/\/darkamazi.info\/#\/schema\/logo\/image\/","url":"https:\/\/darkamazi.info\/file\/2017\/12\/darka-mazi-logo.png","contentUrl":"https:\/\/darkamazi.info\/file\/2017\/12\/darka-mazi-logo.png","width":151,"height":75,"caption":"Darka Maz\u00ee"},"image":{"@id":"https:\/\/darkamazi.info\/#\/schema\/logo\/image\/"},"sameAs":["https:\/\/www.facebook.com\/DarMaziKurmanci","https:\/\/x.com\/DarkaMaziLatini","https:\/\/www.instagram.com\/darkamazi.kurmanci\/","https:\/\/www.youtube.com\/channel\/UCa5HkTdmI8U1qCUFuTw8B2g"]},{"@type":"Person","@id":"https:\/\/darkamazi.info\/#\/schema\/person\/5ad3e24553a0567993fa8ed4bd0a776c","name":"darka mazi","sameAs":["https:\/\/darkamazi.info\/"],"url":"https:\/\/darkamazi.info\/archives\/author\/kurdi"}]}},"_links":{"self":[{"href":"https:\/\/darkamazi.info\/funavuv\/wp\/v2\/posts\/1006766","targetHints":{"allow":["GET"]}}],"collection":[{"href":"https:\/\/darkamazi.info\/funavuv\/wp\/v2\/posts"}],"about":[{"href":"https:\/\/darkamazi.info\/funavuv\/wp\/v2\/types\/post"}],"author":[{"embeddable":true,"href":"https:\/\/darkamazi.info\/funavuv\/wp\/v2\/users\/2"}],"replies":[{"embeddable":true,"href":"https:\/\/darkamazi.info\/funavuv\/wp\/v2\/comments?post=1006766"}],"version-history":[{"count":0,"href":"https:\/\/darkamazi.info\/funavuv\/wp\/v2\/posts\/1006766\/revisions"}],"wp:featuredmedia":[{"embeddable":true,"href":"https:\/\/darkamazi.info\/funavuv\/wp\/v2\/media\/1006767"}],"wp:attachment":[{"href":"https:\/\/darkamazi.info\/funavuv\/wp\/v2\/media?parent=1006766"}],"wp:term":[{"taxonomy":"category","embeddable":true,"href":"https:\/\/darkamazi.info\/funavuv\/wp\/v2\/categories?post=1006766"},{"taxonomy":"post_tag","embeddable":true,"href":"https:\/\/darkamazi.info\/funavuv\/wp\/v2\/tags?post=1006766"}],"curies":[{"name":"wp","href":"https:\/\/api.w.org\/{rel}","templated":true}]}}