{"id":1006770,"date":"2019-09-09T20:15:40","date_gmt":"2019-09-09T17:15:40","guid":{"rendered":"https:\/\/darkamazi.info\/?p=1006770"},"modified":"2019-10-07T19:16:40","modified_gmt":"2019-10-07T16:16:40","slug":"pkk-guherineke-dimografi-li-singale-dike","status":"publish","type":"post","link":"https:\/\/darkamazi.info\/archives\/1006770","title":{"rendered":"PKK\u00ea d\u00eemograf\u00eeya \u015eingal\u00ea guher\u00ee"},"content":{"rendered":"<h2><strong>Qayimiqam\u00ea \u015eingal\u00ea \u00fb \u015f\u00eawermend\u00ea parlementoya Kurdistan\u00ea jibo kar\u00ean \u00cazd\u00eeyan e\u015fkere kir ku guher\u00eeneke d\u00eemograf\u00ee li ber \u00e7av\u00ean desthelat\u00ea li \u015eingal\u00ea t\u00ea kirin \u00fb tu al\u00eeyek j\u00ee deng nake.<\/strong><\/h2>\n<h3>Mehma Xel\u00eel qayimqam\u00ea \u015eingal\u00ea di beyaneke niv\u00eesk\u00ee de e\u015fkere kir\u00eeye, nav\u00e7eya \u015eingal\u00ea a rojavaya par\u00eazgeha Neyneway\u00ea, bi haydar\u00ee \u00fb li ber \u00e7av\u00ean desthilat\u00ea, a himber\u00ee kar\u00ean t\u00eakderane dibe, ew yek j\u00ee ji al\u00eey\u00ea m\u00eel\u00ee\u015fyayan \u00fb \u00e7ekdar\u00ean dervey s\u00eenoran (PKK) ve t\u00ea kirin.<\/h3>\n<h3>Herweha dib\u00eaje: li gor\u00ee yasa \u00fb dest\u00fbra \u00ceraq\u00ea, erk\u00ea hik\u00fbmeta \u00ceraq\u00ea ye r\u00eagir\u00eey\u00ea li wan kar\u00ean t\u00eakder \u00ean li \u015eingal\u00ea bike, l\u00ea ew gave ji aily\u00ea hik\u00fbmet\u00ea ve, nay\u00ea d\u00eetin.<\/h3>\n<h3>Di mijara awareyan j\u00ee de, qayimqam\u00ea \u015eingal\u00ea da xuyakirin, di dema 5 sal\u00ean rabor\u00ee de, wan \u00e7end\u00een niv\u00eesar\u00ean ferm\u00ee jibo veger\u00eena awareyan bo cih \u00fb war\u00ean wan li \u015eingal\u00ea, \u015fandine Bexday\u00ea, l\u00ea tu g\u00eernig\u00ee p\u00ea nehat day\u00een, lew t\u00ea fam kirin ku hik\u00fbmeta Bexday\u00ea di pirsa veger\u00eena awareyan de, cid\u00ee n\u00eene.<\/h3>\n<h3>Mehma Xel\u00eel di mijareke din de got: hik\u00fbmeta \u00ceraq\u00ea danp\u00eadan kir\u00eeye ku \u015eingal nav\u00e7eyeke karesatbar, herweha hinek biryar\u00ean gr\u00eaday seqamg\u00eer\u00eeya w\u00ea nav\u00e7ey\u00ea derkirne, l\u00ea h\u00eena niha tu biryarek ji wan nehat\u00eeye bic\u00eekrin.<\/h3>\n<h3>Bi gotna qayimqam\u00ea \u015eingal\u00ea, ji sercema 360 hzar awareyan ku sed\u00ee 85 ji wan r\u00fbni\u015ftvan\u00ean \u015eingal\u00ea ne, ten\u00ea hejmareke k\u00eam vegeryane, belku ten\u00ea ew aware vegeryane ku nav\u00e7ey\u00ean wan di dest h\u00eaza p\u00ea\u015fmerge de ne.<\/h3>\n","protected":false},"excerpt":{"rendered":"<p>Qayimiqam\u00ea \u015eingal\u00ea \u00fb \u015f\u00eawermend\u00ea parlementoya Kurdistan\u00ea jibo kar\u00ean \u00cazd\u00eeyan e\u015fkere kir ku guher\u00eeneke d\u00eemograf\u00ee li ber \u00e7av\u00ean desthelat\u00ea li \u015eingal\u00ea t\u00ea kirin \u00fb tu al\u00eeyek j\u00ee deng nake. Mehma Xel\u00eel qayimqam\u00ea \u015eingal\u00ea di beyaneke niv\u00eesk\u00ee de e\u015fkere kir\u00eeye, nav\u00e7eya \u015eingal\u00ea a rojavaya par\u00eazgeha Neyneway\u00ea, bi haydar\u00ee \u00fb li ber \u00e7av\u00ean desthilat\u00ea, a himber\u00ee kar\u00ean t\u00eakderane [&hellip;]<\/p>\n","protected":false},"author":2,"featured_media":1006771,"comment_status":"closed","ping_status":"closed","sticky":false,"template":"","format":"standard","meta":{"footnotes":""},"categories":[29],"tags":[37],"class_list":["post-1006770","post","type-post","status-publish","format-standard","has-post-thumbnail","hentry","category-kurdistan","tag-sereke"],"blocksy_meta":[],"seo_head":"<!-- This site is optimized with the Yoast SEO plugin v27.5 - https:\/\/yoast.com\/product\/yoast-seo-wordpress\/ -->\n<title>PKK\u00ea d\u00eemograf\u00eeya \u015eingal\u00ea guher\u00ee - Darka Maz\u00ee<\/title>\n<meta name=\"robots\" content=\"index, follow, max-snippet:-1, max-image-preview:large, max-video-preview:-1\" \/>\n<link rel=\"canonical\" href=\"https:\/\/darkamazi.info\/archives\/1006770\" \/>\n<meta property=\"og:locale\" content=\"en_US\" \/>\n<meta property=\"og:type\" content=\"article\" \/>\n<meta property=\"og:title\" content=\"PKK\u00ea d\u00eemograf\u00eeya \u015eingal\u00ea guher\u00ee - Darka Maz\u00ee\" \/>\n<meta property=\"og:description\" content=\"Qayimiqam\u00ea \u015eingal\u00ea \u00fb \u015f\u00eawermend\u00ea parlementoya Kurdistan\u00ea jibo kar\u00ean \u00cazd\u00eeyan e\u015fkere kir ku guher\u00eeneke d\u00eemograf\u00ee li ber \u00e7av\u00ean desthelat\u00ea li \u015eingal\u00ea t\u00ea kirin \u00fb tu al\u00eeyek j\u00ee deng nake. Mehma Xel\u00eel qayimqam\u00ea \u015eingal\u00ea di beyaneke niv\u00eesk\u00ee de e\u015fkere kir\u00eeye, nav\u00e7eya \u015eingal\u00ea a rojavaya par\u00eazgeha Neyneway\u00ea, bi haydar\u00ee \u00fb li ber \u00e7av\u00ean desthilat\u00ea, a himber\u00ee kar\u00ean t\u00eakderane [&hellip;]\" \/>\n<meta property=\"og:url\" content=\"https:\/\/darkamazi.info\/archives\/1006770\" \/>\n<meta property=\"og:site_name\" content=\"Darka Maz\u00ee\" \/>\n<meta property=\"article:publisher\" content=\"https:\/\/www.facebook.com\/DarMaziKurmanci\" \/>\n<meta property=\"article:published_time\" content=\"2019-09-09T17:15:40+00:00\" \/>\n<meta property=\"article:modified_time\" content=\"2019-10-07T16:16:40+00:00\" \/>\n<meta property=\"og:image\" content=\"https:\/\/darkamazi.info\/file\/2019\/09\/shingal.jpg\" \/>\n\t<meta property=\"og:image:width\" content=\"864\" \/>\n\t<meta property=\"og:image:height\" content=\"486\" \/>\n\t<meta property=\"og:image:type\" content=\"image\/jpeg\" \/>\n<meta name=\"author\" content=\"darka mazi\" \/>\n<meta name=\"twitter:card\" content=\"summary_large_image\" \/>\n<meta name=\"twitter:image\" content=\"https:\/\/darkamazi.info\/file\/2019\/09\/shingal.jpg\" \/>\n<meta name=\"twitter:creator\" content=\"@DarkaMaziLatini\" \/>\n<meta name=\"twitter:site\" content=\"@DarkaMaziLatini\" \/>\n<meta name=\"twitter:label1\" content=\"Written by\" \/>\n\t<meta name=\"twitter:data1\" content=\"darka mazi\" \/>\n\t<meta name=\"twitter:label2\" content=\"Est. reading time\" \/>\n\t<meta name=\"twitter:data2\" content=\"1 minute\" \/>\n<script type=\"application\/ld+json\" class=\"seo-schema-graph\">{\"@context\":\"https:\\\/\\\/schema.org\",\"@graph\":[{\"@type\":\"Article\",\"@id\":\"https:\\\/\\\/darkamazi.info\\\/archives\\\/1006770#article\",\"isPartOf\":{\"@id\":\"https:\\\/\\\/darkamazi.info\\\/archives\\\/1006770\"},\"author\":{\"name\":\"darka mazi\",\"@id\":\"https:\\\/\\\/darkamazi.info\\\/#\\\/schema\\\/person\\\/5ad3e24553a0567993fa8ed4bd0a776c\"},\"headline\":\"PKK\u00ea d\u00eemograf\u00eeya \u015eingal\u00ea guher\u00ee\",\"datePublished\":\"2019-09-09T17:15:40+00:00\",\"dateModified\":\"2019-10-07T16:16:40+00:00\",\"mainEntityOfPage\":{\"@id\":\"https:\\\/\\\/darkamazi.info\\\/archives\\\/1006770\"},\"wordCount\":277,\"publisher\":{\"@id\":\"https:\\\/\\\/darkamazi.info\\\/#organization\"},\"image\":{\"@id\":\"https:\\\/\\\/darkamazi.info\\\/archives\\\/1006770#primaryimage\"},\"thumbnailUrl\":\"https:\\\/\\\/darkamazi.info\\\/darka-content\\\/uploads\\\/2019\\\/09\\\/shingal.jpg\",\"keywords\":[\"sereke\"],\"articleSection\":[\"Kurdistan\"],\"inLanguage\":\"en-US\"},{\"@type\":\"WebPage\",\"@id\":\"https:\\\/\\\/darkamazi.info\\\/archives\\\/1006770\",\"url\":\"https:\\\/\\\/darkamazi.info\\\/archives\\\/1006770\",\"name\":\"PKK\u00ea d\u00eemograf\u00eeya \u015eingal\u00ea guher\u00ee - Darka Maz\u00ee\",\"isPartOf\":{\"@id\":\"https:\\\/\\\/darkamazi.info\\\/#website\"},\"primaryImageOfPage\":{\"@id\":\"https:\\\/\\\/darkamazi.info\\\/archives\\\/1006770#primaryimage\"},\"image\":{\"@id\":\"https:\\\/\\\/darkamazi.info\\\/archives\\\/1006770#primaryimage\"},\"thumbnailUrl\":\"https:\\\/\\\/darkamazi.info\\\/darka-content\\\/uploads\\\/2019\\\/09\\\/shingal.jpg\",\"datePublished\":\"2019-09-09T17:15:40+00:00\",\"dateModified\":\"2019-10-07T16:16:40+00:00\",\"breadcrumb\":{\"@id\":\"https:\\\/\\\/darkamazi.info\\\/archives\\\/1006770#breadcrumb\"},\"inLanguage\":\"en-US\",\"potentialAction\":[{\"@type\":\"ReadAction\",\"target\":[\"https:\\\/\\\/darkamazi.info\\\/archives\\\/1006770\"]}]},{\"@type\":\"ImageObject\",\"inLanguage\":\"en-US\",\"@id\":\"https:\\\/\\\/darkamazi.info\\\/archives\\\/1006770#primaryimage\",\"url\":\"https:\\\/\\\/darkamazi.info\\\/darka-content\\\/uploads\\\/2019\\\/09\\\/shingal.jpg\",\"contentUrl\":\"https:\\\/\\\/darkamazi.info\\\/darka-content\\\/uploads\\\/2019\\\/09\\\/shingal.jpg\",\"width\":864,\"height\":486},{\"@type\":\"BreadcrumbList\",\"@id\":\"https:\\\/\\\/darkamazi.info\\\/archives\\\/1006770#breadcrumb\",\"itemListElement\":[{\"@type\":\"ListItem\",\"position\":1,\"name\":\"Home\",\"item\":\"https:\\\/\\\/darkamazi.info\\\/\"},{\"@type\":\"ListItem\",\"position\":2,\"name\":\"PKK\u00ea d\u00eemograf\u00eeya \u015eingal\u00ea guher\u00ee\"}]},{\"@type\":\"WebSite\",\"@id\":\"https:\\\/\\\/darkamazi.info\\\/#website\",\"url\":\"https:\\\/\\\/darkamazi.info\\\/\",\"name\":\"Darka Maz\u00ee\",\"description\":\"P\u00eageha Zanyariy\u00ean Nebih\u00eest\u00ee\",\"publisher\":{\"@id\":\"https:\\\/\\\/darkamazi.info\\\/#organization\"},\"potentialAction\":[{\"@type\":\"SearchAction\",\"target\":{\"@type\":\"EntryPoint\",\"urlTemplate\":\"https:\\\/\\\/darkamazi.info\\\/?s={search_term_string}\"},\"query-input\":{\"@type\":\"PropertyValueSpecification\",\"valueRequired\":true,\"valueName\":\"search_term_string\"}}],\"inLanguage\":\"en-US\"},{\"@type\":\"Organization\",\"@id\":\"https:\\\/\\\/darkamazi.info\\\/#organization\",\"name\":\"Darka Maz\u00ee\",\"url\":\"https:\\\/\\\/darkamazi.info\\\/\",\"logo\":{\"@type\":\"ImageObject\",\"inLanguage\":\"en-US\",\"@id\":\"https:\\\/\\\/darkamazi.info\\\/#\\\/schema\\\/logo\\\/image\\\/\",\"url\":\"https:\\\/\\\/darkamazi.info\\\/darka-content\\\/uploads\\\/2017\\\/12\\\/darka-mazi-logo.png\",\"contentUrl\":\"https:\\\/\\\/darkamazi.info\\\/darka-content\\\/uploads\\\/2017\\\/12\\\/darka-mazi-logo.png\",\"width\":151,\"height\":75,\"caption\":\"Darka Maz\u00ee\"},\"image\":{\"@id\":\"https:\\\/\\\/darkamazi.info\\\/#\\\/schema\\\/logo\\\/image\\\/\"},\"sameAs\":[\"https:\\\/\\\/www.facebook.com\\\/DarMaziKurmanci\",\"https:\\\/\\\/x.com\\\/DarkaMaziLatini\",\"https:\\\/\\\/www.instagram.com\\\/darkamazi.kurmanci\\\/\",\"https:\\\/\\\/www.youtube.com\\\/channel\\\/UCa5HkTdmI8U1qCUFuTw8B2g\"]},{\"@type\":\"Person\",\"@id\":\"https:\\\/\\\/darkamazi.info\\\/#\\\/schema\\\/person\\\/5ad3e24553a0567993fa8ed4bd0a776c\",\"name\":\"darka mazi\",\"sameAs\":[\"https:\\\/\\\/darkamazi.info\\\/\"],\"url\":\"https:\\\/\\\/darkamazi.info\\\/archives\\\/author\\\/kurdi\"}]}<\/script>\n<!-- \/ Yoast SEO plugin. -->","seo_head_json":{"title":"PKK\u00ea d\u00eemograf\u00eeya \u015eingal\u00ea guher\u00ee - Darka Maz\u00ee","robots":{"index":"index","follow":"follow","max-snippet":"max-snippet:-1","max-image-preview":"max-image-preview:large","max-video-preview":"max-video-preview:-1"},"canonical":"https:\/\/darkamazi.info\/archives\/1006770","og_locale":"en_US","og_type":"article","og_title":"PKK\u00ea d\u00eemograf\u00eeya \u015eingal\u00ea guher\u00ee - Darka Maz\u00ee","og_description":"Qayimiqam\u00ea \u015eingal\u00ea \u00fb \u015f\u00eawermend\u00ea parlementoya Kurdistan\u00ea jibo kar\u00ean \u00cazd\u00eeyan e\u015fkere kir ku guher\u00eeneke d\u00eemograf\u00ee li ber \u00e7av\u00ean desthelat\u00ea li \u015eingal\u00ea t\u00ea kirin \u00fb tu al\u00eeyek j\u00ee deng nake. Mehma Xel\u00eel qayimqam\u00ea \u015eingal\u00ea di beyaneke niv\u00eesk\u00ee de e\u015fkere kir\u00eeye, nav\u00e7eya \u015eingal\u00ea a rojavaya par\u00eazgeha Neyneway\u00ea, bi haydar\u00ee \u00fb li ber \u00e7av\u00ean desthilat\u00ea, a himber\u00ee kar\u00ean t\u00eakderane [&hellip;]","og_url":"https:\/\/darkamazi.info\/archives\/1006770","og_site_name":"Darka Maz\u00ee","article_publisher":"https:\/\/www.facebook.com\/DarMaziKurmanci","article_published_time":"2019-09-09T17:15:40+00:00","article_modified_time":"2019-10-07T16:16:40+00:00","og_image":[{"width":864,"height":486,"url":"https:\/\/darkamazi.info\/file\/2019\/09\/shingal.jpg","type":"image\/jpeg"}],"author":"darka mazi","twitter_card":"summary_large_image","twitter_image":"https:\/\/darkamazi.info\/file\/2019\/09\/shingal.jpg","twitter_creator":"@DarkaMaziLatini","twitter_site":"@DarkaMaziLatini","twitter_misc":{"Written by":"darka mazi","Est. reading time":"1 minute"},"schema":{"@context":"https:\/\/schema.org","@graph":[{"@type":"Article","@id":"https:\/\/darkamazi.info\/archives\/1006770#article","isPartOf":{"@id":"https:\/\/darkamazi.info\/archives\/1006770"},"author":{"name":"darka mazi","@id":"https:\/\/darkamazi.info\/#\/schema\/person\/5ad3e24553a0567993fa8ed4bd0a776c"},"headline":"PKK\u00ea d\u00eemograf\u00eeya \u015eingal\u00ea guher\u00ee","datePublished":"2019-09-09T17:15:40+00:00","dateModified":"2019-10-07T16:16:40+00:00","mainEntityOfPage":{"@id":"https:\/\/darkamazi.info\/archives\/1006770"},"wordCount":277,"publisher":{"@id":"https:\/\/darkamazi.info\/#organization"},"image":{"@id":"https:\/\/darkamazi.info\/archives\/1006770#primaryimage"},"thumbnailUrl":"https:\/\/darkamazi.info\/file\/2019\/09\/shingal.jpg","keywords":["sereke"],"articleSection":["Kurdistan"],"inLanguage":"en-US"},{"@type":"WebPage","@id":"https:\/\/darkamazi.info\/archives\/1006770","url":"https:\/\/darkamazi.info\/archives\/1006770","name":"PKK\u00ea d\u00eemograf\u00eeya \u015eingal\u00ea guher\u00ee - Darka Maz\u00ee","isPartOf":{"@id":"https:\/\/darkamazi.info\/#website"},"primaryImageOfPage":{"@id":"https:\/\/darkamazi.info\/archives\/1006770#primaryimage"},"image":{"@id":"https:\/\/darkamazi.info\/archives\/1006770#primaryimage"},"thumbnailUrl":"https:\/\/darkamazi.info\/file\/2019\/09\/shingal.jpg","datePublished":"2019-09-09T17:15:40+00:00","dateModified":"2019-10-07T16:16:40+00:00","breadcrumb":{"@id":"https:\/\/darkamazi.info\/archives\/1006770#breadcrumb"},"inLanguage":"en-US","potentialAction":[{"@type":"ReadAction","target":["https:\/\/darkamazi.info\/archives\/1006770"]}]},{"@type":"ImageObject","inLanguage":"en-US","@id":"https:\/\/darkamazi.info\/archives\/1006770#primaryimage","url":"https:\/\/darkamazi.info\/file\/2019\/09\/shingal.jpg","contentUrl":"https:\/\/darkamazi.info\/file\/2019\/09\/shingal.jpg","width":864,"height":486},{"@type":"BreadcrumbList","@id":"https:\/\/darkamazi.info\/archives\/1006770#breadcrumb","itemListElement":[{"@type":"ListItem","position":1,"name":"Home","item":"https:\/\/darkamazi.info\/"},{"@type":"ListItem","position":2,"name":"PKK\u00ea d\u00eemograf\u00eeya \u015eingal\u00ea guher\u00ee"}]},{"@type":"WebSite","@id":"https:\/\/darkamazi.info\/#website","url":"https:\/\/darkamazi.info\/","name":"Darka Maz\u00ee","description":"P\u00eageha Zanyariy\u00ean Nebih\u00eest\u00ee","publisher":{"@id":"https:\/\/darkamazi.info\/#organization"},"potentialAction":[{"@type":"SearchAction","target":{"@type":"EntryPoint","urlTemplate":"https:\/\/darkamazi.info\/?s={search_term_string}"},"query-input":{"@type":"PropertyValueSpecification","valueRequired":true,"valueName":"search_term_string"}}],"inLanguage":"en-US"},{"@type":"Organization","@id":"https:\/\/darkamazi.info\/#organization","name":"Darka Maz\u00ee","url":"https:\/\/darkamazi.info\/","logo":{"@type":"ImageObject","inLanguage":"en-US","@id":"https:\/\/darkamazi.info\/#\/schema\/logo\/image\/","url":"https:\/\/darkamazi.info\/file\/2017\/12\/darka-mazi-logo.png","contentUrl":"https:\/\/darkamazi.info\/file\/2017\/12\/darka-mazi-logo.png","width":151,"height":75,"caption":"Darka Maz\u00ee"},"image":{"@id":"https:\/\/darkamazi.info\/#\/schema\/logo\/image\/"},"sameAs":["https:\/\/www.facebook.com\/DarMaziKurmanci","https:\/\/x.com\/DarkaMaziLatini","https:\/\/www.instagram.com\/darkamazi.kurmanci\/","https:\/\/www.youtube.com\/channel\/UCa5HkTdmI8U1qCUFuTw8B2g"]},{"@type":"Person","@id":"https:\/\/darkamazi.info\/#\/schema\/person\/5ad3e24553a0567993fa8ed4bd0a776c","name":"darka mazi","sameAs":["https:\/\/darkamazi.info\/"],"url":"https:\/\/darkamazi.info\/archives\/author\/kurdi"}]}},"_links":{"self":[{"href":"https:\/\/darkamazi.info\/funavuv\/wp\/v2\/posts\/1006770","targetHints":{"allow":["GET"]}}],"collection":[{"href":"https:\/\/darkamazi.info\/funavuv\/wp\/v2\/posts"}],"about":[{"href":"https:\/\/darkamazi.info\/funavuv\/wp\/v2\/types\/post"}],"author":[{"embeddable":true,"href":"https:\/\/darkamazi.info\/funavuv\/wp\/v2\/users\/2"}],"replies":[{"embeddable":true,"href":"https:\/\/darkamazi.info\/funavuv\/wp\/v2\/comments?post=1006770"}],"version-history":[{"count":0,"href":"https:\/\/darkamazi.info\/funavuv\/wp\/v2\/posts\/1006770\/revisions"}],"wp:featuredmedia":[{"embeddable":true,"href":"https:\/\/darkamazi.info\/funavuv\/wp\/v2\/media\/1006771"}],"wp:attachment":[{"href":"https:\/\/darkamazi.info\/funavuv\/wp\/v2\/media?parent=1006770"}],"wp:term":[{"taxonomy":"category","embeddable":true,"href":"https:\/\/darkamazi.info\/funavuv\/wp\/v2\/categories?post=1006770"},{"taxonomy":"post_tag","embeddable":true,"href":"https:\/\/darkamazi.info\/funavuv\/wp\/v2\/tags?post=1006770"}],"curies":[{"name":"wp","href":"https:\/\/api.w.org\/{rel}","templated":true}]}}