{"id":1006794,"date":"2019-09-09T21:16:17","date_gmt":"2019-09-09T18:16:17","guid":{"rendered":"https:\/\/darkamazi.info\/?p=1006794"},"modified":"2019-10-07T19:16:22","modified_gmt":"2019-10-07T16:16:22","slug":"necirvan-barzani-pewiste-alikariya-yonamiye-jibo-kurdistane-berdewam-be","status":"publish","type":"post","link":"https:\/\/darkamazi.info\/archives\/1006794","title":{"rendered":"N\u00ea\u00e7\u00eervan Barzan\u00ee: p\u00eaw\u00eeste al\u00eekar\u00eeya yonam\u00eey\u00ea jibo Kurdistan\u00ea berdewam be"},"content":{"rendered":"<h2><strong>Serok\u00ea Her\u00eama Kurdistan\u00ea, \u00eero digel n\u00fbnera taybeta netew\u00ean yekb\u00fb\u00ee li \u00ceraq\u00ea civ\u00eeya \u00fb tekez kir ku p\u00eaw\u00eeste al\u00eekary\u00ean yonam\u00eey\u00ea jibo \u00ceraq\u00ea \u00fb Her\u00eama Kurdistan\u00ea berdewam be.<\/strong><\/h2>\n<h3>Serok N\u00ea\u00e7\u00eervan Barzan\u00ee \u00eero p\u00ea\u015fwaz\u00eeya xanima C\u00ean\u00een Plasxart, n\u00fbnera taybeta netew\u00ean yekb\u00fb\u00ee yonam\u00eey\u00ea li \u00ceraq\u00ea kir \u00fb di hevd\u00eetn\u00ea de, k\u00ea\u015fey\u00ean n\u00eavbera Hewl\u00ear \u00fb Bexday\u00ea de, herweha bernameya al\u00eekar\u00eey\u00ean netewey\u00ean yekb\u00fb\u00ee jibo \u00ceraq\u00ea \u00fb her\u00eama kurdistan\u00ea, gotub\u00eaj kirin.<\/h3>\n<h3>Barzan\u00ee, tekez kir ku gotub\u00eaj\u00ean her\u00eama kurdistan\u00ea \u00fb \u00ceraq\u00ea jibo \u00e7areserkirna k\u00ea\u015fey\u00ean as\u00ea p\u00eaw\u00eest\u00ee bi m\u00eekanizmeke gunca\u00ee heye, merc ji\u00ee n\u00eene l\u00eejney\u00ean hevbe\u015f s\u00eeyas\u00ee bin, belku hinek caran l\u00eejney\u00ean tekn\u00eek\u00ee j\u00ee w\u00ea p\u00eaw\u00eest bin.<br \/>\nN\u00ea\u00e7\u00eervan Barzan\u00ee pesna rola t\u00eema yonam\u00eey\u00ea di al\u00eekar\u00eeya Hik\u00fbmet\u00ean \u00ceraq\u00ea \u00fb Her\u00eama Kurdistan\u00ea de kir \u00fb xwast ev al\u00eekar\u00ee berdewam be.<\/h3>\n<h3>Barzan\u00ee \u00fb xanma C\u00ean\u00een Plasxart, t\u00eakil\u00eey\u00ean Hewl\u00ear \u00fb Bexday\u00ea, dosy\u00ean budceya gi\u015ft\u00ee a \u00ceraq\u00ea, par\u00eazger\u00ea Kerk\u00fbk\u00ea \u00fb away\u00ea hilbijartina w\u00ea, rew\u015fa aware \u00fb penaberan \u00fb pirsa veger\u00eena wan, herweha pirsa awarey\u00ean \u00cazd\u00ee \u00fb nav\u00e7eya \u015eingal\u00ea j\u00ee, gotub\u00eaj kirin.<\/h3>\n","protected":false},"excerpt":{"rendered":"<p>Serok\u00ea Her\u00eama Kurdistan\u00ea, \u00eero digel n\u00fbnera taybeta netew\u00ean yekb\u00fb\u00ee li \u00ceraq\u00ea civ\u00eeya \u00fb tekez kir ku p\u00eaw\u00eeste al\u00eekary\u00ean yonam\u00eey\u00ea jibo \u00ceraq\u00ea \u00fb Her\u00eama Kurdistan\u00ea berdewam be. Serok N\u00ea\u00e7\u00eervan Barzan\u00ee \u00eero p\u00ea\u015fwaz\u00eeya xanima C\u00ean\u00een Plasxart, n\u00fbnera taybeta netew\u00ean yekb\u00fb\u00ee yonam\u00eey\u00ea li \u00ceraq\u00ea kir \u00fb di hevd\u00eetn\u00ea de, k\u00ea\u015fey\u00ean n\u00eavbera Hewl\u00ear \u00fb Bexday\u00ea de, herweha bernameya al\u00eekar\u00eey\u00ean [&hellip;]<\/p>\n","protected":false},"author":2,"featured_media":1006795,"comment_status":"closed","ping_status":"closed","sticky":false,"template":"","format":"standard","meta":{"footnotes":""},"categories":[29],"tags":[],"class_list":["post-1006794","post","type-post","status-publish","format-standard","has-post-thumbnail","hentry","category-kurdistan"],"blocksy_meta":[],"seo_head":"<!-- This site is optimized with the Yoast SEO plugin v27.5 - https:\/\/yoast.com\/product\/yoast-seo-wordpress\/ -->\n<title>N\u00ea\u00e7\u00eervan Barzan\u00ee: p\u00eaw\u00eeste al\u00eekar\u00eeya yonam\u00eey\u00ea jibo Kurdistan\u00ea berdewam be - Darka Maz\u00ee<\/title>\n<meta name=\"robots\" content=\"index, follow, max-snippet:-1, max-image-preview:large, max-video-preview:-1\" \/>\n<link rel=\"canonical\" href=\"https:\/\/darkamazi.info\/archives\/1006794\" \/>\n<meta property=\"og:locale\" content=\"en_US\" \/>\n<meta property=\"og:type\" content=\"article\" \/>\n<meta property=\"og:title\" content=\"N\u00ea\u00e7\u00eervan Barzan\u00ee: p\u00eaw\u00eeste al\u00eekar\u00eeya yonam\u00eey\u00ea jibo Kurdistan\u00ea berdewam be - Darka Maz\u00ee\" \/>\n<meta property=\"og:description\" content=\"Serok\u00ea Her\u00eama Kurdistan\u00ea, \u00eero digel n\u00fbnera taybeta netew\u00ean yekb\u00fb\u00ee li \u00ceraq\u00ea civ\u00eeya \u00fb tekez kir ku p\u00eaw\u00eeste al\u00eekary\u00ean yonam\u00eey\u00ea jibo \u00ceraq\u00ea \u00fb Her\u00eama Kurdistan\u00ea berdewam be. Serok N\u00ea\u00e7\u00eervan Barzan\u00ee \u00eero p\u00ea\u015fwaz\u00eeya xanima C\u00ean\u00een Plasxart, n\u00fbnera taybeta netew\u00ean yekb\u00fb\u00ee yonam\u00eey\u00ea li \u00ceraq\u00ea kir \u00fb di hevd\u00eetn\u00ea de, k\u00ea\u015fey\u00ean n\u00eavbera Hewl\u00ear \u00fb Bexday\u00ea de, herweha bernameya al\u00eekar\u00eey\u00ean [&hellip;]\" \/>\n<meta property=\"og:url\" content=\"https:\/\/darkamazi.info\/archives\/1006794\" \/>\n<meta property=\"og:site_name\" content=\"Darka Maz\u00ee\" \/>\n<meta property=\"article:publisher\" content=\"https:\/\/www.facebook.com\/DarMaziKurmanci\" \/>\n<meta property=\"article:published_time\" content=\"2019-09-09T18:16:17+00:00\" \/>\n<meta property=\"article:modified_time\" content=\"2019-10-07T16:16:22+00:00\" \/>\n<meta property=\"og:image\" content=\"https:\/\/darkamazi.info\/file\/2019\/09\/Nechirvan-Barzani-UN.jpeg\" \/>\n\t<meta property=\"og:image:width\" content=\"1143\" \/>\n\t<meta property=\"og:image:height\" content=\"759\" \/>\n\t<meta property=\"og:image:type\" content=\"image\/jpeg\" \/>\n<meta name=\"author\" content=\"darka mazi\" \/>\n<meta name=\"twitter:card\" content=\"summary_large_image\" \/>\n<meta name=\"twitter:image\" content=\"https:\/\/darkamazi.info\/file\/2019\/09\/Nechirvan-Barzani-UN.jpeg\" \/>\n<meta name=\"twitter:creator\" content=\"@DarkaMaziLatini\" \/>\n<meta name=\"twitter:site\" content=\"@DarkaMaziLatini\" \/>\n<meta name=\"twitter:label1\" content=\"Written by\" \/>\n\t<meta name=\"twitter:data1\" content=\"darka mazi\" \/>\n\t<meta name=\"twitter:label2\" content=\"Est. reading time\" \/>\n\t<meta name=\"twitter:data2\" content=\"1 minute\" \/>\n<script type=\"application\/ld+json\" class=\"seo-schema-graph\">{\"@context\":\"https:\\\/\\\/schema.org\",\"@graph\":[{\"@type\":\"Article\",\"@id\":\"https:\\\/\\\/darkamazi.info\\\/archives\\\/1006794#article\",\"isPartOf\":{\"@id\":\"https:\\\/\\\/darkamazi.info\\\/archives\\\/1006794\"},\"author\":{\"name\":\"darka mazi\",\"@id\":\"https:\\\/\\\/darkamazi.info\\\/#\\\/schema\\\/person\\\/5ad3e24553a0567993fa8ed4bd0a776c\"},\"headline\":\"N\u00ea\u00e7\u00eervan Barzan\u00ee: p\u00eaw\u00eeste al\u00eekar\u00eeya yonam\u00eey\u00ea jibo Kurdistan\u00ea berdewam be\",\"datePublished\":\"2019-09-09T18:16:17+00:00\",\"dateModified\":\"2019-10-07T16:16:22+00:00\",\"mainEntityOfPage\":{\"@id\":\"https:\\\/\\\/darkamazi.info\\\/archives\\\/1006794\"},\"wordCount\":228,\"publisher\":{\"@id\":\"https:\\\/\\\/darkamazi.info\\\/#organization\"},\"image\":{\"@id\":\"https:\\\/\\\/darkamazi.info\\\/archives\\\/1006794#primaryimage\"},\"thumbnailUrl\":\"https:\\\/\\\/darkamazi.info\\\/darka-content\\\/uploads\\\/2019\\\/09\\\/Nechirvan-Barzani-UN.jpeg\",\"articleSection\":[\"Kurdistan\"],\"inLanguage\":\"en-US\"},{\"@type\":\"WebPage\",\"@id\":\"https:\\\/\\\/darkamazi.info\\\/archives\\\/1006794\",\"url\":\"https:\\\/\\\/darkamazi.info\\\/archives\\\/1006794\",\"name\":\"N\u00ea\u00e7\u00eervan Barzan\u00ee: p\u00eaw\u00eeste al\u00eekar\u00eeya yonam\u00eey\u00ea jibo Kurdistan\u00ea berdewam be - Darka Maz\u00ee\",\"isPartOf\":{\"@id\":\"https:\\\/\\\/darkamazi.info\\\/#website\"},\"primaryImageOfPage\":{\"@id\":\"https:\\\/\\\/darkamazi.info\\\/archives\\\/1006794#primaryimage\"},\"image\":{\"@id\":\"https:\\\/\\\/darkamazi.info\\\/archives\\\/1006794#primaryimage\"},\"thumbnailUrl\":\"https:\\\/\\\/darkamazi.info\\\/darka-content\\\/uploads\\\/2019\\\/09\\\/Nechirvan-Barzani-UN.jpeg\",\"datePublished\":\"2019-09-09T18:16:17+00:00\",\"dateModified\":\"2019-10-07T16:16:22+00:00\",\"breadcrumb\":{\"@id\":\"https:\\\/\\\/darkamazi.info\\\/archives\\\/1006794#breadcrumb\"},\"inLanguage\":\"en-US\",\"potentialAction\":[{\"@type\":\"ReadAction\",\"target\":[\"https:\\\/\\\/darkamazi.info\\\/archives\\\/1006794\"]}]},{\"@type\":\"ImageObject\",\"inLanguage\":\"en-US\",\"@id\":\"https:\\\/\\\/darkamazi.info\\\/archives\\\/1006794#primaryimage\",\"url\":\"https:\\\/\\\/darkamazi.info\\\/darka-content\\\/uploads\\\/2019\\\/09\\\/Nechirvan-Barzani-UN.jpeg\",\"contentUrl\":\"https:\\\/\\\/darkamazi.info\\\/darka-content\\\/uploads\\\/2019\\\/09\\\/Nechirvan-Barzani-UN.jpeg\",\"width\":1143,\"height\":759},{\"@type\":\"BreadcrumbList\",\"@id\":\"https:\\\/\\\/darkamazi.info\\\/archives\\\/1006794#breadcrumb\",\"itemListElement\":[{\"@type\":\"ListItem\",\"position\":1,\"name\":\"Home\",\"item\":\"https:\\\/\\\/darkamazi.info\\\/\"},{\"@type\":\"ListItem\",\"position\":2,\"name\":\"N\u00ea\u00e7\u00eervan Barzan\u00ee: p\u00eaw\u00eeste al\u00eekar\u00eeya yonam\u00eey\u00ea jibo Kurdistan\u00ea berdewam be\"}]},{\"@type\":\"WebSite\",\"@id\":\"https:\\\/\\\/darkamazi.info\\\/#website\",\"url\":\"https:\\\/\\\/darkamazi.info\\\/\",\"name\":\"Darka Maz\u00ee\",\"description\":\"P\u00eageha Zanyariy\u00ean Nebih\u00eest\u00ee\",\"publisher\":{\"@id\":\"https:\\\/\\\/darkamazi.info\\\/#organization\"},\"potentialAction\":[{\"@type\":\"SearchAction\",\"target\":{\"@type\":\"EntryPoint\",\"urlTemplate\":\"https:\\\/\\\/darkamazi.info\\\/?s={search_term_string}\"},\"query-input\":{\"@type\":\"PropertyValueSpecification\",\"valueRequired\":true,\"valueName\":\"search_term_string\"}}],\"inLanguage\":\"en-US\"},{\"@type\":\"Organization\",\"@id\":\"https:\\\/\\\/darkamazi.info\\\/#organization\",\"name\":\"Darka Maz\u00ee\",\"url\":\"https:\\\/\\\/darkamazi.info\\\/\",\"logo\":{\"@type\":\"ImageObject\",\"inLanguage\":\"en-US\",\"@id\":\"https:\\\/\\\/darkamazi.info\\\/#\\\/schema\\\/logo\\\/image\\\/\",\"url\":\"https:\\\/\\\/darkamazi.info\\\/darka-content\\\/uploads\\\/2017\\\/12\\\/darka-mazi-logo.png\",\"contentUrl\":\"https:\\\/\\\/darkamazi.info\\\/darka-content\\\/uploads\\\/2017\\\/12\\\/darka-mazi-logo.png\",\"width\":151,\"height\":75,\"caption\":\"Darka Maz\u00ee\"},\"image\":{\"@id\":\"https:\\\/\\\/darkamazi.info\\\/#\\\/schema\\\/logo\\\/image\\\/\"},\"sameAs\":[\"https:\\\/\\\/www.facebook.com\\\/DarMaziKurmanci\",\"https:\\\/\\\/x.com\\\/DarkaMaziLatini\",\"https:\\\/\\\/www.instagram.com\\\/darkamazi.kurmanci\\\/\",\"https:\\\/\\\/www.youtube.com\\\/channel\\\/UCa5HkTdmI8U1qCUFuTw8B2g\"]},{\"@type\":\"Person\",\"@id\":\"https:\\\/\\\/darkamazi.info\\\/#\\\/schema\\\/person\\\/5ad3e24553a0567993fa8ed4bd0a776c\",\"name\":\"darka mazi\",\"sameAs\":[\"https:\\\/\\\/darkamazi.info\\\/\"],\"url\":\"https:\\\/\\\/darkamazi.info\\\/archives\\\/author\\\/kurdi\"}]}<\/script>\n<!-- \/ Yoast SEO plugin. -->","seo_head_json":{"title":"N\u00ea\u00e7\u00eervan Barzan\u00ee: p\u00eaw\u00eeste al\u00eekar\u00eeya yonam\u00eey\u00ea jibo Kurdistan\u00ea berdewam be - Darka Maz\u00ee","robots":{"index":"index","follow":"follow","max-snippet":"max-snippet:-1","max-image-preview":"max-image-preview:large","max-video-preview":"max-video-preview:-1"},"canonical":"https:\/\/darkamazi.info\/archives\/1006794","og_locale":"en_US","og_type":"article","og_title":"N\u00ea\u00e7\u00eervan Barzan\u00ee: p\u00eaw\u00eeste al\u00eekar\u00eeya yonam\u00eey\u00ea jibo Kurdistan\u00ea berdewam be - Darka Maz\u00ee","og_description":"Serok\u00ea Her\u00eama Kurdistan\u00ea, \u00eero digel n\u00fbnera taybeta netew\u00ean yekb\u00fb\u00ee li \u00ceraq\u00ea civ\u00eeya \u00fb tekez kir ku p\u00eaw\u00eeste al\u00eekary\u00ean yonam\u00eey\u00ea jibo \u00ceraq\u00ea \u00fb Her\u00eama Kurdistan\u00ea berdewam be. Serok N\u00ea\u00e7\u00eervan Barzan\u00ee \u00eero p\u00ea\u015fwaz\u00eeya xanima C\u00ean\u00een Plasxart, n\u00fbnera taybeta netew\u00ean yekb\u00fb\u00ee yonam\u00eey\u00ea li \u00ceraq\u00ea kir \u00fb di hevd\u00eetn\u00ea de, k\u00ea\u015fey\u00ean n\u00eavbera Hewl\u00ear \u00fb Bexday\u00ea de, herweha bernameya al\u00eekar\u00eey\u00ean [&hellip;]","og_url":"https:\/\/darkamazi.info\/archives\/1006794","og_site_name":"Darka Maz\u00ee","article_publisher":"https:\/\/www.facebook.com\/DarMaziKurmanci","article_published_time":"2019-09-09T18:16:17+00:00","article_modified_time":"2019-10-07T16:16:22+00:00","og_image":[{"width":1143,"height":759,"url":"https:\/\/darkamazi.info\/file\/2019\/09\/Nechirvan-Barzani-UN.jpeg","type":"image\/jpeg"}],"author":"darka mazi","twitter_card":"summary_large_image","twitter_image":"https:\/\/darkamazi.info\/file\/2019\/09\/Nechirvan-Barzani-UN.jpeg","twitter_creator":"@DarkaMaziLatini","twitter_site":"@DarkaMaziLatini","twitter_misc":{"Written by":"darka mazi","Est. reading time":"1 minute"},"schema":{"@context":"https:\/\/schema.org","@graph":[{"@type":"Article","@id":"https:\/\/darkamazi.info\/archives\/1006794#article","isPartOf":{"@id":"https:\/\/darkamazi.info\/archives\/1006794"},"author":{"name":"darka mazi","@id":"https:\/\/darkamazi.info\/#\/schema\/person\/5ad3e24553a0567993fa8ed4bd0a776c"},"headline":"N\u00ea\u00e7\u00eervan Barzan\u00ee: p\u00eaw\u00eeste al\u00eekar\u00eeya yonam\u00eey\u00ea jibo Kurdistan\u00ea berdewam be","datePublished":"2019-09-09T18:16:17+00:00","dateModified":"2019-10-07T16:16:22+00:00","mainEntityOfPage":{"@id":"https:\/\/darkamazi.info\/archives\/1006794"},"wordCount":228,"publisher":{"@id":"https:\/\/darkamazi.info\/#organization"},"image":{"@id":"https:\/\/darkamazi.info\/archives\/1006794#primaryimage"},"thumbnailUrl":"https:\/\/darkamazi.info\/file\/2019\/09\/Nechirvan-Barzani-UN.jpeg","articleSection":["Kurdistan"],"inLanguage":"en-US"},{"@type":"WebPage","@id":"https:\/\/darkamazi.info\/archives\/1006794","url":"https:\/\/darkamazi.info\/archives\/1006794","name":"N\u00ea\u00e7\u00eervan Barzan\u00ee: p\u00eaw\u00eeste al\u00eekar\u00eeya yonam\u00eey\u00ea jibo Kurdistan\u00ea berdewam be - Darka Maz\u00ee","isPartOf":{"@id":"https:\/\/darkamazi.info\/#website"},"primaryImageOfPage":{"@id":"https:\/\/darkamazi.info\/archives\/1006794#primaryimage"},"image":{"@id":"https:\/\/darkamazi.info\/archives\/1006794#primaryimage"},"thumbnailUrl":"https:\/\/darkamazi.info\/file\/2019\/09\/Nechirvan-Barzani-UN.jpeg","datePublished":"2019-09-09T18:16:17+00:00","dateModified":"2019-10-07T16:16:22+00:00","breadcrumb":{"@id":"https:\/\/darkamazi.info\/archives\/1006794#breadcrumb"},"inLanguage":"en-US","potentialAction":[{"@type":"ReadAction","target":["https:\/\/darkamazi.info\/archives\/1006794"]}]},{"@type":"ImageObject","inLanguage":"en-US","@id":"https:\/\/darkamazi.info\/archives\/1006794#primaryimage","url":"https:\/\/darkamazi.info\/file\/2019\/09\/Nechirvan-Barzani-UN.jpeg","contentUrl":"https:\/\/darkamazi.info\/file\/2019\/09\/Nechirvan-Barzani-UN.jpeg","width":1143,"height":759},{"@type":"BreadcrumbList","@id":"https:\/\/darkamazi.info\/archives\/1006794#breadcrumb","itemListElement":[{"@type":"ListItem","position":1,"name":"Home","item":"https:\/\/darkamazi.info\/"},{"@type":"ListItem","position":2,"name":"N\u00ea\u00e7\u00eervan Barzan\u00ee: p\u00eaw\u00eeste al\u00eekar\u00eeya yonam\u00eey\u00ea jibo Kurdistan\u00ea berdewam be"}]},{"@type":"WebSite","@id":"https:\/\/darkamazi.info\/#website","url":"https:\/\/darkamazi.info\/","name":"Darka Maz\u00ee","description":"P\u00eageha Zanyariy\u00ean Nebih\u00eest\u00ee","publisher":{"@id":"https:\/\/darkamazi.info\/#organization"},"potentialAction":[{"@type":"SearchAction","target":{"@type":"EntryPoint","urlTemplate":"https:\/\/darkamazi.info\/?s={search_term_string}"},"query-input":{"@type":"PropertyValueSpecification","valueRequired":true,"valueName":"search_term_string"}}],"inLanguage":"en-US"},{"@type":"Organization","@id":"https:\/\/darkamazi.info\/#organization","name":"Darka Maz\u00ee","url":"https:\/\/darkamazi.info\/","logo":{"@type":"ImageObject","inLanguage":"en-US","@id":"https:\/\/darkamazi.info\/#\/schema\/logo\/image\/","url":"https:\/\/darkamazi.info\/file\/2017\/12\/darka-mazi-logo.png","contentUrl":"https:\/\/darkamazi.info\/file\/2017\/12\/darka-mazi-logo.png","width":151,"height":75,"caption":"Darka Maz\u00ee"},"image":{"@id":"https:\/\/darkamazi.info\/#\/schema\/logo\/image\/"},"sameAs":["https:\/\/www.facebook.com\/DarMaziKurmanci","https:\/\/x.com\/DarkaMaziLatini","https:\/\/www.instagram.com\/darkamazi.kurmanci\/","https:\/\/www.youtube.com\/channel\/UCa5HkTdmI8U1qCUFuTw8B2g"]},{"@type":"Person","@id":"https:\/\/darkamazi.info\/#\/schema\/person\/5ad3e24553a0567993fa8ed4bd0a776c","name":"darka mazi","sameAs":["https:\/\/darkamazi.info\/"],"url":"https:\/\/darkamazi.info\/archives\/author\/kurdi"}]}},"_links":{"self":[{"href":"https:\/\/darkamazi.info\/funavuv\/wp\/v2\/posts\/1006794","targetHints":{"allow":["GET"]}}],"collection":[{"href":"https:\/\/darkamazi.info\/funavuv\/wp\/v2\/posts"}],"about":[{"href":"https:\/\/darkamazi.info\/funavuv\/wp\/v2\/types\/post"}],"author":[{"embeddable":true,"href":"https:\/\/darkamazi.info\/funavuv\/wp\/v2\/users\/2"}],"replies":[{"embeddable":true,"href":"https:\/\/darkamazi.info\/funavuv\/wp\/v2\/comments?post=1006794"}],"version-history":[{"count":0,"href":"https:\/\/darkamazi.info\/funavuv\/wp\/v2\/posts\/1006794\/revisions"}],"wp:featuredmedia":[{"embeddable":true,"href":"https:\/\/darkamazi.info\/funavuv\/wp\/v2\/media\/1006795"}],"wp:attachment":[{"href":"https:\/\/darkamazi.info\/funavuv\/wp\/v2\/media?parent=1006794"}],"wp:term":[{"taxonomy":"category","embeddable":true,"href":"https:\/\/darkamazi.info\/funavuv\/wp\/v2\/categories?post=1006794"},{"taxonomy":"post_tag","embeddable":true,"href":"https:\/\/darkamazi.info\/funavuv\/wp\/v2\/tags?post=1006794"}],"curies":[{"name":"wp","href":"https:\/\/api.w.org\/{rel}","templated":true}]}}