{"id":1006878,"date":"2019-09-10T17:44:51","date_gmt":"2019-09-10T14:44:51","guid":{"rendered":"https:\/\/darkamazi.info\/?p=1006878"},"modified":"2019-09-16T21:53:51","modified_gmt":"2019-09-16T18:53:51","slug":"serok-barzani-petvi-dike-wane-u-bihayen-soresa-eylule-bilind-biminin","status":"publish","type":"post","link":"https:\/\/darkamazi.info\/archives\/1006878","title":{"rendered":"Mes&#8217;\u00fbd barzan\u00ee: p\u00eatv\u00ee dike wane \u00fb bihay\u00ean \u015fore\u015fa \u00cel\u00fbl\u00ea bilind bim\u00eenin"},"content":{"rendered":"<h3><strong>Bi nav\u00ea xweday\u00ea mezin \u00fb dilovan<\/strong><\/h3>\n<h3><strong>\u015eore\u015fa Mezina \u00cel\u00fbl bi r\u00eaberayetiya cenab\u00ea Barzaniy\u00ea Nemir \u015fore\u015fek\u00ee siyas\u00ee \u00fb civak\u00ee \u00fb \u00e7ekdar\u00ee \u00fb seranseriya gel\u00ea Kurdistan\u00ea b\u00fb ku bingeheke bi h\u00eaz ji bo xebata rizgar\u00eexwaziya gel\u00ea Kurdistan\u00ea li dij\u00ee s\u00eetem \u00fb dag\u00eerkeriy\u00ea dan\u00ee.<\/strong><\/h3>\n<h3><strong>Li \u015fore\u015fa <\/strong><strong>\u00cel\u00fbl <\/strong><strong>da P\u00ea\u015fmerge, kad\u00eer, mamosta, xwendekar, jin \u00fb hem\u00fb \u00e7\u00een\u00ean civaka Kurdistan\u00ee ji netewe \u00fb ol\u00ean c\u00fbda c\u00fbda, li hem\u00fb nav\u00e7ey\u00ean Kurdistan\u00ea bi p\u00eakve \u00fb ji bo yek armanca p\u00eeroza netewey\u00ee \u00fb ni\u015ftiman\u00ee xebat\u00ea kirin \u00fb d\u00eerok \u00fb serweriy\u00ea tomar kirin. Ew destkeft \u00fb azadiya niha heye berhem \u00fb berdewamiya q\u00fbrban\u00eedan \u00fb t\u00eako\u015f\u00eena zarok \u00fb gedey\u00ean gel\u00ea meye li \u015fore\u015fa Eyl\u00fbl\u00ea da. Her li v\u00ea \u015fore\u015f\u00ea da b\u00fb ku \u00eerade \u00fb xweragir\u00ee \u00fb ev\u00eena ni\u015ftiman li nav r\u00eaz\u00ean gel\u00ea me ewqas bih\u00eaz b\u00fb ku herdem dijmin\u00ea pir\u00e7ek li beranber da di\u015fikiya \u00fb cara daw\u00ee w\u00ea \u00eeradeya dijmin an\u00ee ser masaya danustandin\u00ea.<\/strong><\/h3>\n<h3><strong>\u015eore\u015fa Mezina \u00cel\u00fbl hem bi dij\u00ee s\u00eetemkariy\u00ea b\u00fb, hem j\u00ee p\u00eagihandina mirov\u00ean Kurdistan\u00ea, ji bo w\u00ea yek\u00ea ku gel\u00ea Kurdistan\u00ea maf\u00eanp xwe binas\u00ea \u00fb bihaya bilinda mirovane \u00fb Kurdperwerane li nav xelk \u00fb kad\u00eer \u00fb P\u00ea\u015fmerge da dirust bib\u00ea. Bi c\u00fbreyek ku li beranber dijmin da j\u00ee bi ten\u00ea ji bo carek j\u00ee, \u015fore\u015f dest ji bo kirdareke nebir ku nakok b\u00ea li gel biha \u00fb yasay\u00ean ceng.<\/strong><\/h3>\n<h3><strong>Wane \u00fb bihay\u00ean w\u00ea \u015fore\u015fa mezin div\u00ea ji bo me hem\u00fbyan bi bilind\u00ee bim\u00een\u00ea \u00fb bibin \u00e7ira \u00fb r\u00ean\u00ee\u015fandera pa\u015faroja me \u00fb nif\u015f\u00ean pa\u015faroj\u00ea.<\/strong><\/h3>\n<h3><strong>Li salvegera pencih \u00fb he\u015ft saliya hilp\u00eakirina \u015fore\u015fa \u00cel\u00fbl\u00ea da, p\u00eazan\u00een\u00ean min ji bo wan hem\u00fb P\u00ea\u015fmergey\u00ean qehreman \u00fb wan t\u00eako\u015feran heye ku li \u015fore\u015fa \u00cel\u00fbl\u00ea da rola xwe heb\u00fbye \u00fb ked \u00fb xebat\u00ea kirine qurbaniy\u00ea dane, \u00e7i ew\u00ean li nav me da nemane \u00fb \u00e7i j\u00ee ew\u00ean ku h\u00ea j\u00ee li j\u00eeyan\u00ea da mane. Hezaran silav li giyan\u00ea pak\u00ea \u015feh\u00eed\u00ean \u015fore\u015fa \u00cel\u00fbl \u00fb hem\u00fb \u015feh\u00eed\u00ean r\u00eaya azadiy\u00ea.<\/strong><\/h3>\n<h3><strong>Mes\u00fbd Barzan\u00ee<\/strong><br \/>\n<strong>10 \u00ea \u00cel\u00fbla 2019<\/strong><\/h3>\n","protected":false},"excerpt":{"rendered":"<p>Bi nav\u00ea xweday\u00ea mezin \u00fb dilovan \u015eore\u015fa Mezina \u00cel\u00fbl bi r\u00eaberayetiya cenab\u00ea Barzaniy\u00ea Nemir \u015fore\u015fek\u00ee siyas\u00ee \u00fb civak\u00ee \u00fb \u00e7ekdar\u00ee \u00fb seranseriya gel\u00ea Kurdistan\u00ea b\u00fb ku bingeheke bi h\u00eaz ji bo xebata rizgar\u00eexwaziya gel\u00ea Kurdistan\u00ea li dij\u00ee s\u00eetem \u00fb dag\u00eerkeriy\u00ea dan\u00ee. Li \u015fore\u015fa \u00cel\u00fbl da P\u00ea\u015fmerge, kad\u00eer, mamosta, xwendekar, jin \u00fb hem\u00fb \u00e7\u00een\u00ean civaka Kurdistan\u00ee [&hellip;]<\/p>\n","protected":false},"author":2,"featured_media":1006880,"comment_status":"closed","ping_status":"closed","sticky":false,"template":"","format":"standard","meta":{"footnotes":""},"categories":[29],"tags":[],"class_list":["post-1006878","post","type-post","status-publish","format-standard","has-post-thumbnail","hentry","category-kurdistan"],"blocksy_meta":[],"seo_head":"<!-- This site is optimized with the Yoast SEO plugin v27.5 - https:\/\/yoast.com\/product\/yoast-seo-wordpress\/ -->\n<title>Mes&#039;\u00fbd barzan\u00ee: p\u00eatv\u00ee dike wane \u00fb bihay\u00ean \u015fore\u015fa \u00cel\u00fbl\u00ea bilind bim\u00eenin - Darka Maz\u00ee<\/title>\n<meta name=\"robots\" content=\"index, follow, max-snippet:-1, max-image-preview:large, max-video-preview:-1\" \/>\n<link rel=\"canonical\" href=\"https:\/\/darkamazi.info\/archives\/1006878\" \/>\n<meta property=\"og:locale\" content=\"en_US\" \/>\n<meta property=\"og:type\" content=\"article\" \/>\n<meta property=\"og:title\" content=\"Mes&#039;\u00fbd barzan\u00ee: p\u00eatv\u00ee dike wane \u00fb bihay\u00ean \u015fore\u015fa \u00cel\u00fbl\u00ea bilind bim\u00eenin - Darka Maz\u00ee\" \/>\n<meta property=\"og:description\" content=\"Bi nav\u00ea xweday\u00ea mezin \u00fb dilovan \u015eore\u015fa Mezina \u00cel\u00fbl bi r\u00eaberayetiya cenab\u00ea Barzaniy\u00ea Nemir \u015fore\u015fek\u00ee siyas\u00ee \u00fb civak\u00ee \u00fb \u00e7ekdar\u00ee \u00fb seranseriya gel\u00ea Kurdistan\u00ea b\u00fb ku bingeheke bi h\u00eaz ji bo xebata rizgar\u00eexwaziya gel\u00ea Kurdistan\u00ea li dij\u00ee s\u00eetem \u00fb dag\u00eerkeriy\u00ea dan\u00ee. Li \u015fore\u015fa \u00cel\u00fbl da P\u00ea\u015fmerge, kad\u00eer, mamosta, xwendekar, jin \u00fb hem\u00fb \u00e7\u00een\u00ean civaka Kurdistan\u00ee [&hellip;]\" \/>\n<meta property=\"og:url\" content=\"https:\/\/darkamazi.info\/archives\/1006878\" \/>\n<meta property=\"og:site_name\" content=\"Darka Maz\u00ee\" \/>\n<meta property=\"article:publisher\" content=\"https:\/\/www.facebook.com\/DarMaziKurmanci\" \/>\n<meta property=\"article:published_time\" content=\"2019-09-10T14:44:51+00:00\" \/>\n<meta property=\"article:modified_time\" content=\"2019-09-16T18:53:51+00:00\" \/>\n<meta property=\"og:image\" content=\"https:\/\/darkamazi.info\/file\/2019\/09\/serok-bashik.jpg\" \/>\n\t<meta property=\"og:image:width\" content=\"750\" \/>\n\t<meta property=\"og:image:height\" content=\"499\" \/>\n\t<meta property=\"og:image:type\" content=\"image\/jpeg\" \/>\n<meta name=\"author\" content=\"darka mazi\" \/>\n<meta name=\"twitter:card\" content=\"summary_large_image\" \/>\n<meta name=\"twitter:image\" content=\"https:\/\/darkamazi.info\/file\/2019\/09\/serok-bashik.jpg\" \/>\n<meta name=\"twitter:creator\" content=\"@DarkaMaziLatini\" \/>\n<meta name=\"twitter:site\" content=\"@DarkaMaziLatini\" \/>\n<meta name=\"twitter:label1\" content=\"Written by\" \/>\n\t<meta name=\"twitter:data1\" content=\"darka mazi\" \/>\n\t<meta name=\"twitter:label2\" content=\"Est. reading time\" \/>\n\t<meta name=\"twitter:data2\" content=\"2 minutes\" \/>\n<script type=\"application\/ld+json\" class=\"seo-schema-graph\">{\"@context\":\"https:\\\/\\\/schema.org\",\"@graph\":[{\"@type\":\"Article\",\"@id\":\"https:\\\/\\\/darkamazi.info\\\/archives\\\/1006878#article\",\"isPartOf\":{\"@id\":\"https:\\\/\\\/darkamazi.info\\\/archives\\\/1006878\"},\"author\":{\"name\":\"darka mazi\",\"@id\":\"https:\\\/\\\/darkamazi.info\\\/#\\\/schema\\\/person\\\/5ad3e24553a0567993fa8ed4bd0a776c\"},\"headline\":\"Mes&#8217;\u00fbd barzan\u00ee: p\u00eatv\u00ee dike wane \u00fb bihay\u00ean \u015fore\u015fa \u00cel\u00fbl\u00ea bilind bim\u00eenin\",\"datePublished\":\"2019-09-10T14:44:51+00:00\",\"dateModified\":\"2019-09-16T18:53:51+00:00\",\"mainEntityOfPage\":{\"@id\":\"https:\\\/\\\/darkamazi.info\\\/archives\\\/1006878\"},\"wordCount\":371,\"publisher\":{\"@id\":\"https:\\\/\\\/darkamazi.info\\\/#organization\"},\"image\":{\"@id\":\"https:\\\/\\\/darkamazi.info\\\/archives\\\/1006878#primaryimage\"},\"thumbnailUrl\":\"https:\\\/\\\/darkamazi.info\\\/darka-content\\\/uploads\\\/2019\\\/09\\\/serok-bashik.jpg\",\"articleSection\":[\"Kurdistan\"],\"inLanguage\":\"en-US\"},{\"@type\":\"WebPage\",\"@id\":\"https:\\\/\\\/darkamazi.info\\\/archives\\\/1006878\",\"url\":\"https:\\\/\\\/darkamazi.info\\\/archives\\\/1006878\",\"name\":\"Mes'\u00fbd barzan\u00ee: p\u00eatv\u00ee dike wane \u00fb bihay\u00ean \u015fore\u015fa \u00cel\u00fbl\u00ea bilind bim\u00eenin - Darka Maz\u00ee\",\"isPartOf\":{\"@id\":\"https:\\\/\\\/darkamazi.info\\\/#website\"},\"primaryImageOfPage\":{\"@id\":\"https:\\\/\\\/darkamazi.info\\\/archives\\\/1006878#primaryimage\"},\"image\":{\"@id\":\"https:\\\/\\\/darkamazi.info\\\/archives\\\/1006878#primaryimage\"},\"thumbnailUrl\":\"https:\\\/\\\/darkamazi.info\\\/darka-content\\\/uploads\\\/2019\\\/09\\\/serok-bashik.jpg\",\"datePublished\":\"2019-09-10T14:44:51+00:00\",\"dateModified\":\"2019-09-16T18:53:51+00:00\",\"breadcrumb\":{\"@id\":\"https:\\\/\\\/darkamazi.info\\\/archives\\\/1006878#breadcrumb\"},\"inLanguage\":\"en-US\",\"potentialAction\":[{\"@type\":\"ReadAction\",\"target\":[\"https:\\\/\\\/darkamazi.info\\\/archives\\\/1006878\"]}]},{\"@type\":\"ImageObject\",\"inLanguage\":\"en-US\",\"@id\":\"https:\\\/\\\/darkamazi.info\\\/archives\\\/1006878#primaryimage\",\"url\":\"https:\\\/\\\/darkamazi.info\\\/darka-content\\\/uploads\\\/2019\\\/09\\\/serok-bashik.jpg\",\"contentUrl\":\"https:\\\/\\\/darkamazi.info\\\/darka-content\\\/uploads\\\/2019\\\/09\\\/serok-bashik.jpg\",\"width\":750,\"height\":499},{\"@type\":\"BreadcrumbList\",\"@id\":\"https:\\\/\\\/darkamazi.info\\\/archives\\\/1006878#breadcrumb\",\"itemListElement\":[{\"@type\":\"ListItem\",\"position\":1,\"name\":\"Home\",\"item\":\"https:\\\/\\\/darkamazi.info\\\/\"},{\"@type\":\"ListItem\",\"position\":2,\"name\":\"Mes&#8217;\u00fbd barzan\u00ee: p\u00eatv\u00ee dike wane \u00fb bihay\u00ean \u015fore\u015fa \u00cel\u00fbl\u00ea bilind bim\u00eenin\"}]},{\"@type\":\"WebSite\",\"@id\":\"https:\\\/\\\/darkamazi.info\\\/#website\",\"url\":\"https:\\\/\\\/darkamazi.info\\\/\",\"name\":\"Darka Maz\u00ee\",\"description\":\"P\u00eageha Zanyariy\u00ean Nebih\u00eest\u00ee\",\"publisher\":{\"@id\":\"https:\\\/\\\/darkamazi.info\\\/#organization\"},\"potentialAction\":[{\"@type\":\"SearchAction\",\"target\":{\"@type\":\"EntryPoint\",\"urlTemplate\":\"https:\\\/\\\/darkamazi.info\\\/?s={search_term_string}\"},\"query-input\":{\"@type\":\"PropertyValueSpecification\",\"valueRequired\":true,\"valueName\":\"search_term_string\"}}],\"inLanguage\":\"en-US\"},{\"@type\":\"Organization\",\"@id\":\"https:\\\/\\\/darkamazi.info\\\/#organization\",\"name\":\"Darka Maz\u00ee\",\"url\":\"https:\\\/\\\/darkamazi.info\\\/\",\"logo\":{\"@type\":\"ImageObject\",\"inLanguage\":\"en-US\",\"@id\":\"https:\\\/\\\/darkamazi.info\\\/#\\\/schema\\\/logo\\\/image\\\/\",\"url\":\"https:\\\/\\\/darkamazi.info\\\/darka-content\\\/uploads\\\/2017\\\/12\\\/darka-mazi-logo.png\",\"contentUrl\":\"https:\\\/\\\/darkamazi.info\\\/darka-content\\\/uploads\\\/2017\\\/12\\\/darka-mazi-logo.png\",\"width\":151,\"height\":75,\"caption\":\"Darka Maz\u00ee\"},\"image\":{\"@id\":\"https:\\\/\\\/darkamazi.info\\\/#\\\/schema\\\/logo\\\/image\\\/\"},\"sameAs\":[\"https:\\\/\\\/www.facebook.com\\\/DarMaziKurmanci\",\"https:\\\/\\\/x.com\\\/DarkaMaziLatini\",\"https:\\\/\\\/www.instagram.com\\\/darkamazi.kurmanci\\\/\",\"https:\\\/\\\/www.youtube.com\\\/channel\\\/UCa5HkTdmI8U1qCUFuTw8B2g\"]},{\"@type\":\"Person\",\"@id\":\"https:\\\/\\\/darkamazi.info\\\/#\\\/schema\\\/person\\\/5ad3e24553a0567993fa8ed4bd0a776c\",\"name\":\"darka mazi\",\"sameAs\":[\"https:\\\/\\\/darkamazi.info\\\/\"],\"url\":\"https:\\\/\\\/darkamazi.info\\\/archives\\\/author\\\/kurdi\"}]}<\/script>\n<!-- \/ Yoast SEO plugin. -->","seo_head_json":{"title":"Mes'\u00fbd barzan\u00ee: p\u00eatv\u00ee dike wane \u00fb bihay\u00ean \u015fore\u015fa \u00cel\u00fbl\u00ea bilind bim\u00eenin - Darka Maz\u00ee","robots":{"index":"index","follow":"follow","max-snippet":"max-snippet:-1","max-image-preview":"max-image-preview:large","max-video-preview":"max-video-preview:-1"},"canonical":"https:\/\/darkamazi.info\/archives\/1006878","og_locale":"en_US","og_type":"article","og_title":"Mes'\u00fbd barzan\u00ee: p\u00eatv\u00ee dike wane \u00fb bihay\u00ean \u015fore\u015fa \u00cel\u00fbl\u00ea bilind bim\u00eenin - Darka Maz\u00ee","og_description":"Bi nav\u00ea xweday\u00ea mezin \u00fb dilovan \u015eore\u015fa Mezina \u00cel\u00fbl bi r\u00eaberayetiya cenab\u00ea Barzaniy\u00ea Nemir \u015fore\u015fek\u00ee siyas\u00ee \u00fb civak\u00ee \u00fb \u00e7ekdar\u00ee \u00fb seranseriya gel\u00ea Kurdistan\u00ea b\u00fb ku bingeheke bi h\u00eaz ji bo xebata rizgar\u00eexwaziya gel\u00ea Kurdistan\u00ea li dij\u00ee s\u00eetem \u00fb dag\u00eerkeriy\u00ea dan\u00ee. Li \u015fore\u015fa \u00cel\u00fbl da P\u00ea\u015fmerge, kad\u00eer, mamosta, xwendekar, jin \u00fb hem\u00fb \u00e7\u00een\u00ean civaka Kurdistan\u00ee [&hellip;]","og_url":"https:\/\/darkamazi.info\/archives\/1006878","og_site_name":"Darka Maz\u00ee","article_publisher":"https:\/\/www.facebook.com\/DarMaziKurmanci","article_published_time":"2019-09-10T14:44:51+00:00","article_modified_time":"2019-09-16T18:53:51+00:00","og_image":[{"width":750,"height":499,"url":"https:\/\/darkamazi.info\/file\/2019\/09\/serok-bashik.jpg","type":"image\/jpeg"}],"author":"darka mazi","twitter_card":"summary_large_image","twitter_image":"https:\/\/darkamazi.info\/file\/2019\/09\/serok-bashik.jpg","twitter_creator":"@DarkaMaziLatini","twitter_site":"@DarkaMaziLatini","twitter_misc":{"Written by":"darka mazi","Est. reading time":"2 minutes"},"schema":{"@context":"https:\/\/schema.org","@graph":[{"@type":"Article","@id":"https:\/\/darkamazi.info\/archives\/1006878#article","isPartOf":{"@id":"https:\/\/darkamazi.info\/archives\/1006878"},"author":{"name":"darka mazi","@id":"https:\/\/darkamazi.info\/#\/schema\/person\/5ad3e24553a0567993fa8ed4bd0a776c"},"headline":"Mes&#8217;\u00fbd barzan\u00ee: p\u00eatv\u00ee dike wane \u00fb bihay\u00ean \u015fore\u015fa \u00cel\u00fbl\u00ea bilind bim\u00eenin","datePublished":"2019-09-10T14:44:51+00:00","dateModified":"2019-09-16T18:53:51+00:00","mainEntityOfPage":{"@id":"https:\/\/darkamazi.info\/archives\/1006878"},"wordCount":371,"publisher":{"@id":"https:\/\/darkamazi.info\/#organization"},"image":{"@id":"https:\/\/darkamazi.info\/archives\/1006878#primaryimage"},"thumbnailUrl":"https:\/\/darkamazi.info\/file\/2019\/09\/serok-bashik.jpg","articleSection":["Kurdistan"],"inLanguage":"en-US"},{"@type":"WebPage","@id":"https:\/\/darkamazi.info\/archives\/1006878","url":"https:\/\/darkamazi.info\/archives\/1006878","name":"Mes'\u00fbd barzan\u00ee: p\u00eatv\u00ee dike wane \u00fb bihay\u00ean \u015fore\u015fa \u00cel\u00fbl\u00ea bilind bim\u00eenin - Darka Maz\u00ee","isPartOf":{"@id":"https:\/\/darkamazi.info\/#website"},"primaryImageOfPage":{"@id":"https:\/\/darkamazi.info\/archives\/1006878#primaryimage"},"image":{"@id":"https:\/\/darkamazi.info\/archives\/1006878#primaryimage"},"thumbnailUrl":"https:\/\/darkamazi.info\/file\/2019\/09\/serok-bashik.jpg","datePublished":"2019-09-10T14:44:51+00:00","dateModified":"2019-09-16T18:53:51+00:00","breadcrumb":{"@id":"https:\/\/darkamazi.info\/archives\/1006878#breadcrumb"},"inLanguage":"en-US","potentialAction":[{"@type":"ReadAction","target":["https:\/\/darkamazi.info\/archives\/1006878"]}]},{"@type":"ImageObject","inLanguage":"en-US","@id":"https:\/\/darkamazi.info\/archives\/1006878#primaryimage","url":"https:\/\/darkamazi.info\/file\/2019\/09\/serok-bashik.jpg","contentUrl":"https:\/\/darkamazi.info\/file\/2019\/09\/serok-bashik.jpg","width":750,"height":499},{"@type":"BreadcrumbList","@id":"https:\/\/darkamazi.info\/archives\/1006878#breadcrumb","itemListElement":[{"@type":"ListItem","position":1,"name":"Home","item":"https:\/\/darkamazi.info\/"},{"@type":"ListItem","position":2,"name":"Mes&#8217;\u00fbd barzan\u00ee: p\u00eatv\u00ee dike wane \u00fb bihay\u00ean \u015fore\u015fa \u00cel\u00fbl\u00ea bilind bim\u00eenin"}]},{"@type":"WebSite","@id":"https:\/\/darkamazi.info\/#website","url":"https:\/\/darkamazi.info\/","name":"Darka Maz\u00ee","description":"P\u00eageha Zanyariy\u00ean Nebih\u00eest\u00ee","publisher":{"@id":"https:\/\/darkamazi.info\/#organization"},"potentialAction":[{"@type":"SearchAction","target":{"@type":"EntryPoint","urlTemplate":"https:\/\/darkamazi.info\/?s={search_term_string}"},"query-input":{"@type":"PropertyValueSpecification","valueRequired":true,"valueName":"search_term_string"}}],"inLanguage":"en-US"},{"@type":"Organization","@id":"https:\/\/darkamazi.info\/#organization","name":"Darka Maz\u00ee","url":"https:\/\/darkamazi.info\/","logo":{"@type":"ImageObject","inLanguage":"en-US","@id":"https:\/\/darkamazi.info\/#\/schema\/logo\/image\/","url":"https:\/\/darkamazi.info\/file\/2017\/12\/darka-mazi-logo.png","contentUrl":"https:\/\/darkamazi.info\/file\/2017\/12\/darka-mazi-logo.png","width":151,"height":75,"caption":"Darka Maz\u00ee"},"image":{"@id":"https:\/\/darkamazi.info\/#\/schema\/logo\/image\/"},"sameAs":["https:\/\/www.facebook.com\/DarMaziKurmanci","https:\/\/x.com\/DarkaMaziLatini","https:\/\/www.instagram.com\/darkamazi.kurmanci\/","https:\/\/www.youtube.com\/channel\/UCa5HkTdmI8U1qCUFuTw8B2g"]},{"@type":"Person","@id":"https:\/\/darkamazi.info\/#\/schema\/person\/5ad3e24553a0567993fa8ed4bd0a776c","name":"darka mazi","sameAs":["https:\/\/darkamazi.info\/"],"url":"https:\/\/darkamazi.info\/archives\/author\/kurdi"}]}},"_links":{"self":[{"href":"https:\/\/darkamazi.info\/funavuv\/wp\/v2\/posts\/1006878","targetHints":{"allow":["GET"]}}],"collection":[{"href":"https:\/\/darkamazi.info\/funavuv\/wp\/v2\/posts"}],"about":[{"href":"https:\/\/darkamazi.info\/funavuv\/wp\/v2\/types\/post"}],"author":[{"embeddable":true,"href":"https:\/\/darkamazi.info\/funavuv\/wp\/v2\/users\/2"}],"replies":[{"embeddable":true,"href":"https:\/\/darkamazi.info\/funavuv\/wp\/v2\/comments?post=1006878"}],"version-history":[{"count":0,"href":"https:\/\/darkamazi.info\/funavuv\/wp\/v2\/posts\/1006878\/revisions"}],"wp:featuredmedia":[{"embeddable":true,"href":"https:\/\/darkamazi.info\/funavuv\/wp\/v2\/media\/1006880"}],"wp:attachment":[{"href":"https:\/\/darkamazi.info\/funavuv\/wp\/v2\/media?parent=1006878"}],"wp:term":[{"taxonomy":"category","embeddable":true,"href":"https:\/\/darkamazi.info\/funavuv\/wp\/v2\/categories?post=1006878"},{"taxonomy":"post_tag","embeddable":true,"href":"https:\/\/darkamazi.info\/funavuv\/wp\/v2\/tags?post=1006878"}],"curies":[{"name":"wp","href":"https:\/\/api.w.org\/{rel}","templated":true}]}}