{"id":1006883,"date":"2019-09-10T18:30:13","date_gmt":"2019-09-10T15:30:13","guid":{"rendered":"https:\/\/darkamazi.info\/?p=1006883"},"modified":"2019-09-16T21:49:09","modified_gmt":"2019-09-16T18:49:09","slug":"cegiren-seroke-herema-kurdistane-dest-bikar-bun","status":"publish","type":"post","link":"https:\/\/darkamazi.info\/archives\/1006883","title":{"rendered":"C\u00eagir\u00ean Serok\u00ea Her\u00eama Kurdistan\u00ea dest bikar b\u00fbn"},"content":{"rendered":"<div class=\"wpb-content-wrapper\"><p>[darkamazi_row][darkamazi_column][darkamazi_column_text]<\/p>\n<h3><strong>Serok\u00ea Her\u00eama Kurdistan\u00ea fermaneke her\u00eam\u00ee ji bo c\u00eagr\u00ean xwe derkir \u00fb herdu c\u00eagir bi ferm\u00ee dest bi kar\u00ea xwe kirine.<\/strong><\/h3>\n<h3>Di ragihandinek\u00ea de Fewz\u00ee Her\u00eer\u00ee serok\u00ea d\u00eewana serokat\u00eeya her\u00eama Kurdistan\u00ea ragihand, N\u00ea\u00e7\u00eervan Barzan\u00ee serok\u00ea her\u00eama Kurdistan\u00ea fermaneke her\u00eam\u00ee ji bo dest bi kar kirina her du c\u00eagir\u00ean Serok\u00ea Her\u00eam\u00ea derkirin, ku ev tekesta w\u00ea ferman\u00ea ye:<\/h3>\n<h3>Ragihandinek ji Serokatya Her\u00eama Kurdistan\u00ea:<br \/>\nN\u00ea\u00e7\u00eervan Barzan\u00ee Serok\u00ea Her\u00eema Kurdistan\u00ea li destip\u00eaka v\u00ea heftey\u00ea, roja yek\u015fem\u00ee 8\/9\/2019 fermana Her\u00eam\u00ee ji bo dest bi kar b\u00fbna Cefer Mistefa El\u00ee \u00fb Mistefa Qadir Mistefa weke c\u00eagr\u00ean Serok\u00ea Her\u00eama kurdistan\u00ea der kir.<\/h3>\n<h3>Fewz\u00ee her\u00eer\u00ee<br \/>\nSerok\u00ea d\u00eewana serokatya her\u00eema kurdistan\u00ea<br \/>\n10\/9\/2019<\/h3>\n<p>[\/darkamazi_column_text][\/darkamazi_column][\/darkamazi_row][darkamazi_row][darkamazi_column][darkamazi_single_image image=&#8221;1006885&#8243; img_size=&#8221;large&#8221; alignment=&#8221;center&#8221;][\/darkamazi_column][\/darkamazi_row]<\/p>\n<\/div>","protected":false},"excerpt":{"rendered":"<p>[darkamazi_row][darkamazi_column][darkamazi_column_text] Serok\u00ea Her\u00eama Kurdistan\u00ea fermaneke her\u00eam\u00ee ji bo c\u00eagr\u00ean xwe derkir \u00fb herdu c\u00eagir bi ferm\u00ee dest bi kar\u00ea xwe kirine. Di ragihandinek\u00ea de Fewz\u00ee Her\u00eer\u00ee serok\u00ea d\u00eewana serokat\u00eeya her\u00eama Kurdistan\u00ea ragihand, N\u00ea\u00e7\u00eervan Barzan\u00ee serok\u00ea her\u00eama Kurdistan\u00ea fermaneke her\u00eam\u00ee ji bo dest bi kar kirina her du c\u00eagir\u00ean Serok\u00ea Her\u00eam\u00ea derkirin, ku ev tekesta w\u00ea [&hellip;]<\/p>\n","protected":false},"author":2,"featured_media":1006884,"comment_status":"closed","ping_status":"closed","sticky":false,"template":"","format":"standard","meta":{"footnotes":""},"categories":[29],"tags":[],"class_list":["post-1006883","post","type-post","status-publish","format-standard","has-post-thumbnail","hentry","category-kurdistan"],"blocksy_meta":[],"seo_head":"<!-- This site is optimized with the Yoast SEO plugin v27.5 - https:\/\/yoast.com\/product\/yoast-seo-wordpress\/ -->\n<title>C\u00eagir\u00ean Serok\u00ea Her\u00eama Kurdistan\u00ea dest bikar b\u00fbn - Darka Maz\u00ee<\/title>\n<meta name=\"robots\" content=\"index, follow, max-snippet:-1, max-image-preview:large, max-video-preview:-1\" \/>\n<link rel=\"canonical\" href=\"https:\/\/darkamazi.info\/archives\/1006883\" \/>\n<meta property=\"og:locale\" content=\"en_US\" \/>\n<meta property=\"og:type\" content=\"article\" \/>\n<meta property=\"og:title\" content=\"C\u00eagir\u00ean Serok\u00ea Her\u00eama Kurdistan\u00ea dest bikar b\u00fbn - Darka Maz\u00ee\" \/>\n<meta property=\"og:description\" content=\"[darkamazi_row][darkamazi_column][darkamazi_column_text] Serok\u00ea Her\u00eama Kurdistan\u00ea fermaneke her\u00eam\u00ee ji bo c\u00eagr\u00ean xwe derkir \u00fb herdu c\u00eagir bi ferm\u00ee dest bi kar\u00ea xwe kirine. Di ragihandinek\u00ea de Fewz\u00ee Her\u00eer\u00ee serok\u00ea d\u00eewana serokat\u00eeya her\u00eama Kurdistan\u00ea ragihand, N\u00ea\u00e7\u00eervan Barzan\u00ee serok\u00ea her\u00eama Kurdistan\u00ea fermaneke her\u00eam\u00ee ji bo dest bi kar kirina her du c\u00eagir\u00ean Serok\u00ea Her\u00eam\u00ea derkirin, ku ev tekesta w\u00ea [&hellip;]\" \/>\n<meta property=\"og:url\" content=\"https:\/\/darkamazi.info\/archives\/1006883\" \/>\n<meta property=\"og:site_name\" content=\"Darka Maz\u00ee\" \/>\n<meta property=\"article:publisher\" content=\"https:\/\/www.facebook.com\/DarMaziKurmanci\" \/>\n<meta property=\"article:published_time\" content=\"2019-09-10T15:30:13+00:00\" \/>\n<meta property=\"article:modified_time\" content=\"2019-09-16T18:49:09+00:00\" \/>\n<meta property=\"og:image\" content=\"https:\/\/darkamazi.info\/file\/2019\/09\/KRP-Logo.jpeg\" \/>\n\t<meta property=\"og:image:width\" content=\"1024\" \/>\n\t<meta property=\"og:image:height\" content=\"473\" \/>\n\t<meta property=\"og:image:type\" content=\"image\/jpeg\" \/>\n<meta name=\"author\" content=\"darka mazi\" \/>\n<meta name=\"twitter:card\" content=\"summary_large_image\" \/>\n<meta name=\"twitter:image\" content=\"https:\/\/darkamazi.info\/file\/2019\/09\/KRP-Logo.jpeg\" \/>\n<meta name=\"twitter:creator\" content=\"@DarkaMaziLatini\" \/>\n<meta name=\"twitter:site\" content=\"@DarkaMaziLatini\" \/>\n<meta name=\"twitter:label1\" content=\"Written by\" \/>\n\t<meta name=\"twitter:data1\" content=\"darka mazi\" \/>\n\t<meta name=\"twitter:label2\" content=\"Est. reading time\" \/>\n\t<meta name=\"twitter:data2\" content=\"1 minute\" \/>\n<script type=\"application\/ld+json\" class=\"seo-schema-graph\">{\"@context\":\"https:\\\/\\\/schema.org\",\"@graph\":[{\"@type\":\"Article\",\"@id\":\"https:\\\/\\\/darkamazi.info\\\/archives\\\/1006883#article\",\"isPartOf\":{\"@id\":\"https:\\\/\\\/darkamazi.info\\\/archives\\\/1006883\"},\"author\":{\"name\":\"darka mazi\",\"@id\":\"https:\\\/\\\/darkamazi.info\\\/#\\\/schema\\\/person\\\/5ad3e24553a0567993fa8ed4bd0a776c\"},\"headline\":\"C\u00eagir\u00ean Serok\u00ea Her\u00eama Kurdistan\u00ea dest bikar b\u00fbn\",\"datePublished\":\"2019-09-10T15:30:13+00:00\",\"dateModified\":\"2019-09-16T18:49:09+00:00\",\"mainEntityOfPage\":{\"@id\":\"https:\\\/\\\/darkamazi.info\\\/archives\\\/1006883\"},\"wordCount\":169,\"publisher\":{\"@id\":\"https:\\\/\\\/darkamazi.info\\\/#organization\"},\"image\":{\"@id\":\"https:\\\/\\\/darkamazi.info\\\/archives\\\/1006883#primaryimage\"},\"thumbnailUrl\":\"https:\\\/\\\/darkamazi.info\\\/darka-content\\\/uploads\\\/2019\\\/09\\\/KRP-Logo.jpeg\",\"articleSection\":[\"Kurdistan\"],\"inLanguage\":\"en-US\"},{\"@type\":\"WebPage\",\"@id\":\"https:\\\/\\\/darkamazi.info\\\/archives\\\/1006883\",\"url\":\"https:\\\/\\\/darkamazi.info\\\/archives\\\/1006883\",\"name\":\"C\u00eagir\u00ean Serok\u00ea Her\u00eama Kurdistan\u00ea dest bikar b\u00fbn - Darka Maz\u00ee\",\"isPartOf\":{\"@id\":\"https:\\\/\\\/darkamazi.info\\\/#website\"},\"primaryImageOfPage\":{\"@id\":\"https:\\\/\\\/darkamazi.info\\\/archives\\\/1006883#primaryimage\"},\"image\":{\"@id\":\"https:\\\/\\\/darkamazi.info\\\/archives\\\/1006883#primaryimage\"},\"thumbnailUrl\":\"https:\\\/\\\/darkamazi.info\\\/darka-content\\\/uploads\\\/2019\\\/09\\\/KRP-Logo.jpeg\",\"datePublished\":\"2019-09-10T15:30:13+00:00\",\"dateModified\":\"2019-09-16T18:49:09+00:00\",\"breadcrumb\":{\"@id\":\"https:\\\/\\\/darkamazi.info\\\/archives\\\/1006883#breadcrumb\"},\"inLanguage\":\"en-US\",\"potentialAction\":[{\"@type\":\"ReadAction\",\"target\":[\"https:\\\/\\\/darkamazi.info\\\/archives\\\/1006883\"]}]},{\"@type\":\"ImageObject\",\"inLanguage\":\"en-US\",\"@id\":\"https:\\\/\\\/darkamazi.info\\\/archives\\\/1006883#primaryimage\",\"url\":\"https:\\\/\\\/darkamazi.info\\\/darka-content\\\/uploads\\\/2019\\\/09\\\/KRP-Logo.jpeg\",\"contentUrl\":\"https:\\\/\\\/darkamazi.info\\\/darka-content\\\/uploads\\\/2019\\\/09\\\/KRP-Logo.jpeg\",\"width\":1024,\"height\":473},{\"@type\":\"BreadcrumbList\",\"@id\":\"https:\\\/\\\/darkamazi.info\\\/archives\\\/1006883#breadcrumb\",\"itemListElement\":[{\"@type\":\"ListItem\",\"position\":1,\"name\":\"Home\",\"item\":\"https:\\\/\\\/darkamazi.info\\\/\"},{\"@type\":\"ListItem\",\"position\":2,\"name\":\"C\u00eagir\u00ean Serok\u00ea Her\u00eama Kurdistan\u00ea dest bikar b\u00fbn\"}]},{\"@type\":\"WebSite\",\"@id\":\"https:\\\/\\\/darkamazi.info\\\/#website\",\"url\":\"https:\\\/\\\/darkamazi.info\\\/\",\"name\":\"Darka Maz\u00ee\",\"description\":\"P\u00eageha Zanyariy\u00ean Nebih\u00eest\u00ee\",\"publisher\":{\"@id\":\"https:\\\/\\\/darkamazi.info\\\/#organization\"},\"potentialAction\":[{\"@type\":\"SearchAction\",\"target\":{\"@type\":\"EntryPoint\",\"urlTemplate\":\"https:\\\/\\\/darkamazi.info\\\/?s={search_term_string}\"},\"query-input\":{\"@type\":\"PropertyValueSpecification\",\"valueRequired\":true,\"valueName\":\"search_term_string\"}}],\"inLanguage\":\"en-US\"},{\"@type\":\"Organization\",\"@id\":\"https:\\\/\\\/darkamazi.info\\\/#organization\",\"name\":\"Darka Maz\u00ee\",\"url\":\"https:\\\/\\\/darkamazi.info\\\/\",\"logo\":{\"@type\":\"ImageObject\",\"inLanguage\":\"en-US\",\"@id\":\"https:\\\/\\\/darkamazi.info\\\/#\\\/schema\\\/logo\\\/image\\\/\",\"url\":\"https:\\\/\\\/darkamazi.info\\\/darka-content\\\/uploads\\\/2017\\\/12\\\/darka-mazi-logo.png\",\"contentUrl\":\"https:\\\/\\\/darkamazi.info\\\/darka-content\\\/uploads\\\/2017\\\/12\\\/darka-mazi-logo.png\",\"width\":151,\"height\":75,\"caption\":\"Darka Maz\u00ee\"},\"image\":{\"@id\":\"https:\\\/\\\/darkamazi.info\\\/#\\\/schema\\\/logo\\\/image\\\/\"},\"sameAs\":[\"https:\\\/\\\/www.facebook.com\\\/DarMaziKurmanci\",\"https:\\\/\\\/x.com\\\/DarkaMaziLatini\",\"https:\\\/\\\/www.instagram.com\\\/darkamazi.kurmanci\\\/\",\"https:\\\/\\\/www.youtube.com\\\/channel\\\/UCa5HkTdmI8U1qCUFuTw8B2g\"]},{\"@type\":\"Person\",\"@id\":\"https:\\\/\\\/darkamazi.info\\\/#\\\/schema\\\/person\\\/5ad3e24553a0567993fa8ed4bd0a776c\",\"name\":\"darka mazi\",\"sameAs\":[\"https:\\\/\\\/darkamazi.info\\\/\"],\"url\":\"https:\\\/\\\/darkamazi.info\\\/archives\\\/author\\\/kurdi\"}]}<\/script>\n<!-- \/ Yoast SEO plugin. -->","seo_head_json":{"title":"C\u00eagir\u00ean Serok\u00ea Her\u00eama Kurdistan\u00ea dest bikar b\u00fbn - Darka Maz\u00ee","robots":{"index":"index","follow":"follow","max-snippet":"max-snippet:-1","max-image-preview":"max-image-preview:large","max-video-preview":"max-video-preview:-1"},"canonical":"https:\/\/darkamazi.info\/archives\/1006883","og_locale":"en_US","og_type":"article","og_title":"C\u00eagir\u00ean Serok\u00ea Her\u00eama Kurdistan\u00ea dest bikar b\u00fbn - Darka Maz\u00ee","og_description":"[darkamazi_row][darkamazi_column][darkamazi_column_text] Serok\u00ea Her\u00eama Kurdistan\u00ea fermaneke her\u00eam\u00ee ji bo c\u00eagr\u00ean xwe derkir \u00fb herdu c\u00eagir bi ferm\u00ee dest bi kar\u00ea xwe kirine. Di ragihandinek\u00ea de Fewz\u00ee Her\u00eer\u00ee serok\u00ea d\u00eewana serokat\u00eeya her\u00eama Kurdistan\u00ea ragihand, N\u00ea\u00e7\u00eervan Barzan\u00ee serok\u00ea her\u00eama Kurdistan\u00ea fermaneke her\u00eam\u00ee ji bo dest bi kar kirina her du c\u00eagir\u00ean Serok\u00ea Her\u00eam\u00ea derkirin, ku ev tekesta w\u00ea [&hellip;]","og_url":"https:\/\/darkamazi.info\/archives\/1006883","og_site_name":"Darka Maz\u00ee","article_publisher":"https:\/\/www.facebook.com\/DarMaziKurmanci","article_published_time":"2019-09-10T15:30:13+00:00","article_modified_time":"2019-09-16T18:49:09+00:00","og_image":[{"width":1024,"height":473,"url":"https:\/\/darkamazi.info\/file\/2019\/09\/KRP-Logo.jpeg","type":"image\/jpeg"}],"author":"darka mazi","twitter_card":"summary_large_image","twitter_image":"https:\/\/darkamazi.info\/file\/2019\/09\/KRP-Logo.jpeg","twitter_creator":"@DarkaMaziLatini","twitter_site":"@DarkaMaziLatini","twitter_misc":{"Written by":"darka mazi","Est. reading time":"1 minute"},"schema":{"@context":"https:\/\/schema.org","@graph":[{"@type":"Article","@id":"https:\/\/darkamazi.info\/archives\/1006883#article","isPartOf":{"@id":"https:\/\/darkamazi.info\/archives\/1006883"},"author":{"name":"darka mazi","@id":"https:\/\/darkamazi.info\/#\/schema\/person\/5ad3e24553a0567993fa8ed4bd0a776c"},"headline":"C\u00eagir\u00ean Serok\u00ea Her\u00eama Kurdistan\u00ea dest bikar b\u00fbn","datePublished":"2019-09-10T15:30:13+00:00","dateModified":"2019-09-16T18:49:09+00:00","mainEntityOfPage":{"@id":"https:\/\/darkamazi.info\/archives\/1006883"},"wordCount":169,"publisher":{"@id":"https:\/\/darkamazi.info\/#organization"},"image":{"@id":"https:\/\/darkamazi.info\/archives\/1006883#primaryimage"},"thumbnailUrl":"https:\/\/darkamazi.info\/file\/2019\/09\/KRP-Logo.jpeg","articleSection":["Kurdistan"],"inLanguage":"en-US"},{"@type":"WebPage","@id":"https:\/\/darkamazi.info\/archives\/1006883","url":"https:\/\/darkamazi.info\/archives\/1006883","name":"C\u00eagir\u00ean Serok\u00ea Her\u00eama Kurdistan\u00ea dest bikar b\u00fbn - Darka Maz\u00ee","isPartOf":{"@id":"https:\/\/darkamazi.info\/#website"},"primaryImageOfPage":{"@id":"https:\/\/darkamazi.info\/archives\/1006883#primaryimage"},"image":{"@id":"https:\/\/darkamazi.info\/archives\/1006883#primaryimage"},"thumbnailUrl":"https:\/\/darkamazi.info\/file\/2019\/09\/KRP-Logo.jpeg","datePublished":"2019-09-10T15:30:13+00:00","dateModified":"2019-09-16T18:49:09+00:00","breadcrumb":{"@id":"https:\/\/darkamazi.info\/archives\/1006883#breadcrumb"},"inLanguage":"en-US","potentialAction":[{"@type":"ReadAction","target":["https:\/\/darkamazi.info\/archives\/1006883"]}]},{"@type":"ImageObject","inLanguage":"en-US","@id":"https:\/\/darkamazi.info\/archives\/1006883#primaryimage","url":"https:\/\/darkamazi.info\/file\/2019\/09\/KRP-Logo.jpeg","contentUrl":"https:\/\/darkamazi.info\/file\/2019\/09\/KRP-Logo.jpeg","width":1024,"height":473},{"@type":"BreadcrumbList","@id":"https:\/\/darkamazi.info\/archives\/1006883#breadcrumb","itemListElement":[{"@type":"ListItem","position":1,"name":"Home","item":"https:\/\/darkamazi.info\/"},{"@type":"ListItem","position":2,"name":"C\u00eagir\u00ean Serok\u00ea Her\u00eama Kurdistan\u00ea dest bikar b\u00fbn"}]},{"@type":"WebSite","@id":"https:\/\/darkamazi.info\/#website","url":"https:\/\/darkamazi.info\/","name":"Darka Maz\u00ee","description":"P\u00eageha Zanyariy\u00ean Nebih\u00eest\u00ee","publisher":{"@id":"https:\/\/darkamazi.info\/#organization"},"potentialAction":[{"@type":"SearchAction","target":{"@type":"EntryPoint","urlTemplate":"https:\/\/darkamazi.info\/?s={search_term_string}"},"query-input":{"@type":"PropertyValueSpecification","valueRequired":true,"valueName":"search_term_string"}}],"inLanguage":"en-US"},{"@type":"Organization","@id":"https:\/\/darkamazi.info\/#organization","name":"Darka Maz\u00ee","url":"https:\/\/darkamazi.info\/","logo":{"@type":"ImageObject","inLanguage":"en-US","@id":"https:\/\/darkamazi.info\/#\/schema\/logo\/image\/","url":"https:\/\/darkamazi.info\/file\/2017\/12\/darka-mazi-logo.png","contentUrl":"https:\/\/darkamazi.info\/file\/2017\/12\/darka-mazi-logo.png","width":151,"height":75,"caption":"Darka Maz\u00ee"},"image":{"@id":"https:\/\/darkamazi.info\/#\/schema\/logo\/image\/"},"sameAs":["https:\/\/www.facebook.com\/DarMaziKurmanci","https:\/\/x.com\/DarkaMaziLatini","https:\/\/www.instagram.com\/darkamazi.kurmanci\/","https:\/\/www.youtube.com\/channel\/UCa5HkTdmI8U1qCUFuTw8B2g"]},{"@type":"Person","@id":"https:\/\/darkamazi.info\/#\/schema\/person\/5ad3e24553a0567993fa8ed4bd0a776c","name":"darka mazi","sameAs":["https:\/\/darkamazi.info\/"],"url":"https:\/\/darkamazi.info\/archives\/author\/kurdi"}]}},"_links":{"self":[{"href":"https:\/\/darkamazi.info\/funavuv\/wp\/v2\/posts\/1006883","targetHints":{"allow":["GET"]}}],"collection":[{"href":"https:\/\/darkamazi.info\/funavuv\/wp\/v2\/posts"}],"about":[{"href":"https:\/\/darkamazi.info\/funavuv\/wp\/v2\/types\/post"}],"author":[{"embeddable":true,"href":"https:\/\/darkamazi.info\/funavuv\/wp\/v2\/users\/2"}],"replies":[{"embeddable":true,"href":"https:\/\/darkamazi.info\/funavuv\/wp\/v2\/comments?post=1006883"}],"version-history":[{"count":0,"href":"https:\/\/darkamazi.info\/funavuv\/wp\/v2\/posts\/1006883\/revisions"}],"wp:featuredmedia":[{"embeddable":true,"href":"https:\/\/darkamazi.info\/funavuv\/wp\/v2\/media\/1006884"}],"wp:attachment":[{"href":"https:\/\/darkamazi.info\/funavuv\/wp\/v2\/media?parent=1006883"}],"wp:term":[{"taxonomy":"category","embeddable":true,"href":"https:\/\/darkamazi.info\/funavuv\/wp\/v2\/categories?post=1006883"},{"taxonomy":"post_tag","embeddable":true,"href":"https:\/\/darkamazi.info\/funavuv\/wp\/v2\/tags?post=1006883"}],"curies":[{"name":"wp","href":"https:\/\/api.w.org\/{rel}","templated":true}]}}