{"id":1006956,"date":"2019-09-11T17:06:17","date_gmt":"2019-09-11T14:06:17","guid":{"rendered":"https:\/\/darkamazi.info\/?p=1006956"},"modified":"2019-09-17T17:44:38","modified_gmt":"2019-09-17T14:44:38","slug":"li-serte-operasiyonek-li-diji-pkk-dest-pekir","status":"publish","type":"post","link":"https:\/\/darkamazi.info\/archives\/1006956","title":{"rendered":"Li s\u00eart\u00ea operas\u00eeyonek li dij\u00ee PKK dest p\u00eakir"},"content":{"rendered":"<h3><strong>H\u00eaz\u00ean arte\u015fa Tirkiy\u00ea \u00eero operas\u00eeyon li dij\u00ee part\u00eeya karker\u00ean kurdistan\u00ea PKK li s\u00eenor\u00ea bajar\u00ea S\u00eart\u00ea \u00ea bak\u00fbr\u00ea Kurdistan\u00ea destip\u00eakrin.<\/strong><\/h3>\n<h3>Li gor\u00ee beyaneke niv\u00eesk\u00ee a wal\u00eat\u00eeya S\u00eart\u00ea, \u00eero roja \u00e7ar\u015fem\u00ee, h\u00eaz\u00ean arte\u015fa tirkiy\u00ea dest bi operas\u00eeyoneke berifreh li s\u00eenor\u00ea bajar\u00ea S\u00eart\u00ea kirin, di encam\u00ea de, 10 \u015fikbar\u00ean PKK hatin desteser kirin.<\/h3>\n<h3>Walit\u00eeya S\u00eart\u00ea e\u015fkere kir\u00eeye, t\u00eem\u00ean mid\u00fbrya ewlehya baj\u00ear li hember\u00ee kes\u00ean li ser nav\u00ea PKK xebata xwe destip\u00eakirine.<\/h3>\n<h3>Her wiha li navenda baj\u00ear, li hin navun\u00ee\u015fanan operas\u00eeyoneke hevdem hat destip\u00eakirin \u00fb 10 kes\u00ean \u015fikbar hatin desteser kirin.<\/h3>\n","protected":false},"excerpt":{"rendered":"<p>H\u00eaz\u00ean arte\u015fa Tirkiy\u00ea \u00eero operas\u00eeyon li dij\u00ee part\u00eeya karker\u00ean kurdistan\u00ea PKK li s\u00eenor\u00ea bajar\u00ea S\u00eart\u00ea \u00ea bak\u00fbr\u00ea Kurdistan\u00ea destip\u00eakrin. Li gor\u00ee beyaneke niv\u00eesk\u00ee a wal\u00eat\u00eeya S\u00eart\u00ea, \u00eero roja \u00e7ar\u015fem\u00ee, h\u00eaz\u00ean arte\u015fa tirkiy\u00ea dest bi operas\u00eeyoneke berifreh li s\u00eenor\u00ea bajar\u00ea S\u00eart\u00ea kirin, di encam\u00ea de, 10 \u015fikbar\u00ean PKK hatin desteser kirin. Walit\u00eeya S\u00eart\u00ea e\u015fkere kir\u00eeye, t\u00eem\u00ean [&hellip;]<\/p>\n","protected":false},"author":2,"featured_media":1006957,"comment_status":"closed","ping_status":"closed","sticky":false,"template":"","format":"standard","meta":{"footnotes":""},"categories":[29],"tags":[],"class_list":["post-1006956","post","type-post","status-publish","format-standard","has-post-thumbnail","hentry","category-kurdistan"],"blocksy_meta":[],"seo_head":"<!-- This site is optimized with the Yoast SEO plugin v27.5 - https:\/\/yoast.com\/product\/yoast-seo-wordpress\/ -->\n<title>Li s\u00eart\u00ea operas\u00eeyonek li dij\u00ee PKK dest p\u00eakir - Darka Maz\u00ee<\/title>\n<meta name=\"robots\" content=\"index, follow, max-snippet:-1, max-image-preview:large, max-video-preview:-1\" \/>\n<link rel=\"canonical\" href=\"https:\/\/darkamazi.info\/archives\/1006956\" \/>\n<meta property=\"og:locale\" content=\"en_US\" \/>\n<meta property=\"og:type\" content=\"article\" \/>\n<meta property=\"og:title\" content=\"Li s\u00eart\u00ea operas\u00eeyonek li dij\u00ee PKK dest p\u00eakir - Darka Maz\u00ee\" \/>\n<meta property=\"og:description\" content=\"H\u00eaz\u00ean arte\u015fa Tirkiy\u00ea \u00eero operas\u00eeyon li dij\u00ee part\u00eeya karker\u00ean kurdistan\u00ea PKK li s\u00eenor\u00ea bajar\u00ea S\u00eart\u00ea \u00ea bak\u00fbr\u00ea Kurdistan\u00ea destip\u00eakrin. Li gor\u00ee beyaneke niv\u00eesk\u00ee a wal\u00eat\u00eeya S\u00eart\u00ea, \u00eero roja \u00e7ar\u015fem\u00ee, h\u00eaz\u00ean arte\u015fa tirkiy\u00ea dest bi operas\u00eeyoneke berifreh li s\u00eenor\u00ea bajar\u00ea S\u00eart\u00ea kirin, di encam\u00ea de, 10 \u015fikbar\u00ean PKK hatin desteser kirin. Walit\u00eeya S\u00eart\u00ea e\u015fkere kir\u00eeye, t\u00eem\u00ean [&hellip;]\" \/>\n<meta property=\"og:url\" content=\"https:\/\/darkamazi.info\/archives\/1006956\" \/>\n<meta property=\"og:site_name\" content=\"Darka Maz\u00ee\" \/>\n<meta property=\"article:publisher\" content=\"https:\/\/www.facebook.com\/DarMaziKurmanci\" \/>\n<meta property=\"article:published_time\" content=\"2019-09-11T14:06:17+00:00\" \/>\n<meta property=\"article:modified_time\" content=\"2019-09-17T14:44:38+00:00\" \/>\n<meta property=\"og:image\" content=\"https:\/\/darkamazi.info\/file\/2019\/09\/\u0633\u06ce\u0631\u062a\u06ce.jpg\" \/>\n\t<meta property=\"og:image:width\" content=\"1280\" \/>\n\t<meta property=\"og:image:height\" content=\"800\" \/>\n\t<meta property=\"og:image:type\" content=\"image\/jpeg\" \/>\n<meta name=\"author\" content=\"darka mazi\" \/>\n<meta name=\"twitter:card\" content=\"summary_large_image\" \/>\n<meta name=\"twitter:image\" content=\"https:\/\/darkamazi.info\/file\/2019\/09\/\u0633\u06ce\u0631\u062a\u06ce.jpg\" \/>\n<meta name=\"twitter:creator\" content=\"@DarkaMaziLatini\" \/>\n<meta name=\"twitter:site\" content=\"@DarkaMaziLatini\" \/>\n<meta name=\"twitter:label1\" content=\"Written by\" \/>\n\t<meta name=\"twitter:data1\" content=\"darka mazi\" \/>\n\t<meta name=\"twitter:label2\" content=\"Est. reading time\" \/>\n\t<meta name=\"twitter:data2\" content=\"1 minute\" \/>\n<script type=\"application\/ld+json\" class=\"seo-schema-graph\">{\"@context\":\"https:\\\/\\\/schema.org\",\"@graph\":[{\"@type\":\"Article\",\"@id\":\"https:\\\/\\\/darkamazi.info\\\/archives\\\/1006956#article\",\"isPartOf\":{\"@id\":\"https:\\\/\\\/darkamazi.info\\\/archives\\\/1006956\"},\"author\":{\"name\":\"darka mazi\",\"@id\":\"https:\\\/\\\/darkamazi.info\\\/#\\\/schema\\\/person\\\/5ad3e24553a0567993fa8ed4bd0a776c\"},\"headline\":\"Li s\u00eart\u00ea operas\u00eeyonek li dij\u00ee PKK dest p\u00eakir\",\"datePublished\":\"2019-09-11T14:06:17+00:00\",\"dateModified\":\"2019-09-17T14:44:38+00:00\",\"mainEntityOfPage\":{\"@id\":\"https:\\\/\\\/darkamazi.info\\\/archives\\\/1006956\"},\"wordCount\":131,\"publisher\":{\"@id\":\"https:\\\/\\\/darkamazi.info\\\/#organization\"},\"image\":{\"@id\":\"https:\\\/\\\/darkamazi.info\\\/archives\\\/1006956#primaryimage\"},\"thumbnailUrl\":\"https:\\\/\\\/darkamazi.info\\\/darka-content\\\/uploads\\\/2019\\\/09\\\/\u0633\u06ce\u0631\u062a\u06ce.jpg\",\"articleSection\":[\"Kurdistan\"],\"inLanguage\":\"en-US\"},{\"@type\":\"WebPage\",\"@id\":\"https:\\\/\\\/darkamazi.info\\\/archives\\\/1006956\",\"url\":\"https:\\\/\\\/darkamazi.info\\\/archives\\\/1006956\",\"name\":\"Li s\u00eart\u00ea operas\u00eeyonek li dij\u00ee PKK dest p\u00eakir - Darka Maz\u00ee\",\"isPartOf\":{\"@id\":\"https:\\\/\\\/darkamazi.info\\\/#website\"},\"primaryImageOfPage\":{\"@id\":\"https:\\\/\\\/darkamazi.info\\\/archives\\\/1006956#primaryimage\"},\"image\":{\"@id\":\"https:\\\/\\\/darkamazi.info\\\/archives\\\/1006956#primaryimage\"},\"thumbnailUrl\":\"https:\\\/\\\/darkamazi.info\\\/darka-content\\\/uploads\\\/2019\\\/09\\\/\u0633\u06ce\u0631\u062a\u06ce.jpg\",\"datePublished\":\"2019-09-11T14:06:17+00:00\",\"dateModified\":\"2019-09-17T14:44:38+00:00\",\"breadcrumb\":{\"@id\":\"https:\\\/\\\/darkamazi.info\\\/archives\\\/1006956#breadcrumb\"},\"inLanguage\":\"en-US\",\"potentialAction\":[{\"@type\":\"ReadAction\",\"target\":[\"https:\\\/\\\/darkamazi.info\\\/archives\\\/1006956\"]}]},{\"@type\":\"ImageObject\",\"inLanguage\":\"en-US\",\"@id\":\"https:\\\/\\\/darkamazi.info\\\/archives\\\/1006956#primaryimage\",\"url\":\"https:\\\/\\\/darkamazi.info\\\/darka-content\\\/uploads\\\/2019\\\/09\\\/\u0633\u06ce\u0631\u062a\u06ce.jpg\",\"contentUrl\":\"https:\\\/\\\/darkamazi.info\\\/darka-content\\\/uploads\\\/2019\\\/09\\\/\u0633\u06ce\u0631\u062a\u06ce.jpg\",\"width\":1280,\"height\":800},{\"@type\":\"BreadcrumbList\",\"@id\":\"https:\\\/\\\/darkamazi.info\\\/archives\\\/1006956#breadcrumb\",\"itemListElement\":[{\"@type\":\"ListItem\",\"position\":1,\"name\":\"Home\",\"item\":\"https:\\\/\\\/darkamazi.info\\\/\"},{\"@type\":\"ListItem\",\"position\":2,\"name\":\"Li s\u00eart\u00ea operas\u00eeyonek li dij\u00ee PKK dest p\u00eakir\"}]},{\"@type\":\"WebSite\",\"@id\":\"https:\\\/\\\/darkamazi.info\\\/#website\",\"url\":\"https:\\\/\\\/darkamazi.info\\\/\",\"name\":\"Darka Maz\u00ee\",\"description\":\"P\u00eageha Zanyariy\u00ean Nebih\u00eest\u00ee\",\"publisher\":{\"@id\":\"https:\\\/\\\/darkamazi.info\\\/#organization\"},\"potentialAction\":[{\"@type\":\"SearchAction\",\"target\":{\"@type\":\"EntryPoint\",\"urlTemplate\":\"https:\\\/\\\/darkamazi.info\\\/?s={search_term_string}\"},\"query-input\":{\"@type\":\"PropertyValueSpecification\",\"valueRequired\":true,\"valueName\":\"search_term_string\"}}],\"inLanguage\":\"en-US\"},{\"@type\":\"Organization\",\"@id\":\"https:\\\/\\\/darkamazi.info\\\/#organization\",\"name\":\"Darka Maz\u00ee\",\"url\":\"https:\\\/\\\/darkamazi.info\\\/\",\"logo\":{\"@type\":\"ImageObject\",\"inLanguage\":\"en-US\",\"@id\":\"https:\\\/\\\/darkamazi.info\\\/#\\\/schema\\\/logo\\\/image\\\/\",\"url\":\"https:\\\/\\\/darkamazi.info\\\/darka-content\\\/uploads\\\/2017\\\/12\\\/darka-mazi-logo.png\",\"contentUrl\":\"https:\\\/\\\/darkamazi.info\\\/darka-content\\\/uploads\\\/2017\\\/12\\\/darka-mazi-logo.png\",\"width\":151,\"height\":75,\"caption\":\"Darka Maz\u00ee\"},\"image\":{\"@id\":\"https:\\\/\\\/darkamazi.info\\\/#\\\/schema\\\/logo\\\/image\\\/\"},\"sameAs\":[\"https:\\\/\\\/www.facebook.com\\\/DarMaziKurmanci\",\"https:\\\/\\\/x.com\\\/DarkaMaziLatini\",\"https:\\\/\\\/www.instagram.com\\\/darkamazi.kurmanci\\\/\",\"https:\\\/\\\/www.youtube.com\\\/channel\\\/UCa5HkTdmI8U1qCUFuTw8B2g\"]},{\"@type\":\"Person\",\"@id\":\"https:\\\/\\\/darkamazi.info\\\/#\\\/schema\\\/person\\\/5ad3e24553a0567993fa8ed4bd0a776c\",\"name\":\"darka mazi\",\"sameAs\":[\"https:\\\/\\\/darkamazi.info\\\/\"],\"url\":\"https:\\\/\\\/darkamazi.info\\\/archives\\\/author\\\/kurdi\"}]}<\/script>\n<!-- \/ Yoast SEO plugin. -->","seo_head_json":{"title":"Li s\u00eart\u00ea operas\u00eeyonek li dij\u00ee PKK dest p\u00eakir - Darka Maz\u00ee","robots":{"index":"index","follow":"follow","max-snippet":"max-snippet:-1","max-image-preview":"max-image-preview:large","max-video-preview":"max-video-preview:-1"},"canonical":"https:\/\/darkamazi.info\/archives\/1006956","og_locale":"en_US","og_type":"article","og_title":"Li s\u00eart\u00ea operas\u00eeyonek li dij\u00ee PKK dest p\u00eakir - Darka Maz\u00ee","og_description":"H\u00eaz\u00ean arte\u015fa Tirkiy\u00ea \u00eero operas\u00eeyon li dij\u00ee part\u00eeya karker\u00ean kurdistan\u00ea PKK li s\u00eenor\u00ea bajar\u00ea S\u00eart\u00ea \u00ea bak\u00fbr\u00ea Kurdistan\u00ea destip\u00eakrin. Li gor\u00ee beyaneke niv\u00eesk\u00ee a wal\u00eat\u00eeya S\u00eart\u00ea, \u00eero roja \u00e7ar\u015fem\u00ee, h\u00eaz\u00ean arte\u015fa tirkiy\u00ea dest bi operas\u00eeyoneke berifreh li s\u00eenor\u00ea bajar\u00ea S\u00eart\u00ea kirin, di encam\u00ea de, 10 \u015fikbar\u00ean PKK hatin desteser kirin. Walit\u00eeya S\u00eart\u00ea e\u015fkere kir\u00eeye, t\u00eem\u00ean [&hellip;]","og_url":"https:\/\/darkamazi.info\/archives\/1006956","og_site_name":"Darka Maz\u00ee","article_publisher":"https:\/\/www.facebook.com\/DarMaziKurmanci","article_published_time":"2019-09-11T14:06:17+00:00","article_modified_time":"2019-09-17T14:44:38+00:00","og_image":[{"width":1280,"height":800,"url":"https:\/\/darkamazi.info\/file\/2019\/09\/\u0633\u06ce\u0631\u062a\u06ce.jpg","type":"image\/jpeg"}],"author":"darka mazi","twitter_card":"summary_large_image","twitter_image":"https:\/\/darkamazi.info\/file\/2019\/09\/\u0633\u06ce\u0631\u062a\u06ce.jpg","twitter_creator":"@DarkaMaziLatini","twitter_site":"@DarkaMaziLatini","twitter_misc":{"Written by":"darka mazi","Est. reading time":"1 minute"},"schema":{"@context":"https:\/\/schema.org","@graph":[{"@type":"Article","@id":"https:\/\/darkamazi.info\/archives\/1006956#article","isPartOf":{"@id":"https:\/\/darkamazi.info\/archives\/1006956"},"author":{"name":"darka mazi","@id":"https:\/\/darkamazi.info\/#\/schema\/person\/5ad3e24553a0567993fa8ed4bd0a776c"},"headline":"Li s\u00eart\u00ea operas\u00eeyonek li dij\u00ee PKK dest p\u00eakir","datePublished":"2019-09-11T14:06:17+00:00","dateModified":"2019-09-17T14:44:38+00:00","mainEntityOfPage":{"@id":"https:\/\/darkamazi.info\/archives\/1006956"},"wordCount":131,"publisher":{"@id":"https:\/\/darkamazi.info\/#organization"},"image":{"@id":"https:\/\/darkamazi.info\/archives\/1006956#primaryimage"},"thumbnailUrl":"https:\/\/darkamazi.info\/file\/2019\/09\/\u0633\u06ce\u0631\u062a\u06ce.jpg","articleSection":["Kurdistan"],"inLanguage":"en-US"},{"@type":"WebPage","@id":"https:\/\/darkamazi.info\/archives\/1006956","url":"https:\/\/darkamazi.info\/archives\/1006956","name":"Li s\u00eart\u00ea operas\u00eeyonek li dij\u00ee PKK dest p\u00eakir - Darka Maz\u00ee","isPartOf":{"@id":"https:\/\/darkamazi.info\/#website"},"primaryImageOfPage":{"@id":"https:\/\/darkamazi.info\/archives\/1006956#primaryimage"},"image":{"@id":"https:\/\/darkamazi.info\/archives\/1006956#primaryimage"},"thumbnailUrl":"https:\/\/darkamazi.info\/file\/2019\/09\/\u0633\u06ce\u0631\u062a\u06ce.jpg","datePublished":"2019-09-11T14:06:17+00:00","dateModified":"2019-09-17T14:44:38+00:00","breadcrumb":{"@id":"https:\/\/darkamazi.info\/archives\/1006956#breadcrumb"},"inLanguage":"en-US","potentialAction":[{"@type":"ReadAction","target":["https:\/\/darkamazi.info\/archives\/1006956"]}]},{"@type":"ImageObject","inLanguage":"en-US","@id":"https:\/\/darkamazi.info\/archives\/1006956#primaryimage","url":"https:\/\/darkamazi.info\/file\/2019\/09\/\u0633\u06ce\u0631\u062a\u06ce.jpg","contentUrl":"https:\/\/darkamazi.info\/file\/2019\/09\/\u0633\u06ce\u0631\u062a\u06ce.jpg","width":1280,"height":800},{"@type":"BreadcrumbList","@id":"https:\/\/darkamazi.info\/archives\/1006956#breadcrumb","itemListElement":[{"@type":"ListItem","position":1,"name":"Home","item":"https:\/\/darkamazi.info\/"},{"@type":"ListItem","position":2,"name":"Li s\u00eart\u00ea operas\u00eeyonek li dij\u00ee PKK dest p\u00eakir"}]},{"@type":"WebSite","@id":"https:\/\/darkamazi.info\/#website","url":"https:\/\/darkamazi.info\/","name":"Darka Maz\u00ee","description":"P\u00eageha Zanyariy\u00ean Nebih\u00eest\u00ee","publisher":{"@id":"https:\/\/darkamazi.info\/#organization"},"potentialAction":[{"@type":"SearchAction","target":{"@type":"EntryPoint","urlTemplate":"https:\/\/darkamazi.info\/?s={search_term_string}"},"query-input":{"@type":"PropertyValueSpecification","valueRequired":true,"valueName":"search_term_string"}}],"inLanguage":"en-US"},{"@type":"Organization","@id":"https:\/\/darkamazi.info\/#organization","name":"Darka Maz\u00ee","url":"https:\/\/darkamazi.info\/","logo":{"@type":"ImageObject","inLanguage":"en-US","@id":"https:\/\/darkamazi.info\/#\/schema\/logo\/image\/","url":"https:\/\/darkamazi.info\/file\/2017\/12\/darka-mazi-logo.png","contentUrl":"https:\/\/darkamazi.info\/file\/2017\/12\/darka-mazi-logo.png","width":151,"height":75,"caption":"Darka Maz\u00ee"},"image":{"@id":"https:\/\/darkamazi.info\/#\/schema\/logo\/image\/"},"sameAs":["https:\/\/www.facebook.com\/DarMaziKurmanci","https:\/\/x.com\/DarkaMaziLatini","https:\/\/www.instagram.com\/darkamazi.kurmanci\/","https:\/\/www.youtube.com\/channel\/UCa5HkTdmI8U1qCUFuTw8B2g"]},{"@type":"Person","@id":"https:\/\/darkamazi.info\/#\/schema\/person\/5ad3e24553a0567993fa8ed4bd0a776c","name":"darka mazi","sameAs":["https:\/\/darkamazi.info\/"],"url":"https:\/\/darkamazi.info\/archives\/author\/kurdi"}]}},"_links":{"self":[{"href":"https:\/\/darkamazi.info\/funavuv\/wp\/v2\/posts\/1006956","targetHints":{"allow":["GET"]}}],"collection":[{"href":"https:\/\/darkamazi.info\/funavuv\/wp\/v2\/posts"}],"about":[{"href":"https:\/\/darkamazi.info\/funavuv\/wp\/v2\/types\/post"}],"author":[{"embeddable":true,"href":"https:\/\/darkamazi.info\/funavuv\/wp\/v2\/users\/2"}],"replies":[{"embeddable":true,"href":"https:\/\/darkamazi.info\/funavuv\/wp\/v2\/comments?post=1006956"}],"version-history":[{"count":0,"href":"https:\/\/darkamazi.info\/funavuv\/wp\/v2\/posts\/1006956\/revisions"}],"wp:featuredmedia":[{"embeddable":true,"href":"https:\/\/darkamazi.info\/funavuv\/wp\/v2\/media\/1006957"}],"wp:attachment":[{"href":"https:\/\/darkamazi.info\/funavuv\/wp\/v2\/media?parent=1006956"}],"wp:term":[{"taxonomy":"category","embeddable":true,"href":"https:\/\/darkamazi.info\/funavuv\/wp\/v2\/categories?post=1006956"},{"taxonomy":"post_tag","embeddable":true,"href":"https:\/\/darkamazi.info\/funavuv\/wp\/v2\/tags?post=1006956"}],"curies":[{"name":"wp","href":"https:\/\/api.w.org\/{rel}","templated":true}]}}