{"id":1006978,"date":"2019-09-11T18:19:17","date_gmt":"2019-09-11T15:19:17","guid":{"rendered":"https:\/\/darkamazi.info\/?p=1006978"},"modified":"2019-09-17T17:52:41","modified_gmt":"2019-09-17T14:52:41","slug":"mit-u-hezen-artesa-tirkiye-li-qendile-operasiyon-kirin","status":"publish","type":"post","link":"https:\/\/darkamazi.info\/archives\/1006978","title":{"rendered":"M\u00eet \u00fb h\u00eaz\u00ean arte\u015fa Tirkiy\u00ea li Qend\u00eel\u00ea operas\u00eeyon kirin"},"content":{"rendered":"<div class=\"wpb-content-wrapper\"><p>[darkamazi_row][darkamazi_column][darkamazi_column_text]<\/p>\n<h3><strong>Te\u015fk\u00eelata \u00eestixbarata netewey\u00ee (m\u00eet) \u00fb h\u00eaz\u00ean arte\u015fa Tirkiy\u00ea, li 19\u00ea tebax\u00ea li dij\u00ee avah\u00eeyeke part\u00eeya karker\u00ean kurdistan\u00ea ku li Qend\u00eel\u00ea ji bona xebat\u00ean perwerdey\u00ea dihat bikaran\u00een opera\u00eesyon hat kirin.<\/strong><\/h3>\n<h3>Li gor agah\u00eeyan di avah\u00eeya ku bi operas\u00eeyona m\u00eet \u00fb h\u00eaz\u00ean arte\u015fa Tirkiy\u00ea li Qend\u00eel\u00ea hat kirin, Guluzar Tural a, endama konseya r\u00eavebir a KCK bi nasnav\u00ea \u201cPel\u015f\u00een Tolhildan\u201d ku di kategorb\u00eeya sor de l\u00ea diger\u00eeyan \u00fb Sal\u00eeha Kaytara, endama konseya r\u00eavebir a KCK a \u015faxa jinan a r\u00eaxistna bi nasnav\u00ea \u201cD. J\u00eeyan Garzan\u201d j\u00ee di avah\u00eey\u00ea de b\u00fbn.<\/h3>\n<h3>Hat tesb\u00eetkirin Guluzar Tural di sala 1993yan de tevl\u00ee PKK b\u00fbye, demek\u00ea li Her\u00eama Erzincan\u00ea maye \u00fb perwerde d\u00eetye.<\/h3>\n<h3>Turala di sal\u00ean 1999-2003an de di konseya serokat\u00eey\u00ea a KCK de c\u00ee girt\u00eeye, \u00eesal j\u00ee b\u00fbye endama konseya r\u00eavebir a KCK \u00fb di kom\u00eeteya perwerdey\u00ea de b\u00fb.<\/h3>\n<h3>Hat tesb\u00eetkrin Sal\u00eeha Kaytar pi\u015ft\u00ee ku li zan\u00eengeha Dicley\u00ea perwerdeya piz\u00ee\u015fk\u00ee dib\u00eene, li sala 1993yan de wexta li Amed\u00ea li nexwe\u015fxaney\u00ea dixebite, tevl\u00ee KCK dibe, di 2006-2009an de wek berpirsyara KCK li R\u00fbsyay\u00ea kar dike, li adara 2011an li Qend\u00eel\u00ea li nexwe\u015fxaney\u00ea wek cerah wez\u00eefedar dibe \u00fb \u00eesal j\u00ee di nav konseya r\u00eavebir a KCK de c\u00ee digre.<\/h3>\n<p>[\/darkamazi_column_text][\/darkamazi_column][\/darkamazi_row][darkamazi_row][darkamazi_column][darkamazi_images_carousel images=&#8221;1006976,1006975&#8243; img_size=&#8221;large&#8221; autoplay=&#8221;yes&#8221;][\/darkamazi_column][\/darkamazi_row]<\/p>\n<\/div>","protected":false},"excerpt":{"rendered":"<p>[darkamazi_row][darkamazi_column][darkamazi_column_text] Te\u015fk\u00eelata \u00eestixbarata netewey\u00ee (m\u00eet) \u00fb h\u00eaz\u00ean arte\u015fa Tirkiy\u00ea, li 19\u00ea tebax\u00ea li dij\u00ee avah\u00eeyeke part\u00eeya karker\u00ean kurdistan\u00ea ku li Qend\u00eel\u00ea ji bona xebat\u00ean perwerdey\u00ea dihat bikaran\u00een opera\u00eesyon hat kirin. Li gor agah\u00eeyan di avah\u00eeya ku bi operas\u00eeyona m\u00eet \u00fb h\u00eaz\u00ean arte\u015fa Tirkiy\u00ea li Qend\u00eel\u00ea hat kirin, Guluzar Tural a, endama konseya r\u00eavebir a KCK [&hellip;]<\/p>\n","protected":false},"author":2,"featured_media":1006974,"comment_status":"closed","ping_status":"closed","sticky":false,"template":"","format":"standard","meta":{"footnotes":""},"categories":[29],"tags":[],"class_list":["post-1006978","post","type-post","status-publish","format-standard","has-post-thumbnail","hentry","category-kurdistan"],"blocksy_meta":[],"seo_head":"<!-- This site is optimized with the Yoast SEO plugin v27.5 - https:\/\/yoast.com\/product\/yoast-seo-wordpress\/ -->\n<title>M\u00eet \u00fb h\u00eaz\u00ean arte\u015fa Tirkiy\u00ea li Qend\u00eel\u00ea operas\u00eeyon kirin - Darka Maz\u00ee<\/title>\n<meta name=\"robots\" content=\"index, follow, max-snippet:-1, max-image-preview:large, max-video-preview:-1\" \/>\n<link rel=\"canonical\" href=\"https:\/\/darkamazi.info\/archives\/1006978\" \/>\n<meta property=\"og:locale\" content=\"en_US\" \/>\n<meta property=\"og:type\" content=\"article\" \/>\n<meta property=\"og:title\" content=\"M\u00eet \u00fb h\u00eaz\u00ean arte\u015fa Tirkiy\u00ea li Qend\u00eel\u00ea operas\u00eeyon kirin - Darka Maz\u00ee\" \/>\n<meta property=\"og:description\" content=\"[darkamazi_row][darkamazi_column][darkamazi_column_text] Te\u015fk\u00eelata \u00eestixbarata netewey\u00ee (m\u00eet) \u00fb h\u00eaz\u00ean arte\u015fa Tirkiy\u00ea, li 19\u00ea tebax\u00ea li dij\u00ee avah\u00eeyeke part\u00eeya karker\u00ean kurdistan\u00ea ku li Qend\u00eel\u00ea ji bona xebat\u00ean perwerdey\u00ea dihat bikaran\u00een opera\u00eesyon hat kirin. Li gor agah\u00eeyan di avah\u00eeya ku bi operas\u00eeyona m\u00eet \u00fb h\u00eaz\u00ean arte\u015fa Tirkiy\u00ea li Qend\u00eel\u00ea hat kirin, Guluzar Tural a, endama konseya r\u00eavebir a KCK [&hellip;]\" \/>\n<meta property=\"og:url\" content=\"https:\/\/darkamazi.info\/archives\/1006978\" \/>\n<meta property=\"og:site_name\" content=\"Darka Maz\u00ee\" \/>\n<meta property=\"article:publisher\" content=\"https:\/\/www.facebook.com\/DarMaziKurmanci\" \/>\n<meta property=\"article:published_time\" content=\"2019-09-11T15:19:17+00:00\" \/>\n<meta property=\"article:modified_time\" content=\"2019-09-17T14:52:41+00:00\" \/>\n<meta property=\"og:image\" content=\"https:\/\/darkamazi.info\/file\/2019\/09\/kck.jpg\" \/>\n\t<meta property=\"og:image:width\" content=\"1024\" \/>\n\t<meta property=\"og:image:height\" content=\"832\" \/>\n\t<meta property=\"og:image:type\" content=\"image\/jpeg\" \/>\n<meta name=\"author\" content=\"darka mazi\" \/>\n<meta name=\"twitter:card\" content=\"summary_large_image\" \/>\n<meta name=\"twitter:image\" content=\"https:\/\/darkamazi.info\/file\/2019\/09\/kck.jpg\" \/>\n<meta name=\"twitter:creator\" content=\"@DarkaMaziLatini\" \/>\n<meta name=\"twitter:site\" content=\"@DarkaMaziLatini\" \/>\n<meta name=\"twitter:label1\" content=\"Written by\" \/>\n\t<meta name=\"twitter:data1\" content=\"darka mazi\" \/>\n\t<meta name=\"twitter:label2\" content=\"Est. reading time\" \/>\n\t<meta name=\"twitter:data2\" content=\"1 minute\" \/>\n<script type=\"application\/ld+json\" class=\"seo-schema-graph\">{\"@context\":\"https:\\\/\\\/schema.org\",\"@graph\":[{\"@type\":\"Article\",\"@id\":\"https:\\\/\\\/darkamazi.info\\\/archives\\\/1006978#article\",\"isPartOf\":{\"@id\":\"https:\\\/\\\/darkamazi.info\\\/archives\\\/1006978\"},\"author\":{\"name\":\"darka mazi\",\"@id\":\"https:\\\/\\\/darkamazi.info\\\/#\\\/schema\\\/person\\\/5ad3e24553a0567993fa8ed4bd0a776c\"},\"headline\":\"M\u00eet \u00fb h\u00eaz\u00ean arte\u015fa Tirkiy\u00ea li Qend\u00eel\u00ea operas\u00eeyon kirin\",\"datePublished\":\"2019-09-11T15:19:17+00:00\",\"dateModified\":\"2019-09-17T14:52:41+00:00\",\"mainEntityOfPage\":{\"@id\":\"https:\\\/\\\/darkamazi.info\\\/archives\\\/1006978\"},\"wordCount\":285,\"publisher\":{\"@id\":\"https:\\\/\\\/darkamazi.info\\\/#organization\"},\"image\":{\"@id\":\"https:\\\/\\\/darkamazi.info\\\/archives\\\/1006978#primaryimage\"},\"thumbnailUrl\":\"https:\\\/\\\/darkamazi.info\\\/darka-content\\\/uploads\\\/2019\\\/09\\\/kck.jpg\",\"articleSection\":[\"Kurdistan\"],\"inLanguage\":\"en-US\"},{\"@type\":\"WebPage\",\"@id\":\"https:\\\/\\\/darkamazi.info\\\/archives\\\/1006978\",\"url\":\"https:\\\/\\\/darkamazi.info\\\/archives\\\/1006978\",\"name\":\"M\u00eet \u00fb h\u00eaz\u00ean arte\u015fa Tirkiy\u00ea li Qend\u00eel\u00ea operas\u00eeyon kirin - Darka Maz\u00ee\",\"isPartOf\":{\"@id\":\"https:\\\/\\\/darkamazi.info\\\/#website\"},\"primaryImageOfPage\":{\"@id\":\"https:\\\/\\\/darkamazi.info\\\/archives\\\/1006978#primaryimage\"},\"image\":{\"@id\":\"https:\\\/\\\/darkamazi.info\\\/archives\\\/1006978#primaryimage\"},\"thumbnailUrl\":\"https:\\\/\\\/darkamazi.info\\\/darka-content\\\/uploads\\\/2019\\\/09\\\/kck.jpg\",\"datePublished\":\"2019-09-11T15:19:17+00:00\",\"dateModified\":\"2019-09-17T14:52:41+00:00\",\"breadcrumb\":{\"@id\":\"https:\\\/\\\/darkamazi.info\\\/archives\\\/1006978#breadcrumb\"},\"inLanguage\":\"en-US\",\"potentialAction\":[{\"@type\":\"ReadAction\",\"target\":[\"https:\\\/\\\/darkamazi.info\\\/archives\\\/1006978\"]}]},{\"@type\":\"ImageObject\",\"inLanguage\":\"en-US\",\"@id\":\"https:\\\/\\\/darkamazi.info\\\/archives\\\/1006978#primaryimage\",\"url\":\"https:\\\/\\\/darkamazi.info\\\/darka-content\\\/uploads\\\/2019\\\/09\\\/kck.jpg\",\"contentUrl\":\"https:\\\/\\\/darkamazi.info\\\/darka-content\\\/uploads\\\/2019\\\/09\\\/kck.jpg\",\"width\":1024,\"height\":832},{\"@type\":\"BreadcrumbList\",\"@id\":\"https:\\\/\\\/darkamazi.info\\\/archives\\\/1006978#breadcrumb\",\"itemListElement\":[{\"@type\":\"ListItem\",\"position\":1,\"name\":\"Home\",\"item\":\"https:\\\/\\\/darkamazi.info\\\/\"},{\"@type\":\"ListItem\",\"position\":2,\"name\":\"M\u00eet \u00fb h\u00eaz\u00ean arte\u015fa Tirkiy\u00ea li Qend\u00eel\u00ea operas\u00eeyon kirin\"}]},{\"@type\":\"WebSite\",\"@id\":\"https:\\\/\\\/darkamazi.info\\\/#website\",\"url\":\"https:\\\/\\\/darkamazi.info\\\/\",\"name\":\"Darka Maz\u00ee\",\"description\":\"P\u00eageha Zanyariy\u00ean Nebih\u00eest\u00ee\",\"publisher\":{\"@id\":\"https:\\\/\\\/darkamazi.info\\\/#organization\"},\"potentialAction\":[{\"@type\":\"SearchAction\",\"target\":{\"@type\":\"EntryPoint\",\"urlTemplate\":\"https:\\\/\\\/darkamazi.info\\\/?s={search_term_string}\"},\"query-input\":{\"@type\":\"PropertyValueSpecification\",\"valueRequired\":true,\"valueName\":\"search_term_string\"}}],\"inLanguage\":\"en-US\"},{\"@type\":\"Organization\",\"@id\":\"https:\\\/\\\/darkamazi.info\\\/#organization\",\"name\":\"Darka Maz\u00ee\",\"url\":\"https:\\\/\\\/darkamazi.info\\\/\",\"logo\":{\"@type\":\"ImageObject\",\"inLanguage\":\"en-US\",\"@id\":\"https:\\\/\\\/darkamazi.info\\\/#\\\/schema\\\/logo\\\/image\\\/\",\"url\":\"https:\\\/\\\/darkamazi.info\\\/darka-content\\\/uploads\\\/2017\\\/12\\\/darka-mazi-logo.png\",\"contentUrl\":\"https:\\\/\\\/darkamazi.info\\\/darka-content\\\/uploads\\\/2017\\\/12\\\/darka-mazi-logo.png\",\"width\":151,\"height\":75,\"caption\":\"Darka Maz\u00ee\"},\"image\":{\"@id\":\"https:\\\/\\\/darkamazi.info\\\/#\\\/schema\\\/logo\\\/image\\\/\"},\"sameAs\":[\"https:\\\/\\\/www.facebook.com\\\/DarMaziKurmanci\",\"https:\\\/\\\/x.com\\\/DarkaMaziLatini\",\"https:\\\/\\\/www.instagram.com\\\/darkamazi.kurmanci\\\/\",\"https:\\\/\\\/www.youtube.com\\\/channel\\\/UCa5HkTdmI8U1qCUFuTw8B2g\"]},{\"@type\":\"Person\",\"@id\":\"https:\\\/\\\/darkamazi.info\\\/#\\\/schema\\\/person\\\/5ad3e24553a0567993fa8ed4bd0a776c\",\"name\":\"darka mazi\",\"sameAs\":[\"https:\\\/\\\/darkamazi.info\\\/\"],\"url\":\"https:\\\/\\\/darkamazi.info\\\/archives\\\/author\\\/kurdi\"}]}<\/script>\n<!-- \/ Yoast SEO plugin. -->","seo_head_json":{"title":"M\u00eet \u00fb h\u00eaz\u00ean arte\u015fa Tirkiy\u00ea li Qend\u00eel\u00ea operas\u00eeyon kirin - Darka Maz\u00ee","robots":{"index":"index","follow":"follow","max-snippet":"max-snippet:-1","max-image-preview":"max-image-preview:large","max-video-preview":"max-video-preview:-1"},"canonical":"https:\/\/darkamazi.info\/archives\/1006978","og_locale":"en_US","og_type":"article","og_title":"M\u00eet \u00fb h\u00eaz\u00ean arte\u015fa Tirkiy\u00ea li Qend\u00eel\u00ea operas\u00eeyon kirin - Darka Maz\u00ee","og_description":"[darkamazi_row][darkamazi_column][darkamazi_column_text] Te\u015fk\u00eelata \u00eestixbarata netewey\u00ee (m\u00eet) \u00fb h\u00eaz\u00ean arte\u015fa Tirkiy\u00ea, li 19\u00ea tebax\u00ea li dij\u00ee avah\u00eeyeke part\u00eeya karker\u00ean kurdistan\u00ea ku li Qend\u00eel\u00ea ji bona xebat\u00ean perwerdey\u00ea dihat bikaran\u00een opera\u00eesyon hat kirin. Li gor agah\u00eeyan di avah\u00eeya ku bi operas\u00eeyona m\u00eet \u00fb h\u00eaz\u00ean arte\u015fa Tirkiy\u00ea li Qend\u00eel\u00ea hat kirin, Guluzar Tural a, endama konseya r\u00eavebir a KCK [&hellip;]","og_url":"https:\/\/darkamazi.info\/archives\/1006978","og_site_name":"Darka Maz\u00ee","article_publisher":"https:\/\/www.facebook.com\/DarMaziKurmanci","article_published_time":"2019-09-11T15:19:17+00:00","article_modified_time":"2019-09-17T14:52:41+00:00","og_image":[{"width":1024,"height":832,"url":"https:\/\/darkamazi.info\/file\/2019\/09\/kck.jpg","type":"image\/jpeg"}],"author":"darka mazi","twitter_card":"summary_large_image","twitter_image":"https:\/\/darkamazi.info\/file\/2019\/09\/kck.jpg","twitter_creator":"@DarkaMaziLatini","twitter_site":"@DarkaMaziLatini","twitter_misc":{"Written by":"darka mazi","Est. reading time":"1 minute"},"schema":{"@context":"https:\/\/schema.org","@graph":[{"@type":"Article","@id":"https:\/\/darkamazi.info\/archives\/1006978#article","isPartOf":{"@id":"https:\/\/darkamazi.info\/archives\/1006978"},"author":{"name":"darka mazi","@id":"https:\/\/darkamazi.info\/#\/schema\/person\/5ad3e24553a0567993fa8ed4bd0a776c"},"headline":"M\u00eet \u00fb h\u00eaz\u00ean arte\u015fa Tirkiy\u00ea li Qend\u00eel\u00ea operas\u00eeyon kirin","datePublished":"2019-09-11T15:19:17+00:00","dateModified":"2019-09-17T14:52:41+00:00","mainEntityOfPage":{"@id":"https:\/\/darkamazi.info\/archives\/1006978"},"wordCount":285,"publisher":{"@id":"https:\/\/darkamazi.info\/#organization"},"image":{"@id":"https:\/\/darkamazi.info\/archives\/1006978#primaryimage"},"thumbnailUrl":"https:\/\/darkamazi.info\/file\/2019\/09\/kck.jpg","articleSection":["Kurdistan"],"inLanguage":"en-US"},{"@type":"WebPage","@id":"https:\/\/darkamazi.info\/archives\/1006978","url":"https:\/\/darkamazi.info\/archives\/1006978","name":"M\u00eet \u00fb h\u00eaz\u00ean arte\u015fa Tirkiy\u00ea li Qend\u00eel\u00ea operas\u00eeyon kirin - Darka Maz\u00ee","isPartOf":{"@id":"https:\/\/darkamazi.info\/#website"},"primaryImageOfPage":{"@id":"https:\/\/darkamazi.info\/archives\/1006978#primaryimage"},"image":{"@id":"https:\/\/darkamazi.info\/archives\/1006978#primaryimage"},"thumbnailUrl":"https:\/\/darkamazi.info\/file\/2019\/09\/kck.jpg","datePublished":"2019-09-11T15:19:17+00:00","dateModified":"2019-09-17T14:52:41+00:00","breadcrumb":{"@id":"https:\/\/darkamazi.info\/archives\/1006978#breadcrumb"},"inLanguage":"en-US","potentialAction":[{"@type":"ReadAction","target":["https:\/\/darkamazi.info\/archives\/1006978"]}]},{"@type":"ImageObject","inLanguage":"en-US","@id":"https:\/\/darkamazi.info\/archives\/1006978#primaryimage","url":"https:\/\/darkamazi.info\/file\/2019\/09\/kck.jpg","contentUrl":"https:\/\/darkamazi.info\/file\/2019\/09\/kck.jpg","width":1024,"height":832},{"@type":"BreadcrumbList","@id":"https:\/\/darkamazi.info\/archives\/1006978#breadcrumb","itemListElement":[{"@type":"ListItem","position":1,"name":"Home","item":"https:\/\/darkamazi.info\/"},{"@type":"ListItem","position":2,"name":"M\u00eet \u00fb h\u00eaz\u00ean arte\u015fa Tirkiy\u00ea li Qend\u00eel\u00ea operas\u00eeyon kirin"}]},{"@type":"WebSite","@id":"https:\/\/darkamazi.info\/#website","url":"https:\/\/darkamazi.info\/","name":"Darka Maz\u00ee","description":"P\u00eageha Zanyariy\u00ean Nebih\u00eest\u00ee","publisher":{"@id":"https:\/\/darkamazi.info\/#organization"},"potentialAction":[{"@type":"SearchAction","target":{"@type":"EntryPoint","urlTemplate":"https:\/\/darkamazi.info\/?s={search_term_string}"},"query-input":{"@type":"PropertyValueSpecification","valueRequired":true,"valueName":"search_term_string"}}],"inLanguage":"en-US"},{"@type":"Organization","@id":"https:\/\/darkamazi.info\/#organization","name":"Darka Maz\u00ee","url":"https:\/\/darkamazi.info\/","logo":{"@type":"ImageObject","inLanguage":"en-US","@id":"https:\/\/darkamazi.info\/#\/schema\/logo\/image\/","url":"https:\/\/darkamazi.info\/file\/2017\/12\/darka-mazi-logo.png","contentUrl":"https:\/\/darkamazi.info\/file\/2017\/12\/darka-mazi-logo.png","width":151,"height":75,"caption":"Darka Maz\u00ee"},"image":{"@id":"https:\/\/darkamazi.info\/#\/schema\/logo\/image\/"},"sameAs":["https:\/\/www.facebook.com\/DarMaziKurmanci","https:\/\/x.com\/DarkaMaziLatini","https:\/\/www.instagram.com\/darkamazi.kurmanci\/","https:\/\/www.youtube.com\/channel\/UCa5HkTdmI8U1qCUFuTw8B2g"]},{"@type":"Person","@id":"https:\/\/darkamazi.info\/#\/schema\/person\/5ad3e24553a0567993fa8ed4bd0a776c","name":"darka mazi","sameAs":["https:\/\/darkamazi.info\/"],"url":"https:\/\/darkamazi.info\/archives\/author\/kurdi"}]}},"_links":{"self":[{"href":"https:\/\/darkamazi.info\/funavuv\/wp\/v2\/posts\/1006978","targetHints":{"allow":["GET"]}}],"collection":[{"href":"https:\/\/darkamazi.info\/funavuv\/wp\/v2\/posts"}],"about":[{"href":"https:\/\/darkamazi.info\/funavuv\/wp\/v2\/types\/post"}],"author":[{"embeddable":true,"href":"https:\/\/darkamazi.info\/funavuv\/wp\/v2\/users\/2"}],"replies":[{"embeddable":true,"href":"https:\/\/darkamazi.info\/funavuv\/wp\/v2\/comments?post=1006978"}],"version-history":[{"count":0,"href":"https:\/\/darkamazi.info\/funavuv\/wp\/v2\/posts\/1006978\/revisions"}],"wp:featuredmedia":[{"embeddable":true,"href":"https:\/\/darkamazi.info\/funavuv\/wp\/v2\/media\/1006974"}],"wp:attachment":[{"href":"https:\/\/darkamazi.info\/funavuv\/wp\/v2\/media?parent=1006978"}],"wp:term":[{"taxonomy":"category","embeddable":true,"href":"https:\/\/darkamazi.info\/funavuv\/wp\/v2\/categories?post=1006978"},{"taxonomy":"post_tag","embeddable":true,"href":"https:\/\/darkamazi.info\/funavuv\/wp\/v2\/tags?post=1006978"}],"curies":[{"name":"wp","href":"https:\/\/api.w.org\/{rel}","templated":true}]}}