{"id":1007008,"date":"2019-09-12T16:06:50","date_gmt":"2019-09-12T13:06:50","guid":{"rendered":"https:\/\/darkamazi.info\/?p=1007008"},"modified":"2019-09-17T19:41:33","modified_gmt":"2019-09-17T16:41:33","slug":"emerika-u-tirkiye-gera-caremin-li-navceya-aram-kir","status":"publish","type":"post","link":"https:\/\/darkamazi.info\/archives\/1007008","title":{"rendered":"Emer\u00eeka \u00fb Tirkiy\u00ea gera \u00e7arem\u00een li nav\u00e7eya aram kir"},"content":{"rendered":"<h3><strong>Arte\u015f\u00ean tirkiy\u00ea \u00fb Emer\u00eekay\u00ea, \u00eero dest bi gera \u00e7avd\u00ear\u00eey\u00ea a \u00e7arem\u00een li nav\u00e7eya aram a rojhelata Firat\u00ea, li rojava y\u00ea Kurdistan\u00ea kir.<\/strong><\/h3>\n<h3>Li gor arte\u015fa tirkiy\u00ea, \u00eero hinek yekey\u00ean arte\u015f\u00ean Tirkiy\u00ea \u00fb Emer\u00eekay\u00ea bi hevbe\u015f\u00ee, dest bi gera \u00e7arem\u00een a \u00e7avd\u00ear\u00eey\u00ea li nav\u00e7eya aram a rojhelata Firat\u00ea, li rojava y\u00ea Kurdistan\u00ea kirin, kopter\u00ean ceng\u00ee j\u00ee tevl\u00ee gera \u00eero b\u00fbne.<\/h3>\n<h3>Ger\u00ean hevbe\u015f \u00ean Tirkiy\u00ea \u00fb Emer\u00eekay\u00ea, li navbera gir\u00ea sp\u00ee \u00fb ser\u00ea kan\u00eey\u00ea \u00ean rojava y\u00ea Kurdistan\u00ea t\u00ean kirin.<\/h3>\n<h3>Arte\u015f\u00ean Tirkiy\u00ea \u00fb Emer\u00eekay\u00ea, di \u00e7ar\u00e7\u00fbveya yekem\u00een benda li hevhatina nav\u00e7eya aram a li navbera Enqer\u00ea \u00fb Wa\u015finton\u00ea de, w\u00ea berdewam ger\u00ean hevbe\u015f li nav\u00e7eya aram p\u00eakb\u00eene.<\/h3>\n","protected":false},"excerpt":{"rendered":"<p>Arte\u015f\u00ean tirkiy\u00ea \u00fb Emer\u00eekay\u00ea, \u00eero dest bi gera \u00e7avd\u00ear\u00eey\u00ea a \u00e7arem\u00een li nav\u00e7eya aram a rojhelata Firat\u00ea, li rojava y\u00ea Kurdistan\u00ea kir. Li gor arte\u015fa tirkiy\u00ea, \u00eero hinek yekey\u00ean arte\u015f\u00ean Tirkiy\u00ea \u00fb Emer\u00eekay\u00ea bi hevbe\u015f\u00ee, dest bi gera \u00e7arem\u00een a \u00e7avd\u00ear\u00eey\u00ea li nav\u00e7eya aram a rojhelata Firat\u00ea, li rojava y\u00ea Kurdistan\u00ea kirin, kopter\u00ean ceng\u00ee j\u00ee [&hellip;]<\/p>\n","protected":false},"author":2,"featured_media":1007010,"comment_status":"closed","ping_status":"closed","sticky":false,"template":"","format":"standard","meta":{"footnotes":""},"categories":[31],"tags":[],"class_list":["post-1007008","post","type-post","status-publish","format-standard","has-post-thumbnail","hentry","category-rojhelata-navin"],"blocksy_meta":[],"seo_head":"<!-- This site is optimized with the Yoast SEO plugin v27.5 - https:\/\/yoast.com\/product\/yoast-seo-wordpress\/ -->\n<title>Emer\u00eeka \u00fb Tirkiy\u00ea gera \u00e7arem\u00een li nav\u00e7eya aram kir - Darka Maz\u00ee<\/title>\n<meta name=\"robots\" content=\"index, follow, max-snippet:-1, max-image-preview:large, max-video-preview:-1\" \/>\n<link rel=\"canonical\" href=\"https:\/\/darkamazi.info\/archives\/1007008\" \/>\n<meta property=\"og:locale\" content=\"en_US\" \/>\n<meta property=\"og:type\" content=\"article\" \/>\n<meta property=\"og:title\" content=\"Emer\u00eeka \u00fb Tirkiy\u00ea gera \u00e7arem\u00een li nav\u00e7eya aram kir - Darka Maz\u00ee\" \/>\n<meta property=\"og:description\" content=\"Arte\u015f\u00ean tirkiy\u00ea \u00fb Emer\u00eekay\u00ea, \u00eero dest bi gera \u00e7avd\u00ear\u00eey\u00ea a \u00e7arem\u00een li nav\u00e7eya aram a rojhelata Firat\u00ea, li rojava y\u00ea Kurdistan\u00ea kir. Li gor arte\u015fa tirkiy\u00ea, \u00eero hinek yekey\u00ean arte\u015f\u00ean Tirkiy\u00ea \u00fb Emer\u00eekay\u00ea bi hevbe\u015f\u00ee, dest bi gera \u00e7arem\u00een a \u00e7avd\u00ear\u00eey\u00ea li nav\u00e7eya aram a rojhelata Firat\u00ea, li rojava y\u00ea Kurdistan\u00ea kirin, kopter\u00ean ceng\u00ee j\u00ee [&hellip;]\" \/>\n<meta property=\"og:url\" content=\"https:\/\/darkamazi.info\/archives\/1007008\" \/>\n<meta property=\"og:site_name\" content=\"Darka Maz\u00ee\" \/>\n<meta property=\"article:publisher\" content=\"https:\/\/www.facebook.com\/DarMaziKurmanci\" \/>\n<meta property=\"article:published_time\" content=\"2019-09-12T13:06:50+00:00\" \/>\n<meta property=\"article:modified_time\" content=\"2019-09-17T16:41:33+00:00\" \/>\n<meta property=\"og:image\" content=\"https:\/\/darkamazi.info\/file\/2019\/09\/\u0631\u06c6\u0698\u0647\u0644\u0627\u062a\u0627-\u0646\u0627\u06a4\u06cc\u0646.jpg\" \/>\n\t<meta property=\"og:image:width\" content=\"1984\" \/>\n\t<meta property=\"og:image:height\" content=\"1345\" \/>\n\t<meta property=\"og:image:type\" content=\"image\/jpeg\" \/>\n<meta name=\"author\" content=\"darka mazi\" \/>\n<meta name=\"twitter:card\" content=\"summary_large_image\" \/>\n<meta name=\"twitter:image\" content=\"https:\/\/darkamazi.info\/file\/2019\/09\/\u0631\u06c6\u0698\u0647\u0644\u0627\u062a\u0627-\u0646\u0627\u06a4\u06cc\u0646.jpg\" \/>\n<meta name=\"twitter:creator\" content=\"@DarkaMaziLatini\" \/>\n<meta name=\"twitter:site\" content=\"@DarkaMaziLatini\" \/>\n<meta name=\"twitter:label1\" content=\"Written by\" \/>\n\t<meta name=\"twitter:data1\" content=\"darka mazi\" \/>\n\t<meta name=\"twitter:label2\" content=\"Est. reading time\" \/>\n\t<meta name=\"twitter:data2\" content=\"1 minute\" \/>\n<script type=\"application\/ld+json\" class=\"seo-schema-graph\">{\"@context\":\"https:\\\/\\\/schema.org\",\"@graph\":[{\"@type\":\"Article\",\"@id\":\"https:\\\/\\\/darkamazi.info\\\/archives\\\/1007008#article\",\"isPartOf\":{\"@id\":\"https:\\\/\\\/darkamazi.info\\\/archives\\\/1007008\"},\"author\":{\"name\":\"darka mazi\",\"@id\":\"https:\\\/\\\/darkamazi.info\\\/#\\\/schema\\\/person\\\/5ad3e24553a0567993fa8ed4bd0a776c\"},\"headline\":\"Emer\u00eeka \u00fb Tirkiy\u00ea gera \u00e7arem\u00een li nav\u00e7eya aram kir\",\"datePublished\":\"2019-09-12T13:06:50+00:00\",\"dateModified\":\"2019-09-17T16:41:33+00:00\",\"mainEntityOfPage\":{\"@id\":\"https:\\\/\\\/darkamazi.info\\\/archives\\\/1007008\"},\"wordCount\":140,\"publisher\":{\"@id\":\"https:\\\/\\\/darkamazi.info\\\/#organization\"},\"image\":{\"@id\":\"https:\\\/\\\/darkamazi.info\\\/archives\\\/1007008#primaryimage\"},\"thumbnailUrl\":\"https:\\\/\\\/darkamazi.info\\\/darka-content\\\/uploads\\\/2019\\\/09\\\/\u0631\u06c6\u0698\u0647\u0644\u0627\u062a\u0627-\u0646\u0627\u06a4\u06cc\u0646.jpg\",\"articleSection\":[\"Rojhelata nav\u00een\"],\"inLanguage\":\"en-US\"},{\"@type\":\"WebPage\",\"@id\":\"https:\\\/\\\/darkamazi.info\\\/archives\\\/1007008\",\"url\":\"https:\\\/\\\/darkamazi.info\\\/archives\\\/1007008\",\"name\":\"Emer\u00eeka \u00fb Tirkiy\u00ea gera \u00e7arem\u00een li nav\u00e7eya aram kir - Darka Maz\u00ee\",\"isPartOf\":{\"@id\":\"https:\\\/\\\/darkamazi.info\\\/#website\"},\"primaryImageOfPage\":{\"@id\":\"https:\\\/\\\/darkamazi.info\\\/archives\\\/1007008#primaryimage\"},\"image\":{\"@id\":\"https:\\\/\\\/darkamazi.info\\\/archives\\\/1007008#primaryimage\"},\"thumbnailUrl\":\"https:\\\/\\\/darkamazi.info\\\/darka-content\\\/uploads\\\/2019\\\/09\\\/\u0631\u06c6\u0698\u0647\u0644\u0627\u062a\u0627-\u0646\u0627\u06a4\u06cc\u0646.jpg\",\"datePublished\":\"2019-09-12T13:06:50+00:00\",\"dateModified\":\"2019-09-17T16:41:33+00:00\",\"breadcrumb\":{\"@id\":\"https:\\\/\\\/darkamazi.info\\\/archives\\\/1007008#breadcrumb\"},\"inLanguage\":\"en-US\",\"potentialAction\":[{\"@type\":\"ReadAction\",\"target\":[\"https:\\\/\\\/darkamazi.info\\\/archives\\\/1007008\"]}]},{\"@type\":\"ImageObject\",\"inLanguage\":\"en-US\",\"@id\":\"https:\\\/\\\/darkamazi.info\\\/archives\\\/1007008#primaryimage\",\"url\":\"https:\\\/\\\/darkamazi.info\\\/darka-content\\\/uploads\\\/2019\\\/09\\\/\u0631\u06c6\u0698\u0647\u0644\u0627\u062a\u0627-\u0646\u0627\u06a4\u06cc\u0646.jpg\",\"contentUrl\":\"https:\\\/\\\/darkamazi.info\\\/darka-content\\\/uploads\\\/2019\\\/09\\\/\u0631\u06c6\u0698\u0647\u0644\u0627\u062a\u0627-\u0646\u0627\u06a4\u06cc\u0646.jpg\",\"width\":1984,\"height\":1345},{\"@type\":\"BreadcrumbList\",\"@id\":\"https:\\\/\\\/darkamazi.info\\\/archives\\\/1007008#breadcrumb\",\"itemListElement\":[{\"@type\":\"ListItem\",\"position\":1,\"name\":\"Home\",\"item\":\"https:\\\/\\\/darkamazi.info\\\/\"},{\"@type\":\"ListItem\",\"position\":2,\"name\":\"Emer\u00eeka \u00fb Tirkiy\u00ea gera \u00e7arem\u00een li nav\u00e7eya aram kir\"}]},{\"@type\":\"WebSite\",\"@id\":\"https:\\\/\\\/darkamazi.info\\\/#website\",\"url\":\"https:\\\/\\\/darkamazi.info\\\/\",\"name\":\"Darka Maz\u00ee\",\"description\":\"P\u00eageha Zanyariy\u00ean Nebih\u00eest\u00ee\",\"publisher\":{\"@id\":\"https:\\\/\\\/darkamazi.info\\\/#organization\"},\"potentialAction\":[{\"@type\":\"SearchAction\",\"target\":{\"@type\":\"EntryPoint\",\"urlTemplate\":\"https:\\\/\\\/darkamazi.info\\\/?s={search_term_string}\"},\"query-input\":{\"@type\":\"PropertyValueSpecification\",\"valueRequired\":true,\"valueName\":\"search_term_string\"}}],\"inLanguage\":\"en-US\"},{\"@type\":\"Organization\",\"@id\":\"https:\\\/\\\/darkamazi.info\\\/#organization\",\"name\":\"Darka Maz\u00ee\",\"url\":\"https:\\\/\\\/darkamazi.info\\\/\",\"logo\":{\"@type\":\"ImageObject\",\"inLanguage\":\"en-US\",\"@id\":\"https:\\\/\\\/darkamazi.info\\\/#\\\/schema\\\/logo\\\/image\\\/\",\"url\":\"https:\\\/\\\/darkamazi.info\\\/darka-content\\\/uploads\\\/2017\\\/12\\\/darka-mazi-logo.png\",\"contentUrl\":\"https:\\\/\\\/darkamazi.info\\\/darka-content\\\/uploads\\\/2017\\\/12\\\/darka-mazi-logo.png\",\"width\":151,\"height\":75,\"caption\":\"Darka Maz\u00ee\"},\"image\":{\"@id\":\"https:\\\/\\\/darkamazi.info\\\/#\\\/schema\\\/logo\\\/image\\\/\"},\"sameAs\":[\"https:\\\/\\\/www.facebook.com\\\/DarMaziKurmanci\",\"https:\\\/\\\/x.com\\\/DarkaMaziLatini\",\"https:\\\/\\\/www.instagram.com\\\/darkamazi.kurmanci\\\/\",\"https:\\\/\\\/www.youtube.com\\\/channel\\\/UCa5HkTdmI8U1qCUFuTw8B2g\"]},{\"@type\":\"Person\",\"@id\":\"https:\\\/\\\/darkamazi.info\\\/#\\\/schema\\\/person\\\/5ad3e24553a0567993fa8ed4bd0a776c\",\"name\":\"darka mazi\",\"sameAs\":[\"https:\\\/\\\/darkamazi.info\\\/\"],\"url\":\"https:\\\/\\\/darkamazi.info\\\/archives\\\/author\\\/kurdi\"}]}<\/script>\n<!-- \/ Yoast SEO plugin. -->","seo_head_json":{"title":"Emer\u00eeka \u00fb Tirkiy\u00ea gera \u00e7arem\u00een li nav\u00e7eya aram kir - Darka Maz\u00ee","robots":{"index":"index","follow":"follow","max-snippet":"max-snippet:-1","max-image-preview":"max-image-preview:large","max-video-preview":"max-video-preview:-1"},"canonical":"https:\/\/darkamazi.info\/archives\/1007008","og_locale":"en_US","og_type":"article","og_title":"Emer\u00eeka \u00fb Tirkiy\u00ea gera \u00e7arem\u00een li nav\u00e7eya aram kir - Darka Maz\u00ee","og_description":"Arte\u015f\u00ean tirkiy\u00ea \u00fb Emer\u00eekay\u00ea, \u00eero dest bi gera \u00e7avd\u00ear\u00eey\u00ea a \u00e7arem\u00een li nav\u00e7eya aram a rojhelata Firat\u00ea, li rojava y\u00ea Kurdistan\u00ea kir. Li gor arte\u015fa tirkiy\u00ea, \u00eero hinek yekey\u00ean arte\u015f\u00ean Tirkiy\u00ea \u00fb Emer\u00eekay\u00ea bi hevbe\u015f\u00ee, dest bi gera \u00e7arem\u00een a \u00e7avd\u00ear\u00eey\u00ea li nav\u00e7eya aram a rojhelata Firat\u00ea, li rojava y\u00ea Kurdistan\u00ea kirin, kopter\u00ean ceng\u00ee j\u00ee [&hellip;]","og_url":"https:\/\/darkamazi.info\/archives\/1007008","og_site_name":"Darka Maz\u00ee","article_publisher":"https:\/\/www.facebook.com\/DarMaziKurmanci","article_published_time":"2019-09-12T13:06:50+00:00","article_modified_time":"2019-09-17T16:41:33+00:00","og_image":[{"width":1984,"height":1345,"url":"https:\/\/darkamazi.info\/file\/2019\/09\/\u0631\u06c6\u0698\u0647\u0644\u0627\u062a\u0627-\u0646\u0627\u06a4\u06cc\u0646.jpg","type":"image\/jpeg"}],"author":"darka mazi","twitter_card":"summary_large_image","twitter_image":"https:\/\/darkamazi.info\/file\/2019\/09\/\u0631\u06c6\u0698\u0647\u0644\u0627\u062a\u0627-\u0646\u0627\u06a4\u06cc\u0646.jpg","twitter_creator":"@DarkaMaziLatini","twitter_site":"@DarkaMaziLatini","twitter_misc":{"Written by":"darka mazi","Est. reading time":"1 minute"},"schema":{"@context":"https:\/\/schema.org","@graph":[{"@type":"Article","@id":"https:\/\/darkamazi.info\/archives\/1007008#article","isPartOf":{"@id":"https:\/\/darkamazi.info\/archives\/1007008"},"author":{"name":"darka mazi","@id":"https:\/\/darkamazi.info\/#\/schema\/person\/5ad3e24553a0567993fa8ed4bd0a776c"},"headline":"Emer\u00eeka \u00fb Tirkiy\u00ea gera \u00e7arem\u00een li nav\u00e7eya aram kir","datePublished":"2019-09-12T13:06:50+00:00","dateModified":"2019-09-17T16:41:33+00:00","mainEntityOfPage":{"@id":"https:\/\/darkamazi.info\/archives\/1007008"},"wordCount":140,"publisher":{"@id":"https:\/\/darkamazi.info\/#organization"},"image":{"@id":"https:\/\/darkamazi.info\/archives\/1007008#primaryimage"},"thumbnailUrl":"https:\/\/darkamazi.info\/file\/2019\/09\/\u0631\u06c6\u0698\u0647\u0644\u0627\u062a\u0627-\u0646\u0627\u06a4\u06cc\u0646.jpg","articleSection":["Rojhelata nav\u00een"],"inLanguage":"en-US"},{"@type":"WebPage","@id":"https:\/\/darkamazi.info\/archives\/1007008","url":"https:\/\/darkamazi.info\/archives\/1007008","name":"Emer\u00eeka \u00fb Tirkiy\u00ea gera \u00e7arem\u00een li nav\u00e7eya aram kir - Darka Maz\u00ee","isPartOf":{"@id":"https:\/\/darkamazi.info\/#website"},"primaryImageOfPage":{"@id":"https:\/\/darkamazi.info\/archives\/1007008#primaryimage"},"image":{"@id":"https:\/\/darkamazi.info\/archives\/1007008#primaryimage"},"thumbnailUrl":"https:\/\/darkamazi.info\/file\/2019\/09\/\u0631\u06c6\u0698\u0647\u0644\u0627\u062a\u0627-\u0646\u0627\u06a4\u06cc\u0646.jpg","datePublished":"2019-09-12T13:06:50+00:00","dateModified":"2019-09-17T16:41:33+00:00","breadcrumb":{"@id":"https:\/\/darkamazi.info\/archives\/1007008#breadcrumb"},"inLanguage":"en-US","potentialAction":[{"@type":"ReadAction","target":["https:\/\/darkamazi.info\/archives\/1007008"]}]},{"@type":"ImageObject","inLanguage":"en-US","@id":"https:\/\/darkamazi.info\/archives\/1007008#primaryimage","url":"https:\/\/darkamazi.info\/file\/2019\/09\/\u0631\u06c6\u0698\u0647\u0644\u0627\u062a\u0627-\u0646\u0627\u06a4\u06cc\u0646.jpg","contentUrl":"https:\/\/darkamazi.info\/file\/2019\/09\/\u0631\u06c6\u0698\u0647\u0644\u0627\u062a\u0627-\u0646\u0627\u06a4\u06cc\u0646.jpg","width":1984,"height":1345},{"@type":"BreadcrumbList","@id":"https:\/\/darkamazi.info\/archives\/1007008#breadcrumb","itemListElement":[{"@type":"ListItem","position":1,"name":"Home","item":"https:\/\/darkamazi.info\/"},{"@type":"ListItem","position":2,"name":"Emer\u00eeka \u00fb Tirkiy\u00ea gera \u00e7arem\u00een li nav\u00e7eya aram kir"}]},{"@type":"WebSite","@id":"https:\/\/darkamazi.info\/#website","url":"https:\/\/darkamazi.info\/","name":"Darka Maz\u00ee","description":"P\u00eageha Zanyariy\u00ean Nebih\u00eest\u00ee","publisher":{"@id":"https:\/\/darkamazi.info\/#organization"},"potentialAction":[{"@type":"SearchAction","target":{"@type":"EntryPoint","urlTemplate":"https:\/\/darkamazi.info\/?s={search_term_string}"},"query-input":{"@type":"PropertyValueSpecification","valueRequired":true,"valueName":"search_term_string"}}],"inLanguage":"en-US"},{"@type":"Organization","@id":"https:\/\/darkamazi.info\/#organization","name":"Darka Maz\u00ee","url":"https:\/\/darkamazi.info\/","logo":{"@type":"ImageObject","inLanguage":"en-US","@id":"https:\/\/darkamazi.info\/#\/schema\/logo\/image\/","url":"https:\/\/darkamazi.info\/file\/2017\/12\/darka-mazi-logo.png","contentUrl":"https:\/\/darkamazi.info\/file\/2017\/12\/darka-mazi-logo.png","width":151,"height":75,"caption":"Darka Maz\u00ee"},"image":{"@id":"https:\/\/darkamazi.info\/#\/schema\/logo\/image\/"},"sameAs":["https:\/\/www.facebook.com\/DarMaziKurmanci","https:\/\/x.com\/DarkaMaziLatini","https:\/\/www.instagram.com\/darkamazi.kurmanci\/","https:\/\/www.youtube.com\/channel\/UCa5HkTdmI8U1qCUFuTw8B2g"]},{"@type":"Person","@id":"https:\/\/darkamazi.info\/#\/schema\/person\/5ad3e24553a0567993fa8ed4bd0a776c","name":"darka mazi","sameAs":["https:\/\/darkamazi.info\/"],"url":"https:\/\/darkamazi.info\/archives\/author\/kurdi"}]}},"_links":{"self":[{"href":"https:\/\/darkamazi.info\/funavuv\/wp\/v2\/posts\/1007008","targetHints":{"allow":["GET"]}}],"collection":[{"href":"https:\/\/darkamazi.info\/funavuv\/wp\/v2\/posts"}],"about":[{"href":"https:\/\/darkamazi.info\/funavuv\/wp\/v2\/types\/post"}],"author":[{"embeddable":true,"href":"https:\/\/darkamazi.info\/funavuv\/wp\/v2\/users\/2"}],"replies":[{"embeddable":true,"href":"https:\/\/darkamazi.info\/funavuv\/wp\/v2\/comments?post=1007008"}],"version-history":[{"count":0,"href":"https:\/\/darkamazi.info\/funavuv\/wp\/v2\/posts\/1007008\/revisions"}],"wp:featuredmedia":[{"embeddable":true,"href":"https:\/\/darkamazi.info\/funavuv\/wp\/v2\/media\/1007010"}],"wp:attachment":[{"href":"https:\/\/darkamazi.info\/funavuv\/wp\/v2\/media?parent=1007008"}],"wp:term":[{"taxonomy":"category","embeddable":true,"href":"https:\/\/darkamazi.info\/funavuv\/wp\/v2\/categories?post=1007008"},{"taxonomy":"post_tag","embeddable":true,"href":"https:\/\/darkamazi.info\/funavuv\/wp\/v2\/tags?post=1007008"}],"curies":[{"name":"wp","href":"https:\/\/api.w.org\/{rel}","templated":true}]}}