{"id":1007019,"date":"2019-09-12T17:02:42","date_gmt":"2019-09-12T14:02:42","guid":{"rendered":"https:\/\/darkamazi.info\/?p=1007019"},"modified":"2019-09-17T19:27:19","modified_gmt":"2019-09-17T16:27:19","slug":"gorane-heyeteke-nu-jibo-encumena-xwe-a-gisti-helbijart","status":"publish","type":"post","link":"https:\/\/darkamazi.info\/archives\/1007019","title":{"rendered":"Goran\u00ea heyeteke n\u00fb jibo enc\u00fbmena xwe a gi\u015ft\u00ee helbijart"},"content":{"rendered":"<h3><strong>Enc\u00fbmena gi\u015ft\u00ee a tevgera goran\u00ea, \u00eero civ\u00eeya \u00fb bi helbijartinan, heyeteke n\u00fb jibo serokat\u00eeya enc\u00fbmen\u00ea destn\u00ee\u015fan kir.<\/strong><\/h3>\n<h3>\u00cero li bajar\u00ea Sil\u00eaman\u00eey\u00ea \u00ea her\u00eama ba\u015for\u00ea Kurdistan\u00ea, enc\u00fbmena gi\u015ft\u00ee a tevgera goran\u00ea ku bi parteke opozisyon t\u00ea naskirin, civ\u00eeya \u00fb heyeteke n\u00fb jibo serokat\u00eeya enc\u00fbmen\u00ea destn\u00ee\u015fan kir.<\/h3>\n<h3>Li gor dengan Cemal Hac\u00ee Mihemed, jibo serokat\u00eeya enc\u00fbmena gi\u015ft\u00ee a goran\u00ea hat helbijartin,\u00a0 El\u00ee Ebdulla, weke c\u00eagir\u00ea serok \u00fb p\u00ea\u015frew Re\u00fbf, weke sekerter\u00ea enc\u00fbmen\u00ea hatin helbijartin.<\/h3>\n<h3>Li gor dest\u00fbra hundir a tevgera goran\u00ea, Serok\u00ea enc\u00fbmena gi\u015ft\u00ee, hemwext dibe endam\u00ea kom\u00eeteya raperandin\u00ea.<\/h3>\n<h3>Li gor \u00e7avkan\u00eeyan, roja ser\u00ea heft\u00eeya dahat\u00ee, helbijartina r\u00eabereke n\u00fb jibo tevgera goran\u00ea w\u00ea were kirin, herweha endam\u00ean kom\u00eeteya raperandin\u00ea w\u00ea werin helbijartin \u00fb ta w\u00ea dem\u00ea nav\u00ean namzedan w\u00ea werin niv\u00eesandin.<\/h3>\n","protected":false},"excerpt":{"rendered":"<p>Enc\u00fbmena gi\u015ft\u00ee a tevgera goran\u00ea, \u00eero civ\u00eeya \u00fb bi helbijartinan, heyeteke n\u00fb jibo serokat\u00eeya enc\u00fbmen\u00ea destn\u00ee\u015fan kir. \u00cero li bajar\u00ea Sil\u00eaman\u00eey\u00ea \u00ea her\u00eama ba\u015for\u00ea Kurdistan\u00ea, enc\u00fbmena gi\u015ft\u00ee a tevgera goran\u00ea ku bi parteke opozisyon t\u00ea naskirin, civ\u00eeya \u00fb heyeteke n\u00fb jibo serokat\u00eeya enc\u00fbmen\u00ea destn\u00ee\u015fan kir. Li gor dengan Cemal Hac\u00ee Mihemed, jibo serokat\u00eeya enc\u00fbmena gi\u015ft\u00ee [&hellip;]<\/p>\n","protected":false},"author":2,"featured_media":1007020,"comment_status":"closed","ping_status":"closed","sticky":false,"template":"","format":"standard","meta":{"footnotes":""},"categories":[29],"tags":[],"class_list":["post-1007019","post","type-post","status-publish","format-standard","has-post-thumbnail","hentry","category-kurdistan"],"blocksy_meta":[],"seo_head":"<!-- This site is optimized with the Yoast SEO plugin v27.5 - https:\/\/yoast.com\/product\/yoast-seo-wordpress\/ -->\n<title>Goran\u00ea heyeteke n\u00fb jibo enc\u00fbmena xwe a gi\u015ft\u00ee helbijart - Darka Maz\u00ee<\/title>\n<meta name=\"robots\" content=\"index, follow, max-snippet:-1, max-image-preview:large, max-video-preview:-1\" \/>\n<link rel=\"canonical\" href=\"https:\/\/darkamazi.info\/archives\/1007019\" \/>\n<meta property=\"og:locale\" content=\"en_US\" \/>\n<meta property=\"og:type\" content=\"article\" \/>\n<meta property=\"og:title\" content=\"Goran\u00ea heyeteke n\u00fb jibo enc\u00fbmena xwe a gi\u015ft\u00ee helbijart - Darka Maz\u00ee\" \/>\n<meta property=\"og:description\" content=\"Enc\u00fbmena gi\u015ft\u00ee a tevgera goran\u00ea, \u00eero civ\u00eeya \u00fb bi helbijartinan, heyeteke n\u00fb jibo serokat\u00eeya enc\u00fbmen\u00ea destn\u00ee\u015fan kir. \u00cero li bajar\u00ea Sil\u00eaman\u00eey\u00ea \u00ea her\u00eama ba\u015for\u00ea Kurdistan\u00ea, enc\u00fbmena gi\u015ft\u00ee a tevgera goran\u00ea ku bi parteke opozisyon t\u00ea naskirin, civ\u00eeya \u00fb heyeteke n\u00fb jibo serokat\u00eeya enc\u00fbmen\u00ea destn\u00ee\u015fan kir. Li gor dengan Cemal Hac\u00ee Mihemed, jibo serokat\u00eeya enc\u00fbmena gi\u015ft\u00ee [&hellip;]\" \/>\n<meta property=\"og:url\" content=\"https:\/\/darkamazi.info\/archives\/1007019\" \/>\n<meta property=\"og:site_name\" content=\"Darka Maz\u00ee\" \/>\n<meta property=\"article:publisher\" content=\"https:\/\/www.facebook.com\/DarMaziKurmanci\" \/>\n<meta property=\"article:published_time\" content=\"2019-09-12T14:02:42+00:00\" \/>\n<meta property=\"article:modified_time\" content=\"2019-09-17T16:27:19+00:00\" \/>\n<meta property=\"og:image\" content=\"https:\/\/darkamazi.info\/file\/2019\/09\/goran.jpg\" \/>\n\t<meta property=\"og:image:width\" content=\"1310\" \/>\n\t<meta property=\"og:image:height\" content=\"727\" \/>\n\t<meta property=\"og:image:type\" content=\"image\/jpeg\" \/>\n<meta name=\"author\" content=\"darka mazi\" \/>\n<meta name=\"twitter:card\" content=\"summary_large_image\" \/>\n<meta name=\"twitter:image\" content=\"https:\/\/darkamazi.info\/file\/2019\/09\/goran.jpg\" \/>\n<meta name=\"twitter:creator\" content=\"@DarkaMaziLatini\" \/>\n<meta name=\"twitter:site\" content=\"@DarkaMaziLatini\" \/>\n<meta name=\"twitter:label1\" content=\"Written by\" \/>\n\t<meta name=\"twitter:data1\" content=\"darka mazi\" \/>\n\t<meta name=\"twitter:label2\" content=\"Est. reading time\" \/>\n\t<meta name=\"twitter:data2\" content=\"1 minute\" \/>\n<script type=\"application\/ld+json\" class=\"seo-schema-graph\">{\"@context\":\"https:\\\/\\\/schema.org\",\"@graph\":[{\"@type\":\"Article\",\"@id\":\"https:\\\/\\\/darkamazi.info\\\/archives\\\/1007019#article\",\"isPartOf\":{\"@id\":\"https:\\\/\\\/darkamazi.info\\\/archives\\\/1007019\"},\"author\":{\"name\":\"darka mazi\",\"@id\":\"https:\\\/\\\/darkamazi.info\\\/#\\\/schema\\\/person\\\/5ad3e24553a0567993fa8ed4bd0a776c\"},\"headline\":\"Goran\u00ea heyeteke n\u00fb jibo enc\u00fbmena xwe a gi\u015ft\u00ee helbijart\",\"datePublished\":\"2019-09-12T14:02:42+00:00\",\"dateModified\":\"2019-09-17T16:27:19+00:00\",\"mainEntityOfPage\":{\"@id\":\"https:\\\/\\\/darkamazi.info\\\/archives\\\/1007019\"},\"wordCount\":159,\"publisher\":{\"@id\":\"https:\\\/\\\/darkamazi.info\\\/#organization\"},\"image\":{\"@id\":\"https:\\\/\\\/darkamazi.info\\\/archives\\\/1007019#primaryimage\"},\"thumbnailUrl\":\"https:\\\/\\\/darkamazi.info\\\/darka-content\\\/uploads\\\/2019\\\/09\\\/goran.jpg\",\"articleSection\":[\"Kurdistan\"],\"inLanguage\":\"en-US\"},{\"@type\":\"WebPage\",\"@id\":\"https:\\\/\\\/darkamazi.info\\\/archives\\\/1007019\",\"url\":\"https:\\\/\\\/darkamazi.info\\\/archives\\\/1007019\",\"name\":\"Goran\u00ea heyeteke n\u00fb jibo enc\u00fbmena xwe a gi\u015ft\u00ee helbijart - Darka Maz\u00ee\",\"isPartOf\":{\"@id\":\"https:\\\/\\\/darkamazi.info\\\/#website\"},\"primaryImageOfPage\":{\"@id\":\"https:\\\/\\\/darkamazi.info\\\/archives\\\/1007019#primaryimage\"},\"image\":{\"@id\":\"https:\\\/\\\/darkamazi.info\\\/archives\\\/1007019#primaryimage\"},\"thumbnailUrl\":\"https:\\\/\\\/darkamazi.info\\\/darka-content\\\/uploads\\\/2019\\\/09\\\/goran.jpg\",\"datePublished\":\"2019-09-12T14:02:42+00:00\",\"dateModified\":\"2019-09-17T16:27:19+00:00\",\"breadcrumb\":{\"@id\":\"https:\\\/\\\/darkamazi.info\\\/archives\\\/1007019#breadcrumb\"},\"inLanguage\":\"en-US\",\"potentialAction\":[{\"@type\":\"ReadAction\",\"target\":[\"https:\\\/\\\/darkamazi.info\\\/archives\\\/1007019\"]}]},{\"@type\":\"ImageObject\",\"inLanguage\":\"en-US\",\"@id\":\"https:\\\/\\\/darkamazi.info\\\/archives\\\/1007019#primaryimage\",\"url\":\"https:\\\/\\\/darkamazi.info\\\/darka-content\\\/uploads\\\/2019\\\/09\\\/goran.jpg\",\"contentUrl\":\"https:\\\/\\\/darkamazi.info\\\/darka-content\\\/uploads\\\/2019\\\/09\\\/goran.jpg\",\"width\":1310,\"height\":727},{\"@type\":\"BreadcrumbList\",\"@id\":\"https:\\\/\\\/darkamazi.info\\\/archives\\\/1007019#breadcrumb\",\"itemListElement\":[{\"@type\":\"ListItem\",\"position\":1,\"name\":\"Home\",\"item\":\"https:\\\/\\\/darkamazi.info\\\/\"},{\"@type\":\"ListItem\",\"position\":2,\"name\":\"Goran\u00ea heyeteke n\u00fb jibo enc\u00fbmena xwe a gi\u015ft\u00ee helbijart\"}]},{\"@type\":\"WebSite\",\"@id\":\"https:\\\/\\\/darkamazi.info\\\/#website\",\"url\":\"https:\\\/\\\/darkamazi.info\\\/\",\"name\":\"Darka Maz\u00ee\",\"description\":\"P\u00eageha Zanyariy\u00ean Nebih\u00eest\u00ee\",\"publisher\":{\"@id\":\"https:\\\/\\\/darkamazi.info\\\/#organization\"},\"potentialAction\":[{\"@type\":\"SearchAction\",\"target\":{\"@type\":\"EntryPoint\",\"urlTemplate\":\"https:\\\/\\\/darkamazi.info\\\/?s={search_term_string}\"},\"query-input\":{\"@type\":\"PropertyValueSpecification\",\"valueRequired\":true,\"valueName\":\"search_term_string\"}}],\"inLanguage\":\"en-US\"},{\"@type\":\"Organization\",\"@id\":\"https:\\\/\\\/darkamazi.info\\\/#organization\",\"name\":\"Darka Maz\u00ee\",\"url\":\"https:\\\/\\\/darkamazi.info\\\/\",\"logo\":{\"@type\":\"ImageObject\",\"inLanguage\":\"en-US\",\"@id\":\"https:\\\/\\\/darkamazi.info\\\/#\\\/schema\\\/logo\\\/image\\\/\",\"url\":\"https:\\\/\\\/darkamazi.info\\\/darka-content\\\/uploads\\\/2017\\\/12\\\/darka-mazi-logo.png\",\"contentUrl\":\"https:\\\/\\\/darkamazi.info\\\/darka-content\\\/uploads\\\/2017\\\/12\\\/darka-mazi-logo.png\",\"width\":151,\"height\":75,\"caption\":\"Darka Maz\u00ee\"},\"image\":{\"@id\":\"https:\\\/\\\/darkamazi.info\\\/#\\\/schema\\\/logo\\\/image\\\/\"},\"sameAs\":[\"https:\\\/\\\/www.facebook.com\\\/DarMaziKurmanci\",\"https:\\\/\\\/x.com\\\/DarkaMaziLatini\",\"https:\\\/\\\/www.instagram.com\\\/darkamazi.kurmanci\\\/\",\"https:\\\/\\\/www.youtube.com\\\/channel\\\/UCa5HkTdmI8U1qCUFuTw8B2g\"]},{\"@type\":\"Person\",\"@id\":\"https:\\\/\\\/darkamazi.info\\\/#\\\/schema\\\/person\\\/5ad3e24553a0567993fa8ed4bd0a776c\",\"name\":\"darka mazi\",\"sameAs\":[\"https:\\\/\\\/darkamazi.info\\\/\"],\"url\":\"https:\\\/\\\/darkamazi.info\\\/archives\\\/author\\\/kurdi\"}]}<\/script>\n<!-- \/ Yoast SEO plugin. -->","seo_head_json":{"title":"Goran\u00ea heyeteke n\u00fb jibo enc\u00fbmena xwe a gi\u015ft\u00ee helbijart - Darka Maz\u00ee","robots":{"index":"index","follow":"follow","max-snippet":"max-snippet:-1","max-image-preview":"max-image-preview:large","max-video-preview":"max-video-preview:-1"},"canonical":"https:\/\/darkamazi.info\/archives\/1007019","og_locale":"en_US","og_type":"article","og_title":"Goran\u00ea heyeteke n\u00fb jibo enc\u00fbmena xwe a gi\u015ft\u00ee helbijart - Darka Maz\u00ee","og_description":"Enc\u00fbmena gi\u015ft\u00ee a tevgera goran\u00ea, \u00eero civ\u00eeya \u00fb bi helbijartinan, heyeteke n\u00fb jibo serokat\u00eeya enc\u00fbmen\u00ea destn\u00ee\u015fan kir. \u00cero li bajar\u00ea Sil\u00eaman\u00eey\u00ea \u00ea her\u00eama ba\u015for\u00ea Kurdistan\u00ea, enc\u00fbmena gi\u015ft\u00ee a tevgera goran\u00ea ku bi parteke opozisyon t\u00ea naskirin, civ\u00eeya \u00fb heyeteke n\u00fb jibo serokat\u00eeya enc\u00fbmen\u00ea destn\u00ee\u015fan kir. Li gor dengan Cemal Hac\u00ee Mihemed, jibo serokat\u00eeya enc\u00fbmena gi\u015ft\u00ee [&hellip;]","og_url":"https:\/\/darkamazi.info\/archives\/1007019","og_site_name":"Darka Maz\u00ee","article_publisher":"https:\/\/www.facebook.com\/DarMaziKurmanci","article_published_time":"2019-09-12T14:02:42+00:00","article_modified_time":"2019-09-17T16:27:19+00:00","og_image":[{"width":1310,"height":727,"url":"https:\/\/darkamazi.info\/file\/2019\/09\/goran.jpg","type":"image\/jpeg"}],"author":"darka mazi","twitter_card":"summary_large_image","twitter_image":"https:\/\/darkamazi.info\/file\/2019\/09\/goran.jpg","twitter_creator":"@DarkaMaziLatini","twitter_site":"@DarkaMaziLatini","twitter_misc":{"Written by":"darka mazi","Est. reading time":"1 minute"},"schema":{"@context":"https:\/\/schema.org","@graph":[{"@type":"Article","@id":"https:\/\/darkamazi.info\/archives\/1007019#article","isPartOf":{"@id":"https:\/\/darkamazi.info\/archives\/1007019"},"author":{"name":"darka mazi","@id":"https:\/\/darkamazi.info\/#\/schema\/person\/5ad3e24553a0567993fa8ed4bd0a776c"},"headline":"Goran\u00ea heyeteke n\u00fb jibo enc\u00fbmena xwe a gi\u015ft\u00ee helbijart","datePublished":"2019-09-12T14:02:42+00:00","dateModified":"2019-09-17T16:27:19+00:00","mainEntityOfPage":{"@id":"https:\/\/darkamazi.info\/archives\/1007019"},"wordCount":159,"publisher":{"@id":"https:\/\/darkamazi.info\/#organization"},"image":{"@id":"https:\/\/darkamazi.info\/archives\/1007019#primaryimage"},"thumbnailUrl":"https:\/\/darkamazi.info\/file\/2019\/09\/goran.jpg","articleSection":["Kurdistan"],"inLanguage":"en-US"},{"@type":"WebPage","@id":"https:\/\/darkamazi.info\/archives\/1007019","url":"https:\/\/darkamazi.info\/archives\/1007019","name":"Goran\u00ea heyeteke n\u00fb jibo enc\u00fbmena xwe a gi\u015ft\u00ee helbijart - Darka Maz\u00ee","isPartOf":{"@id":"https:\/\/darkamazi.info\/#website"},"primaryImageOfPage":{"@id":"https:\/\/darkamazi.info\/archives\/1007019#primaryimage"},"image":{"@id":"https:\/\/darkamazi.info\/archives\/1007019#primaryimage"},"thumbnailUrl":"https:\/\/darkamazi.info\/file\/2019\/09\/goran.jpg","datePublished":"2019-09-12T14:02:42+00:00","dateModified":"2019-09-17T16:27:19+00:00","breadcrumb":{"@id":"https:\/\/darkamazi.info\/archives\/1007019#breadcrumb"},"inLanguage":"en-US","potentialAction":[{"@type":"ReadAction","target":["https:\/\/darkamazi.info\/archives\/1007019"]}]},{"@type":"ImageObject","inLanguage":"en-US","@id":"https:\/\/darkamazi.info\/archives\/1007019#primaryimage","url":"https:\/\/darkamazi.info\/file\/2019\/09\/goran.jpg","contentUrl":"https:\/\/darkamazi.info\/file\/2019\/09\/goran.jpg","width":1310,"height":727},{"@type":"BreadcrumbList","@id":"https:\/\/darkamazi.info\/archives\/1007019#breadcrumb","itemListElement":[{"@type":"ListItem","position":1,"name":"Home","item":"https:\/\/darkamazi.info\/"},{"@type":"ListItem","position":2,"name":"Goran\u00ea heyeteke n\u00fb jibo enc\u00fbmena xwe a gi\u015ft\u00ee helbijart"}]},{"@type":"WebSite","@id":"https:\/\/darkamazi.info\/#website","url":"https:\/\/darkamazi.info\/","name":"Darka Maz\u00ee","description":"P\u00eageha Zanyariy\u00ean Nebih\u00eest\u00ee","publisher":{"@id":"https:\/\/darkamazi.info\/#organization"},"potentialAction":[{"@type":"SearchAction","target":{"@type":"EntryPoint","urlTemplate":"https:\/\/darkamazi.info\/?s={search_term_string}"},"query-input":{"@type":"PropertyValueSpecification","valueRequired":true,"valueName":"search_term_string"}}],"inLanguage":"en-US"},{"@type":"Organization","@id":"https:\/\/darkamazi.info\/#organization","name":"Darka Maz\u00ee","url":"https:\/\/darkamazi.info\/","logo":{"@type":"ImageObject","inLanguage":"en-US","@id":"https:\/\/darkamazi.info\/#\/schema\/logo\/image\/","url":"https:\/\/darkamazi.info\/file\/2017\/12\/darka-mazi-logo.png","contentUrl":"https:\/\/darkamazi.info\/file\/2017\/12\/darka-mazi-logo.png","width":151,"height":75,"caption":"Darka Maz\u00ee"},"image":{"@id":"https:\/\/darkamazi.info\/#\/schema\/logo\/image\/"},"sameAs":["https:\/\/www.facebook.com\/DarMaziKurmanci","https:\/\/x.com\/DarkaMaziLatini","https:\/\/www.instagram.com\/darkamazi.kurmanci\/","https:\/\/www.youtube.com\/channel\/UCa5HkTdmI8U1qCUFuTw8B2g"]},{"@type":"Person","@id":"https:\/\/darkamazi.info\/#\/schema\/person\/5ad3e24553a0567993fa8ed4bd0a776c","name":"darka mazi","sameAs":["https:\/\/darkamazi.info\/"],"url":"https:\/\/darkamazi.info\/archives\/author\/kurdi"}]}},"_links":{"self":[{"href":"https:\/\/darkamazi.info\/funavuv\/wp\/v2\/posts\/1007019","targetHints":{"allow":["GET"]}}],"collection":[{"href":"https:\/\/darkamazi.info\/funavuv\/wp\/v2\/posts"}],"about":[{"href":"https:\/\/darkamazi.info\/funavuv\/wp\/v2\/types\/post"}],"author":[{"embeddable":true,"href":"https:\/\/darkamazi.info\/funavuv\/wp\/v2\/users\/2"}],"replies":[{"embeddable":true,"href":"https:\/\/darkamazi.info\/funavuv\/wp\/v2\/comments?post=1007019"}],"version-history":[{"count":0,"href":"https:\/\/darkamazi.info\/funavuv\/wp\/v2\/posts\/1007019\/revisions"}],"wp:featuredmedia":[{"embeddable":true,"href":"https:\/\/darkamazi.info\/funavuv\/wp\/v2\/media\/1007020"}],"wp:attachment":[{"href":"https:\/\/darkamazi.info\/funavuv\/wp\/v2\/media?parent=1007019"}],"wp:term":[{"taxonomy":"category","embeddable":true,"href":"https:\/\/darkamazi.info\/funavuv\/wp\/v2\/categories?post=1007019"},{"taxonomy":"post_tag","embeddable":true,"href":"https:\/\/darkamazi.info\/funavuv\/wp\/v2\/tags?post=1007019"}],"curies":[{"name":"wp","href":"https:\/\/api.w.org\/{rel}","templated":true}]}}