{"id":1007022,"date":"2019-09-12T17:13:39","date_gmt":"2019-09-12T14:13:39","guid":{"rendered":"https:\/\/darkamazi.info\/?p=1007022"},"modified":"2019-09-17T19:28:37","modified_gmt":"2019-09-17T16:28:37","slug":"hewlere-parezgereke-nu-jibo-xwe-helbijart","status":"publish","type":"post","link":"https:\/\/darkamazi.info\/archives\/1007022","title":{"rendered":"Hewl\u00ear\u00ea par\u00eazgereke n\u00fb jibo xwe helbijart"},"content":{"rendered":"<h3><strong>Enc\u00fbmena par\u00eazgeh\u00ee a Hewl\u00ear\u00ea, pay\u00eetexta her\u00eama ba\u015f\u00fbr\u00ea Kurdistan\u00ea, \u00eero civ\u00eeya \u00fb par\u00eazgereke n\u00fb li \u015f\u00fbna Newzad Had\u00ee, \u00ea par\u00eazger\u00ea niha, hilbijart.<\/strong><\/h3>\n<h3>\u00cero roja p\u00eanc \u015fem\u00ee enc\u00fbmena par\u00eazgeh\u00ee a Hewl\u00ear\u00ea, jibo hilbijartina par\u00eazgereke n\u00fb civ\u00eeya, di civ\u00een\u00ea de \u00fb bi dengdana endam\u00ean enc\u00fbmen\u00ea, D. Ferset Sof\u00ee, namzed\u00ea firaks\u00eeyona parta demokrat a Kurdistan\u00ea, ku firaks\u00eeyona her\u00ee mezin a enc\u00fbmen\u00ea ye, weke par\u00eazger\u00ea n\u00fb \u00ea Hewl\u00ear\u00ea hat diyar kirin.<\/h3>\n<h3>Li gor yasaya enc\u00fbmen\u00ean par\u00eazgeh\u00eeyan a sala 2009an a her\u00eama ba\u015f\u00fbr\u00ea Kurdistan\u00ea, p\u00eaw\u00eest\u00ee a par\u00eazgeh\u00ea n\u00fb hilbijart\u00ee bi 51% a deng\u00ean endam\u00ean enc\u00fbmen\u00ea heye, hemwext p\u00eaw\u00eest\u00eeya bi s\u00fbnd xiwarina yasay\u00ee li himber\u00ee Serok\u00ea her\u00eama Kurdistan\u00ea.<\/h3>\n<h3>Ferset Sof\u00ee di civ\u00eena \u00eero de, berbesta 51% a dengan derbas kir \u00fb weke par\u00eazger\u00ea n\u00fb \u00ea Hewl\u00ear\u00ea hat hilbijartin \u00fb d\u00ea \u015f\u00fbna Newzad Had\u00ee \u00ea par\u00eazger\u00ea niha, c\u00ee gire.<\/h3>\n","protected":false},"excerpt":{"rendered":"<p>Enc\u00fbmena par\u00eazgeh\u00ee a Hewl\u00ear\u00ea, pay\u00eetexta her\u00eama ba\u015f\u00fbr\u00ea Kurdistan\u00ea, \u00eero civ\u00eeya \u00fb par\u00eazgereke n\u00fb li \u015f\u00fbna Newzad Had\u00ee, \u00ea par\u00eazger\u00ea niha, hilbijart. \u00cero roja p\u00eanc \u015fem\u00ee enc\u00fbmena par\u00eazgeh\u00ee a Hewl\u00ear\u00ea, jibo hilbijartina par\u00eazgereke n\u00fb civ\u00eeya, di civ\u00een\u00ea de \u00fb bi dengdana endam\u00ean enc\u00fbmen\u00ea, D. Ferset Sof\u00ee, namzed\u00ea firaks\u00eeyona parta demokrat a Kurdistan\u00ea, ku firaks\u00eeyona her\u00ee mezin [&hellip;]<\/p>\n","protected":false},"author":2,"featured_media":1007023,"comment_status":"closed","ping_status":"closed","sticky":false,"template":"","format":"standard","meta":{"footnotes":""},"categories":[29],"tags":[],"class_list":["post-1007022","post","type-post","status-publish","format-standard","has-post-thumbnail","hentry","category-kurdistan"],"blocksy_meta":[],"seo_head":"<!-- This site is optimized with the Yoast SEO plugin v27.5 - https:\/\/yoast.com\/product\/yoast-seo-wordpress\/ -->\n<title>Hewl\u00ear\u00ea par\u00eazgereke n\u00fb jibo xwe helbijart - Darka Maz\u00ee<\/title>\n<meta name=\"robots\" content=\"index, follow, max-snippet:-1, max-image-preview:large, max-video-preview:-1\" \/>\n<link rel=\"canonical\" href=\"https:\/\/darkamazi.info\/archives\/1007022\" \/>\n<meta property=\"og:locale\" content=\"en_US\" \/>\n<meta property=\"og:type\" content=\"article\" \/>\n<meta property=\"og:title\" content=\"Hewl\u00ear\u00ea par\u00eazgereke n\u00fb jibo xwe helbijart - Darka Maz\u00ee\" \/>\n<meta property=\"og:description\" content=\"Enc\u00fbmena par\u00eazgeh\u00ee a Hewl\u00ear\u00ea, pay\u00eetexta her\u00eama ba\u015f\u00fbr\u00ea Kurdistan\u00ea, \u00eero civ\u00eeya \u00fb par\u00eazgereke n\u00fb li \u015f\u00fbna Newzad Had\u00ee, \u00ea par\u00eazger\u00ea niha, hilbijart. \u00cero roja p\u00eanc \u015fem\u00ee enc\u00fbmena par\u00eazgeh\u00ee a Hewl\u00ear\u00ea, jibo hilbijartina par\u00eazgereke n\u00fb civ\u00eeya, di civ\u00een\u00ea de \u00fb bi dengdana endam\u00ean enc\u00fbmen\u00ea, D. Ferset Sof\u00ee, namzed\u00ea firaks\u00eeyona parta demokrat a Kurdistan\u00ea, ku firaks\u00eeyona her\u00ee mezin [&hellip;]\" \/>\n<meta property=\"og:url\" content=\"https:\/\/darkamazi.info\/archives\/1007022\" \/>\n<meta property=\"og:site_name\" content=\"Darka Maz\u00ee\" \/>\n<meta property=\"article:publisher\" content=\"https:\/\/www.facebook.com\/DarMaziKurmanci\" \/>\n<meta property=\"article:published_time\" content=\"2019-09-12T14:13:39+00:00\" \/>\n<meta property=\"article:modified_time\" content=\"2019-09-17T16:28:37+00:00\" \/>\n<meta property=\"og:image\" content=\"https:\/\/darkamazi.info\/file\/2019\/09\/encomena-hewlere.jpg\" \/>\n\t<meta property=\"og:image:width\" content=\"2048\" \/>\n\t<meta property=\"og:image:height\" content=\"1365\" \/>\n\t<meta property=\"og:image:type\" content=\"image\/jpeg\" \/>\n<meta name=\"author\" content=\"darka mazi\" \/>\n<meta name=\"twitter:card\" content=\"summary_large_image\" \/>\n<meta name=\"twitter:image\" content=\"https:\/\/darkamazi.info\/file\/2019\/09\/encomena-hewlere.jpg\" \/>\n<meta name=\"twitter:creator\" content=\"@DarkaMaziLatini\" \/>\n<meta name=\"twitter:site\" content=\"@DarkaMaziLatini\" \/>\n<meta name=\"twitter:label1\" content=\"Written by\" \/>\n\t<meta name=\"twitter:data1\" content=\"darka mazi\" \/>\n\t<meta name=\"twitter:label2\" content=\"Est. reading time\" \/>\n\t<meta name=\"twitter:data2\" content=\"1 minute\" \/>\n<script type=\"application\/ld+json\" class=\"seo-schema-graph\">{\"@context\":\"https:\\\/\\\/schema.org\",\"@graph\":[{\"@type\":\"Article\",\"@id\":\"https:\\\/\\\/darkamazi.info\\\/archives\\\/1007022#article\",\"isPartOf\":{\"@id\":\"https:\\\/\\\/darkamazi.info\\\/archives\\\/1007022\"},\"author\":{\"name\":\"darka mazi\",\"@id\":\"https:\\\/\\\/darkamazi.info\\\/#\\\/schema\\\/person\\\/5ad3e24553a0567993fa8ed4bd0a776c\"},\"headline\":\"Hewl\u00ear\u00ea par\u00eazgereke n\u00fb jibo xwe helbijart\",\"datePublished\":\"2019-09-12T14:13:39+00:00\",\"dateModified\":\"2019-09-17T16:28:37+00:00\",\"mainEntityOfPage\":{\"@id\":\"https:\\\/\\\/darkamazi.info\\\/archives\\\/1007022\"},\"wordCount\":173,\"publisher\":{\"@id\":\"https:\\\/\\\/darkamazi.info\\\/#organization\"},\"image\":{\"@id\":\"https:\\\/\\\/darkamazi.info\\\/archives\\\/1007022#primaryimage\"},\"thumbnailUrl\":\"https:\\\/\\\/darkamazi.info\\\/darka-content\\\/uploads\\\/2019\\\/09\\\/encomena-hewlere.jpg\",\"articleSection\":[\"Kurdistan\"],\"inLanguage\":\"en-US\"},{\"@type\":\"WebPage\",\"@id\":\"https:\\\/\\\/darkamazi.info\\\/archives\\\/1007022\",\"url\":\"https:\\\/\\\/darkamazi.info\\\/archives\\\/1007022\",\"name\":\"Hewl\u00ear\u00ea par\u00eazgereke n\u00fb jibo xwe helbijart - Darka Maz\u00ee\",\"isPartOf\":{\"@id\":\"https:\\\/\\\/darkamazi.info\\\/#website\"},\"primaryImageOfPage\":{\"@id\":\"https:\\\/\\\/darkamazi.info\\\/archives\\\/1007022#primaryimage\"},\"image\":{\"@id\":\"https:\\\/\\\/darkamazi.info\\\/archives\\\/1007022#primaryimage\"},\"thumbnailUrl\":\"https:\\\/\\\/darkamazi.info\\\/darka-content\\\/uploads\\\/2019\\\/09\\\/encomena-hewlere.jpg\",\"datePublished\":\"2019-09-12T14:13:39+00:00\",\"dateModified\":\"2019-09-17T16:28:37+00:00\",\"breadcrumb\":{\"@id\":\"https:\\\/\\\/darkamazi.info\\\/archives\\\/1007022#breadcrumb\"},\"inLanguage\":\"en-US\",\"potentialAction\":[{\"@type\":\"ReadAction\",\"target\":[\"https:\\\/\\\/darkamazi.info\\\/archives\\\/1007022\"]}]},{\"@type\":\"ImageObject\",\"inLanguage\":\"en-US\",\"@id\":\"https:\\\/\\\/darkamazi.info\\\/archives\\\/1007022#primaryimage\",\"url\":\"https:\\\/\\\/darkamazi.info\\\/darka-content\\\/uploads\\\/2019\\\/09\\\/encomena-hewlere.jpg\",\"contentUrl\":\"https:\\\/\\\/darkamazi.info\\\/darka-content\\\/uploads\\\/2019\\\/09\\\/encomena-hewlere.jpg\",\"width\":2048,\"height\":1365},{\"@type\":\"BreadcrumbList\",\"@id\":\"https:\\\/\\\/darkamazi.info\\\/archives\\\/1007022#breadcrumb\",\"itemListElement\":[{\"@type\":\"ListItem\",\"position\":1,\"name\":\"Home\",\"item\":\"https:\\\/\\\/darkamazi.info\\\/\"},{\"@type\":\"ListItem\",\"position\":2,\"name\":\"Hewl\u00ear\u00ea par\u00eazgereke n\u00fb jibo xwe helbijart\"}]},{\"@type\":\"WebSite\",\"@id\":\"https:\\\/\\\/darkamazi.info\\\/#website\",\"url\":\"https:\\\/\\\/darkamazi.info\\\/\",\"name\":\"Darka Maz\u00ee\",\"description\":\"P\u00eageha Zanyariy\u00ean Nebih\u00eest\u00ee\",\"publisher\":{\"@id\":\"https:\\\/\\\/darkamazi.info\\\/#organization\"},\"potentialAction\":[{\"@type\":\"SearchAction\",\"target\":{\"@type\":\"EntryPoint\",\"urlTemplate\":\"https:\\\/\\\/darkamazi.info\\\/?s={search_term_string}\"},\"query-input\":{\"@type\":\"PropertyValueSpecification\",\"valueRequired\":true,\"valueName\":\"search_term_string\"}}],\"inLanguage\":\"en-US\"},{\"@type\":\"Organization\",\"@id\":\"https:\\\/\\\/darkamazi.info\\\/#organization\",\"name\":\"Darka Maz\u00ee\",\"url\":\"https:\\\/\\\/darkamazi.info\\\/\",\"logo\":{\"@type\":\"ImageObject\",\"inLanguage\":\"en-US\",\"@id\":\"https:\\\/\\\/darkamazi.info\\\/#\\\/schema\\\/logo\\\/image\\\/\",\"url\":\"https:\\\/\\\/darkamazi.info\\\/darka-content\\\/uploads\\\/2017\\\/12\\\/darka-mazi-logo.png\",\"contentUrl\":\"https:\\\/\\\/darkamazi.info\\\/darka-content\\\/uploads\\\/2017\\\/12\\\/darka-mazi-logo.png\",\"width\":151,\"height\":75,\"caption\":\"Darka Maz\u00ee\"},\"image\":{\"@id\":\"https:\\\/\\\/darkamazi.info\\\/#\\\/schema\\\/logo\\\/image\\\/\"},\"sameAs\":[\"https:\\\/\\\/www.facebook.com\\\/DarMaziKurmanci\",\"https:\\\/\\\/x.com\\\/DarkaMaziLatini\",\"https:\\\/\\\/www.instagram.com\\\/darkamazi.kurmanci\\\/\",\"https:\\\/\\\/www.youtube.com\\\/channel\\\/UCa5HkTdmI8U1qCUFuTw8B2g\"]},{\"@type\":\"Person\",\"@id\":\"https:\\\/\\\/darkamazi.info\\\/#\\\/schema\\\/person\\\/5ad3e24553a0567993fa8ed4bd0a776c\",\"name\":\"darka mazi\",\"sameAs\":[\"https:\\\/\\\/darkamazi.info\\\/\"],\"url\":\"https:\\\/\\\/darkamazi.info\\\/archives\\\/author\\\/kurdi\"}]}<\/script>\n<!-- \/ Yoast SEO plugin. -->","seo_head_json":{"title":"Hewl\u00ear\u00ea par\u00eazgereke n\u00fb jibo xwe helbijart - Darka Maz\u00ee","robots":{"index":"index","follow":"follow","max-snippet":"max-snippet:-1","max-image-preview":"max-image-preview:large","max-video-preview":"max-video-preview:-1"},"canonical":"https:\/\/darkamazi.info\/archives\/1007022","og_locale":"en_US","og_type":"article","og_title":"Hewl\u00ear\u00ea par\u00eazgereke n\u00fb jibo xwe helbijart - Darka Maz\u00ee","og_description":"Enc\u00fbmena par\u00eazgeh\u00ee a Hewl\u00ear\u00ea, pay\u00eetexta her\u00eama ba\u015f\u00fbr\u00ea Kurdistan\u00ea, \u00eero civ\u00eeya \u00fb par\u00eazgereke n\u00fb li \u015f\u00fbna Newzad Had\u00ee, \u00ea par\u00eazger\u00ea niha, hilbijart. \u00cero roja p\u00eanc \u015fem\u00ee enc\u00fbmena par\u00eazgeh\u00ee a Hewl\u00ear\u00ea, jibo hilbijartina par\u00eazgereke n\u00fb civ\u00eeya, di civ\u00een\u00ea de \u00fb bi dengdana endam\u00ean enc\u00fbmen\u00ea, D. Ferset Sof\u00ee, namzed\u00ea firaks\u00eeyona parta demokrat a Kurdistan\u00ea, ku firaks\u00eeyona her\u00ee mezin [&hellip;]","og_url":"https:\/\/darkamazi.info\/archives\/1007022","og_site_name":"Darka Maz\u00ee","article_publisher":"https:\/\/www.facebook.com\/DarMaziKurmanci","article_published_time":"2019-09-12T14:13:39+00:00","article_modified_time":"2019-09-17T16:28:37+00:00","og_image":[{"width":2048,"height":1365,"url":"https:\/\/darkamazi.info\/file\/2019\/09\/encomena-hewlere.jpg","type":"image\/jpeg"}],"author":"darka mazi","twitter_card":"summary_large_image","twitter_image":"https:\/\/darkamazi.info\/file\/2019\/09\/encomena-hewlere.jpg","twitter_creator":"@DarkaMaziLatini","twitter_site":"@DarkaMaziLatini","twitter_misc":{"Written by":"darka mazi","Est. reading time":"1 minute"},"schema":{"@context":"https:\/\/schema.org","@graph":[{"@type":"Article","@id":"https:\/\/darkamazi.info\/archives\/1007022#article","isPartOf":{"@id":"https:\/\/darkamazi.info\/archives\/1007022"},"author":{"name":"darka mazi","@id":"https:\/\/darkamazi.info\/#\/schema\/person\/5ad3e24553a0567993fa8ed4bd0a776c"},"headline":"Hewl\u00ear\u00ea par\u00eazgereke n\u00fb jibo xwe helbijart","datePublished":"2019-09-12T14:13:39+00:00","dateModified":"2019-09-17T16:28:37+00:00","mainEntityOfPage":{"@id":"https:\/\/darkamazi.info\/archives\/1007022"},"wordCount":173,"publisher":{"@id":"https:\/\/darkamazi.info\/#organization"},"image":{"@id":"https:\/\/darkamazi.info\/archives\/1007022#primaryimage"},"thumbnailUrl":"https:\/\/darkamazi.info\/file\/2019\/09\/encomena-hewlere.jpg","articleSection":["Kurdistan"],"inLanguage":"en-US"},{"@type":"WebPage","@id":"https:\/\/darkamazi.info\/archives\/1007022","url":"https:\/\/darkamazi.info\/archives\/1007022","name":"Hewl\u00ear\u00ea par\u00eazgereke n\u00fb jibo xwe helbijart - Darka Maz\u00ee","isPartOf":{"@id":"https:\/\/darkamazi.info\/#website"},"primaryImageOfPage":{"@id":"https:\/\/darkamazi.info\/archives\/1007022#primaryimage"},"image":{"@id":"https:\/\/darkamazi.info\/archives\/1007022#primaryimage"},"thumbnailUrl":"https:\/\/darkamazi.info\/file\/2019\/09\/encomena-hewlere.jpg","datePublished":"2019-09-12T14:13:39+00:00","dateModified":"2019-09-17T16:28:37+00:00","breadcrumb":{"@id":"https:\/\/darkamazi.info\/archives\/1007022#breadcrumb"},"inLanguage":"en-US","potentialAction":[{"@type":"ReadAction","target":["https:\/\/darkamazi.info\/archives\/1007022"]}]},{"@type":"ImageObject","inLanguage":"en-US","@id":"https:\/\/darkamazi.info\/archives\/1007022#primaryimage","url":"https:\/\/darkamazi.info\/file\/2019\/09\/encomena-hewlere.jpg","contentUrl":"https:\/\/darkamazi.info\/file\/2019\/09\/encomena-hewlere.jpg","width":2048,"height":1365},{"@type":"BreadcrumbList","@id":"https:\/\/darkamazi.info\/archives\/1007022#breadcrumb","itemListElement":[{"@type":"ListItem","position":1,"name":"Home","item":"https:\/\/darkamazi.info\/"},{"@type":"ListItem","position":2,"name":"Hewl\u00ear\u00ea par\u00eazgereke n\u00fb jibo xwe helbijart"}]},{"@type":"WebSite","@id":"https:\/\/darkamazi.info\/#website","url":"https:\/\/darkamazi.info\/","name":"Darka Maz\u00ee","description":"P\u00eageha Zanyariy\u00ean Nebih\u00eest\u00ee","publisher":{"@id":"https:\/\/darkamazi.info\/#organization"},"potentialAction":[{"@type":"SearchAction","target":{"@type":"EntryPoint","urlTemplate":"https:\/\/darkamazi.info\/?s={search_term_string}"},"query-input":{"@type":"PropertyValueSpecification","valueRequired":true,"valueName":"search_term_string"}}],"inLanguage":"en-US"},{"@type":"Organization","@id":"https:\/\/darkamazi.info\/#organization","name":"Darka Maz\u00ee","url":"https:\/\/darkamazi.info\/","logo":{"@type":"ImageObject","inLanguage":"en-US","@id":"https:\/\/darkamazi.info\/#\/schema\/logo\/image\/","url":"https:\/\/darkamazi.info\/file\/2017\/12\/darka-mazi-logo.png","contentUrl":"https:\/\/darkamazi.info\/file\/2017\/12\/darka-mazi-logo.png","width":151,"height":75,"caption":"Darka Maz\u00ee"},"image":{"@id":"https:\/\/darkamazi.info\/#\/schema\/logo\/image\/"},"sameAs":["https:\/\/www.facebook.com\/DarMaziKurmanci","https:\/\/x.com\/DarkaMaziLatini","https:\/\/www.instagram.com\/darkamazi.kurmanci\/","https:\/\/www.youtube.com\/channel\/UCa5HkTdmI8U1qCUFuTw8B2g"]},{"@type":"Person","@id":"https:\/\/darkamazi.info\/#\/schema\/person\/5ad3e24553a0567993fa8ed4bd0a776c","name":"darka mazi","sameAs":["https:\/\/darkamazi.info\/"],"url":"https:\/\/darkamazi.info\/archives\/author\/kurdi"}]}},"_links":{"self":[{"href":"https:\/\/darkamazi.info\/funavuv\/wp\/v2\/posts\/1007022","targetHints":{"allow":["GET"]}}],"collection":[{"href":"https:\/\/darkamazi.info\/funavuv\/wp\/v2\/posts"}],"about":[{"href":"https:\/\/darkamazi.info\/funavuv\/wp\/v2\/types\/post"}],"author":[{"embeddable":true,"href":"https:\/\/darkamazi.info\/funavuv\/wp\/v2\/users\/2"}],"replies":[{"embeddable":true,"href":"https:\/\/darkamazi.info\/funavuv\/wp\/v2\/comments?post=1007022"}],"version-history":[{"count":0,"href":"https:\/\/darkamazi.info\/funavuv\/wp\/v2\/posts\/1007022\/revisions"}],"wp:featuredmedia":[{"embeddable":true,"href":"https:\/\/darkamazi.info\/funavuv\/wp\/v2\/media\/1007023"}],"wp:attachment":[{"href":"https:\/\/darkamazi.info\/funavuv\/wp\/v2\/media?parent=1007022"}],"wp:term":[{"taxonomy":"category","embeddable":true,"href":"https:\/\/darkamazi.info\/funavuv\/wp\/v2\/categories?post=1007022"},{"taxonomy":"post_tag","embeddable":true,"href":"https:\/\/darkamazi.info\/funavuv\/wp\/v2\/tags?post=1007022"}],"curies":[{"name":"wp","href":"https:\/\/api.w.org\/{rel}","templated":true}]}}