{"id":1007025,"date":"2019-09-12T17:29:01","date_gmt":"2019-09-12T14:29:01","guid":{"rendered":"https:\/\/darkamazi.info\/?p=1007025"},"modified":"2019-09-17T19:29:33","modified_gmt":"2019-09-17T16:29:33","slug":"rohani-pewiste-emerika-dest-ji-fisaran-berde","status":"publish","type":"post","link":"https:\/\/darkamazi.info\/archives\/1007025","title":{"rendered":"Rohan\u00ee: p\u00eawiste Emer\u00eeka dest ji fi\u015faran berde"},"content":{"rendered":"<h3><strong>Serok\u00ea \u00ceran\u00ea ho\u015fdar\u00ee dan Emer\u00eekay\u00ea \u00fb xwast ew welat dest ji fi\u015far \u00fb dorp\u00ea\u00e7an berde ku bi ner\u00eena wan, qazanca fi\u015faran tuneye<\/strong>.<\/h3>\n<h3>Hesen Rohan\u00ee, Serok\u00ea komara \u00eeslam\u00eeya \u00ceran\u00ea \u00eero di peyvek\u00ea de ku kenala ferm\u00ee a dewlet\u00ea pex\u015fa w\u00ea kir got: \u00ead\u00ee \u00ceran w\u00ea dest ji pabend b\u00fbna xwe bi bend\u00ean lihevhatina navok\u00ee a li gel welat\u00ean p\u00eanc ku y\u00eak\u00ea berde.<\/h3>\n<h3>Serok\u00ea \u00ceran\u00ea ho\u015fdar\u00ee j\u00ee dan Emer\u00eekay\u00ea \u00fb ji \u00eedareya w\u00ea xwast dest ji s\u00eeyaseta fi\u015far xistna ser \u00ceran\u00ea berde.<\/h3>\n<h3>Rohan\u00ee dib\u00eaje: Tehran w\u00ea li gurey p\u00eaw\u00eest\u00eeya xwe pabend b\u00fbna bi lihevhatina navok\u00ee a sala 2015\u00a0 k\u00eam bike.<\/h3>\n<h3>Serok\u00ea Emer\u00eekay\u00ea ber\u00eeya niha dab\u00fb xweya kirin ku ewan t\u00fb giriftek n\u00eene eger li gel Rohan\u00ee de hevd\u00eetn\u00ea p\u00eakb\u00eenin, li himber de \u00ceran\u00ea e\u015fkere kirb\u00fb ku wan t\u00fb n\u00eeyazek jibo dest p\u00ea kirina gotub\u00eaj\u00ean li gel Emer\u00eekay\u00ea de n\u00eene.<\/h3>\n","protected":false},"excerpt":{"rendered":"<p>Serok\u00ea \u00ceran\u00ea ho\u015fdar\u00ee dan Emer\u00eekay\u00ea \u00fb xwast ew welat dest ji fi\u015far \u00fb dorp\u00ea\u00e7an berde ku bi ner\u00eena wan, qazanca fi\u015faran tuneye. Hesen Rohan\u00ee, Serok\u00ea komara \u00eeslam\u00eeya \u00ceran\u00ea \u00eero di peyvek\u00ea de ku kenala ferm\u00ee a dewlet\u00ea pex\u015fa w\u00ea kir got: \u00ead\u00ee \u00ceran w\u00ea dest ji pabend b\u00fbna xwe bi bend\u00ean lihevhatina navok\u00ee a li [&hellip;]<\/p>\n","protected":false},"author":2,"featured_media":1007026,"comment_status":"closed","ping_status":"closed","sticky":false,"template":"","format":"standard","meta":{"footnotes":""},"categories":[31],"tags":[],"class_list":["post-1007025","post","type-post","status-publish","format-standard","has-post-thumbnail","hentry","category-rojhelata-navin"],"blocksy_meta":[],"seo_head":"<!-- This site is optimized with the Yoast SEO plugin v27.5 - https:\/\/yoast.com\/product\/yoast-seo-wordpress\/ -->\n<title>Rohan\u00ee: p\u00eawiste Emer\u00eeka dest ji fi\u015faran berde - Darka Maz\u00ee<\/title>\n<meta name=\"robots\" content=\"index, follow, max-snippet:-1, max-image-preview:large, max-video-preview:-1\" \/>\n<link rel=\"canonical\" href=\"https:\/\/darkamazi.info\/archives\/1007025\" \/>\n<meta property=\"og:locale\" content=\"en_US\" \/>\n<meta property=\"og:type\" content=\"article\" \/>\n<meta property=\"og:title\" content=\"Rohan\u00ee: p\u00eawiste Emer\u00eeka dest ji fi\u015faran berde - Darka Maz\u00ee\" \/>\n<meta property=\"og:description\" content=\"Serok\u00ea \u00ceran\u00ea ho\u015fdar\u00ee dan Emer\u00eekay\u00ea \u00fb xwast ew welat dest ji fi\u015far \u00fb dorp\u00ea\u00e7an berde ku bi ner\u00eena wan, qazanca fi\u015faran tuneye. Hesen Rohan\u00ee, Serok\u00ea komara \u00eeslam\u00eeya \u00ceran\u00ea \u00eero di peyvek\u00ea de ku kenala ferm\u00ee a dewlet\u00ea pex\u015fa w\u00ea kir got: \u00ead\u00ee \u00ceran w\u00ea dest ji pabend b\u00fbna xwe bi bend\u00ean lihevhatina navok\u00ee a li [&hellip;]\" \/>\n<meta property=\"og:url\" content=\"https:\/\/darkamazi.info\/archives\/1007025\" \/>\n<meta property=\"og:site_name\" content=\"Darka Maz\u00ee\" \/>\n<meta property=\"article:publisher\" content=\"https:\/\/www.facebook.com\/DarMaziKurmanci\" \/>\n<meta property=\"article:published_time\" content=\"2019-09-12T14:29:01+00:00\" \/>\n<meta property=\"article:modified_time\" content=\"2019-09-17T16:29:33+00:00\" \/>\n<meta property=\"og:image\" content=\"https:\/\/darkamazi.info\/file\/2019\/09\/rohsni.jpg\" \/>\n\t<meta property=\"og:image:width\" content=\"1023\" \/>\n\t<meta property=\"og:image:height\" content=\"575\" \/>\n\t<meta property=\"og:image:type\" content=\"image\/jpeg\" \/>\n<meta name=\"author\" content=\"darka mazi\" \/>\n<meta name=\"twitter:card\" content=\"summary_large_image\" \/>\n<meta name=\"twitter:image\" content=\"https:\/\/darkamazi.info\/file\/2019\/09\/rohsni.jpg\" \/>\n<meta name=\"twitter:creator\" content=\"@DarkaMaziLatini\" \/>\n<meta name=\"twitter:site\" content=\"@DarkaMaziLatini\" \/>\n<meta name=\"twitter:label1\" content=\"Written by\" \/>\n\t<meta name=\"twitter:data1\" content=\"darka mazi\" \/>\n\t<meta name=\"twitter:label2\" content=\"Est. reading time\" \/>\n\t<meta name=\"twitter:data2\" content=\"1 minute\" \/>\n<script type=\"application\/ld+json\" class=\"seo-schema-graph\">{\"@context\":\"https:\\\/\\\/schema.org\",\"@graph\":[{\"@type\":\"Article\",\"@id\":\"https:\\\/\\\/darkamazi.info\\\/archives\\\/1007025#article\",\"isPartOf\":{\"@id\":\"https:\\\/\\\/darkamazi.info\\\/archives\\\/1007025\"},\"author\":{\"name\":\"darka mazi\",\"@id\":\"https:\\\/\\\/darkamazi.info\\\/#\\\/schema\\\/person\\\/5ad3e24553a0567993fa8ed4bd0a776c\"},\"headline\":\"Rohan\u00ee: p\u00eawiste Emer\u00eeka dest ji fi\u015faran berde\",\"datePublished\":\"2019-09-12T14:29:01+00:00\",\"dateModified\":\"2019-09-17T16:29:33+00:00\",\"mainEntityOfPage\":{\"@id\":\"https:\\\/\\\/darkamazi.info\\\/archives\\\/1007025\"},\"wordCount\":178,\"publisher\":{\"@id\":\"https:\\\/\\\/darkamazi.info\\\/#organization\"},\"image\":{\"@id\":\"https:\\\/\\\/darkamazi.info\\\/archives\\\/1007025#primaryimage\"},\"thumbnailUrl\":\"https:\\\/\\\/darkamazi.info\\\/darka-content\\\/uploads\\\/2019\\\/09\\\/rohsni.jpg\",\"articleSection\":[\"Rojhelata nav\u00een\"],\"inLanguage\":\"en-US\"},{\"@type\":\"WebPage\",\"@id\":\"https:\\\/\\\/darkamazi.info\\\/archives\\\/1007025\",\"url\":\"https:\\\/\\\/darkamazi.info\\\/archives\\\/1007025\",\"name\":\"Rohan\u00ee: p\u00eawiste Emer\u00eeka dest ji fi\u015faran berde - Darka Maz\u00ee\",\"isPartOf\":{\"@id\":\"https:\\\/\\\/darkamazi.info\\\/#website\"},\"primaryImageOfPage\":{\"@id\":\"https:\\\/\\\/darkamazi.info\\\/archives\\\/1007025#primaryimage\"},\"image\":{\"@id\":\"https:\\\/\\\/darkamazi.info\\\/archives\\\/1007025#primaryimage\"},\"thumbnailUrl\":\"https:\\\/\\\/darkamazi.info\\\/darka-content\\\/uploads\\\/2019\\\/09\\\/rohsni.jpg\",\"datePublished\":\"2019-09-12T14:29:01+00:00\",\"dateModified\":\"2019-09-17T16:29:33+00:00\",\"breadcrumb\":{\"@id\":\"https:\\\/\\\/darkamazi.info\\\/archives\\\/1007025#breadcrumb\"},\"inLanguage\":\"en-US\",\"potentialAction\":[{\"@type\":\"ReadAction\",\"target\":[\"https:\\\/\\\/darkamazi.info\\\/archives\\\/1007025\"]}]},{\"@type\":\"ImageObject\",\"inLanguage\":\"en-US\",\"@id\":\"https:\\\/\\\/darkamazi.info\\\/archives\\\/1007025#primaryimage\",\"url\":\"https:\\\/\\\/darkamazi.info\\\/darka-content\\\/uploads\\\/2019\\\/09\\\/rohsni.jpg\",\"contentUrl\":\"https:\\\/\\\/darkamazi.info\\\/darka-content\\\/uploads\\\/2019\\\/09\\\/rohsni.jpg\",\"width\":1023,\"height\":575},{\"@type\":\"BreadcrumbList\",\"@id\":\"https:\\\/\\\/darkamazi.info\\\/archives\\\/1007025#breadcrumb\",\"itemListElement\":[{\"@type\":\"ListItem\",\"position\":1,\"name\":\"Home\",\"item\":\"https:\\\/\\\/darkamazi.info\\\/\"},{\"@type\":\"ListItem\",\"position\":2,\"name\":\"Rohan\u00ee: p\u00eawiste Emer\u00eeka dest ji fi\u015faran berde\"}]},{\"@type\":\"WebSite\",\"@id\":\"https:\\\/\\\/darkamazi.info\\\/#website\",\"url\":\"https:\\\/\\\/darkamazi.info\\\/\",\"name\":\"Darka Maz\u00ee\",\"description\":\"P\u00eageha Zanyariy\u00ean Nebih\u00eest\u00ee\",\"publisher\":{\"@id\":\"https:\\\/\\\/darkamazi.info\\\/#organization\"},\"potentialAction\":[{\"@type\":\"SearchAction\",\"target\":{\"@type\":\"EntryPoint\",\"urlTemplate\":\"https:\\\/\\\/darkamazi.info\\\/?s={search_term_string}\"},\"query-input\":{\"@type\":\"PropertyValueSpecification\",\"valueRequired\":true,\"valueName\":\"search_term_string\"}}],\"inLanguage\":\"en-US\"},{\"@type\":\"Organization\",\"@id\":\"https:\\\/\\\/darkamazi.info\\\/#organization\",\"name\":\"Darka Maz\u00ee\",\"url\":\"https:\\\/\\\/darkamazi.info\\\/\",\"logo\":{\"@type\":\"ImageObject\",\"inLanguage\":\"en-US\",\"@id\":\"https:\\\/\\\/darkamazi.info\\\/#\\\/schema\\\/logo\\\/image\\\/\",\"url\":\"https:\\\/\\\/darkamazi.info\\\/darka-content\\\/uploads\\\/2017\\\/12\\\/darka-mazi-logo.png\",\"contentUrl\":\"https:\\\/\\\/darkamazi.info\\\/darka-content\\\/uploads\\\/2017\\\/12\\\/darka-mazi-logo.png\",\"width\":151,\"height\":75,\"caption\":\"Darka Maz\u00ee\"},\"image\":{\"@id\":\"https:\\\/\\\/darkamazi.info\\\/#\\\/schema\\\/logo\\\/image\\\/\"},\"sameAs\":[\"https:\\\/\\\/www.facebook.com\\\/DarMaziKurmanci\",\"https:\\\/\\\/x.com\\\/DarkaMaziLatini\",\"https:\\\/\\\/www.instagram.com\\\/darkamazi.kurmanci\\\/\",\"https:\\\/\\\/www.youtube.com\\\/channel\\\/UCa5HkTdmI8U1qCUFuTw8B2g\"]},{\"@type\":\"Person\",\"@id\":\"https:\\\/\\\/darkamazi.info\\\/#\\\/schema\\\/person\\\/5ad3e24553a0567993fa8ed4bd0a776c\",\"name\":\"darka mazi\",\"sameAs\":[\"https:\\\/\\\/darkamazi.info\\\/\"],\"url\":\"https:\\\/\\\/darkamazi.info\\\/archives\\\/author\\\/kurdi\"}]}<\/script>\n<!-- \/ Yoast SEO plugin. -->","seo_head_json":{"title":"Rohan\u00ee: p\u00eawiste Emer\u00eeka dest ji fi\u015faran berde - Darka Maz\u00ee","robots":{"index":"index","follow":"follow","max-snippet":"max-snippet:-1","max-image-preview":"max-image-preview:large","max-video-preview":"max-video-preview:-1"},"canonical":"https:\/\/darkamazi.info\/archives\/1007025","og_locale":"en_US","og_type":"article","og_title":"Rohan\u00ee: p\u00eawiste Emer\u00eeka dest ji fi\u015faran berde - Darka Maz\u00ee","og_description":"Serok\u00ea \u00ceran\u00ea ho\u015fdar\u00ee dan Emer\u00eekay\u00ea \u00fb xwast ew welat dest ji fi\u015far \u00fb dorp\u00ea\u00e7an berde ku bi ner\u00eena wan, qazanca fi\u015faran tuneye. Hesen Rohan\u00ee, Serok\u00ea komara \u00eeslam\u00eeya \u00ceran\u00ea \u00eero di peyvek\u00ea de ku kenala ferm\u00ee a dewlet\u00ea pex\u015fa w\u00ea kir got: \u00ead\u00ee \u00ceran w\u00ea dest ji pabend b\u00fbna xwe bi bend\u00ean lihevhatina navok\u00ee a li [&hellip;]","og_url":"https:\/\/darkamazi.info\/archives\/1007025","og_site_name":"Darka Maz\u00ee","article_publisher":"https:\/\/www.facebook.com\/DarMaziKurmanci","article_published_time":"2019-09-12T14:29:01+00:00","article_modified_time":"2019-09-17T16:29:33+00:00","og_image":[{"width":1023,"height":575,"url":"https:\/\/darkamazi.info\/file\/2019\/09\/rohsni.jpg","type":"image\/jpeg"}],"author":"darka mazi","twitter_card":"summary_large_image","twitter_image":"https:\/\/darkamazi.info\/file\/2019\/09\/rohsni.jpg","twitter_creator":"@DarkaMaziLatini","twitter_site":"@DarkaMaziLatini","twitter_misc":{"Written by":"darka mazi","Est. reading time":"1 minute"},"schema":{"@context":"https:\/\/schema.org","@graph":[{"@type":"Article","@id":"https:\/\/darkamazi.info\/archives\/1007025#article","isPartOf":{"@id":"https:\/\/darkamazi.info\/archives\/1007025"},"author":{"name":"darka mazi","@id":"https:\/\/darkamazi.info\/#\/schema\/person\/5ad3e24553a0567993fa8ed4bd0a776c"},"headline":"Rohan\u00ee: p\u00eawiste Emer\u00eeka dest ji fi\u015faran berde","datePublished":"2019-09-12T14:29:01+00:00","dateModified":"2019-09-17T16:29:33+00:00","mainEntityOfPage":{"@id":"https:\/\/darkamazi.info\/archives\/1007025"},"wordCount":178,"publisher":{"@id":"https:\/\/darkamazi.info\/#organization"},"image":{"@id":"https:\/\/darkamazi.info\/archives\/1007025#primaryimage"},"thumbnailUrl":"https:\/\/darkamazi.info\/file\/2019\/09\/rohsni.jpg","articleSection":["Rojhelata nav\u00een"],"inLanguage":"en-US"},{"@type":"WebPage","@id":"https:\/\/darkamazi.info\/archives\/1007025","url":"https:\/\/darkamazi.info\/archives\/1007025","name":"Rohan\u00ee: p\u00eawiste Emer\u00eeka dest ji fi\u015faran berde - Darka Maz\u00ee","isPartOf":{"@id":"https:\/\/darkamazi.info\/#website"},"primaryImageOfPage":{"@id":"https:\/\/darkamazi.info\/archives\/1007025#primaryimage"},"image":{"@id":"https:\/\/darkamazi.info\/archives\/1007025#primaryimage"},"thumbnailUrl":"https:\/\/darkamazi.info\/file\/2019\/09\/rohsni.jpg","datePublished":"2019-09-12T14:29:01+00:00","dateModified":"2019-09-17T16:29:33+00:00","breadcrumb":{"@id":"https:\/\/darkamazi.info\/archives\/1007025#breadcrumb"},"inLanguage":"en-US","potentialAction":[{"@type":"ReadAction","target":["https:\/\/darkamazi.info\/archives\/1007025"]}]},{"@type":"ImageObject","inLanguage":"en-US","@id":"https:\/\/darkamazi.info\/archives\/1007025#primaryimage","url":"https:\/\/darkamazi.info\/file\/2019\/09\/rohsni.jpg","contentUrl":"https:\/\/darkamazi.info\/file\/2019\/09\/rohsni.jpg","width":1023,"height":575},{"@type":"BreadcrumbList","@id":"https:\/\/darkamazi.info\/archives\/1007025#breadcrumb","itemListElement":[{"@type":"ListItem","position":1,"name":"Home","item":"https:\/\/darkamazi.info\/"},{"@type":"ListItem","position":2,"name":"Rohan\u00ee: p\u00eawiste Emer\u00eeka dest ji fi\u015faran berde"}]},{"@type":"WebSite","@id":"https:\/\/darkamazi.info\/#website","url":"https:\/\/darkamazi.info\/","name":"Darka Maz\u00ee","description":"P\u00eageha Zanyariy\u00ean Nebih\u00eest\u00ee","publisher":{"@id":"https:\/\/darkamazi.info\/#organization"},"potentialAction":[{"@type":"SearchAction","target":{"@type":"EntryPoint","urlTemplate":"https:\/\/darkamazi.info\/?s={search_term_string}"},"query-input":{"@type":"PropertyValueSpecification","valueRequired":true,"valueName":"search_term_string"}}],"inLanguage":"en-US"},{"@type":"Organization","@id":"https:\/\/darkamazi.info\/#organization","name":"Darka Maz\u00ee","url":"https:\/\/darkamazi.info\/","logo":{"@type":"ImageObject","inLanguage":"en-US","@id":"https:\/\/darkamazi.info\/#\/schema\/logo\/image\/","url":"https:\/\/darkamazi.info\/file\/2017\/12\/darka-mazi-logo.png","contentUrl":"https:\/\/darkamazi.info\/file\/2017\/12\/darka-mazi-logo.png","width":151,"height":75,"caption":"Darka Maz\u00ee"},"image":{"@id":"https:\/\/darkamazi.info\/#\/schema\/logo\/image\/"},"sameAs":["https:\/\/www.facebook.com\/DarMaziKurmanci","https:\/\/x.com\/DarkaMaziLatini","https:\/\/www.instagram.com\/darkamazi.kurmanci\/","https:\/\/www.youtube.com\/channel\/UCa5HkTdmI8U1qCUFuTw8B2g"]},{"@type":"Person","@id":"https:\/\/darkamazi.info\/#\/schema\/person\/5ad3e24553a0567993fa8ed4bd0a776c","name":"darka mazi","sameAs":["https:\/\/darkamazi.info\/"],"url":"https:\/\/darkamazi.info\/archives\/author\/kurdi"}]}},"_links":{"self":[{"href":"https:\/\/darkamazi.info\/funavuv\/wp\/v2\/posts\/1007025","targetHints":{"allow":["GET"]}}],"collection":[{"href":"https:\/\/darkamazi.info\/funavuv\/wp\/v2\/posts"}],"about":[{"href":"https:\/\/darkamazi.info\/funavuv\/wp\/v2\/types\/post"}],"author":[{"embeddable":true,"href":"https:\/\/darkamazi.info\/funavuv\/wp\/v2\/users\/2"}],"replies":[{"embeddable":true,"href":"https:\/\/darkamazi.info\/funavuv\/wp\/v2\/comments?post=1007025"}],"version-history":[{"count":0,"href":"https:\/\/darkamazi.info\/funavuv\/wp\/v2\/posts\/1007025\/revisions"}],"wp:featuredmedia":[{"embeddable":true,"href":"https:\/\/darkamazi.info\/funavuv\/wp\/v2\/media\/1007026"}],"wp:attachment":[{"href":"https:\/\/darkamazi.info\/funavuv\/wp\/v2\/media?parent=1007025"}],"wp:term":[{"taxonomy":"category","embeddable":true,"href":"https:\/\/darkamazi.info\/funavuv\/wp\/v2\/categories?post=1007025"},{"taxonomy":"post_tag","embeddable":true,"href":"https:\/\/darkamazi.info\/funavuv\/wp\/v2\/tags?post=1007025"}],"curies":[{"name":"wp","href":"https:\/\/api.w.org\/{rel}","templated":true}]}}