{"id":1007029,"date":"2019-09-12T17:42:33","date_gmt":"2019-09-12T14:42:33","guid":{"rendered":"https:\/\/darkamazi.info\/?p=1007029"},"modified":"2019-09-17T19:30:49","modified_gmt":"2019-09-17T16:30:49","slug":"fermandaren-emeriki-hatin-ruhaye-2","status":"publish","type":"post","link":"https:\/\/darkamazi.info\/archives\/1007029","title":{"rendered":"Fermandar\u00ean Emer\u00eek\u00ee hatin Ruhay\u00ea"},"content":{"rendered":"<h3><strong>Al\u00eekar\u00ea fermandar\u00ea h\u00eaz\u00ean Ewropay\u00ea a Emer\u00eekay\u00ea general Stephen Tut\u00ee \u00fb al\u00eekar\u00ea fermandar\u00ea h\u00eaz\u00ean navenda Emer\u00eekay\u00ea general Tomas bergeson ji bo ku li ser s\u00eenor\u00ea S\u00fbr\u00eey\u00ea l\u00eakol\u00eenan bikin hatin Ruhay\u00ea.<\/strong><\/h3>\n<h3>General Stephen Tut\u00ee, Tomas bergeson \u00fb heyeta Emer\u00eek\u00ee Pi\u015ft\u00ee hevd\u00eetin\u00ean li Enqer\u00ea bi balefireke tay\u00eebet ve hatin balefirgeha Gap\u00ea a ruhay\u00ea.<\/h3>\n<h3>Endam\u00ean heyeta arte\u015fa Tirkiy\u00ea p\u00ea\u015fwaz\u00ee l\u00ea kirin \u00fb bi karwanek\u00ea ku ji 10 Otomb\u00eela p\u00eak t\u00ea ber bi nav\u00e7eya Ak\u00e7akale a li ser s\u00eenor\u00ea S\u00fbr\u00eey\u00ea bi r\u00ea ketin.<\/h3>\n<h3>Hat ragihandin ku general Stephen Tut\u00ee \u00fb Thomas bergeson w\u00ea li navenda operas\u00eeyona hevpara yekgirt\u00ee a ku ji bo her\u00eama Bewle li Ak\u00e7akale y\u00ea hat\u00eeye avakirin bi heyeta arte\u015fa Tirkiy\u00ea re hevd\u00eetinan bikin.<\/h3>\n","protected":false},"excerpt":{"rendered":"<p>Al\u00eekar\u00ea fermandar\u00ea h\u00eaz\u00ean Ewropay\u00ea a Emer\u00eekay\u00ea general Stephen Tut\u00ee \u00fb al\u00eekar\u00ea fermandar\u00ea h\u00eaz\u00ean navenda Emer\u00eekay\u00ea general Tomas bergeson ji bo ku li ser s\u00eenor\u00ea S\u00fbr\u00eey\u00ea l\u00eakol\u00eenan bikin hatin Ruhay\u00ea. General Stephen Tut\u00ee, Tomas bergeson \u00fb heyeta Emer\u00eek\u00ee Pi\u015ft\u00ee hevd\u00eetin\u00ean li Enqer\u00ea bi balefireke tay\u00eebet ve hatin balefirgeha Gap\u00ea a ruhay\u00ea. Endam\u00ean heyeta arte\u015fa Tirkiy\u00ea p\u00ea\u015fwaz\u00ee [&hellip;]<\/p>\n","protected":false},"author":2,"featured_media":1007030,"comment_status":"closed","ping_status":"closed","sticky":false,"template":"","format":"standard","meta":{"footnotes":""},"categories":[31],"tags":[],"class_list":["post-1007029","post","type-post","status-publish","format-standard","has-post-thumbnail","hentry","category-rojhelata-navin"],"blocksy_meta":[],"seo_head":"<!-- This site is optimized with the Yoast SEO plugin v27.5 - https:\/\/yoast.com\/product\/yoast-seo-wordpress\/ -->\n<title>Fermandar\u00ean Emer\u00eek\u00ee hatin Ruhay\u00ea - Darka Maz\u00ee<\/title>\n<meta name=\"robots\" content=\"index, follow, max-snippet:-1, max-image-preview:large, max-video-preview:-1\" \/>\n<link rel=\"canonical\" href=\"https:\/\/darkamazi.info\/archives\/1007029\" \/>\n<meta property=\"og:locale\" content=\"en_US\" \/>\n<meta property=\"og:type\" content=\"article\" \/>\n<meta property=\"og:title\" content=\"Fermandar\u00ean Emer\u00eek\u00ee hatin Ruhay\u00ea - Darka Maz\u00ee\" \/>\n<meta property=\"og:description\" content=\"Al\u00eekar\u00ea fermandar\u00ea h\u00eaz\u00ean Ewropay\u00ea a Emer\u00eekay\u00ea general Stephen Tut\u00ee \u00fb al\u00eekar\u00ea fermandar\u00ea h\u00eaz\u00ean navenda Emer\u00eekay\u00ea general Tomas bergeson ji bo ku li ser s\u00eenor\u00ea S\u00fbr\u00eey\u00ea l\u00eakol\u00eenan bikin hatin Ruhay\u00ea. General Stephen Tut\u00ee, Tomas bergeson \u00fb heyeta Emer\u00eek\u00ee Pi\u015ft\u00ee hevd\u00eetin\u00ean li Enqer\u00ea bi balefireke tay\u00eebet ve hatin balefirgeha Gap\u00ea a ruhay\u00ea. Endam\u00ean heyeta arte\u015fa Tirkiy\u00ea p\u00ea\u015fwaz\u00ee [&hellip;]\" \/>\n<meta property=\"og:url\" content=\"https:\/\/darkamazi.info\/archives\/1007029\" \/>\n<meta property=\"og:site_name\" content=\"Darka Maz\u00ee\" \/>\n<meta property=\"article:publisher\" content=\"https:\/\/www.facebook.com\/DarMaziKurmanci\" \/>\n<meta property=\"article:published_time\" content=\"2019-09-12T14:42:33+00:00\" \/>\n<meta property=\"article:modified_time\" content=\"2019-09-17T16:30:49+00:00\" \/>\n<meta property=\"og:image\" content=\"https:\/\/darkamazi.info\/file\/2019\/09\/roha.jpg\" \/>\n\t<meta property=\"og:image:width\" content=\"1165\" \/>\n\t<meta property=\"og:image:height\" content=\"745\" \/>\n\t<meta property=\"og:image:type\" content=\"image\/jpeg\" \/>\n<meta name=\"author\" content=\"darka mazi\" \/>\n<meta name=\"twitter:card\" content=\"summary_large_image\" \/>\n<meta name=\"twitter:image\" content=\"https:\/\/darkamazi.info\/file\/2019\/09\/roha.jpg\" \/>\n<meta name=\"twitter:creator\" content=\"@DarkaMaziLatini\" \/>\n<meta name=\"twitter:site\" content=\"@DarkaMaziLatini\" \/>\n<meta name=\"twitter:label1\" content=\"Written by\" \/>\n\t<meta name=\"twitter:data1\" content=\"darka mazi\" \/>\n\t<meta name=\"twitter:label2\" content=\"Est. reading time\" \/>\n\t<meta name=\"twitter:data2\" content=\"1 minute\" \/>\n<script type=\"application\/ld+json\" class=\"seo-schema-graph\">{\"@context\":\"https:\\\/\\\/schema.org\",\"@graph\":[{\"@type\":\"Article\",\"@id\":\"https:\\\/\\\/darkamazi.info\\\/archives\\\/1007029#article\",\"isPartOf\":{\"@id\":\"https:\\\/\\\/darkamazi.info\\\/archives\\\/1007029\"},\"author\":{\"name\":\"darka mazi\",\"@id\":\"https:\\\/\\\/darkamazi.info\\\/#\\\/schema\\\/person\\\/5ad3e24553a0567993fa8ed4bd0a776c\"},\"headline\":\"Fermandar\u00ean Emer\u00eek\u00ee hatin Ruhay\u00ea\",\"datePublished\":\"2019-09-12T14:42:33+00:00\",\"dateModified\":\"2019-09-17T16:30:49+00:00\",\"mainEntityOfPage\":{\"@id\":\"https:\\\/\\\/darkamazi.info\\\/archives\\\/1007029\"},\"wordCount\":146,\"publisher\":{\"@id\":\"https:\\\/\\\/darkamazi.info\\\/#organization\"},\"image\":{\"@id\":\"https:\\\/\\\/darkamazi.info\\\/archives\\\/1007029#primaryimage\"},\"thumbnailUrl\":\"https:\\\/\\\/darkamazi.info\\\/darka-content\\\/uploads\\\/2019\\\/09\\\/roha.jpg\",\"articleSection\":[\"Rojhelata nav\u00een\"],\"inLanguage\":\"en-US\"},{\"@type\":\"WebPage\",\"@id\":\"https:\\\/\\\/darkamazi.info\\\/archives\\\/1007029\",\"url\":\"https:\\\/\\\/darkamazi.info\\\/archives\\\/1007029\",\"name\":\"Fermandar\u00ean Emer\u00eek\u00ee hatin Ruhay\u00ea - Darka Maz\u00ee\",\"isPartOf\":{\"@id\":\"https:\\\/\\\/darkamazi.info\\\/#website\"},\"primaryImageOfPage\":{\"@id\":\"https:\\\/\\\/darkamazi.info\\\/archives\\\/1007029#primaryimage\"},\"image\":{\"@id\":\"https:\\\/\\\/darkamazi.info\\\/archives\\\/1007029#primaryimage\"},\"thumbnailUrl\":\"https:\\\/\\\/darkamazi.info\\\/darka-content\\\/uploads\\\/2019\\\/09\\\/roha.jpg\",\"datePublished\":\"2019-09-12T14:42:33+00:00\",\"dateModified\":\"2019-09-17T16:30:49+00:00\",\"breadcrumb\":{\"@id\":\"https:\\\/\\\/darkamazi.info\\\/archives\\\/1007029#breadcrumb\"},\"inLanguage\":\"en-US\",\"potentialAction\":[{\"@type\":\"ReadAction\",\"target\":[\"https:\\\/\\\/darkamazi.info\\\/archives\\\/1007029\"]}]},{\"@type\":\"ImageObject\",\"inLanguage\":\"en-US\",\"@id\":\"https:\\\/\\\/darkamazi.info\\\/archives\\\/1007029#primaryimage\",\"url\":\"https:\\\/\\\/darkamazi.info\\\/darka-content\\\/uploads\\\/2019\\\/09\\\/roha.jpg\",\"contentUrl\":\"https:\\\/\\\/darkamazi.info\\\/darka-content\\\/uploads\\\/2019\\\/09\\\/roha.jpg\",\"width\":1165,\"height\":745},{\"@type\":\"BreadcrumbList\",\"@id\":\"https:\\\/\\\/darkamazi.info\\\/archives\\\/1007029#breadcrumb\",\"itemListElement\":[{\"@type\":\"ListItem\",\"position\":1,\"name\":\"Home\",\"item\":\"https:\\\/\\\/darkamazi.info\\\/\"},{\"@type\":\"ListItem\",\"position\":2,\"name\":\"Fermandar\u00ean Emer\u00eek\u00ee hatin Ruhay\u00ea\"}]},{\"@type\":\"WebSite\",\"@id\":\"https:\\\/\\\/darkamazi.info\\\/#website\",\"url\":\"https:\\\/\\\/darkamazi.info\\\/\",\"name\":\"Darka Maz\u00ee\",\"description\":\"P\u00eageha Zanyariy\u00ean Nebih\u00eest\u00ee\",\"publisher\":{\"@id\":\"https:\\\/\\\/darkamazi.info\\\/#organization\"},\"potentialAction\":[{\"@type\":\"SearchAction\",\"target\":{\"@type\":\"EntryPoint\",\"urlTemplate\":\"https:\\\/\\\/darkamazi.info\\\/?s={search_term_string}\"},\"query-input\":{\"@type\":\"PropertyValueSpecification\",\"valueRequired\":true,\"valueName\":\"search_term_string\"}}],\"inLanguage\":\"en-US\"},{\"@type\":\"Organization\",\"@id\":\"https:\\\/\\\/darkamazi.info\\\/#organization\",\"name\":\"Darka Maz\u00ee\",\"url\":\"https:\\\/\\\/darkamazi.info\\\/\",\"logo\":{\"@type\":\"ImageObject\",\"inLanguage\":\"en-US\",\"@id\":\"https:\\\/\\\/darkamazi.info\\\/#\\\/schema\\\/logo\\\/image\\\/\",\"url\":\"https:\\\/\\\/darkamazi.info\\\/darka-content\\\/uploads\\\/2017\\\/12\\\/darka-mazi-logo.png\",\"contentUrl\":\"https:\\\/\\\/darkamazi.info\\\/darka-content\\\/uploads\\\/2017\\\/12\\\/darka-mazi-logo.png\",\"width\":151,\"height\":75,\"caption\":\"Darka Maz\u00ee\"},\"image\":{\"@id\":\"https:\\\/\\\/darkamazi.info\\\/#\\\/schema\\\/logo\\\/image\\\/\"},\"sameAs\":[\"https:\\\/\\\/www.facebook.com\\\/DarMaziKurmanci\",\"https:\\\/\\\/x.com\\\/DarkaMaziLatini\",\"https:\\\/\\\/www.instagram.com\\\/darkamazi.kurmanci\\\/\",\"https:\\\/\\\/www.youtube.com\\\/channel\\\/UCa5HkTdmI8U1qCUFuTw8B2g\"]},{\"@type\":\"Person\",\"@id\":\"https:\\\/\\\/darkamazi.info\\\/#\\\/schema\\\/person\\\/5ad3e24553a0567993fa8ed4bd0a776c\",\"name\":\"darka mazi\",\"sameAs\":[\"https:\\\/\\\/darkamazi.info\\\/\"],\"url\":\"https:\\\/\\\/darkamazi.info\\\/archives\\\/author\\\/kurdi\"}]}<\/script>\n<!-- \/ Yoast SEO plugin. -->","seo_head_json":{"title":"Fermandar\u00ean Emer\u00eek\u00ee hatin Ruhay\u00ea - Darka Maz\u00ee","robots":{"index":"index","follow":"follow","max-snippet":"max-snippet:-1","max-image-preview":"max-image-preview:large","max-video-preview":"max-video-preview:-1"},"canonical":"https:\/\/darkamazi.info\/archives\/1007029","og_locale":"en_US","og_type":"article","og_title":"Fermandar\u00ean Emer\u00eek\u00ee hatin Ruhay\u00ea - Darka Maz\u00ee","og_description":"Al\u00eekar\u00ea fermandar\u00ea h\u00eaz\u00ean Ewropay\u00ea a Emer\u00eekay\u00ea general Stephen Tut\u00ee \u00fb al\u00eekar\u00ea fermandar\u00ea h\u00eaz\u00ean navenda Emer\u00eekay\u00ea general Tomas bergeson ji bo ku li ser s\u00eenor\u00ea S\u00fbr\u00eey\u00ea l\u00eakol\u00eenan bikin hatin Ruhay\u00ea. General Stephen Tut\u00ee, Tomas bergeson \u00fb heyeta Emer\u00eek\u00ee Pi\u015ft\u00ee hevd\u00eetin\u00ean li Enqer\u00ea bi balefireke tay\u00eebet ve hatin balefirgeha Gap\u00ea a ruhay\u00ea. Endam\u00ean heyeta arte\u015fa Tirkiy\u00ea p\u00ea\u015fwaz\u00ee [&hellip;]","og_url":"https:\/\/darkamazi.info\/archives\/1007029","og_site_name":"Darka Maz\u00ee","article_publisher":"https:\/\/www.facebook.com\/DarMaziKurmanci","article_published_time":"2019-09-12T14:42:33+00:00","article_modified_time":"2019-09-17T16:30:49+00:00","og_image":[{"width":1165,"height":745,"url":"https:\/\/darkamazi.info\/file\/2019\/09\/roha.jpg","type":"image\/jpeg"}],"author":"darka mazi","twitter_card":"summary_large_image","twitter_image":"https:\/\/darkamazi.info\/file\/2019\/09\/roha.jpg","twitter_creator":"@DarkaMaziLatini","twitter_site":"@DarkaMaziLatini","twitter_misc":{"Written by":"darka mazi","Est. reading time":"1 minute"},"schema":{"@context":"https:\/\/schema.org","@graph":[{"@type":"Article","@id":"https:\/\/darkamazi.info\/archives\/1007029#article","isPartOf":{"@id":"https:\/\/darkamazi.info\/archives\/1007029"},"author":{"name":"darka mazi","@id":"https:\/\/darkamazi.info\/#\/schema\/person\/5ad3e24553a0567993fa8ed4bd0a776c"},"headline":"Fermandar\u00ean Emer\u00eek\u00ee hatin Ruhay\u00ea","datePublished":"2019-09-12T14:42:33+00:00","dateModified":"2019-09-17T16:30:49+00:00","mainEntityOfPage":{"@id":"https:\/\/darkamazi.info\/archives\/1007029"},"wordCount":146,"publisher":{"@id":"https:\/\/darkamazi.info\/#organization"},"image":{"@id":"https:\/\/darkamazi.info\/archives\/1007029#primaryimage"},"thumbnailUrl":"https:\/\/darkamazi.info\/file\/2019\/09\/roha.jpg","articleSection":["Rojhelata nav\u00een"],"inLanguage":"en-US"},{"@type":"WebPage","@id":"https:\/\/darkamazi.info\/archives\/1007029","url":"https:\/\/darkamazi.info\/archives\/1007029","name":"Fermandar\u00ean Emer\u00eek\u00ee hatin Ruhay\u00ea - Darka Maz\u00ee","isPartOf":{"@id":"https:\/\/darkamazi.info\/#website"},"primaryImageOfPage":{"@id":"https:\/\/darkamazi.info\/archives\/1007029#primaryimage"},"image":{"@id":"https:\/\/darkamazi.info\/archives\/1007029#primaryimage"},"thumbnailUrl":"https:\/\/darkamazi.info\/file\/2019\/09\/roha.jpg","datePublished":"2019-09-12T14:42:33+00:00","dateModified":"2019-09-17T16:30:49+00:00","breadcrumb":{"@id":"https:\/\/darkamazi.info\/archives\/1007029#breadcrumb"},"inLanguage":"en-US","potentialAction":[{"@type":"ReadAction","target":["https:\/\/darkamazi.info\/archives\/1007029"]}]},{"@type":"ImageObject","inLanguage":"en-US","@id":"https:\/\/darkamazi.info\/archives\/1007029#primaryimage","url":"https:\/\/darkamazi.info\/file\/2019\/09\/roha.jpg","contentUrl":"https:\/\/darkamazi.info\/file\/2019\/09\/roha.jpg","width":1165,"height":745},{"@type":"BreadcrumbList","@id":"https:\/\/darkamazi.info\/archives\/1007029#breadcrumb","itemListElement":[{"@type":"ListItem","position":1,"name":"Home","item":"https:\/\/darkamazi.info\/"},{"@type":"ListItem","position":2,"name":"Fermandar\u00ean Emer\u00eek\u00ee hatin Ruhay\u00ea"}]},{"@type":"WebSite","@id":"https:\/\/darkamazi.info\/#website","url":"https:\/\/darkamazi.info\/","name":"Darka Maz\u00ee","description":"P\u00eageha Zanyariy\u00ean Nebih\u00eest\u00ee","publisher":{"@id":"https:\/\/darkamazi.info\/#organization"},"potentialAction":[{"@type":"SearchAction","target":{"@type":"EntryPoint","urlTemplate":"https:\/\/darkamazi.info\/?s={search_term_string}"},"query-input":{"@type":"PropertyValueSpecification","valueRequired":true,"valueName":"search_term_string"}}],"inLanguage":"en-US"},{"@type":"Organization","@id":"https:\/\/darkamazi.info\/#organization","name":"Darka Maz\u00ee","url":"https:\/\/darkamazi.info\/","logo":{"@type":"ImageObject","inLanguage":"en-US","@id":"https:\/\/darkamazi.info\/#\/schema\/logo\/image\/","url":"https:\/\/darkamazi.info\/file\/2017\/12\/darka-mazi-logo.png","contentUrl":"https:\/\/darkamazi.info\/file\/2017\/12\/darka-mazi-logo.png","width":151,"height":75,"caption":"Darka Maz\u00ee"},"image":{"@id":"https:\/\/darkamazi.info\/#\/schema\/logo\/image\/"},"sameAs":["https:\/\/www.facebook.com\/DarMaziKurmanci","https:\/\/x.com\/DarkaMaziLatini","https:\/\/www.instagram.com\/darkamazi.kurmanci\/","https:\/\/www.youtube.com\/channel\/UCa5HkTdmI8U1qCUFuTw8B2g"]},{"@type":"Person","@id":"https:\/\/darkamazi.info\/#\/schema\/person\/5ad3e24553a0567993fa8ed4bd0a776c","name":"darka mazi","sameAs":["https:\/\/darkamazi.info\/"],"url":"https:\/\/darkamazi.info\/archives\/author\/kurdi"}]}},"_links":{"self":[{"href":"https:\/\/darkamazi.info\/funavuv\/wp\/v2\/posts\/1007029","targetHints":{"allow":["GET"]}}],"collection":[{"href":"https:\/\/darkamazi.info\/funavuv\/wp\/v2\/posts"}],"about":[{"href":"https:\/\/darkamazi.info\/funavuv\/wp\/v2\/types\/post"}],"author":[{"embeddable":true,"href":"https:\/\/darkamazi.info\/funavuv\/wp\/v2\/users\/2"}],"replies":[{"embeddable":true,"href":"https:\/\/darkamazi.info\/funavuv\/wp\/v2\/comments?post=1007029"}],"version-history":[{"count":0,"href":"https:\/\/darkamazi.info\/funavuv\/wp\/v2\/posts\/1007029\/revisions"}],"wp:featuredmedia":[{"embeddable":true,"href":"https:\/\/darkamazi.info\/funavuv\/wp\/v2\/media\/1007030"}],"wp:attachment":[{"href":"https:\/\/darkamazi.info\/funavuv\/wp\/v2\/media?parent=1007029"}],"wp:term":[{"taxonomy":"category","embeddable":true,"href":"https:\/\/darkamazi.info\/funavuv\/wp\/v2\/categories?post=1007029"},{"taxonomy":"post_tag","embeddable":true,"href":"https:\/\/darkamazi.info\/funavuv\/wp\/v2\/tags?post=1007029"}],"curies":[{"name":"wp","href":"https:\/\/api.w.org\/{rel}","templated":true}]}}