{"id":1007087,"date":"2019-09-12T22:03:00","date_gmt":"2019-09-12T19:03:00","guid":{"rendered":"https:\/\/darkamazi.info\/?p=1007087"},"modified":"2019-09-17T19:45:28","modified_gmt":"2019-09-17T16:45:28","slug":"merkel-ewropa-dixwaze-peymana-navoki-digel-irane-bpareze","status":"publish","type":"post","link":"https:\/\/darkamazi.info\/archives\/1007087","title":{"rendered":"M\u00eark\u00eal: Ewropa dixwaze peymana navok\u00ee digel \u00ceran\u00ea bipar\u00eaze"},"content":{"rendered":"<h3><strong>Enc\u00eela M\u00eark\u00eal roja \u00e7ar \u015fem\u00ee ragihand Ewropa dixwaze peymana navok\u00ee a sala 2015an digel \u00ceran\u00ea bipar\u00eaze \u00fb w\u00ea hewil bide digel \u00ceran\u00ea r\u00eayek\u00ea ji bo k\u00eam kirina aloz\u00eeyan peyda bike.<\/strong><\/h3>\n<h3>Li gurey Royterz\u00ea Enc\u00eela M\u00eark\u00eal di peyvek\u00ea de li parlemen\u00ea da gut: &#8220;em\u00ea hewil bidin p\u00eangav p\u00eangav digel \u00ceran\u00ea de r\u00eayek\u00ee peyda bik\u00een ku ji z\u00eade b\u00fbna aloz\u00eeyan li dever\u00ea bi hesas\u00eeyeke c\u00eehan\u00ee k\u00eam bike.&#8221;<\/h3>\n<h3>Ev gotina M\u00eark\u00eal\u00ea di demek\u00ea daye ku dewleta w\u00eelayet\u00ean \u00eak girt\u00ee \u00ean Emer\u00eeka bi serokatiya Donald tramp fi\u015far\u00ean ser \u00ceran\u00ea z\u00eade kir\u00eene \u00fb dib\u00eaje w\u00ea ev fi\u015fare berdewam bin.<\/h3>\n","protected":false},"excerpt":{"rendered":"<p>Enc\u00eela M\u00eark\u00eal roja \u00e7ar \u015fem\u00ee ragihand Ewropa dixwaze peymana navok\u00ee a sala 2015an digel \u00ceran\u00ea bipar\u00eaze \u00fb w\u00ea hewil bide digel \u00ceran\u00ea r\u00eayek\u00ea ji bo k\u00eam kirina aloz\u00eeyan peyda bike. Li gurey Royterz\u00ea Enc\u00eela M\u00eark\u00eal di peyvek\u00ea de li parlemen\u00ea da gut: &#8220;em\u00ea hewil bidin p\u00eangav p\u00eangav digel \u00ceran\u00ea de r\u00eayek\u00ee peyda bik\u00een ku ji [&hellip;]<\/p>\n","protected":false},"author":2,"featured_media":1007088,"comment_status":"closed","ping_status":"closed","sticky":false,"template":"","format":"standard","meta":{"footnotes":""},"categories":[30],"tags":[],"class_list":["post-1007087","post","type-post","status-publish","format-standard","has-post-thumbnail","hentry","category-cihan"],"blocksy_meta":[],"seo_head":"<!-- This site is optimized with the Yoast SEO plugin v27.5 - https:\/\/yoast.com\/product\/yoast-seo-wordpress\/ -->\n<title>M\u00eark\u00eal: Ewropa dixwaze peymana navok\u00ee digel \u00ceran\u00ea bipar\u00eaze - Darka Maz\u00ee<\/title>\n<meta name=\"robots\" content=\"index, follow, max-snippet:-1, max-image-preview:large, max-video-preview:-1\" \/>\n<link rel=\"canonical\" href=\"https:\/\/darkamazi.info\/archives\/1007087\" \/>\n<meta property=\"og:locale\" content=\"en_US\" \/>\n<meta property=\"og:type\" content=\"article\" \/>\n<meta property=\"og:title\" content=\"M\u00eark\u00eal: Ewropa dixwaze peymana navok\u00ee digel \u00ceran\u00ea bipar\u00eaze - Darka Maz\u00ee\" \/>\n<meta property=\"og:description\" content=\"Enc\u00eela M\u00eark\u00eal roja \u00e7ar \u015fem\u00ee ragihand Ewropa dixwaze peymana navok\u00ee a sala 2015an digel \u00ceran\u00ea bipar\u00eaze \u00fb w\u00ea hewil bide digel \u00ceran\u00ea r\u00eayek\u00ea ji bo k\u00eam kirina aloz\u00eeyan peyda bike. Li gurey Royterz\u00ea Enc\u00eela M\u00eark\u00eal di peyvek\u00ea de li parlemen\u00ea da gut: &#8220;em\u00ea hewil bidin p\u00eangav p\u00eangav digel \u00ceran\u00ea de r\u00eayek\u00ee peyda bik\u00een ku ji [&hellip;]\" \/>\n<meta property=\"og:url\" content=\"https:\/\/darkamazi.info\/archives\/1007087\" \/>\n<meta property=\"og:site_name\" content=\"Darka Maz\u00ee\" \/>\n<meta property=\"article:publisher\" content=\"https:\/\/www.facebook.com\/DarMaziKurmanci\" \/>\n<meta property=\"article:published_time\" content=\"2019-09-12T19:03:00+00:00\" \/>\n<meta property=\"article:modified_time\" content=\"2019-09-17T16:45:28+00:00\" \/>\n<meta property=\"og:image\" content=\"https:\/\/darkamazi.info\/file\/2019\/09\/merkl.jpg\" \/>\n\t<meta property=\"og:image:width\" content=\"1023\" \/>\n\t<meta property=\"og:image:height\" content=\"575\" \/>\n\t<meta property=\"og:image:type\" content=\"image\/jpeg\" \/>\n<meta name=\"author\" content=\"darka mazi\" \/>\n<meta name=\"twitter:card\" content=\"summary_large_image\" \/>\n<meta name=\"twitter:image\" content=\"https:\/\/darkamazi.info\/file\/2019\/09\/merkl.jpg\" \/>\n<meta name=\"twitter:creator\" content=\"@DarkaMaziLatini\" \/>\n<meta name=\"twitter:site\" content=\"@DarkaMaziLatini\" \/>\n<meta name=\"twitter:label1\" content=\"Written by\" \/>\n\t<meta name=\"twitter:data1\" content=\"darka mazi\" \/>\n\t<meta name=\"twitter:label2\" content=\"Est. reading time\" \/>\n\t<meta name=\"twitter:data2\" content=\"1 minute\" \/>\n<script type=\"application\/ld+json\" class=\"seo-schema-graph\">{\"@context\":\"https:\\\/\\\/schema.org\",\"@graph\":[{\"@type\":\"Article\",\"@id\":\"https:\\\/\\\/darkamazi.info\\\/archives\\\/1007087#article\",\"isPartOf\":{\"@id\":\"https:\\\/\\\/darkamazi.info\\\/archives\\\/1007087\"},\"author\":{\"name\":\"darka mazi\",\"@id\":\"https:\\\/\\\/darkamazi.info\\\/#\\\/schema\\\/person\\\/5ad3e24553a0567993fa8ed4bd0a776c\"},\"headline\":\"M\u00eark\u00eal: Ewropa dixwaze peymana navok\u00ee digel \u00ceran\u00ea bipar\u00eaze\",\"datePublished\":\"2019-09-12T19:03:00+00:00\",\"dateModified\":\"2019-09-17T16:45:28+00:00\",\"mainEntityOfPage\":{\"@id\":\"https:\\\/\\\/darkamazi.info\\\/archives\\\/1007087\"},\"wordCount\":134,\"publisher\":{\"@id\":\"https:\\\/\\\/darkamazi.info\\\/#organization\"},\"image\":{\"@id\":\"https:\\\/\\\/darkamazi.info\\\/archives\\\/1007087#primaryimage\"},\"thumbnailUrl\":\"https:\\\/\\\/darkamazi.info\\\/darka-content\\\/uploads\\\/2019\\\/09\\\/merkl.jpg\",\"articleSection\":[\"C\u00eehan\"],\"inLanguage\":\"en-US\"},{\"@type\":\"WebPage\",\"@id\":\"https:\\\/\\\/darkamazi.info\\\/archives\\\/1007087\",\"url\":\"https:\\\/\\\/darkamazi.info\\\/archives\\\/1007087\",\"name\":\"M\u00eark\u00eal: Ewropa dixwaze peymana navok\u00ee digel \u00ceran\u00ea bipar\u00eaze - Darka Maz\u00ee\",\"isPartOf\":{\"@id\":\"https:\\\/\\\/darkamazi.info\\\/#website\"},\"primaryImageOfPage\":{\"@id\":\"https:\\\/\\\/darkamazi.info\\\/archives\\\/1007087#primaryimage\"},\"image\":{\"@id\":\"https:\\\/\\\/darkamazi.info\\\/archives\\\/1007087#primaryimage\"},\"thumbnailUrl\":\"https:\\\/\\\/darkamazi.info\\\/darka-content\\\/uploads\\\/2019\\\/09\\\/merkl.jpg\",\"datePublished\":\"2019-09-12T19:03:00+00:00\",\"dateModified\":\"2019-09-17T16:45:28+00:00\",\"breadcrumb\":{\"@id\":\"https:\\\/\\\/darkamazi.info\\\/archives\\\/1007087#breadcrumb\"},\"inLanguage\":\"en-US\",\"potentialAction\":[{\"@type\":\"ReadAction\",\"target\":[\"https:\\\/\\\/darkamazi.info\\\/archives\\\/1007087\"]}]},{\"@type\":\"ImageObject\",\"inLanguage\":\"en-US\",\"@id\":\"https:\\\/\\\/darkamazi.info\\\/archives\\\/1007087#primaryimage\",\"url\":\"https:\\\/\\\/darkamazi.info\\\/darka-content\\\/uploads\\\/2019\\\/09\\\/merkl.jpg\",\"contentUrl\":\"https:\\\/\\\/darkamazi.info\\\/darka-content\\\/uploads\\\/2019\\\/09\\\/merkl.jpg\",\"width\":1023,\"height\":575},{\"@type\":\"BreadcrumbList\",\"@id\":\"https:\\\/\\\/darkamazi.info\\\/archives\\\/1007087#breadcrumb\",\"itemListElement\":[{\"@type\":\"ListItem\",\"position\":1,\"name\":\"Home\",\"item\":\"https:\\\/\\\/darkamazi.info\\\/\"},{\"@type\":\"ListItem\",\"position\":2,\"name\":\"M\u00eark\u00eal: Ewropa dixwaze peymana navok\u00ee digel \u00ceran\u00ea bipar\u00eaze\"}]},{\"@type\":\"WebSite\",\"@id\":\"https:\\\/\\\/darkamazi.info\\\/#website\",\"url\":\"https:\\\/\\\/darkamazi.info\\\/\",\"name\":\"Darka Maz\u00ee\",\"description\":\"P\u00eageha Zanyariy\u00ean Nebih\u00eest\u00ee\",\"publisher\":{\"@id\":\"https:\\\/\\\/darkamazi.info\\\/#organization\"},\"potentialAction\":[{\"@type\":\"SearchAction\",\"target\":{\"@type\":\"EntryPoint\",\"urlTemplate\":\"https:\\\/\\\/darkamazi.info\\\/?s={search_term_string}\"},\"query-input\":{\"@type\":\"PropertyValueSpecification\",\"valueRequired\":true,\"valueName\":\"search_term_string\"}}],\"inLanguage\":\"en-US\"},{\"@type\":\"Organization\",\"@id\":\"https:\\\/\\\/darkamazi.info\\\/#organization\",\"name\":\"Darka Maz\u00ee\",\"url\":\"https:\\\/\\\/darkamazi.info\\\/\",\"logo\":{\"@type\":\"ImageObject\",\"inLanguage\":\"en-US\",\"@id\":\"https:\\\/\\\/darkamazi.info\\\/#\\\/schema\\\/logo\\\/image\\\/\",\"url\":\"https:\\\/\\\/darkamazi.info\\\/darka-content\\\/uploads\\\/2017\\\/12\\\/darka-mazi-logo.png\",\"contentUrl\":\"https:\\\/\\\/darkamazi.info\\\/darka-content\\\/uploads\\\/2017\\\/12\\\/darka-mazi-logo.png\",\"width\":151,\"height\":75,\"caption\":\"Darka Maz\u00ee\"},\"image\":{\"@id\":\"https:\\\/\\\/darkamazi.info\\\/#\\\/schema\\\/logo\\\/image\\\/\"},\"sameAs\":[\"https:\\\/\\\/www.facebook.com\\\/DarMaziKurmanci\",\"https:\\\/\\\/x.com\\\/DarkaMaziLatini\",\"https:\\\/\\\/www.instagram.com\\\/darkamazi.kurmanci\\\/\",\"https:\\\/\\\/www.youtube.com\\\/channel\\\/UCa5HkTdmI8U1qCUFuTw8B2g\"]},{\"@type\":\"Person\",\"@id\":\"https:\\\/\\\/darkamazi.info\\\/#\\\/schema\\\/person\\\/5ad3e24553a0567993fa8ed4bd0a776c\",\"name\":\"darka mazi\",\"sameAs\":[\"https:\\\/\\\/darkamazi.info\\\/\"],\"url\":\"https:\\\/\\\/darkamazi.info\\\/archives\\\/author\\\/kurdi\"}]}<\/script>\n<!-- \/ Yoast SEO plugin. -->","seo_head_json":{"title":"M\u00eark\u00eal: Ewropa dixwaze peymana navok\u00ee digel \u00ceran\u00ea bipar\u00eaze - Darka Maz\u00ee","robots":{"index":"index","follow":"follow","max-snippet":"max-snippet:-1","max-image-preview":"max-image-preview:large","max-video-preview":"max-video-preview:-1"},"canonical":"https:\/\/darkamazi.info\/archives\/1007087","og_locale":"en_US","og_type":"article","og_title":"M\u00eark\u00eal: Ewropa dixwaze peymana navok\u00ee digel \u00ceran\u00ea bipar\u00eaze - Darka Maz\u00ee","og_description":"Enc\u00eela M\u00eark\u00eal roja \u00e7ar \u015fem\u00ee ragihand Ewropa dixwaze peymana navok\u00ee a sala 2015an digel \u00ceran\u00ea bipar\u00eaze \u00fb w\u00ea hewil bide digel \u00ceran\u00ea r\u00eayek\u00ea ji bo k\u00eam kirina aloz\u00eeyan peyda bike. Li gurey Royterz\u00ea Enc\u00eela M\u00eark\u00eal di peyvek\u00ea de li parlemen\u00ea da gut: &#8220;em\u00ea hewil bidin p\u00eangav p\u00eangav digel \u00ceran\u00ea de r\u00eayek\u00ee peyda bik\u00een ku ji [&hellip;]","og_url":"https:\/\/darkamazi.info\/archives\/1007087","og_site_name":"Darka Maz\u00ee","article_publisher":"https:\/\/www.facebook.com\/DarMaziKurmanci","article_published_time":"2019-09-12T19:03:00+00:00","article_modified_time":"2019-09-17T16:45:28+00:00","og_image":[{"width":1023,"height":575,"url":"https:\/\/darkamazi.info\/file\/2019\/09\/merkl.jpg","type":"image\/jpeg"}],"author":"darka mazi","twitter_card":"summary_large_image","twitter_image":"https:\/\/darkamazi.info\/file\/2019\/09\/merkl.jpg","twitter_creator":"@DarkaMaziLatini","twitter_site":"@DarkaMaziLatini","twitter_misc":{"Written by":"darka mazi","Est. reading time":"1 minute"},"schema":{"@context":"https:\/\/schema.org","@graph":[{"@type":"Article","@id":"https:\/\/darkamazi.info\/archives\/1007087#article","isPartOf":{"@id":"https:\/\/darkamazi.info\/archives\/1007087"},"author":{"name":"darka mazi","@id":"https:\/\/darkamazi.info\/#\/schema\/person\/5ad3e24553a0567993fa8ed4bd0a776c"},"headline":"M\u00eark\u00eal: Ewropa dixwaze peymana navok\u00ee digel \u00ceran\u00ea bipar\u00eaze","datePublished":"2019-09-12T19:03:00+00:00","dateModified":"2019-09-17T16:45:28+00:00","mainEntityOfPage":{"@id":"https:\/\/darkamazi.info\/archives\/1007087"},"wordCount":134,"publisher":{"@id":"https:\/\/darkamazi.info\/#organization"},"image":{"@id":"https:\/\/darkamazi.info\/archives\/1007087#primaryimage"},"thumbnailUrl":"https:\/\/darkamazi.info\/file\/2019\/09\/merkl.jpg","articleSection":["C\u00eehan"],"inLanguage":"en-US"},{"@type":"WebPage","@id":"https:\/\/darkamazi.info\/archives\/1007087","url":"https:\/\/darkamazi.info\/archives\/1007087","name":"M\u00eark\u00eal: Ewropa dixwaze peymana navok\u00ee digel \u00ceran\u00ea bipar\u00eaze - Darka Maz\u00ee","isPartOf":{"@id":"https:\/\/darkamazi.info\/#website"},"primaryImageOfPage":{"@id":"https:\/\/darkamazi.info\/archives\/1007087#primaryimage"},"image":{"@id":"https:\/\/darkamazi.info\/archives\/1007087#primaryimage"},"thumbnailUrl":"https:\/\/darkamazi.info\/file\/2019\/09\/merkl.jpg","datePublished":"2019-09-12T19:03:00+00:00","dateModified":"2019-09-17T16:45:28+00:00","breadcrumb":{"@id":"https:\/\/darkamazi.info\/archives\/1007087#breadcrumb"},"inLanguage":"en-US","potentialAction":[{"@type":"ReadAction","target":["https:\/\/darkamazi.info\/archives\/1007087"]}]},{"@type":"ImageObject","inLanguage":"en-US","@id":"https:\/\/darkamazi.info\/archives\/1007087#primaryimage","url":"https:\/\/darkamazi.info\/file\/2019\/09\/merkl.jpg","contentUrl":"https:\/\/darkamazi.info\/file\/2019\/09\/merkl.jpg","width":1023,"height":575},{"@type":"BreadcrumbList","@id":"https:\/\/darkamazi.info\/archives\/1007087#breadcrumb","itemListElement":[{"@type":"ListItem","position":1,"name":"Home","item":"https:\/\/darkamazi.info\/"},{"@type":"ListItem","position":2,"name":"M\u00eark\u00eal: Ewropa dixwaze peymana navok\u00ee digel \u00ceran\u00ea bipar\u00eaze"}]},{"@type":"WebSite","@id":"https:\/\/darkamazi.info\/#website","url":"https:\/\/darkamazi.info\/","name":"Darka Maz\u00ee","description":"P\u00eageha Zanyariy\u00ean Nebih\u00eest\u00ee","publisher":{"@id":"https:\/\/darkamazi.info\/#organization"},"potentialAction":[{"@type":"SearchAction","target":{"@type":"EntryPoint","urlTemplate":"https:\/\/darkamazi.info\/?s={search_term_string}"},"query-input":{"@type":"PropertyValueSpecification","valueRequired":true,"valueName":"search_term_string"}}],"inLanguage":"en-US"},{"@type":"Organization","@id":"https:\/\/darkamazi.info\/#organization","name":"Darka Maz\u00ee","url":"https:\/\/darkamazi.info\/","logo":{"@type":"ImageObject","inLanguage":"en-US","@id":"https:\/\/darkamazi.info\/#\/schema\/logo\/image\/","url":"https:\/\/darkamazi.info\/file\/2017\/12\/darka-mazi-logo.png","contentUrl":"https:\/\/darkamazi.info\/file\/2017\/12\/darka-mazi-logo.png","width":151,"height":75,"caption":"Darka Maz\u00ee"},"image":{"@id":"https:\/\/darkamazi.info\/#\/schema\/logo\/image\/"},"sameAs":["https:\/\/www.facebook.com\/DarMaziKurmanci","https:\/\/x.com\/DarkaMaziLatini","https:\/\/www.instagram.com\/darkamazi.kurmanci\/","https:\/\/www.youtube.com\/channel\/UCa5HkTdmI8U1qCUFuTw8B2g"]},{"@type":"Person","@id":"https:\/\/darkamazi.info\/#\/schema\/person\/5ad3e24553a0567993fa8ed4bd0a776c","name":"darka mazi","sameAs":["https:\/\/darkamazi.info\/"],"url":"https:\/\/darkamazi.info\/archives\/author\/kurdi"}]}},"_links":{"self":[{"href":"https:\/\/darkamazi.info\/funavuv\/wp\/v2\/posts\/1007087","targetHints":{"allow":["GET"]}}],"collection":[{"href":"https:\/\/darkamazi.info\/funavuv\/wp\/v2\/posts"}],"about":[{"href":"https:\/\/darkamazi.info\/funavuv\/wp\/v2\/types\/post"}],"author":[{"embeddable":true,"href":"https:\/\/darkamazi.info\/funavuv\/wp\/v2\/users\/2"}],"replies":[{"embeddable":true,"href":"https:\/\/darkamazi.info\/funavuv\/wp\/v2\/comments?post=1007087"}],"version-history":[{"count":0,"href":"https:\/\/darkamazi.info\/funavuv\/wp\/v2\/posts\/1007087\/revisions"}],"wp:featuredmedia":[{"embeddable":true,"href":"https:\/\/darkamazi.info\/funavuv\/wp\/v2\/media\/1007088"}],"wp:attachment":[{"href":"https:\/\/darkamazi.info\/funavuv\/wp\/v2\/media?parent=1007087"}],"wp:term":[{"taxonomy":"category","embeddable":true,"href":"https:\/\/darkamazi.info\/funavuv\/wp\/v2\/categories?post=1007087"},{"taxonomy":"post_tag","embeddable":true,"href":"https:\/\/darkamazi.info\/funavuv\/wp\/v2\/tags?post=1007087"}],"curies":[{"name":"wp","href":"https:\/\/api.w.org\/{rel}","templated":true}]}}