{"id":1007093,"date":"2019-09-14T16:01:21","date_gmt":"2019-09-14T13:01:21","guid":{"rendered":"https:\/\/darkamazi.info\/?p=1007093"},"modified":"2019-09-17T19:46:27","modified_gmt":"2019-09-17T16:46:27","slug":"li-herema-kurdistane-2-gerila-hatin-berterefkirin","status":"publish","type":"post","link":"https:\/\/darkamazi.info\/archives\/1007093","title":{"rendered":"Li her\u00eama kurdistan\u00ea 2 ger\u00eela hatin berteref kirin"},"content":{"rendered":"<div class=\"wpb-content-wrapper\"><p>[darkamazi_row][darkamazi_column][darkamazi_column_text]<\/p>\n<h3><strong>Balefr\u00ean ceng\u00ee \u00ean tirkiy\u00ea, \u015fev\u00ea din p\u00eageh\u00ean parta karker\u00ean kurdistan\u00ea PKK li her\u00eama ba\u015for\u00ea kurdistan\u00ea, borduman kirine \u00fb 2 ger\u00eela \u015eeh\u00eed ketine.<\/strong><\/h3>\n<h3>Arte\u015fa tirkiy\u00ea di beyaneke niv\u00eesk\u00ee de e\u015fkere kiriye, \u015fev\u00ea din balefir\u00ean ceng\u00ee \u00ean tirkiy\u00ea, di \u00e7ar\u00e7\u00fbveya operas\u00eeyona penc\u00ea de, p\u00eageh\u00ean PKK, li her\u00eama kurdistan\u00ea borduman kir\u00eene \u00fb zirar\u00ean can\u00ee gihane PKK.<\/h3>\n<h3>Wezareta parastina netewey\u00ee a tirkiy\u00ea e\u015fkere kir\u00eeye, di \u00ear\u00ee\u015f\u00ea de, 2 ger\u00eela hatine berteref kirin \u00fb tekez kir\u00eeye, operas\u00eeyona penc 3 didome.<\/h3>\n<h3>Li gor\u00ee agah\u00eeyan, balefir\u00ean ceng\u00ee \u00ean tirkiy\u00ea \u015fev\u00ea din, dola baleyan li s\u00eenor\u00ea bajarok\u00ea Qesr\u00ea a nav\u00e7eya \u00c7oman\u00ea, borduman kirine \u00fb ew zirar\u00ean PKK li w\u00ea der\u00ea \u00e7\u00eab\u00fbne.<\/h3>\n<p>[\/darkamazi_column_text][\/darkamazi_column][\/darkamazi_row][darkamazi_row][darkamazi_column][darkamazi_single_image image=&#8221;1007095&#8243; img_size=&#8221;large&#8221; alignment=&#8221;center&#8221;][\/darkamazi_column][\/darkamazi_row]<\/p>\n<\/div>","protected":false},"excerpt":{"rendered":"<p>[darkamazi_row][darkamazi_column][darkamazi_column_text] Balefr\u00ean ceng\u00ee \u00ean tirkiy\u00ea, \u015fev\u00ea din p\u00eageh\u00ean parta karker\u00ean kurdistan\u00ea PKK li her\u00eama ba\u015for\u00ea kurdistan\u00ea, borduman kirine \u00fb 2 ger\u00eela \u015eeh\u00eed ketine. Arte\u015fa tirkiy\u00ea di beyaneke niv\u00eesk\u00ee de e\u015fkere kiriye, \u015fev\u00ea din balefir\u00ean ceng\u00ee \u00ean tirkiy\u00ea, di \u00e7ar\u00e7\u00fbveya operas\u00eeyona penc\u00ea de, p\u00eageh\u00ean PKK, li her\u00eama kurdistan\u00ea borduman kir\u00eene \u00fb zirar\u00ean can\u00ee gihane PKK. Wezareta [&hellip;]<\/p>\n","protected":false},"author":2,"featured_media":1007094,"comment_status":"closed","ping_status":"closed","sticky":false,"template":"","format":"standard","meta":{"footnotes":""},"categories":[29],"tags":[],"class_list":["post-1007093","post","type-post","status-publish","format-standard","has-post-thumbnail","hentry","category-kurdistan"],"blocksy_meta":[],"seo_head":"<!-- This site is optimized with the Yoast SEO plugin v27.5 - https:\/\/yoast.com\/product\/yoast-seo-wordpress\/ -->\n<title>Li her\u00eama kurdistan\u00ea 2 ger\u00eela hatin berteref kirin - Darka Maz\u00ee<\/title>\n<meta name=\"robots\" content=\"index, follow, max-snippet:-1, max-image-preview:large, max-video-preview:-1\" \/>\n<link rel=\"canonical\" href=\"https:\/\/darkamazi.info\/archives\/1007093\" \/>\n<meta property=\"og:locale\" content=\"en_US\" \/>\n<meta property=\"og:type\" content=\"article\" \/>\n<meta property=\"og:title\" content=\"Li her\u00eama kurdistan\u00ea 2 ger\u00eela hatin berteref kirin - Darka Maz\u00ee\" \/>\n<meta property=\"og:description\" content=\"[darkamazi_row][darkamazi_column][darkamazi_column_text] Balefr\u00ean ceng\u00ee \u00ean tirkiy\u00ea, \u015fev\u00ea din p\u00eageh\u00ean parta karker\u00ean kurdistan\u00ea PKK li her\u00eama ba\u015for\u00ea kurdistan\u00ea, borduman kirine \u00fb 2 ger\u00eela \u015eeh\u00eed ketine. Arte\u015fa tirkiy\u00ea di beyaneke niv\u00eesk\u00ee de e\u015fkere kiriye, \u015fev\u00ea din balefir\u00ean ceng\u00ee \u00ean tirkiy\u00ea, di \u00e7ar\u00e7\u00fbveya operas\u00eeyona penc\u00ea de, p\u00eageh\u00ean PKK, li her\u00eama kurdistan\u00ea borduman kir\u00eene \u00fb zirar\u00ean can\u00ee gihane PKK. Wezareta [&hellip;]\" \/>\n<meta property=\"og:url\" content=\"https:\/\/darkamazi.info\/archives\/1007093\" \/>\n<meta property=\"og:site_name\" content=\"Darka Maz\u00ee\" \/>\n<meta property=\"article:publisher\" content=\"https:\/\/www.facebook.com\/DarMaziKurmanci\" \/>\n<meta property=\"article:published_time\" content=\"2019-09-14T13:01:21+00:00\" \/>\n<meta property=\"article:modified_time\" content=\"2019-09-17T16:46:27+00:00\" \/>\n<meta property=\"og:image\" content=\"https:\/\/darkamazi.info\/file\/2019\/09\/pkk5.jpg\" \/>\n\t<meta property=\"og:image:width\" content=\"1008\" \/>\n\t<meta property=\"og:image:height\" content=\"543\" \/>\n\t<meta property=\"og:image:type\" content=\"image\/jpeg\" \/>\n<meta name=\"author\" content=\"darka mazi\" \/>\n<meta name=\"twitter:card\" content=\"summary_large_image\" \/>\n<meta name=\"twitter:image\" content=\"https:\/\/darkamazi.info\/file\/2019\/09\/pkk5.jpg\" \/>\n<meta name=\"twitter:creator\" content=\"@DarkaMaziLatini\" \/>\n<meta name=\"twitter:site\" content=\"@DarkaMaziLatini\" \/>\n<meta name=\"twitter:label1\" content=\"Written by\" \/>\n\t<meta name=\"twitter:data1\" content=\"darka mazi\" \/>\n\t<meta name=\"twitter:label2\" content=\"Est. reading time\" \/>\n\t<meta name=\"twitter:data2\" content=\"1 minute\" \/>\n<script type=\"application\/ld+json\" class=\"seo-schema-graph\">{\"@context\":\"https:\\\/\\\/schema.org\",\"@graph\":[{\"@type\":\"Article\",\"@id\":\"https:\\\/\\\/darkamazi.info\\\/archives\\\/1007093#article\",\"isPartOf\":{\"@id\":\"https:\\\/\\\/darkamazi.info\\\/archives\\\/1007093\"},\"author\":{\"name\":\"darka mazi\",\"@id\":\"https:\\\/\\\/darkamazi.info\\\/#\\\/schema\\\/person\\\/5ad3e24553a0567993fa8ed4bd0a776c\"},\"headline\":\"Li her\u00eama kurdistan\u00ea 2 ger\u00eela hatin berteref kirin\",\"datePublished\":\"2019-09-14T13:01:21+00:00\",\"dateModified\":\"2019-09-17T16:46:27+00:00\",\"mainEntityOfPage\":{\"@id\":\"https:\\\/\\\/darkamazi.info\\\/archives\\\/1007093\"},\"wordCount\":166,\"publisher\":{\"@id\":\"https:\\\/\\\/darkamazi.info\\\/#organization\"},\"image\":{\"@id\":\"https:\\\/\\\/darkamazi.info\\\/archives\\\/1007093#primaryimage\"},\"thumbnailUrl\":\"https:\\\/\\\/darkamazi.info\\\/darka-content\\\/uploads\\\/2019\\\/09\\\/pkk5.jpg\",\"articleSection\":[\"Kurdistan\"],\"inLanguage\":\"en-US\"},{\"@type\":\"WebPage\",\"@id\":\"https:\\\/\\\/darkamazi.info\\\/archives\\\/1007093\",\"url\":\"https:\\\/\\\/darkamazi.info\\\/archives\\\/1007093\",\"name\":\"Li her\u00eama kurdistan\u00ea 2 ger\u00eela hatin berteref kirin - Darka Maz\u00ee\",\"isPartOf\":{\"@id\":\"https:\\\/\\\/darkamazi.info\\\/#website\"},\"primaryImageOfPage\":{\"@id\":\"https:\\\/\\\/darkamazi.info\\\/archives\\\/1007093#primaryimage\"},\"image\":{\"@id\":\"https:\\\/\\\/darkamazi.info\\\/archives\\\/1007093#primaryimage\"},\"thumbnailUrl\":\"https:\\\/\\\/darkamazi.info\\\/darka-content\\\/uploads\\\/2019\\\/09\\\/pkk5.jpg\",\"datePublished\":\"2019-09-14T13:01:21+00:00\",\"dateModified\":\"2019-09-17T16:46:27+00:00\",\"breadcrumb\":{\"@id\":\"https:\\\/\\\/darkamazi.info\\\/archives\\\/1007093#breadcrumb\"},\"inLanguage\":\"en-US\",\"potentialAction\":[{\"@type\":\"ReadAction\",\"target\":[\"https:\\\/\\\/darkamazi.info\\\/archives\\\/1007093\"]}]},{\"@type\":\"ImageObject\",\"inLanguage\":\"en-US\",\"@id\":\"https:\\\/\\\/darkamazi.info\\\/archives\\\/1007093#primaryimage\",\"url\":\"https:\\\/\\\/darkamazi.info\\\/darka-content\\\/uploads\\\/2019\\\/09\\\/pkk5.jpg\",\"contentUrl\":\"https:\\\/\\\/darkamazi.info\\\/darka-content\\\/uploads\\\/2019\\\/09\\\/pkk5.jpg\",\"width\":1008,\"height\":543},{\"@type\":\"BreadcrumbList\",\"@id\":\"https:\\\/\\\/darkamazi.info\\\/archives\\\/1007093#breadcrumb\",\"itemListElement\":[{\"@type\":\"ListItem\",\"position\":1,\"name\":\"Home\",\"item\":\"https:\\\/\\\/darkamazi.info\\\/\"},{\"@type\":\"ListItem\",\"position\":2,\"name\":\"Li her\u00eama kurdistan\u00ea 2 ger\u00eela hatin berteref kirin\"}]},{\"@type\":\"WebSite\",\"@id\":\"https:\\\/\\\/darkamazi.info\\\/#website\",\"url\":\"https:\\\/\\\/darkamazi.info\\\/\",\"name\":\"Darka Maz\u00ee\",\"description\":\"P\u00eageha Zanyariy\u00ean Nebih\u00eest\u00ee\",\"publisher\":{\"@id\":\"https:\\\/\\\/darkamazi.info\\\/#organization\"},\"potentialAction\":[{\"@type\":\"SearchAction\",\"target\":{\"@type\":\"EntryPoint\",\"urlTemplate\":\"https:\\\/\\\/darkamazi.info\\\/?s={search_term_string}\"},\"query-input\":{\"@type\":\"PropertyValueSpecification\",\"valueRequired\":true,\"valueName\":\"search_term_string\"}}],\"inLanguage\":\"en-US\"},{\"@type\":\"Organization\",\"@id\":\"https:\\\/\\\/darkamazi.info\\\/#organization\",\"name\":\"Darka Maz\u00ee\",\"url\":\"https:\\\/\\\/darkamazi.info\\\/\",\"logo\":{\"@type\":\"ImageObject\",\"inLanguage\":\"en-US\",\"@id\":\"https:\\\/\\\/darkamazi.info\\\/#\\\/schema\\\/logo\\\/image\\\/\",\"url\":\"https:\\\/\\\/darkamazi.info\\\/darka-content\\\/uploads\\\/2017\\\/12\\\/darka-mazi-logo.png\",\"contentUrl\":\"https:\\\/\\\/darkamazi.info\\\/darka-content\\\/uploads\\\/2017\\\/12\\\/darka-mazi-logo.png\",\"width\":151,\"height\":75,\"caption\":\"Darka Maz\u00ee\"},\"image\":{\"@id\":\"https:\\\/\\\/darkamazi.info\\\/#\\\/schema\\\/logo\\\/image\\\/\"},\"sameAs\":[\"https:\\\/\\\/www.facebook.com\\\/DarMaziKurmanci\",\"https:\\\/\\\/x.com\\\/DarkaMaziLatini\",\"https:\\\/\\\/www.instagram.com\\\/darkamazi.kurmanci\\\/\",\"https:\\\/\\\/www.youtube.com\\\/channel\\\/UCa5HkTdmI8U1qCUFuTw8B2g\"]},{\"@type\":\"Person\",\"@id\":\"https:\\\/\\\/darkamazi.info\\\/#\\\/schema\\\/person\\\/5ad3e24553a0567993fa8ed4bd0a776c\",\"name\":\"darka mazi\",\"sameAs\":[\"https:\\\/\\\/darkamazi.info\\\/\"],\"url\":\"https:\\\/\\\/darkamazi.info\\\/archives\\\/author\\\/kurdi\"}]}<\/script>\n<!-- \/ Yoast SEO plugin. -->","seo_head_json":{"title":"Li her\u00eama kurdistan\u00ea 2 ger\u00eela hatin berteref kirin - Darka Maz\u00ee","robots":{"index":"index","follow":"follow","max-snippet":"max-snippet:-1","max-image-preview":"max-image-preview:large","max-video-preview":"max-video-preview:-1"},"canonical":"https:\/\/darkamazi.info\/archives\/1007093","og_locale":"en_US","og_type":"article","og_title":"Li her\u00eama kurdistan\u00ea 2 ger\u00eela hatin berteref kirin - Darka Maz\u00ee","og_description":"[darkamazi_row][darkamazi_column][darkamazi_column_text] Balefr\u00ean ceng\u00ee \u00ean tirkiy\u00ea, \u015fev\u00ea din p\u00eageh\u00ean parta karker\u00ean kurdistan\u00ea PKK li her\u00eama ba\u015for\u00ea kurdistan\u00ea, borduman kirine \u00fb 2 ger\u00eela \u015eeh\u00eed ketine. Arte\u015fa tirkiy\u00ea di beyaneke niv\u00eesk\u00ee de e\u015fkere kiriye, \u015fev\u00ea din balefir\u00ean ceng\u00ee \u00ean tirkiy\u00ea, di \u00e7ar\u00e7\u00fbveya operas\u00eeyona penc\u00ea de, p\u00eageh\u00ean PKK, li her\u00eama kurdistan\u00ea borduman kir\u00eene \u00fb zirar\u00ean can\u00ee gihane PKK. Wezareta [&hellip;]","og_url":"https:\/\/darkamazi.info\/archives\/1007093","og_site_name":"Darka Maz\u00ee","article_publisher":"https:\/\/www.facebook.com\/DarMaziKurmanci","article_published_time":"2019-09-14T13:01:21+00:00","article_modified_time":"2019-09-17T16:46:27+00:00","og_image":[{"width":1008,"height":543,"url":"https:\/\/darkamazi.info\/file\/2019\/09\/pkk5.jpg","type":"image\/jpeg"}],"author":"darka mazi","twitter_card":"summary_large_image","twitter_image":"https:\/\/darkamazi.info\/file\/2019\/09\/pkk5.jpg","twitter_creator":"@DarkaMaziLatini","twitter_site":"@DarkaMaziLatini","twitter_misc":{"Written by":"darka mazi","Est. reading time":"1 minute"},"schema":{"@context":"https:\/\/schema.org","@graph":[{"@type":"Article","@id":"https:\/\/darkamazi.info\/archives\/1007093#article","isPartOf":{"@id":"https:\/\/darkamazi.info\/archives\/1007093"},"author":{"name":"darka mazi","@id":"https:\/\/darkamazi.info\/#\/schema\/person\/5ad3e24553a0567993fa8ed4bd0a776c"},"headline":"Li her\u00eama kurdistan\u00ea 2 ger\u00eela hatin berteref kirin","datePublished":"2019-09-14T13:01:21+00:00","dateModified":"2019-09-17T16:46:27+00:00","mainEntityOfPage":{"@id":"https:\/\/darkamazi.info\/archives\/1007093"},"wordCount":166,"publisher":{"@id":"https:\/\/darkamazi.info\/#organization"},"image":{"@id":"https:\/\/darkamazi.info\/archives\/1007093#primaryimage"},"thumbnailUrl":"https:\/\/darkamazi.info\/file\/2019\/09\/pkk5.jpg","articleSection":["Kurdistan"],"inLanguage":"en-US"},{"@type":"WebPage","@id":"https:\/\/darkamazi.info\/archives\/1007093","url":"https:\/\/darkamazi.info\/archives\/1007093","name":"Li her\u00eama kurdistan\u00ea 2 ger\u00eela hatin berteref kirin - Darka Maz\u00ee","isPartOf":{"@id":"https:\/\/darkamazi.info\/#website"},"primaryImageOfPage":{"@id":"https:\/\/darkamazi.info\/archives\/1007093#primaryimage"},"image":{"@id":"https:\/\/darkamazi.info\/archives\/1007093#primaryimage"},"thumbnailUrl":"https:\/\/darkamazi.info\/file\/2019\/09\/pkk5.jpg","datePublished":"2019-09-14T13:01:21+00:00","dateModified":"2019-09-17T16:46:27+00:00","breadcrumb":{"@id":"https:\/\/darkamazi.info\/archives\/1007093#breadcrumb"},"inLanguage":"en-US","potentialAction":[{"@type":"ReadAction","target":["https:\/\/darkamazi.info\/archives\/1007093"]}]},{"@type":"ImageObject","inLanguage":"en-US","@id":"https:\/\/darkamazi.info\/archives\/1007093#primaryimage","url":"https:\/\/darkamazi.info\/file\/2019\/09\/pkk5.jpg","contentUrl":"https:\/\/darkamazi.info\/file\/2019\/09\/pkk5.jpg","width":1008,"height":543},{"@type":"BreadcrumbList","@id":"https:\/\/darkamazi.info\/archives\/1007093#breadcrumb","itemListElement":[{"@type":"ListItem","position":1,"name":"Home","item":"https:\/\/darkamazi.info\/"},{"@type":"ListItem","position":2,"name":"Li her\u00eama kurdistan\u00ea 2 ger\u00eela hatin berteref kirin"}]},{"@type":"WebSite","@id":"https:\/\/darkamazi.info\/#website","url":"https:\/\/darkamazi.info\/","name":"Darka Maz\u00ee","description":"P\u00eageha Zanyariy\u00ean Nebih\u00eest\u00ee","publisher":{"@id":"https:\/\/darkamazi.info\/#organization"},"potentialAction":[{"@type":"SearchAction","target":{"@type":"EntryPoint","urlTemplate":"https:\/\/darkamazi.info\/?s={search_term_string}"},"query-input":{"@type":"PropertyValueSpecification","valueRequired":true,"valueName":"search_term_string"}}],"inLanguage":"en-US"},{"@type":"Organization","@id":"https:\/\/darkamazi.info\/#organization","name":"Darka Maz\u00ee","url":"https:\/\/darkamazi.info\/","logo":{"@type":"ImageObject","inLanguage":"en-US","@id":"https:\/\/darkamazi.info\/#\/schema\/logo\/image\/","url":"https:\/\/darkamazi.info\/file\/2017\/12\/darka-mazi-logo.png","contentUrl":"https:\/\/darkamazi.info\/file\/2017\/12\/darka-mazi-logo.png","width":151,"height":75,"caption":"Darka Maz\u00ee"},"image":{"@id":"https:\/\/darkamazi.info\/#\/schema\/logo\/image\/"},"sameAs":["https:\/\/www.facebook.com\/DarMaziKurmanci","https:\/\/x.com\/DarkaMaziLatini","https:\/\/www.instagram.com\/darkamazi.kurmanci\/","https:\/\/www.youtube.com\/channel\/UCa5HkTdmI8U1qCUFuTw8B2g"]},{"@type":"Person","@id":"https:\/\/darkamazi.info\/#\/schema\/person\/5ad3e24553a0567993fa8ed4bd0a776c","name":"darka mazi","sameAs":["https:\/\/darkamazi.info\/"],"url":"https:\/\/darkamazi.info\/archives\/author\/kurdi"}]}},"_links":{"self":[{"href":"https:\/\/darkamazi.info\/funavuv\/wp\/v2\/posts\/1007093","targetHints":{"allow":["GET"]}}],"collection":[{"href":"https:\/\/darkamazi.info\/funavuv\/wp\/v2\/posts"}],"about":[{"href":"https:\/\/darkamazi.info\/funavuv\/wp\/v2\/types\/post"}],"author":[{"embeddable":true,"href":"https:\/\/darkamazi.info\/funavuv\/wp\/v2\/users\/2"}],"replies":[{"embeddable":true,"href":"https:\/\/darkamazi.info\/funavuv\/wp\/v2\/comments?post=1007093"}],"version-history":[{"count":0,"href":"https:\/\/darkamazi.info\/funavuv\/wp\/v2\/posts\/1007093\/revisions"}],"wp:featuredmedia":[{"embeddable":true,"href":"https:\/\/darkamazi.info\/funavuv\/wp\/v2\/media\/1007094"}],"wp:attachment":[{"href":"https:\/\/darkamazi.info\/funavuv\/wp\/v2\/media?parent=1007093"}],"wp:term":[{"taxonomy":"category","embeddable":true,"href":"https:\/\/darkamazi.info\/funavuv\/wp\/v2\/categories?post=1007093"},{"taxonomy":"post_tag","embeddable":true,"href":"https:\/\/darkamazi.info\/funavuv\/wp\/v2\/tags?post=1007093"}],"curies":[{"name":"wp","href":"https:\/\/api.w.org\/{rel}","templated":true}]}}