{"id":1007100,"date":"2019-09-14T16:32:01","date_gmt":"2019-09-14T13:32:01","guid":{"rendered":"https:\/\/darkamazi.info\/?p=1007100"},"modified":"2019-09-21T16:38:45","modified_gmt":"2019-09-21T13:38:45","slug":"gorane-omere-seyid-eli-neguheri","status":"publish","type":"post","link":"https:\/\/darkamazi.info\/archives\/1007100","title":{"rendered":"Goran\u00ea Sey\u00eed El\u00ee neguher\u00ee"},"content":{"rendered":"<h3><strong>Enc\u00fbmena ni\u015ft\u00eeman\u00ee a tevgera goran\u00ea, \u00eero li Sil\u00eaman\u00eey\u00ea hilbijartin\u00ean R\u00eaber\u00ea tevger\u00ea kirin \u00fb Omer\u00ea Sey\u00eed El\u00ee \u00ea r\u00eaber\u00ea niha, car din ji bo w\u00ea post\u00ea hilbijart, \u00e7avd\u00ear \u00fb s\u00eeyasetvanan, ev gava goran\u00ea rexne kirin \u00fb gumana xwe ji kar\u00eena tevger\u00ea jibo guher\u00eenan n\u00ee\u015fan dan.<\/strong><\/h3>\n<h3>Tevgera goran\u00ea ku bi parteke l\u00eebral li her\u00eama ba\u015f\u00fbr\u00ea kurdistan\u00ea t\u00ea naskirin \u00fb li gora berjewend\u00ee a xwe car weke opozisyon derdikeve hol\u00ea car j\u00ee tevl\u00ee hik\u00fbmet\u00ea dibe \u00fb dest\u00ea xwe dixe dest part\u00ean desthilatdar.<\/h3>\n<h3>Enc\u00fbmena ni\u015ft\u00eeman\u00ee a w\u00ea tevger\u00ea \u00eero kongreya xwe saz kir, t\u00eade hilbijartin jibo endam\u00ean kom\u00eeta raperandin\u00ea \u00fb r\u00eaber\u00ea tevger\u00ea ku nav\u00ea r\u00eakxer\u00ee l\u00ea dikin, bir\u00eave\u00e7\u00fbn.<\/h3>\n<h3>Di hilbijartin\u00ea de, Omer\u00ea Sey\u00eed El\u00ee \u00ea r\u00eaber\u00ea niha \u00ea goran\u00ea, car din jibo w\u00ea post\u00ea hat hilbijartin ku 2 namzed jibo w\u00ea post\u00ea heb\u00fbn, l\u00ea weha derket hol\u00ea ku namezd\u00ea din ew\u00ea bi nav\u00ea \u015eori\u015f \u200cHac\u00ee, namzedeke w\u00eaney\u00ee b\u00fb \u00fb goran\u00ea ew ten\u00ea jibo w\u00ea yek\u00ea namzed kirb\u00fb jibo ku hilbijartin \u00fb dengdan were kirin.<\/h3>\n<h3>Li gor\u00ee dest\u00fbra goran\u00ea, bi w\u00ea hilbijartin\u00ea, Omer\u00ea Sey\u00eed El\u00ee d\u00ea jiboy dema 2 sal\u00ean din r\u00eaberat\u00eeya tevgera goran\u00ea bike.<\/h3>\n<h3>Hejmareke \u00e7avd\u00ear \u00ean s\u00eeyas\u00ee \u00ean her\u00eama ba\u015f\u00fbr\u00ea kurdistan\u00ea, hilbijartina duwem\u00een a Sey\u00eed El\u00ee jiboy r\u00eaberat\u00eeya goran\u00ea, rexne kirine, ewan xweya kirine ku ev gava goran\u00ea bi berevaj\u00ee aydoloc\u00eeya \u00fb teko\u015f\u00een \u00fb h\u00eena nav\u00ea tevger\u00ea bi xwe t\u00ea hejmar kirin, ew tevgera ku banga guher\u00een\u00ea \u00fb \u00e7aksaz\u00eeyan li her\u00eama ba\u015f\u00fbr dike, l\u00ea weha derket hol\u00ea ku kar\u00eena w\u00ea jibo guher\u00eenan ten\u00ea silogane \u00fb esas jibo tuneye.<\/h3>\n<h3>Tevgera goran\u00ea li sala 2009an derket hol\u00ea, New\u015f\u00earwan mistefa r\u00eaber\u00ea w\u00ea b\u00fb ta wexera w\u00ee a daw\u00ee \u00ea li sala 2017an, kadir\u00ean ku ew tevger dirist kir\u00ee ji yek\u00eet\u00eeya ni\u015ft\u00eeman\u00ee a kurdistan\u00ea cuda b\u00fbne, ji derketina xwe j\u00ee banga guher\u00een \u00fb \u00e7aksaz\u00eeyan li her\u00eama ba\u015f\u00fbr\u00ea kurdistan\u00ea dike.<\/h3>\n","protected":false},"excerpt":{"rendered":"<p>Enc\u00fbmena ni\u015ft\u00eeman\u00ee a tevgera goran\u00ea, \u00eero li Sil\u00eaman\u00eey\u00ea hilbijartin\u00ean R\u00eaber\u00ea tevger\u00ea kirin \u00fb Omer\u00ea Sey\u00eed El\u00ee \u00ea r\u00eaber\u00ea niha, car din ji bo w\u00ea post\u00ea hilbijart, \u00e7avd\u00ear \u00fb s\u00eeyasetvanan, ev gava goran\u00ea rexne kirin \u00fb gumana xwe ji kar\u00eena tevger\u00ea jibo guher\u00eenan n\u00ee\u015fan dan. Tevgera goran\u00ea ku bi parteke l\u00eebral li her\u00eama ba\u015f\u00fbr\u00ea kurdistan\u00ea t\u00ea [&hellip;]<\/p>\n","protected":false},"author":2,"featured_media":1007101,"comment_status":"closed","ping_status":"closed","sticky":false,"template":"","format":"standard","meta":{"footnotes":""},"categories":[29],"tags":[],"class_list":["post-1007100","post","type-post","status-publish","format-standard","has-post-thumbnail","hentry","category-kurdistan"],"blocksy_meta":[],"seo_head":"<!-- This site is optimized with the Yoast SEO plugin v27.5 - https:\/\/yoast.com\/product\/yoast-seo-wordpress\/ -->\n<title>Goran\u00ea Sey\u00eed El\u00ee neguher\u00ee - Darka Maz\u00ee<\/title>\n<meta name=\"robots\" content=\"index, follow, max-snippet:-1, max-image-preview:large, max-video-preview:-1\" \/>\n<link rel=\"canonical\" href=\"https:\/\/darkamazi.info\/archives\/1007100\" \/>\n<meta property=\"og:locale\" content=\"en_US\" \/>\n<meta property=\"og:type\" content=\"article\" \/>\n<meta property=\"og:title\" content=\"Goran\u00ea Sey\u00eed El\u00ee neguher\u00ee - Darka Maz\u00ee\" \/>\n<meta property=\"og:description\" content=\"Enc\u00fbmena ni\u015ft\u00eeman\u00ee a tevgera goran\u00ea, \u00eero li Sil\u00eaman\u00eey\u00ea hilbijartin\u00ean R\u00eaber\u00ea tevger\u00ea kirin \u00fb Omer\u00ea Sey\u00eed El\u00ee \u00ea r\u00eaber\u00ea niha, car din ji bo w\u00ea post\u00ea hilbijart, \u00e7avd\u00ear \u00fb s\u00eeyasetvanan, ev gava goran\u00ea rexne kirin \u00fb gumana xwe ji kar\u00eena tevger\u00ea jibo guher\u00eenan n\u00ee\u015fan dan. Tevgera goran\u00ea ku bi parteke l\u00eebral li her\u00eama ba\u015f\u00fbr\u00ea kurdistan\u00ea t\u00ea [&hellip;]\" \/>\n<meta property=\"og:url\" content=\"https:\/\/darkamazi.info\/archives\/1007100\" \/>\n<meta property=\"og:site_name\" content=\"Darka Maz\u00ee\" \/>\n<meta property=\"article:publisher\" content=\"https:\/\/www.facebook.com\/DarMaziKurmanci\" \/>\n<meta property=\"article:published_time\" content=\"2019-09-14T13:32:01+00:00\" \/>\n<meta property=\"article:modified_time\" content=\"2019-09-21T13:38:45+00:00\" \/>\n<meta property=\"og:image\" content=\"https:\/\/darkamazi.info\/file\/2019\/09\/omer-seid-eli.jpg\" \/>\n\t<meta property=\"og:image:width\" content=\"800\" \/>\n\t<meta property=\"og:image:height\" content=\"500\" \/>\n\t<meta property=\"og:image:type\" content=\"image\/jpeg\" \/>\n<meta name=\"author\" content=\"darka mazi\" \/>\n<meta name=\"twitter:card\" content=\"summary_large_image\" \/>\n<meta name=\"twitter:image\" content=\"https:\/\/darkamazi.info\/file\/2019\/09\/omer-seid-eli.jpg\" \/>\n<meta name=\"twitter:creator\" content=\"@DarkaMaziLatini\" \/>\n<meta name=\"twitter:site\" content=\"@DarkaMaziLatini\" \/>\n<meta name=\"twitter:label1\" content=\"Written by\" \/>\n\t<meta name=\"twitter:data1\" content=\"darka mazi\" \/>\n\t<meta name=\"twitter:label2\" content=\"Est. reading time\" \/>\n\t<meta name=\"twitter:data2\" content=\"2 minutes\" \/>\n<script type=\"application\/ld+json\" class=\"seo-schema-graph\">{\"@context\":\"https:\\\/\\\/schema.org\",\"@graph\":[{\"@type\":\"Article\",\"@id\":\"https:\\\/\\\/darkamazi.info\\\/archives\\\/1007100#article\",\"isPartOf\":{\"@id\":\"https:\\\/\\\/darkamazi.info\\\/archives\\\/1007100\"},\"author\":{\"name\":\"darka mazi\",\"@id\":\"https:\\\/\\\/darkamazi.info\\\/#\\\/schema\\\/person\\\/5ad3e24553a0567993fa8ed4bd0a776c\"},\"headline\":\"Goran\u00ea Sey\u00eed El\u00ee neguher\u00ee\",\"datePublished\":\"2019-09-14T13:32:01+00:00\",\"dateModified\":\"2019-09-21T13:38:45+00:00\",\"mainEntityOfPage\":{\"@id\":\"https:\\\/\\\/darkamazi.info\\\/archives\\\/1007100\"},\"wordCount\":345,\"publisher\":{\"@id\":\"https:\\\/\\\/darkamazi.info\\\/#organization\"},\"image\":{\"@id\":\"https:\\\/\\\/darkamazi.info\\\/archives\\\/1007100#primaryimage\"},\"thumbnailUrl\":\"https:\\\/\\\/darkamazi.info\\\/darka-content\\\/uploads\\\/2019\\\/09\\\/omer-seid-eli.jpg\",\"articleSection\":[\"Kurdistan\"],\"inLanguage\":\"en-US\"},{\"@type\":\"WebPage\",\"@id\":\"https:\\\/\\\/darkamazi.info\\\/archives\\\/1007100\",\"url\":\"https:\\\/\\\/darkamazi.info\\\/archives\\\/1007100\",\"name\":\"Goran\u00ea Sey\u00eed El\u00ee neguher\u00ee - Darka Maz\u00ee\",\"isPartOf\":{\"@id\":\"https:\\\/\\\/darkamazi.info\\\/#website\"},\"primaryImageOfPage\":{\"@id\":\"https:\\\/\\\/darkamazi.info\\\/archives\\\/1007100#primaryimage\"},\"image\":{\"@id\":\"https:\\\/\\\/darkamazi.info\\\/archives\\\/1007100#primaryimage\"},\"thumbnailUrl\":\"https:\\\/\\\/darkamazi.info\\\/darka-content\\\/uploads\\\/2019\\\/09\\\/omer-seid-eli.jpg\",\"datePublished\":\"2019-09-14T13:32:01+00:00\",\"dateModified\":\"2019-09-21T13:38:45+00:00\",\"breadcrumb\":{\"@id\":\"https:\\\/\\\/darkamazi.info\\\/archives\\\/1007100#breadcrumb\"},\"inLanguage\":\"en-US\",\"potentialAction\":[{\"@type\":\"ReadAction\",\"target\":[\"https:\\\/\\\/darkamazi.info\\\/archives\\\/1007100\"]}]},{\"@type\":\"ImageObject\",\"inLanguage\":\"en-US\",\"@id\":\"https:\\\/\\\/darkamazi.info\\\/archives\\\/1007100#primaryimage\",\"url\":\"https:\\\/\\\/darkamazi.info\\\/darka-content\\\/uploads\\\/2019\\\/09\\\/omer-seid-eli.jpg\",\"contentUrl\":\"https:\\\/\\\/darkamazi.info\\\/darka-content\\\/uploads\\\/2019\\\/09\\\/omer-seid-eli.jpg\",\"width\":800,\"height\":500},{\"@type\":\"BreadcrumbList\",\"@id\":\"https:\\\/\\\/darkamazi.info\\\/archives\\\/1007100#breadcrumb\",\"itemListElement\":[{\"@type\":\"ListItem\",\"position\":1,\"name\":\"Home\",\"item\":\"https:\\\/\\\/darkamazi.info\\\/\"},{\"@type\":\"ListItem\",\"position\":2,\"name\":\"Goran\u00ea Sey\u00eed El\u00ee neguher\u00ee\"}]},{\"@type\":\"WebSite\",\"@id\":\"https:\\\/\\\/darkamazi.info\\\/#website\",\"url\":\"https:\\\/\\\/darkamazi.info\\\/\",\"name\":\"Darka Maz\u00ee\",\"description\":\"P\u00eageha Zanyariy\u00ean Nebih\u00eest\u00ee\",\"publisher\":{\"@id\":\"https:\\\/\\\/darkamazi.info\\\/#organization\"},\"potentialAction\":[{\"@type\":\"SearchAction\",\"target\":{\"@type\":\"EntryPoint\",\"urlTemplate\":\"https:\\\/\\\/darkamazi.info\\\/?s={search_term_string}\"},\"query-input\":{\"@type\":\"PropertyValueSpecification\",\"valueRequired\":true,\"valueName\":\"search_term_string\"}}],\"inLanguage\":\"en-US\"},{\"@type\":\"Organization\",\"@id\":\"https:\\\/\\\/darkamazi.info\\\/#organization\",\"name\":\"Darka Maz\u00ee\",\"url\":\"https:\\\/\\\/darkamazi.info\\\/\",\"logo\":{\"@type\":\"ImageObject\",\"inLanguage\":\"en-US\",\"@id\":\"https:\\\/\\\/darkamazi.info\\\/#\\\/schema\\\/logo\\\/image\\\/\",\"url\":\"https:\\\/\\\/darkamazi.info\\\/darka-content\\\/uploads\\\/2017\\\/12\\\/darka-mazi-logo.png\",\"contentUrl\":\"https:\\\/\\\/darkamazi.info\\\/darka-content\\\/uploads\\\/2017\\\/12\\\/darka-mazi-logo.png\",\"width\":151,\"height\":75,\"caption\":\"Darka Maz\u00ee\"},\"image\":{\"@id\":\"https:\\\/\\\/darkamazi.info\\\/#\\\/schema\\\/logo\\\/image\\\/\"},\"sameAs\":[\"https:\\\/\\\/www.facebook.com\\\/DarMaziKurmanci\",\"https:\\\/\\\/x.com\\\/DarkaMaziLatini\",\"https:\\\/\\\/www.instagram.com\\\/darkamazi.kurmanci\\\/\",\"https:\\\/\\\/www.youtube.com\\\/channel\\\/UCa5HkTdmI8U1qCUFuTw8B2g\"]},{\"@type\":\"Person\",\"@id\":\"https:\\\/\\\/darkamazi.info\\\/#\\\/schema\\\/person\\\/5ad3e24553a0567993fa8ed4bd0a776c\",\"name\":\"darka mazi\",\"sameAs\":[\"https:\\\/\\\/darkamazi.info\\\/\"],\"url\":\"https:\\\/\\\/darkamazi.info\\\/archives\\\/author\\\/kurdi\"}]}<\/script>\n<!-- \/ Yoast SEO plugin. -->","seo_head_json":{"title":"Goran\u00ea Sey\u00eed El\u00ee neguher\u00ee - Darka Maz\u00ee","robots":{"index":"index","follow":"follow","max-snippet":"max-snippet:-1","max-image-preview":"max-image-preview:large","max-video-preview":"max-video-preview:-1"},"canonical":"https:\/\/darkamazi.info\/archives\/1007100","og_locale":"en_US","og_type":"article","og_title":"Goran\u00ea Sey\u00eed El\u00ee neguher\u00ee - Darka Maz\u00ee","og_description":"Enc\u00fbmena ni\u015ft\u00eeman\u00ee a tevgera goran\u00ea, \u00eero li Sil\u00eaman\u00eey\u00ea hilbijartin\u00ean R\u00eaber\u00ea tevger\u00ea kirin \u00fb Omer\u00ea Sey\u00eed El\u00ee \u00ea r\u00eaber\u00ea niha, car din ji bo w\u00ea post\u00ea hilbijart, \u00e7avd\u00ear \u00fb s\u00eeyasetvanan, ev gava goran\u00ea rexne kirin \u00fb gumana xwe ji kar\u00eena tevger\u00ea jibo guher\u00eenan n\u00ee\u015fan dan. Tevgera goran\u00ea ku bi parteke l\u00eebral li her\u00eama ba\u015f\u00fbr\u00ea kurdistan\u00ea t\u00ea [&hellip;]","og_url":"https:\/\/darkamazi.info\/archives\/1007100","og_site_name":"Darka Maz\u00ee","article_publisher":"https:\/\/www.facebook.com\/DarMaziKurmanci","article_published_time":"2019-09-14T13:32:01+00:00","article_modified_time":"2019-09-21T13:38:45+00:00","og_image":[{"width":800,"height":500,"url":"https:\/\/darkamazi.info\/file\/2019\/09\/omer-seid-eli.jpg","type":"image\/jpeg"}],"author":"darka mazi","twitter_card":"summary_large_image","twitter_image":"https:\/\/darkamazi.info\/file\/2019\/09\/omer-seid-eli.jpg","twitter_creator":"@DarkaMaziLatini","twitter_site":"@DarkaMaziLatini","twitter_misc":{"Written by":"darka mazi","Est. reading time":"2 minutes"},"schema":{"@context":"https:\/\/schema.org","@graph":[{"@type":"Article","@id":"https:\/\/darkamazi.info\/archives\/1007100#article","isPartOf":{"@id":"https:\/\/darkamazi.info\/archives\/1007100"},"author":{"name":"darka mazi","@id":"https:\/\/darkamazi.info\/#\/schema\/person\/5ad3e24553a0567993fa8ed4bd0a776c"},"headline":"Goran\u00ea Sey\u00eed El\u00ee neguher\u00ee","datePublished":"2019-09-14T13:32:01+00:00","dateModified":"2019-09-21T13:38:45+00:00","mainEntityOfPage":{"@id":"https:\/\/darkamazi.info\/archives\/1007100"},"wordCount":345,"publisher":{"@id":"https:\/\/darkamazi.info\/#organization"},"image":{"@id":"https:\/\/darkamazi.info\/archives\/1007100#primaryimage"},"thumbnailUrl":"https:\/\/darkamazi.info\/file\/2019\/09\/omer-seid-eli.jpg","articleSection":["Kurdistan"],"inLanguage":"en-US"},{"@type":"WebPage","@id":"https:\/\/darkamazi.info\/archives\/1007100","url":"https:\/\/darkamazi.info\/archives\/1007100","name":"Goran\u00ea Sey\u00eed El\u00ee neguher\u00ee - Darka Maz\u00ee","isPartOf":{"@id":"https:\/\/darkamazi.info\/#website"},"primaryImageOfPage":{"@id":"https:\/\/darkamazi.info\/archives\/1007100#primaryimage"},"image":{"@id":"https:\/\/darkamazi.info\/archives\/1007100#primaryimage"},"thumbnailUrl":"https:\/\/darkamazi.info\/file\/2019\/09\/omer-seid-eli.jpg","datePublished":"2019-09-14T13:32:01+00:00","dateModified":"2019-09-21T13:38:45+00:00","breadcrumb":{"@id":"https:\/\/darkamazi.info\/archives\/1007100#breadcrumb"},"inLanguage":"en-US","potentialAction":[{"@type":"ReadAction","target":["https:\/\/darkamazi.info\/archives\/1007100"]}]},{"@type":"ImageObject","inLanguage":"en-US","@id":"https:\/\/darkamazi.info\/archives\/1007100#primaryimage","url":"https:\/\/darkamazi.info\/file\/2019\/09\/omer-seid-eli.jpg","contentUrl":"https:\/\/darkamazi.info\/file\/2019\/09\/omer-seid-eli.jpg","width":800,"height":500},{"@type":"BreadcrumbList","@id":"https:\/\/darkamazi.info\/archives\/1007100#breadcrumb","itemListElement":[{"@type":"ListItem","position":1,"name":"Home","item":"https:\/\/darkamazi.info\/"},{"@type":"ListItem","position":2,"name":"Goran\u00ea Sey\u00eed El\u00ee neguher\u00ee"}]},{"@type":"WebSite","@id":"https:\/\/darkamazi.info\/#website","url":"https:\/\/darkamazi.info\/","name":"Darka Maz\u00ee","description":"P\u00eageha Zanyariy\u00ean Nebih\u00eest\u00ee","publisher":{"@id":"https:\/\/darkamazi.info\/#organization"},"potentialAction":[{"@type":"SearchAction","target":{"@type":"EntryPoint","urlTemplate":"https:\/\/darkamazi.info\/?s={search_term_string}"},"query-input":{"@type":"PropertyValueSpecification","valueRequired":true,"valueName":"search_term_string"}}],"inLanguage":"en-US"},{"@type":"Organization","@id":"https:\/\/darkamazi.info\/#organization","name":"Darka Maz\u00ee","url":"https:\/\/darkamazi.info\/","logo":{"@type":"ImageObject","inLanguage":"en-US","@id":"https:\/\/darkamazi.info\/#\/schema\/logo\/image\/","url":"https:\/\/darkamazi.info\/file\/2017\/12\/darka-mazi-logo.png","contentUrl":"https:\/\/darkamazi.info\/file\/2017\/12\/darka-mazi-logo.png","width":151,"height":75,"caption":"Darka Maz\u00ee"},"image":{"@id":"https:\/\/darkamazi.info\/#\/schema\/logo\/image\/"},"sameAs":["https:\/\/www.facebook.com\/DarMaziKurmanci","https:\/\/x.com\/DarkaMaziLatini","https:\/\/www.instagram.com\/darkamazi.kurmanci\/","https:\/\/www.youtube.com\/channel\/UCa5HkTdmI8U1qCUFuTw8B2g"]},{"@type":"Person","@id":"https:\/\/darkamazi.info\/#\/schema\/person\/5ad3e24553a0567993fa8ed4bd0a776c","name":"darka mazi","sameAs":["https:\/\/darkamazi.info\/"],"url":"https:\/\/darkamazi.info\/archives\/author\/kurdi"}]}},"_links":{"self":[{"href":"https:\/\/darkamazi.info\/funavuv\/wp\/v2\/posts\/1007100","targetHints":{"allow":["GET"]}}],"collection":[{"href":"https:\/\/darkamazi.info\/funavuv\/wp\/v2\/posts"}],"about":[{"href":"https:\/\/darkamazi.info\/funavuv\/wp\/v2\/types\/post"}],"author":[{"embeddable":true,"href":"https:\/\/darkamazi.info\/funavuv\/wp\/v2\/users\/2"}],"replies":[{"embeddable":true,"href":"https:\/\/darkamazi.info\/funavuv\/wp\/v2\/comments?post=1007100"}],"version-history":[{"count":0,"href":"https:\/\/darkamazi.info\/funavuv\/wp\/v2\/posts\/1007100\/revisions"}],"wp:featuredmedia":[{"embeddable":true,"href":"https:\/\/darkamazi.info\/funavuv\/wp\/v2\/media\/1007101"}],"wp:attachment":[{"href":"https:\/\/darkamazi.info\/funavuv\/wp\/v2\/media?parent=1007100"}],"wp:term":[{"taxonomy":"category","embeddable":true,"href":"https:\/\/darkamazi.info\/funavuv\/wp\/v2\/categories?post=1007100"},{"taxonomy":"post_tag","embeddable":true,"href":"https:\/\/darkamazi.info\/funavuv\/wp\/v2\/tags?post=1007100"}],"curies":[{"name":"wp","href":"https:\/\/api.w.org\/{rel}","templated":true}]}}