{"id":1007106,"date":"2019-09-14T16:55:12","date_gmt":"2019-09-14T13:55:12","guid":{"rendered":"https:\/\/darkamazi.info\/?p=1007106"},"modified":"2019-09-17T19:51:49","modified_gmt":"2019-09-17T16:51:49","slug":"dawid-oxlu-dest-ji-akp-vekisand","status":"publish","type":"post","link":"https:\/\/darkamazi.info\/archives\/1007106","title":{"rendered":"Dawid Oxlu dest ji AKP veki\u015fand"},"content":{"rendered":"<h3><strong>Serok wez\u00eer\u00ea ber\u00ea \u00ea tirkiy\u00ea \u00fb endam\u00ea d\u00eeyar \u00ea parta dad \u00fb ge\u015fep\u00eadan\u00ea a desthilatdar, dest ji w\u00ea part\u00ea veki\u015fand \u00fb ragihand, ew w\u00ea tevgereke din damezr\u00eene.<\/strong><\/h3>\n<h3>Ehmed Dawid Oxlu pi\u015ft\u00ee ku tevgerek damezrand\u00ee, serkirdat\u00ee a AKP dos\u00eeya w\u00ee jibo navenda displ\u00een\u00ea veguhastib\u00fb jibo ku were d\u00fbrxistin, l\u00ea bel\u00ea dest ji w\u00ea part\u00ee vek\u015fandin.<\/h3>\n<h3>Di w\u00ea derbar\u00ea de, Dawid Oxlu herweha her yek ji parleminter\u00ean ber\u00ea \u00ean AKP, Ayhan Sefer Uston, Selcok Ozdax \u00fb Ebdulla Ba\u015fc\u00ee, di pir\u00eas konferenseke hevpar de, e\u015fkere kirin ku ew w\u00ea dest ji AKP vek\u015fin.<br \/>\nEhmed Dawid Oxlu di w\u00ea pir\u00eas konferens\u00ea de, rexne li AKP girtin \u00fb got: AKP ji s\u00eeyaset\u00ean xwe \u00ean demokras\u00eey\u00ea d\u00fbr ket\u00eeye, jibo ku AKP li ser r\u00eaya rast bim\u00eene wan gelek teko\u015f\u00een kir, l\u00ea bel\u00ea tu encam ji w\u00ea teko\u015f\u00eena wan derneket.<\/h3>\n<h3>Herweha e\u015fkere kir, ew bi r\u00eaya tevgereke n\u00fb, w\u00ea xizmeta gel\u00ea tirkiy\u00ea bikin \u00fb banga s\u00eeyasetvan \u00fb gel\u00ea tirkiy\u00ea kir tevl\u00ee tevgera n\u00fb bibin.<\/h3>\n","protected":false},"excerpt":{"rendered":"<p>Serok wez\u00eer\u00ea ber\u00ea \u00ea tirkiy\u00ea \u00fb endam\u00ea d\u00eeyar \u00ea parta dad \u00fb ge\u015fep\u00eadan\u00ea a desthilatdar, dest ji w\u00ea part\u00ea veki\u015fand \u00fb ragihand, ew w\u00ea tevgereke din damezr\u00eene. Ehmed Dawid Oxlu pi\u015ft\u00ee ku tevgerek damezrand\u00ee, serkirdat\u00ee a AKP dos\u00eeya w\u00ee jibo navenda displ\u00een\u00ea veguhastib\u00fb jibo ku were d\u00fbrxistin, l\u00ea bel\u00ea dest ji w\u00ea part\u00ee vek\u015fandin. Di [&hellip;]<\/p>\n","protected":false},"author":2,"featured_media":1007107,"comment_status":"closed","ping_status":"closed","sticky":false,"template":"","format":"standard","meta":{"footnotes":""},"categories":[31],"tags":[],"class_list":["post-1007106","post","type-post","status-publish","format-standard","has-post-thumbnail","hentry","category-rojhelata-navin"],"blocksy_meta":[],"seo_head":"<!-- This site is optimized with the Yoast SEO plugin v27.5 - https:\/\/yoast.com\/product\/yoast-seo-wordpress\/ -->\n<title>Dawid Oxlu dest ji AKP veki\u015fand - Darka Maz\u00ee<\/title>\n<meta name=\"robots\" content=\"index, follow, max-snippet:-1, max-image-preview:large, max-video-preview:-1\" \/>\n<link rel=\"canonical\" href=\"https:\/\/darkamazi.info\/archives\/1007106\" \/>\n<meta property=\"og:locale\" content=\"en_US\" \/>\n<meta property=\"og:type\" content=\"article\" \/>\n<meta property=\"og:title\" content=\"Dawid Oxlu dest ji AKP veki\u015fand - Darka Maz\u00ee\" \/>\n<meta property=\"og:description\" content=\"Serok wez\u00eer\u00ea ber\u00ea \u00ea tirkiy\u00ea \u00fb endam\u00ea d\u00eeyar \u00ea parta dad \u00fb ge\u015fep\u00eadan\u00ea a desthilatdar, dest ji w\u00ea part\u00ea veki\u015fand \u00fb ragihand, ew w\u00ea tevgereke din damezr\u00eene. Ehmed Dawid Oxlu pi\u015ft\u00ee ku tevgerek damezrand\u00ee, serkirdat\u00ee a AKP dos\u00eeya w\u00ee jibo navenda displ\u00een\u00ea veguhastib\u00fb jibo ku were d\u00fbrxistin, l\u00ea bel\u00ea dest ji w\u00ea part\u00ee vek\u015fandin. Di [&hellip;]\" \/>\n<meta property=\"og:url\" content=\"https:\/\/darkamazi.info\/archives\/1007106\" \/>\n<meta property=\"og:site_name\" content=\"Darka Maz\u00ee\" \/>\n<meta property=\"article:publisher\" content=\"https:\/\/www.facebook.com\/DarMaziKurmanci\" \/>\n<meta property=\"article:published_time\" content=\"2019-09-14T13:55:12+00:00\" \/>\n<meta property=\"article:modified_time\" content=\"2019-09-17T16:51:49+00:00\" \/>\n<meta property=\"og:image\" content=\"https:\/\/darkamazi.info\/file\/2019\/09\/Ahmet-Davutoglu.jpg\" \/>\n\t<meta property=\"og:image:width\" content=\"1418\" \/>\n\t<meta property=\"og:image:height\" content=\"945\" \/>\n\t<meta property=\"og:image:type\" content=\"image\/jpeg\" \/>\n<meta name=\"author\" content=\"darka mazi\" \/>\n<meta name=\"twitter:card\" content=\"summary_large_image\" \/>\n<meta name=\"twitter:image\" content=\"https:\/\/darkamazi.info\/file\/2019\/09\/Ahmet-Davutoglu.jpg\" \/>\n<meta name=\"twitter:creator\" content=\"@DarkaMaziLatini\" \/>\n<meta name=\"twitter:site\" content=\"@DarkaMaziLatini\" \/>\n<meta name=\"twitter:label1\" content=\"Written by\" \/>\n\t<meta name=\"twitter:data1\" content=\"darka mazi\" \/>\n\t<meta name=\"twitter:label2\" content=\"Est. reading time\" \/>\n\t<meta name=\"twitter:data2\" content=\"1 minute\" \/>\n<script type=\"application\/ld+json\" class=\"seo-schema-graph\">{\"@context\":\"https:\\\/\\\/schema.org\",\"@graph\":[{\"@type\":\"Article\",\"@id\":\"https:\\\/\\\/darkamazi.info\\\/archives\\\/1007106#article\",\"isPartOf\":{\"@id\":\"https:\\\/\\\/darkamazi.info\\\/archives\\\/1007106\"},\"author\":{\"name\":\"darka mazi\",\"@id\":\"https:\\\/\\\/darkamazi.info\\\/#\\\/schema\\\/person\\\/5ad3e24553a0567993fa8ed4bd0a776c\"},\"headline\":\"Dawid Oxlu dest ji AKP veki\u015fand\",\"datePublished\":\"2019-09-14T13:55:12+00:00\",\"dateModified\":\"2019-09-17T16:51:49+00:00\",\"mainEntityOfPage\":{\"@id\":\"https:\\\/\\\/darkamazi.info\\\/archives\\\/1007106\"},\"wordCount\":184,\"publisher\":{\"@id\":\"https:\\\/\\\/darkamazi.info\\\/#organization\"},\"image\":{\"@id\":\"https:\\\/\\\/darkamazi.info\\\/archives\\\/1007106#primaryimage\"},\"thumbnailUrl\":\"https:\\\/\\\/darkamazi.info\\\/darka-content\\\/uploads\\\/2019\\\/09\\\/Ahmet-Davutoglu.jpg\",\"articleSection\":[\"Rojhelata nav\u00een\"],\"inLanguage\":\"en-US\"},{\"@type\":\"WebPage\",\"@id\":\"https:\\\/\\\/darkamazi.info\\\/archives\\\/1007106\",\"url\":\"https:\\\/\\\/darkamazi.info\\\/archives\\\/1007106\",\"name\":\"Dawid Oxlu dest ji AKP veki\u015fand - Darka Maz\u00ee\",\"isPartOf\":{\"@id\":\"https:\\\/\\\/darkamazi.info\\\/#website\"},\"primaryImageOfPage\":{\"@id\":\"https:\\\/\\\/darkamazi.info\\\/archives\\\/1007106#primaryimage\"},\"image\":{\"@id\":\"https:\\\/\\\/darkamazi.info\\\/archives\\\/1007106#primaryimage\"},\"thumbnailUrl\":\"https:\\\/\\\/darkamazi.info\\\/darka-content\\\/uploads\\\/2019\\\/09\\\/Ahmet-Davutoglu.jpg\",\"datePublished\":\"2019-09-14T13:55:12+00:00\",\"dateModified\":\"2019-09-17T16:51:49+00:00\",\"breadcrumb\":{\"@id\":\"https:\\\/\\\/darkamazi.info\\\/archives\\\/1007106#breadcrumb\"},\"inLanguage\":\"en-US\",\"potentialAction\":[{\"@type\":\"ReadAction\",\"target\":[\"https:\\\/\\\/darkamazi.info\\\/archives\\\/1007106\"]}]},{\"@type\":\"ImageObject\",\"inLanguage\":\"en-US\",\"@id\":\"https:\\\/\\\/darkamazi.info\\\/archives\\\/1007106#primaryimage\",\"url\":\"https:\\\/\\\/darkamazi.info\\\/darka-content\\\/uploads\\\/2019\\\/09\\\/Ahmet-Davutoglu.jpg\",\"contentUrl\":\"https:\\\/\\\/darkamazi.info\\\/darka-content\\\/uploads\\\/2019\\\/09\\\/Ahmet-Davutoglu.jpg\",\"width\":1418,\"height\":945},{\"@type\":\"BreadcrumbList\",\"@id\":\"https:\\\/\\\/darkamazi.info\\\/archives\\\/1007106#breadcrumb\",\"itemListElement\":[{\"@type\":\"ListItem\",\"position\":1,\"name\":\"Home\",\"item\":\"https:\\\/\\\/darkamazi.info\\\/\"},{\"@type\":\"ListItem\",\"position\":2,\"name\":\"Dawid Oxlu dest ji AKP veki\u015fand\"}]},{\"@type\":\"WebSite\",\"@id\":\"https:\\\/\\\/darkamazi.info\\\/#website\",\"url\":\"https:\\\/\\\/darkamazi.info\\\/\",\"name\":\"Darka Maz\u00ee\",\"description\":\"P\u00eageha Zanyariy\u00ean Nebih\u00eest\u00ee\",\"publisher\":{\"@id\":\"https:\\\/\\\/darkamazi.info\\\/#organization\"},\"potentialAction\":[{\"@type\":\"SearchAction\",\"target\":{\"@type\":\"EntryPoint\",\"urlTemplate\":\"https:\\\/\\\/darkamazi.info\\\/?s={search_term_string}\"},\"query-input\":{\"@type\":\"PropertyValueSpecification\",\"valueRequired\":true,\"valueName\":\"search_term_string\"}}],\"inLanguage\":\"en-US\"},{\"@type\":\"Organization\",\"@id\":\"https:\\\/\\\/darkamazi.info\\\/#organization\",\"name\":\"Darka Maz\u00ee\",\"url\":\"https:\\\/\\\/darkamazi.info\\\/\",\"logo\":{\"@type\":\"ImageObject\",\"inLanguage\":\"en-US\",\"@id\":\"https:\\\/\\\/darkamazi.info\\\/#\\\/schema\\\/logo\\\/image\\\/\",\"url\":\"https:\\\/\\\/darkamazi.info\\\/darka-content\\\/uploads\\\/2017\\\/12\\\/darka-mazi-logo.png\",\"contentUrl\":\"https:\\\/\\\/darkamazi.info\\\/darka-content\\\/uploads\\\/2017\\\/12\\\/darka-mazi-logo.png\",\"width\":151,\"height\":75,\"caption\":\"Darka Maz\u00ee\"},\"image\":{\"@id\":\"https:\\\/\\\/darkamazi.info\\\/#\\\/schema\\\/logo\\\/image\\\/\"},\"sameAs\":[\"https:\\\/\\\/www.facebook.com\\\/DarMaziKurmanci\",\"https:\\\/\\\/x.com\\\/DarkaMaziLatini\",\"https:\\\/\\\/www.instagram.com\\\/darkamazi.kurmanci\\\/\",\"https:\\\/\\\/www.youtube.com\\\/channel\\\/UCa5HkTdmI8U1qCUFuTw8B2g\"]},{\"@type\":\"Person\",\"@id\":\"https:\\\/\\\/darkamazi.info\\\/#\\\/schema\\\/person\\\/5ad3e24553a0567993fa8ed4bd0a776c\",\"name\":\"darka mazi\",\"sameAs\":[\"https:\\\/\\\/darkamazi.info\\\/\"],\"url\":\"https:\\\/\\\/darkamazi.info\\\/archives\\\/author\\\/kurdi\"}]}<\/script>\n<!-- \/ Yoast SEO plugin. -->","seo_head_json":{"title":"Dawid Oxlu dest ji AKP veki\u015fand - Darka Maz\u00ee","robots":{"index":"index","follow":"follow","max-snippet":"max-snippet:-1","max-image-preview":"max-image-preview:large","max-video-preview":"max-video-preview:-1"},"canonical":"https:\/\/darkamazi.info\/archives\/1007106","og_locale":"en_US","og_type":"article","og_title":"Dawid Oxlu dest ji AKP veki\u015fand - Darka Maz\u00ee","og_description":"Serok wez\u00eer\u00ea ber\u00ea \u00ea tirkiy\u00ea \u00fb endam\u00ea d\u00eeyar \u00ea parta dad \u00fb ge\u015fep\u00eadan\u00ea a desthilatdar, dest ji w\u00ea part\u00ea veki\u015fand \u00fb ragihand, ew w\u00ea tevgereke din damezr\u00eene. Ehmed Dawid Oxlu pi\u015ft\u00ee ku tevgerek damezrand\u00ee, serkirdat\u00ee a AKP dos\u00eeya w\u00ee jibo navenda displ\u00een\u00ea veguhastib\u00fb jibo ku were d\u00fbrxistin, l\u00ea bel\u00ea dest ji w\u00ea part\u00ee vek\u015fandin. Di [&hellip;]","og_url":"https:\/\/darkamazi.info\/archives\/1007106","og_site_name":"Darka Maz\u00ee","article_publisher":"https:\/\/www.facebook.com\/DarMaziKurmanci","article_published_time":"2019-09-14T13:55:12+00:00","article_modified_time":"2019-09-17T16:51:49+00:00","og_image":[{"width":1418,"height":945,"url":"https:\/\/darkamazi.info\/file\/2019\/09\/Ahmet-Davutoglu.jpg","type":"image\/jpeg"}],"author":"darka mazi","twitter_card":"summary_large_image","twitter_image":"https:\/\/darkamazi.info\/file\/2019\/09\/Ahmet-Davutoglu.jpg","twitter_creator":"@DarkaMaziLatini","twitter_site":"@DarkaMaziLatini","twitter_misc":{"Written by":"darka mazi","Est. reading time":"1 minute"},"schema":{"@context":"https:\/\/schema.org","@graph":[{"@type":"Article","@id":"https:\/\/darkamazi.info\/archives\/1007106#article","isPartOf":{"@id":"https:\/\/darkamazi.info\/archives\/1007106"},"author":{"name":"darka mazi","@id":"https:\/\/darkamazi.info\/#\/schema\/person\/5ad3e24553a0567993fa8ed4bd0a776c"},"headline":"Dawid Oxlu dest ji AKP veki\u015fand","datePublished":"2019-09-14T13:55:12+00:00","dateModified":"2019-09-17T16:51:49+00:00","mainEntityOfPage":{"@id":"https:\/\/darkamazi.info\/archives\/1007106"},"wordCount":184,"publisher":{"@id":"https:\/\/darkamazi.info\/#organization"},"image":{"@id":"https:\/\/darkamazi.info\/archives\/1007106#primaryimage"},"thumbnailUrl":"https:\/\/darkamazi.info\/file\/2019\/09\/Ahmet-Davutoglu.jpg","articleSection":["Rojhelata nav\u00een"],"inLanguage":"en-US"},{"@type":"WebPage","@id":"https:\/\/darkamazi.info\/archives\/1007106","url":"https:\/\/darkamazi.info\/archives\/1007106","name":"Dawid Oxlu dest ji AKP veki\u015fand - Darka Maz\u00ee","isPartOf":{"@id":"https:\/\/darkamazi.info\/#website"},"primaryImageOfPage":{"@id":"https:\/\/darkamazi.info\/archives\/1007106#primaryimage"},"image":{"@id":"https:\/\/darkamazi.info\/archives\/1007106#primaryimage"},"thumbnailUrl":"https:\/\/darkamazi.info\/file\/2019\/09\/Ahmet-Davutoglu.jpg","datePublished":"2019-09-14T13:55:12+00:00","dateModified":"2019-09-17T16:51:49+00:00","breadcrumb":{"@id":"https:\/\/darkamazi.info\/archives\/1007106#breadcrumb"},"inLanguage":"en-US","potentialAction":[{"@type":"ReadAction","target":["https:\/\/darkamazi.info\/archives\/1007106"]}]},{"@type":"ImageObject","inLanguage":"en-US","@id":"https:\/\/darkamazi.info\/archives\/1007106#primaryimage","url":"https:\/\/darkamazi.info\/file\/2019\/09\/Ahmet-Davutoglu.jpg","contentUrl":"https:\/\/darkamazi.info\/file\/2019\/09\/Ahmet-Davutoglu.jpg","width":1418,"height":945},{"@type":"BreadcrumbList","@id":"https:\/\/darkamazi.info\/archives\/1007106#breadcrumb","itemListElement":[{"@type":"ListItem","position":1,"name":"Home","item":"https:\/\/darkamazi.info\/"},{"@type":"ListItem","position":2,"name":"Dawid Oxlu dest ji AKP veki\u015fand"}]},{"@type":"WebSite","@id":"https:\/\/darkamazi.info\/#website","url":"https:\/\/darkamazi.info\/","name":"Darka Maz\u00ee","description":"P\u00eageha Zanyariy\u00ean Nebih\u00eest\u00ee","publisher":{"@id":"https:\/\/darkamazi.info\/#organization"},"potentialAction":[{"@type":"SearchAction","target":{"@type":"EntryPoint","urlTemplate":"https:\/\/darkamazi.info\/?s={search_term_string}"},"query-input":{"@type":"PropertyValueSpecification","valueRequired":true,"valueName":"search_term_string"}}],"inLanguage":"en-US"},{"@type":"Organization","@id":"https:\/\/darkamazi.info\/#organization","name":"Darka Maz\u00ee","url":"https:\/\/darkamazi.info\/","logo":{"@type":"ImageObject","inLanguage":"en-US","@id":"https:\/\/darkamazi.info\/#\/schema\/logo\/image\/","url":"https:\/\/darkamazi.info\/file\/2017\/12\/darka-mazi-logo.png","contentUrl":"https:\/\/darkamazi.info\/file\/2017\/12\/darka-mazi-logo.png","width":151,"height":75,"caption":"Darka Maz\u00ee"},"image":{"@id":"https:\/\/darkamazi.info\/#\/schema\/logo\/image\/"},"sameAs":["https:\/\/www.facebook.com\/DarMaziKurmanci","https:\/\/x.com\/DarkaMaziLatini","https:\/\/www.instagram.com\/darkamazi.kurmanci\/","https:\/\/www.youtube.com\/channel\/UCa5HkTdmI8U1qCUFuTw8B2g"]},{"@type":"Person","@id":"https:\/\/darkamazi.info\/#\/schema\/person\/5ad3e24553a0567993fa8ed4bd0a776c","name":"darka mazi","sameAs":["https:\/\/darkamazi.info\/"],"url":"https:\/\/darkamazi.info\/archives\/author\/kurdi"}]}},"_links":{"self":[{"href":"https:\/\/darkamazi.info\/funavuv\/wp\/v2\/posts\/1007106","targetHints":{"allow":["GET"]}}],"collection":[{"href":"https:\/\/darkamazi.info\/funavuv\/wp\/v2\/posts"}],"about":[{"href":"https:\/\/darkamazi.info\/funavuv\/wp\/v2\/types\/post"}],"author":[{"embeddable":true,"href":"https:\/\/darkamazi.info\/funavuv\/wp\/v2\/users\/2"}],"replies":[{"embeddable":true,"href":"https:\/\/darkamazi.info\/funavuv\/wp\/v2\/comments?post=1007106"}],"version-history":[{"count":0,"href":"https:\/\/darkamazi.info\/funavuv\/wp\/v2\/posts\/1007106\/revisions"}],"wp:featuredmedia":[{"embeddable":true,"href":"https:\/\/darkamazi.info\/funavuv\/wp\/v2\/media\/1007107"}],"wp:attachment":[{"href":"https:\/\/darkamazi.info\/funavuv\/wp\/v2\/media?parent=1007106"}],"wp:term":[{"taxonomy":"category","embeddable":true,"href":"https:\/\/darkamazi.info\/funavuv\/wp\/v2\/categories?post=1007106"},{"taxonomy":"post_tag","embeddable":true,"href":"https:\/\/darkamazi.info\/funavuv\/wp\/v2\/tags?post=1007106"}],"curies":[{"name":"wp","href":"https:\/\/api.w.org\/{rel}","templated":true}]}}