{"id":1007192,"date":"2019-09-15T18:50:52","date_gmt":"2019-09-15T15:50:52","guid":{"rendered":"https:\/\/darkamazi.info\/?p=1007192"},"modified":"2019-09-17T20:12:21","modified_gmt":"2019-09-17T17:12:21","slug":"ewleh-iya-iraqe-saneke-teroristi-eskere-kir","status":"publish","type":"post","link":"https:\/\/darkamazi.info\/archives\/1007192","title":{"rendered":"Ewleh\u00eeya Iraq\u00ea \u015faneke teror\u00eest\u00ee e\u015fkere kir"},"content":{"rendered":"<h3><strong>H\u00eaz\u00ean ewleh\u00ee ya Iraq\u00ea, \u00eero desteser kirina \u015faneke teror\u00eest\u00ee e\u015fkere kir ku n\u00eeyaza wan heb\u00fb, kiriyar\u00ean teror\u00eest\u00ee di meras\u00eema dahat\u00ee a \u00eemam\u00ea His\u00ean de bikin.<\/strong><\/h3>\n<h3>\u015eaneya medya ceng\u00ee a wezareta kar\u00ean hundir a Iraq\u00ea, \u00eero di beyaneke niv\u00eesk\u00ee de e\u015fkere kir, h\u00eaz\u00ean wan li roj\u00ean b\u00fbr\u00ee, \u015faneyeke teror\u00eest\u00ee li Sameray\u00ea desteser kir ku n\u00eeyaza w\u00ea heb\u00fb, kiriyar\u00ean teror\u00eest\u00ee di meras\u00eema \u00e7ileya \u00eemam\u00ea His\u00ean a dahat\u00ee de encam bidin.<\/h3>\n<h3>Her wiha xweya kir, \u015eaneya ku hat\u00ee e\u015fkere kirin, ji 6 kesan p\u00eak t\u00ea \u00fb jinek j\u00ee digel de b\u00fbye ku hevj\u00een\u00ea w\u00ea teror\u00eestek\u00ea S\u00fbryay\u00ea ye.<\/h3>\n<h3>Salane bi milyonan kes\u00ean \u015f\u00ee&#8217;e mezheb ji nava Iraq\u00ea \u00fb derve qesta Kerbelay\u00ea dikin jibo ku be\u015fdar\u00ee meras\u00eema \u00e7ileya \u00eemam\u00ea His\u00ean bibin.<\/h3>\n","protected":false},"excerpt":{"rendered":"<p>H\u00eaz\u00ean ewleh\u00ee ya Iraq\u00ea, \u00eero desteser kirina \u015faneke teror\u00eest\u00ee e\u015fkere kir ku n\u00eeyaza wan heb\u00fb, kiriyar\u00ean teror\u00eest\u00ee di meras\u00eema dahat\u00ee a \u00eemam\u00ea His\u00ean de bikin. \u015eaneya medya ceng\u00ee a wezareta kar\u00ean hundir a Iraq\u00ea, \u00eero di beyaneke niv\u00eesk\u00ee de e\u015fkere kir, h\u00eaz\u00ean wan li roj\u00ean b\u00fbr\u00ee, \u015faneyeke teror\u00eest\u00ee li Sameray\u00ea desteser kir ku n\u00eeyaza w\u00ea [&hellip;]<\/p>\n","protected":false},"author":2,"featured_media":1007193,"comment_status":"closed","ping_status":"closed","sticky":false,"template":"","format":"standard","meta":{"footnotes":""},"categories":[31],"tags":[],"class_list":["post-1007192","post","type-post","status-publish","format-standard","has-post-thumbnail","hentry","category-rojhelata-navin"],"blocksy_meta":[],"seo_head":"<!-- This site is optimized with the Yoast SEO plugin v27.5 - https:\/\/yoast.com\/product\/yoast-seo-wordpress\/ -->\n<title>Ewleh\u00eeya Iraq\u00ea \u015faneke teror\u00eest\u00ee e\u015fkere kir - Darka Maz\u00ee<\/title>\n<meta name=\"robots\" content=\"index, follow, max-snippet:-1, max-image-preview:large, max-video-preview:-1\" \/>\n<link rel=\"canonical\" href=\"https:\/\/darkamazi.info\/archives\/1007192\" \/>\n<meta property=\"og:locale\" content=\"en_US\" \/>\n<meta property=\"og:type\" content=\"article\" \/>\n<meta property=\"og:title\" content=\"Ewleh\u00eeya Iraq\u00ea \u015faneke teror\u00eest\u00ee e\u015fkere kir - Darka Maz\u00ee\" \/>\n<meta property=\"og:description\" content=\"H\u00eaz\u00ean ewleh\u00ee ya Iraq\u00ea, \u00eero desteser kirina \u015faneke teror\u00eest\u00ee e\u015fkere kir ku n\u00eeyaza wan heb\u00fb, kiriyar\u00ean teror\u00eest\u00ee di meras\u00eema dahat\u00ee a \u00eemam\u00ea His\u00ean de bikin. \u015eaneya medya ceng\u00ee a wezareta kar\u00ean hundir a Iraq\u00ea, \u00eero di beyaneke niv\u00eesk\u00ee de e\u015fkere kir, h\u00eaz\u00ean wan li roj\u00ean b\u00fbr\u00ee, \u015faneyeke teror\u00eest\u00ee li Sameray\u00ea desteser kir ku n\u00eeyaza w\u00ea [&hellip;]\" \/>\n<meta property=\"og:url\" content=\"https:\/\/darkamazi.info\/archives\/1007192\" \/>\n<meta property=\"og:site_name\" content=\"Darka Maz\u00ee\" \/>\n<meta property=\"article:publisher\" content=\"https:\/\/www.facebook.com\/DarMaziKurmanci\" \/>\n<meta property=\"article:published_time\" content=\"2019-09-15T15:50:52+00:00\" \/>\n<meta property=\"article:modified_time\" content=\"2019-09-17T17:12:21+00:00\" \/>\n<meta property=\"og:image\" content=\"https:\/\/darkamazi.info\/file\/2019\/09\/iraq.jpg\" \/>\n\t<meta property=\"og:image:width\" content=\"768\" \/>\n\t<meta property=\"og:image:height\" content=\"432\" \/>\n\t<meta property=\"og:image:type\" content=\"image\/jpeg\" \/>\n<meta name=\"author\" content=\"darka mazi\" \/>\n<meta name=\"twitter:card\" content=\"summary_large_image\" \/>\n<meta name=\"twitter:image\" content=\"https:\/\/darkamazi.info\/file\/2019\/09\/iraq.jpg\" \/>\n<meta name=\"twitter:creator\" content=\"@DarkaMaziLatini\" \/>\n<meta name=\"twitter:site\" content=\"@DarkaMaziLatini\" \/>\n<meta name=\"twitter:label1\" content=\"Written by\" \/>\n\t<meta name=\"twitter:data1\" content=\"darka mazi\" \/>\n\t<meta name=\"twitter:label2\" content=\"Est. reading time\" \/>\n\t<meta name=\"twitter:data2\" content=\"1 minute\" \/>\n<script type=\"application\/ld+json\" class=\"seo-schema-graph\">{\"@context\":\"https:\\\/\\\/schema.org\",\"@graph\":[{\"@type\":\"Article\",\"@id\":\"https:\\\/\\\/darkamazi.info\\\/archives\\\/1007192#article\",\"isPartOf\":{\"@id\":\"https:\\\/\\\/darkamazi.info\\\/archives\\\/1007192\"},\"author\":{\"name\":\"darka mazi\",\"@id\":\"https:\\\/\\\/darkamazi.info\\\/#\\\/schema\\\/person\\\/5ad3e24553a0567993fa8ed4bd0a776c\"},\"headline\":\"Ewleh\u00eeya Iraq\u00ea \u015faneke teror\u00eest\u00ee e\u015fkere kir\",\"datePublished\":\"2019-09-15T15:50:52+00:00\",\"dateModified\":\"2019-09-17T17:12:21+00:00\",\"mainEntityOfPage\":{\"@id\":\"https:\\\/\\\/darkamazi.info\\\/archives\\\/1007192\"},\"wordCount\":154,\"publisher\":{\"@id\":\"https:\\\/\\\/darkamazi.info\\\/#organization\"},\"image\":{\"@id\":\"https:\\\/\\\/darkamazi.info\\\/archives\\\/1007192#primaryimage\"},\"thumbnailUrl\":\"https:\\\/\\\/darkamazi.info\\\/darka-content\\\/uploads\\\/2019\\\/09\\\/iraq.jpg\",\"articleSection\":[\"Rojhelata nav\u00een\"],\"inLanguage\":\"en-US\"},{\"@type\":\"WebPage\",\"@id\":\"https:\\\/\\\/darkamazi.info\\\/archives\\\/1007192\",\"url\":\"https:\\\/\\\/darkamazi.info\\\/archives\\\/1007192\",\"name\":\"Ewleh\u00eeya Iraq\u00ea \u015faneke teror\u00eest\u00ee e\u015fkere kir - Darka Maz\u00ee\",\"isPartOf\":{\"@id\":\"https:\\\/\\\/darkamazi.info\\\/#website\"},\"primaryImageOfPage\":{\"@id\":\"https:\\\/\\\/darkamazi.info\\\/archives\\\/1007192#primaryimage\"},\"image\":{\"@id\":\"https:\\\/\\\/darkamazi.info\\\/archives\\\/1007192#primaryimage\"},\"thumbnailUrl\":\"https:\\\/\\\/darkamazi.info\\\/darka-content\\\/uploads\\\/2019\\\/09\\\/iraq.jpg\",\"datePublished\":\"2019-09-15T15:50:52+00:00\",\"dateModified\":\"2019-09-17T17:12:21+00:00\",\"breadcrumb\":{\"@id\":\"https:\\\/\\\/darkamazi.info\\\/archives\\\/1007192#breadcrumb\"},\"inLanguage\":\"en-US\",\"potentialAction\":[{\"@type\":\"ReadAction\",\"target\":[\"https:\\\/\\\/darkamazi.info\\\/archives\\\/1007192\"]}]},{\"@type\":\"ImageObject\",\"inLanguage\":\"en-US\",\"@id\":\"https:\\\/\\\/darkamazi.info\\\/archives\\\/1007192#primaryimage\",\"url\":\"https:\\\/\\\/darkamazi.info\\\/darka-content\\\/uploads\\\/2019\\\/09\\\/iraq.jpg\",\"contentUrl\":\"https:\\\/\\\/darkamazi.info\\\/darka-content\\\/uploads\\\/2019\\\/09\\\/iraq.jpg\",\"width\":768,\"height\":432},{\"@type\":\"BreadcrumbList\",\"@id\":\"https:\\\/\\\/darkamazi.info\\\/archives\\\/1007192#breadcrumb\",\"itemListElement\":[{\"@type\":\"ListItem\",\"position\":1,\"name\":\"Home\",\"item\":\"https:\\\/\\\/darkamazi.info\\\/\"},{\"@type\":\"ListItem\",\"position\":2,\"name\":\"Ewleh\u00eeya Iraq\u00ea \u015faneke teror\u00eest\u00ee e\u015fkere kir\"}]},{\"@type\":\"WebSite\",\"@id\":\"https:\\\/\\\/darkamazi.info\\\/#website\",\"url\":\"https:\\\/\\\/darkamazi.info\\\/\",\"name\":\"Darka Maz\u00ee\",\"description\":\"P\u00eageha Zanyariy\u00ean Nebih\u00eest\u00ee\",\"publisher\":{\"@id\":\"https:\\\/\\\/darkamazi.info\\\/#organization\"},\"potentialAction\":[{\"@type\":\"SearchAction\",\"target\":{\"@type\":\"EntryPoint\",\"urlTemplate\":\"https:\\\/\\\/darkamazi.info\\\/?s={search_term_string}\"},\"query-input\":{\"@type\":\"PropertyValueSpecification\",\"valueRequired\":true,\"valueName\":\"search_term_string\"}}],\"inLanguage\":\"en-US\"},{\"@type\":\"Organization\",\"@id\":\"https:\\\/\\\/darkamazi.info\\\/#organization\",\"name\":\"Darka Maz\u00ee\",\"url\":\"https:\\\/\\\/darkamazi.info\\\/\",\"logo\":{\"@type\":\"ImageObject\",\"inLanguage\":\"en-US\",\"@id\":\"https:\\\/\\\/darkamazi.info\\\/#\\\/schema\\\/logo\\\/image\\\/\",\"url\":\"https:\\\/\\\/darkamazi.info\\\/darka-content\\\/uploads\\\/2017\\\/12\\\/darka-mazi-logo.png\",\"contentUrl\":\"https:\\\/\\\/darkamazi.info\\\/darka-content\\\/uploads\\\/2017\\\/12\\\/darka-mazi-logo.png\",\"width\":151,\"height\":75,\"caption\":\"Darka Maz\u00ee\"},\"image\":{\"@id\":\"https:\\\/\\\/darkamazi.info\\\/#\\\/schema\\\/logo\\\/image\\\/\"},\"sameAs\":[\"https:\\\/\\\/www.facebook.com\\\/DarMaziKurmanci\",\"https:\\\/\\\/x.com\\\/DarkaMaziLatini\",\"https:\\\/\\\/www.instagram.com\\\/darkamazi.kurmanci\\\/\",\"https:\\\/\\\/www.youtube.com\\\/channel\\\/UCa5HkTdmI8U1qCUFuTw8B2g\"]},{\"@type\":\"Person\",\"@id\":\"https:\\\/\\\/darkamazi.info\\\/#\\\/schema\\\/person\\\/5ad3e24553a0567993fa8ed4bd0a776c\",\"name\":\"darka mazi\",\"sameAs\":[\"https:\\\/\\\/darkamazi.info\\\/\"],\"url\":\"https:\\\/\\\/darkamazi.info\\\/archives\\\/author\\\/kurdi\"}]}<\/script>\n<!-- \/ Yoast SEO plugin. -->","seo_head_json":{"title":"Ewleh\u00eeya Iraq\u00ea \u015faneke teror\u00eest\u00ee e\u015fkere kir - Darka Maz\u00ee","robots":{"index":"index","follow":"follow","max-snippet":"max-snippet:-1","max-image-preview":"max-image-preview:large","max-video-preview":"max-video-preview:-1"},"canonical":"https:\/\/darkamazi.info\/archives\/1007192","og_locale":"en_US","og_type":"article","og_title":"Ewleh\u00eeya Iraq\u00ea \u015faneke teror\u00eest\u00ee e\u015fkere kir - Darka Maz\u00ee","og_description":"H\u00eaz\u00ean ewleh\u00ee ya Iraq\u00ea, \u00eero desteser kirina \u015faneke teror\u00eest\u00ee e\u015fkere kir ku n\u00eeyaza wan heb\u00fb, kiriyar\u00ean teror\u00eest\u00ee di meras\u00eema dahat\u00ee a \u00eemam\u00ea His\u00ean de bikin. \u015eaneya medya ceng\u00ee a wezareta kar\u00ean hundir a Iraq\u00ea, \u00eero di beyaneke niv\u00eesk\u00ee de e\u015fkere kir, h\u00eaz\u00ean wan li roj\u00ean b\u00fbr\u00ee, \u015faneyeke teror\u00eest\u00ee li Sameray\u00ea desteser kir ku n\u00eeyaza w\u00ea [&hellip;]","og_url":"https:\/\/darkamazi.info\/archives\/1007192","og_site_name":"Darka Maz\u00ee","article_publisher":"https:\/\/www.facebook.com\/DarMaziKurmanci","article_published_time":"2019-09-15T15:50:52+00:00","article_modified_time":"2019-09-17T17:12:21+00:00","og_image":[{"width":768,"height":432,"url":"https:\/\/darkamazi.info\/file\/2019\/09\/iraq.jpg","type":"image\/jpeg"}],"author":"darka mazi","twitter_card":"summary_large_image","twitter_image":"https:\/\/darkamazi.info\/file\/2019\/09\/iraq.jpg","twitter_creator":"@DarkaMaziLatini","twitter_site":"@DarkaMaziLatini","twitter_misc":{"Written by":"darka mazi","Est. reading time":"1 minute"},"schema":{"@context":"https:\/\/schema.org","@graph":[{"@type":"Article","@id":"https:\/\/darkamazi.info\/archives\/1007192#article","isPartOf":{"@id":"https:\/\/darkamazi.info\/archives\/1007192"},"author":{"name":"darka mazi","@id":"https:\/\/darkamazi.info\/#\/schema\/person\/5ad3e24553a0567993fa8ed4bd0a776c"},"headline":"Ewleh\u00eeya Iraq\u00ea \u015faneke teror\u00eest\u00ee e\u015fkere kir","datePublished":"2019-09-15T15:50:52+00:00","dateModified":"2019-09-17T17:12:21+00:00","mainEntityOfPage":{"@id":"https:\/\/darkamazi.info\/archives\/1007192"},"wordCount":154,"publisher":{"@id":"https:\/\/darkamazi.info\/#organization"},"image":{"@id":"https:\/\/darkamazi.info\/archives\/1007192#primaryimage"},"thumbnailUrl":"https:\/\/darkamazi.info\/file\/2019\/09\/iraq.jpg","articleSection":["Rojhelata nav\u00een"],"inLanguage":"en-US"},{"@type":"WebPage","@id":"https:\/\/darkamazi.info\/archives\/1007192","url":"https:\/\/darkamazi.info\/archives\/1007192","name":"Ewleh\u00eeya Iraq\u00ea \u015faneke teror\u00eest\u00ee e\u015fkere kir - Darka Maz\u00ee","isPartOf":{"@id":"https:\/\/darkamazi.info\/#website"},"primaryImageOfPage":{"@id":"https:\/\/darkamazi.info\/archives\/1007192#primaryimage"},"image":{"@id":"https:\/\/darkamazi.info\/archives\/1007192#primaryimage"},"thumbnailUrl":"https:\/\/darkamazi.info\/file\/2019\/09\/iraq.jpg","datePublished":"2019-09-15T15:50:52+00:00","dateModified":"2019-09-17T17:12:21+00:00","breadcrumb":{"@id":"https:\/\/darkamazi.info\/archives\/1007192#breadcrumb"},"inLanguage":"en-US","potentialAction":[{"@type":"ReadAction","target":["https:\/\/darkamazi.info\/archives\/1007192"]}]},{"@type":"ImageObject","inLanguage":"en-US","@id":"https:\/\/darkamazi.info\/archives\/1007192#primaryimage","url":"https:\/\/darkamazi.info\/file\/2019\/09\/iraq.jpg","contentUrl":"https:\/\/darkamazi.info\/file\/2019\/09\/iraq.jpg","width":768,"height":432},{"@type":"BreadcrumbList","@id":"https:\/\/darkamazi.info\/archives\/1007192#breadcrumb","itemListElement":[{"@type":"ListItem","position":1,"name":"Home","item":"https:\/\/darkamazi.info\/"},{"@type":"ListItem","position":2,"name":"Ewleh\u00eeya Iraq\u00ea \u015faneke teror\u00eest\u00ee e\u015fkere kir"}]},{"@type":"WebSite","@id":"https:\/\/darkamazi.info\/#website","url":"https:\/\/darkamazi.info\/","name":"Darka Maz\u00ee","description":"P\u00eageha Zanyariy\u00ean Nebih\u00eest\u00ee","publisher":{"@id":"https:\/\/darkamazi.info\/#organization"},"potentialAction":[{"@type":"SearchAction","target":{"@type":"EntryPoint","urlTemplate":"https:\/\/darkamazi.info\/?s={search_term_string}"},"query-input":{"@type":"PropertyValueSpecification","valueRequired":true,"valueName":"search_term_string"}}],"inLanguage":"en-US"},{"@type":"Organization","@id":"https:\/\/darkamazi.info\/#organization","name":"Darka Maz\u00ee","url":"https:\/\/darkamazi.info\/","logo":{"@type":"ImageObject","inLanguage":"en-US","@id":"https:\/\/darkamazi.info\/#\/schema\/logo\/image\/","url":"https:\/\/darkamazi.info\/file\/2017\/12\/darka-mazi-logo.png","contentUrl":"https:\/\/darkamazi.info\/file\/2017\/12\/darka-mazi-logo.png","width":151,"height":75,"caption":"Darka Maz\u00ee"},"image":{"@id":"https:\/\/darkamazi.info\/#\/schema\/logo\/image\/"},"sameAs":["https:\/\/www.facebook.com\/DarMaziKurmanci","https:\/\/x.com\/DarkaMaziLatini","https:\/\/www.instagram.com\/darkamazi.kurmanci\/","https:\/\/www.youtube.com\/channel\/UCa5HkTdmI8U1qCUFuTw8B2g"]},{"@type":"Person","@id":"https:\/\/darkamazi.info\/#\/schema\/person\/5ad3e24553a0567993fa8ed4bd0a776c","name":"darka mazi","sameAs":["https:\/\/darkamazi.info\/"],"url":"https:\/\/darkamazi.info\/archives\/author\/kurdi"}]}},"_links":{"self":[{"href":"https:\/\/darkamazi.info\/funavuv\/wp\/v2\/posts\/1007192","targetHints":{"allow":["GET"]}}],"collection":[{"href":"https:\/\/darkamazi.info\/funavuv\/wp\/v2\/posts"}],"about":[{"href":"https:\/\/darkamazi.info\/funavuv\/wp\/v2\/types\/post"}],"author":[{"embeddable":true,"href":"https:\/\/darkamazi.info\/funavuv\/wp\/v2\/users\/2"}],"replies":[{"embeddable":true,"href":"https:\/\/darkamazi.info\/funavuv\/wp\/v2\/comments?post=1007192"}],"version-history":[{"count":0,"href":"https:\/\/darkamazi.info\/funavuv\/wp\/v2\/posts\/1007192\/revisions"}],"wp:featuredmedia":[{"embeddable":true,"href":"https:\/\/darkamazi.info\/funavuv\/wp\/v2\/media\/1007193"}],"wp:attachment":[{"href":"https:\/\/darkamazi.info\/funavuv\/wp\/v2\/media?parent=1007192"}],"wp:term":[{"taxonomy":"category","embeddable":true,"href":"https:\/\/darkamazi.info\/funavuv\/wp\/v2\/categories?post=1007192"},{"taxonomy":"post_tag","embeddable":true,"href":"https:\/\/darkamazi.info\/funavuv\/wp\/v2\/tags?post=1007192"}],"curies":[{"name":"wp","href":"https:\/\/api.w.org\/{rel}","templated":true}]}}