{"id":1007550,"date":"2019-09-18T18:25:49","date_gmt":"2019-09-18T15:25:49","guid":{"rendered":"https:\/\/darkamazi.info\/?p=1007550"},"modified":"2019-10-07T18:03:30","modified_gmt":"2019-10-07T15:03:30","slug":"barzani-ci-siretek-li-dr-berhem-salih-kir","status":"publish","type":"post","link":"https:\/\/darkamazi.info\/archives\/1007550","title":{"rendered":"Barzan\u00ee ji Berhem Salih re \u00e7i got?"},"content":{"rendered":"<div class=\"wpb-content-wrapper\"><p>[darkamazi_row][darkamazi_column][darkamazi_column_text]<\/p>\n<h2><span style=\"color: #333333;\"><strong>Serok\u00ea parta demokrat a kurdistan\u00ea, \u00eero, p\u00ea\u015fwaz\u00eeya serok komara Iraq\u00ea kir, Barzan\u00ee bi Berhem Salih re, p\u00eaw\u00eestiya pabend b\u00fbna bi dest\u00fbra Iraq\u00ea tekez kir.<\/strong><\/span><\/h2>\n<h3>\u00cero roja \u00e7ar\u015fem\u00ee 18.09.2019 li Selahedd\u00een Mes\u00fbd Barzan\u00ee Serok\u00ea parta demokrat a kurdistan\u00ea p\u00ea\u015fwaz\u00eeya Dr. Berhem Salih Serok Komar\u00ea Iraq\u00ea \u00fb \u015fandeke di gel de kir ku ji Dr. Fuad His\u00ean C\u00eagir\u00ea Serok Wez\u00eer\u00ea Iraq\u00ea \u00fb Wez\u00eer\u00ea Daray\u00ee \u00fb hejmarek ji \u015f\u00eawirmendan p\u00eakhatib\u00fb.<\/h3>\n<h3>Li hevd\u00eetin\u00ea de ku Ho\u015fyar Z\u00eabar\u00ee \u00fb Mehm\u00fbd Mihemed endam\u00ean mekteba Siyas\u00ee a Partiya Demokrat a Kurdistan\u00ea \u00fb Fewz\u00ee Her\u00eer\u00ee Serok\u00ea d\u00eewana serokatiya her\u00eama Kurdistan\u00ea amade b\u00fbn, di derbar\u00ea p\u00ea\u015fhat\u00ean daw\u00ee y\u00ean siyas\u00ee li asta Iraq \u00fb nav\u00e7ey\u00ea de danustandina b\u00eer \u00fb rayan kirin.<\/h3>\n<h3>Her wiha ronah\u00ee xistin li ser peywendiy\u00ean di navbera Hewl\u00ear \u00fb Bexda, bi taybet pirs\u00ean budceya gi\u015ft\u00ee ya sala n\u00fb ya Iraq\u00ea, rew\u015fa nav\u00e7ey\u00ean Kurdistaniy\u00ean dervey\u00ea \u00eedareya Her\u00eam\u00ea \u00fb dari\u015ftina yasayan \u00fb gef \u00fb metirsiy\u00ean teror\u00ea. Li v\u00ee derbar\u00ee de tekez li ser berdewamiya diyaloga \u00e7areser kirina k\u00ea\u015feyan bi gi\u015ft\u00ee \u00fb pabend b\u00fbna bi dest\u00fbr kirin.<\/h3>\n<h3>Her li v\u00ea hevd\u00eetin\u00ea de piroseya siyas\u00ee ya Her\u00eama Kurdistan\u00ea xistin ber behs \u00fb tekez li ser p\u00eaw\u00eestiya tebay\u00ee \u00fb yekr\u00eaziya aliy\u00ean Kurdistaniyan kirin.<\/h3>\n<p>[\/darkamazi_column_text][\/darkamazi_column][\/darkamazi_row][darkamazi_row][darkamazi_column][darkamazi_single_image image=&#8221;1007552&#8243; img_size=&#8221;large&#8221; alignment=&#8221;center&#8221;][\/darkamazi_column][\/darkamazi_row]<\/p>\n<\/div>","protected":false},"excerpt":{"rendered":"<p>[darkamazi_row][darkamazi_column][darkamazi_column_text] Serok\u00ea parta demokrat a kurdistan\u00ea, \u00eero, p\u00ea\u015fwaz\u00eeya serok komara Iraq\u00ea kir, Barzan\u00ee bi Berhem Salih re, p\u00eaw\u00eestiya pabend b\u00fbna bi dest\u00fbra Iraq\u00ea tekez kir. \u00cero roja \u00e7ar\u015fem\u00ee 18.09.2019 li Selahedd\u00een Mes\u00fbd Barzan\u00ee Serok\u00ea parta demokrat a kurdistan\u00ea p\u00ea\u015fwaz\u00eeya Dr. Berhem Salih Serok Komar\u00ea Iraq\u00ea \u00fb \u015fandeke di gel de kir ku ji Dr. Fuad [&hellip;]<\/p>\n","protected":false},"author":2,"featured_media":1007551,"comment_status":"closed","ping_status":"closed","sticky":false,"template":"","format":"standard","meta":{"footnotes":""},"categories":[29],"tags":[],"class_list":["post-1007550","post","type-post","status-publish","format-standard","has-post-thumbnail","hentry","category-kurdistan"],"blocksy_meta":[],"seo_head":"<!-- This site is optimized with the Yoast SEO plugin v27.5 - https:\/\/yoast.com\/product\/yoast-seo-wordpress\/ -->\n<title>Barzan\u00ee ji Berhem Salih re \u00e7i got? - Darka Maz\u00ee<\/title>\n<meta name=\"robots\" content=\"index, follow, max-snippet:-1, max-image-preview:large, max-video-preview:-1\" \/>\n<link rel=\"canonical\" href=\"https:\/\/darkamazi.info\/archives\/1007550\" \/>\n<meta property=\"og:locale\" content=\"en_US\" \/>\n<meta property=\"og:type\" content=\"article\" \/>\n<meta property=\"og:title\" content=\"Barzan\u00ee ji Berhem Salih re \u00e7i got? - Darka Maz\u00ee\" \/>\n<meta property=\"og:description\" content=\"[darkamazi_row][darkamazi_column][darkamazi_column_text] Serok\u00ea parta demokrat a kurdistan\u00ea, \u00eero, p\u00ea\u015fwaz\u00eeya serok komara Iraq\u00ea kir, Barzan\u00ee bi Berhem Salih re, p\u00eaw\u00eestiya pabend b\u00fbna bi dest\u00fbra Iraq\u00ea tekez kir. \u00cero roja \u00e7ar\u015fem\u00ee 18.09.2019 li Selahedd\u00een Mes\u00fbd Barzan\u00ee Serok\u00ea parta demokrat a kurdistan\u00ea p\u00ea\u015fwaz\u00eeya Dr. Berhem Salih Serok Komar\u00ea Iraq\u00ea \u00fb \u015fandeke di gel de kir ku ji Dr. Fuad [&hellip;]\" \/>\n<meta property=\"og:url\" content=\"https:\/\/darkamazi.info\/archives\/1007550\" \/>\n<meta property=\"og:site_name\" content=\"Darka Maz\u00ee\" \/>\n<meta property=\"article:publisher\" content=\"https:\/\/www.facebook.com\/DarMaziKurmanci\" \/>\n<meta property=\"article:published_time\" content=\"2019-09-18T15:25:49+00:00\" \/>\n<meta property=\"article:modified_time\" content=\"2019-10-07T15:03:30+00:00\" \/>\n<meta property=\"og:image\" content=\"https:\/\/darkamazi.info\/file\/2019\/09\/barzani-barham-salih.jpg\" \/>\n\t<meta property=\"og:image:width\" content=\"750\" \/>\n\t<meta property=\"og:image:height\" content=\"417\" \/>\n\t<meta property=\"og:image:type\" content=\"image\/jpeg\" \/>\n<meta name=\"author\" content=\"darka mazi\" \/>\n<meta name=\"twitter:card\" content=\"summary_large_image\" \/>\n<meta name=\"twitter:image\" content=\"https:\/\/darkamazi.info\/file\/2019\/09\/barzani-barham-salih.jpg\" \/>\n<meta name=\"twitter:creator\" content=\"@DarkaMaziLatini\" \/>\n<meta name=\"twitter:site\" content=\"@DarkaMaziLatini\" \/>\n<meta name=\"twitter:label1\" content=\"Written by\" \/>\n\t<meta name=\"twitter:data1\" content=\"darka mazi\" \/>\n\t<meta name=\"twitter:label2\" content=\"Est. reading time\" \/>\n\t<meta name=\"twitter:data2\" content=\"1 minute\" \/>\n<script type=\"application\/ld+json\" class=\"seo-schema-graph\">{\"@context\":\"https:\\\/\\\/schema.org\",\"@graph\":[{\"@type\":\"Article\",\"@id\":\"https:\\\/\\\/darkamazi.info\\\/archives\\\/1007550#article\",\"isPartOf\":{\"@id\":\"https:\\\/\\\/darkamazi.info\\\/archives\\\/1007550\"},\"author\":{\"name\":\"darka mazi\",\"@id\":\"https:\\\/\\\/darkamazi.info\\\/#\\\/schema\\\/person\\\/5ad3e24553a0567993fa8ed4bd0a776c\"},\"headline\":\"Barzan\u00ee ji Berhem Salih re \u00e7i got?\",\"datePublished\":\"2019-09-18T15:25:49+00:00\",\"dateModified\":\"2019-10-07T15:03:30+00:00\",\"mainEntityOfPage\":{\"@id\":\"https:\\\/\\\/darkamazi.info\\\/archives\\\/1007550\"},\"wordCount\":265,\"publisher\":{\"@id\":\"https:\\\/\\\/darkamazi.info\\\/#organization\"},\"image\":{\"@id\":\"https:\\\/\\\/darkamazi.info\\\/archives\\\/1007550#primaryimage\"},\"thumbnailUrl\":\"https:\\\/\\\/darkamazi.info\\\/darka-content\\\/uploads\\\/2019\\\/09\\\/barzani-barham-salih.jpg\",\"articleSection\":[\"Kurdistan\"],\"inLanguage\":\"en-US\"},{\"@type\":\"WebPage\",\"@id\":\"https:\\\/\\\/darkamazi.info\\\/archives\\\/1007550\",\"url\":\"https:\\\/\\\/darkamazi.info\\\/archives\\\/1007550\",\"name\":\"Barzan\u00ee ji Berhem Salih re \u00e7i got? - Darka Maz\u00ee\",\"isPartOf\":{\"@id\":\"https:\\\/\\\/darkamazi.info\\\/#website\"},\"primaryImageOfPage\":{\"@id\":\"https:\\\/\\\/darkamazi.info\\\/archives\\\/1007550#primaryimage\"},\"image\":{\"@id\":\"https:\\\/\\\/darkamazi.info\\\/archives\\\/1007550#primaryimage\"},\"thumbnailUrl\":\"https:\\\/\\\/darkamazi.info\\\/darka-content\\\/uploads\\\/2019\\\/09\\\/barzani-barham-salih.jpg\",\"datePublished\":\"2019-09-18T15:25:49+00:00\",\"dateModified\":\"2019-10-07T15:03:30+00:00\",\"breadcrumb\":{\"@id\":\"https:\\\/\\\/darkamazi.info\\\/archives\\\/1007550#breadcrumb\"},\"inLanguage\":\"en-US\",\"potentialAction\":[{\"@type\":\"ReadAction\",\"target\":[\"https:\\\/\\\/darkamazi.info\\\/archives\\\/1007550\"]}]},{\"@type\":\"ImageObject\",\"inLanguage\":\"en-US\",\"@id\":\"https:\\\/\\\/darkamazi.info\\\/archives\\\/1007550#primaryimage\",\"url\":\"https:\\\/\\\/darkamazi.info\\\/darka-content\\\/uploads\\\/2019\\\/09\\\/barzani-barham-salih.jpg\",\"contentUrl\":\"https:\\\/\\\/darkamazi.info\\\/darka-content\\\/uploads\\\/2019\\\/09\\\/barzani-barham-salih.jpg\",\"width\":750,\"height\":417,\"caption\":\"Barzan\u00ee \u00e7i \u015f\u00eeretek li Dr. Berhem Salih kir?\"},{\"@type\":\"BreadcrumbList\",\"@id\":\"https:\\\/\\\/darkamazi.info\\\/archives\\\/1007550#breadcrumb\",\"itemListElement\":[{\"@type\":\"ListItem\",\"position\":1,\"name\":\"Home\",\"item\":\"https:\\\/\\\/darkamazi.info\\\/\"},{\"@type\":\"ListItem\",\"position\":2,\"name\":\"Barzan\u00ee ji Berhem Salih re \u00e7i got?\"}]},{\"@type\":\"WebSite\",\"@id\":\"https:\\\/\\\/darkamazi.info\\\/#website\",\"url\":\"https:\\\/\\\/darkamazi.info\\\/\",\"name\":\"Darka Maz\u00ee\",\"description\":\"P\u00eageha Zanyariy\u00ean Nebih\u00eest\u00ee\",\"publisher\":{\"@id\":\"https:\\\/\\\/darkamazi.info\\\/#organization\"},\"potentialAction\":[{\"@type\":\"SearchAction\",\"target\":{\"@type\":\"EntryPoint\",\"urlTemplate\":\"https:\\\/\\\/darkamazi.info\\\/?s={search_term_string}\"},\"query-input\":{\"@type\":\"PropertyValueSpecification\",\"valueRequired\":true,\"valueName\":\"search_term_string\"}}],\"inLanguage\":\"en-US\"},{\"@type\":\"Organization\",\"@id\":\"https:\\\/\\\/darkamazi.info\\\/#organization\",\"name\":\"Darka Maz\u00ee\",\"url\":\"https:\\\/\\\/darkamazi.info\\\/\",\"logo\":{\"@type\":\"ImageObject\",\"inLanguage\":\"en-US\",\"@id\":\"https:\\\/\\\/darkamazi.info\\\/#\\\/schema\\\/logo\\\/image\\\/\",\"url\":\"https:\\\/\\\/darkamazi.info\\\/darka-content\\\/uploads\\\/2017\\\/12\\\/darka-mazi-logo.png\",\"contentUrl\":\"https:\\\/\\\/darkamazi.info\\\/darka-content\\\/uploads\\\/2017\\\/12\\\/darka-mazi-logo.png\",\"width\":151,\"height\":75,\"caption\":\"Darka Maz\u00ee\"},\"image\":{\"@id\":\"https:\\\/\\\/darkamazi.info\\\/#\\\/schema\\\/logo\\\/image\\\/\"},\"sameAs\":[\"https:\\\/\\\/www.facebook.com\\\/DarMaziKurmanci\",\"https:\\\/\\\/x.com\\\/DarkaMaziLatini\",\"https:\\\/\\\/www.instagram.com\\\/darkamazi.kurmanci\\\/\",\"https:\\\/\\\/www.youtube.com\\\/channel\\\/UCa5HkTdmI8U1qCUFuTw8B2g\"]},{\"@type\":\"Person\",\"@id\":\"https:\\\/\\\/darkamazi.info\\\/#\\\/schema\\\/person\\\/5ad3e24553a0567993fa8ed4bd0a776c\",\"name\":\"darka mazi\",\"sameAs\":[\"https:\\\/\\\/darkamazi.info\\\/\"],\"url\":\"https:\\\/\\\/darkamazi.info\\\/archives\\\/author\\\/kurdi\"}]}<\/script>\n<!-- \/ Yoast SEO plugin. -->","seo_head_json":{"title":"Barzan\u00ee ji Berhem Salih re \u00e7i got? - Darka Maz\u00ee","robots":{"index":"index","follow":"follow","max-snippet":"max-snippet:-1","max-image-preview":"max-image-preview:large","max-video-preview":"max-video-preview:-1"},"canonical":"https:\/\/darkamazi.info\/archives\/1007550","og_locale":"en_US","og_type":"article","og_title":"Barzan\u00ee ji Berhem Salih re \u00e7i got? - Darka Maz\u00ee","og_description":"[darkamazi_row][darkamazi_column][darkamazi_column_text] Serok\u00ea parta demokrat a kurdistan\u00ea, \u00eero, p\u00ea\u015fwaz\u00eeya serok komara Iraq\u00ea kir, Barzan\u00ee bi Berhem Salih re, p\u00eaw\u00eestiya pabend b\u00fbna bi dest\u00fbra Iraq\u00ea tekez kir. \u00cero roja \u00e7ar\u015fem\u00ee 18.09.2019 li Selahedd\u00een Mes\u00fbd Barzan\u00ee Serok\u00ea parta demokrat a kurdistan\u00ea p\u00ea\u015fwaz\u00eeya Dr. Berhem Salih Serok Komar\u00ea Iraq\u00ea \u00fb \u015fandeke di gel de kir ku ji Dr. Fuad [&hellip;]","og_url":"https:\/\/darkamazi.info\/archives\/1007550","og_site_name":"Darka Maz\u00ee","article_publisher":"https:\/\/www.facebook.com\/DarMaziKurmanci","article_published_time":"2019-09-18T15:25:49+00:00","article_modified_time":"2019-10-07T15:03:30+00:00","og_image":[{"width":750,"height":417,"url":"https:\/\/darkamazi.info\/file\/2019\/09\/barzani-barham-salih.jpg","type":"image\/jpeg"}],"author":"darka mazi","twitter_card":"summary_large_image","twitter_image":"https:\/\/darkamazi.info\/file\/2019\/09\/barzani-barham-salih.jpg","twitter_creator":"@DarkaMaziLatini","twitter_site":"@DarkaMaziLatini","twitter_misc":{"Written by":"darka mazi","Est. reading time":"1 minute"},"schema":{"@context":"https:\/\/schema.org","@graph":[{"@type":"Article","@id":"https:\/\/darkamazi.info\/archives\/1007550#article","isPartOf":{"@id":"https:\/\/darkamazi.info\/archives\/1007550"},"author":{"name":"darka mazi","@id":"https:\/\/darkamazi.info\/#\/schema\/person\/5ad3e24553a0567993fa8ed4bd0a776c"},"headline":"Barzan\u00ee ji Berhem Salih re \u00e7i got?","datePublished":"2019-09-18T15:25:49+00:00","dateModified":"2019-10-07T15:03:30+00:00","mainEntityOfPage":{"@id":"https:\/\/darkamazi.info\/archives\/1007550"},"wordCount":265,"publisher":{"@id":"https:\/\/darkamazi.info\/#organization"},"image":{"@id":"https:\/\/darkamazi.info\/archives\/1007550#primaryimage"},"thumbnailUrl":"https:\/\/darkamazi.info\/file\/2019\/09\/barzani-barham-salih.jpg","articleSection":["Kurdistan"],"inLanguage":"en-US"},{"@type":"WebPage","@id":"https:\/\/darkamazi.info\/archives\/1007550","url":"https:\/\/darkamazi.info\/archives\/1007550","name":"Barzan\u00ee ji Berhem Salih re \u00e7i got? - Darka Maz\u00ee","isPartOf":{"@id":"https:\/\/darkamazi.info\/#website"},"primaryImageOfPage":{"@id":"https:\/\/darkamazi.info\/archives\/1007550#primaryimage"},"image":{"@id":"https:\/\/darkamazi.info\/archives\/1007550#primaryimage"},"thumbnailUrl":"https:\/\/darkamazi.info\/file\/2019\/09\/barzani-barham-salih.jpg","datePublished":"2019-09-18T15:25:49+00:00","dateModified":"2019-10-07T15:03:30+00:00","breadcrumb":{"@id":"https:\/\/darkamazi.info\/archives\/1007550#breadcrumb"},"inLanguage":"en-US","potentialAction":[{"@type":"ReadAction","target":["https:\/\/darkamazi.info\/archives\/1007550"]}]},{"@type":"ImageObject","inLanguage":"en-US","@id":"https:\/\/darkamazi.info\/archives\/1007550#primaryimage","url":"https:\/\/darkamazi.info\/file\/2019\/09\/barzani-barham-salih.jpg","contentUrl":"https:\/\/darkamazi.info\/file\/2019\/09\/barzani-barham-salih.jpg","width":750,"height":417,"caption":"Barzan\u00ee \u00e7i \u015f\u00eeretek li Dr. Berhem Salih kir?"},{"@type":"BreadcrumbList","@id":"https:\/\/darkamazi.info\/archives\/1007550#breadcrumb","itemListElement":[{"@type":"ListItem","position":1,"name":"Home","item":"https:\/\/darkamazi.info\/"},{"@type":"ListItem","position":2,"name":"Barzan\u00ee ji Berhem Salih re \u00e7i got?"}]},{"@type":"WebSite","@id":"https:\/\/darkamazi.info\/#website","url":"https:\/\/darkamazi.info\/","name":"Darka Maz\u00ee","description":"P\u00eageha Zanyariy\u00ean Nebih\u00eest\u00ee","publisher":{"@id":"https:\/\/darkamazi.info\/#organization"},"potentialAction":[{"@type":"SearchAction","target":{"@type":"EntryPoint","urlTemplate":"https:\/\/darkamazi.info\/?s={search_term_string}"},"query-input":{"@type":"PropertyValueSpecification","valueRequired":true,"valueName":"search_term_string"}}],"inLanguage":"en-US"},{"@type":"Organization","@id":"https:\/\/darkamazi.info\/#organization","name":"Darka Maz\u00ee","url":"https:\/\/darkamazi.info\/","logo":{"@type":"ImageObject","inLanguage":"en-US","@id":"https:\/\/darkamazi.info\/#\/schema\/logo\/image\/","url":"https:\/\/darkamazi.info\/file\/2017\/12\/darka-mazi-logo.png","contentUrl":"https:\/\/darkamazi.info\/file\/2017\/12\/darka-mazi-logo.png","width":151,"height":75,"caption":"Darka Maz\u00ee"},"image":{"@id":"https:\/\/darkamazi.info\/#\/schema\/logo\/image\/"},"sameAs":["https:\/\/www.facebook.com\/DarMaziKurmanci","https:\/\/x.com\/DarkaMaziLatini","https:\/\/www.instagram.com\/darkamazi.kurmanci\/","https:\/\/www.youtube.com\/channel\/UCa5HkTdmI8U1qCUFuTw8B2g"]},{"@type":"Person","@id":"https:\/\/darkamazi.info\/#\/schema\/person\/5ad3e24553a0567993fa8ed4bd0a776c","name":"darka mazi","sameAs":["https:\/\/darkamazi.info\/"],"url":"https:\/\/darkamazi.info\/archives\/author\/kurdi"}]}},"_links":{"self":[{"href":"https:\/\/darkamazi.info\/funavuv\/wp\/v2\/posts\/1007550","targetHints":{"allow":["GET"]}}],"collection":[{"href":"https:\/\/darkamazi.info\/funavuv\/wp\/v2\/posts"}],"about":[{"href":"https:\/\/darkamazi.info\/funavuv\/wp\/v2\/types\/post"}],"author":[{"embeddable":true,"href":"https:\/\/darkamazi.info\/funavuv\/wp\/v2\/users\/2"}],"replies":[{"embeddable":true,"href":"https:\/\/darkamazi.info\/funavuv\/wp\/v2\/comments?post=1007550"}],"version-history":[{"count":0,"href":"https:\/\/darkamazi.info\/funavuv\/wp\/v2\/posts\/1007550\/revisions"}],"wp:featuredmedia":[{"embeddable":true,"href":"https:\/\/darkamazi.info\/funavuv\/wp\/v2\/media\/1007551"}],"wp:attachment":[{"href":"https:\/\/darkamazi.info\/funavuv\/wp\/v2\/media?parent=1007550"}],"wp:term":[{"taxonomy":"category","embeddable":true,"href":"https:\/\/darkamazi.info\/funavuv\/wp\/v2\/categories?post=1007550"},{"taxonomy":"post_tag","embeddable":true,"href":"https:\/\/darkamazi.info\/funavuv\/wp\/v2\/tags?post=1007550"}],"curies":[{"name":"wp","href":"https:\/\/api.w.org\/{rel}","templated":true}]}}