{"id":1007635,"date":"2019-09-21T17:22:15","date_gmt":"2019-09-21T14:22:15","guid":{"rendered":"https:\/\/darkamazi.info\/?p=1007635"},"modified":"2019-10-07T18:01:04","modified_gmt":"2019-10-07T15:01:04","slug":"ve-hefteye-10-filim-we-bikevin-sinemaye","status":"publish","type":"post","link":"https:\/\/darkamazi.info\/archives\/1007635","title":{"rendered":"V\u00ea heftey\u00ea 10 F\u00eelim w\u00ea bikevin s\u00eenemay\u00ea"},"content":{"rendered":"<h2><strong>Li salon\u00ean s\u00eenemay\u00ea\u00a0 \u00ean tirkiy\u00ea v\u00ea heftey\u00ea w\u00ea 10 F\u00eelim bikevin s\u00eenemay\u00ea, 5 ji wan ji berhema tirkiy\u00ea bi xwene.<\/strong><\/h2>\n<h3>\u201cmubtelab\u00fbn, asl\u00ee\u201c<\/h3>\n<h3>Derh\u00eanerya F\u00eelima \u201c<span style=\"color: #ff0000;\">mubtelab\u00fbn<\/span>, <span style=\"color: #ff0000;\">asl\u00ee<\/span>\u201d \u00ea Sem\u00eeh Kaplanoglu dike \u00fb F\u00eelim li ser j\u00eeyana day\u00eekek\u00ea, zarok\u00ea w\u00ea \u00fb kar\u00ea w\u00ea ye.<\/h3>\n<h3>F\u00eelima \u201c<span style=\"color: #ff0000;\">mubtelab\u00fbn<\/span>, <span style=\"color: #ff0000;\">asl\u00ee<\/span>\u201d ji bo xelat\u00ean akademy\u00ea (Oskar) a 92an ku li sala b\u00ea w\u00ea were kirin, li ser nav\u00ea tirkiy\u00ea ji bo kategorya \u201cbi ziman\u00ean b\u00eeyan\u00ee F\u00eelim\u00ea her\u00ee ba\u015f\u201d namzed hatye n\u00ee\u015fandan.<\/h3>\n<h3>\u201cber bi st\u00earkan\u201c<\/h3>\n<h3>Derh\u00eaner\u00ea F\u00eelima \u201c<span style=\"color: #ff0000;\">ber bi st\u00earkan<\/span>\u201d James Gray \u00fb Ethan Grosse \u00fb t\u00ea de Brad B\u00eat, Tom\u00ee l\u00ea Jones, Ruth Nega \u00fb Liv T\u00eeler Dileyizn.<\/h3>\n<h3>Di F\u00eelim\u00ea de behsa xebat\u00ean Roy Micbr\u00eede \u00ea muhendis\u00ea fezay\u00ea t\u00ea kirin, bav\u00ea Roy Micbr\u00eedey ji bo l\u00eakol\u00eena gelo li ger st\u00earka nepitune j\u00eeyan heye a na di\u00e7e fezay\u00ea \u00fb careke din navegere.<\/h3>\n<h3>\u201cday\u00eeka min\u201c<\/h3>\n<h3>Derh\u00eaner\u00ea F\u00eelima \u201c<span style=\"color: #ff0000;\">day\u00eeka min<\/span>\u201d Mustafa Kotane \u00fb senaryoya F\u00eelim\u00ea Evren Erdogan \u00fb Ay\u015fe Balbey niv\u00eesandine, di F\u00eelim\u00ea de Sumru Yavrucuk \u00fb Ozge Gurel dileyizn.<\/h3>\n<h3>F\u00eelm behsa ke\u00e7keke ku ji bo zan\u00eengeh\u00ea di\u00e7e Sitenbol\u00ea \u00fb t\u00eakilya w\u00ea \u00fb day\u00eeka w\u00ea dike.<\/h3>\n<h3>\u201cRambo: xuyna daw\u00ee\u201c<\/h3>\n<h3>Derh\u00eaner\u00ea F\u00eelim\u00ea \u201c<span style=\"color: #ff0000;\">Rambo: xuyna daw<\/span>\u00ee\u201d Adran Girunberge \u00fb t\u00eade S\u00eelvester Stallon dil\u00eeze, ev F\u00eelima 5ane ku stallon bi rola Rambo t\u00eade dileyze.<\/h3>\n<h3>F\u00eelima Rambo ewa li sala 1982an de ket b\u00fb s\u00eenemay\u00ea. \u00c7\u00eeroka F\u00eelim\u00ea wihaye: \u201cRambo li Ar\u00eezonay\u00ea li \u00e7\u00eawilika xwe dij\u00ee, nevya hevalek\u00ee Rambo li Meks\u00eekay\u00ea t\u00ea revandin, Rambo j\u00ee li ser v\u00ea ji bo xilas kirina ke\u00e7k\u00ea derbas\u00ee Meks\u00eekay\u00ea dibe \u00fb bi \u00e7eteyan re \u015fer dike.\u201d<\/h3>\n<h3>\u201chat d\u00eetin\u201c<\/h3>\n<h3>Derh\u00eaner\u00ea F\u00eelima \u201c<span style=\"color: #ff0000;\">hat d\u00eetin<\/span>\u201d Serhat Karaslane \u00fb t\u00eade Berkay Ate\u015f \u00fb Sadet \u015eil Aksoy dileyizn, F\u00eelim behsa memurek\u00ee girt\u00eegeheke li Sitenbol\u00ea \u00fb \u00e7\u00eeroka w\u00ee dike, di F\u00eelim\u00ea de zak\u00eer\u00ea karmend namey\u00ean mehk\u00fbman kontrol dike \u00fb bala w\u00ee w\u00eaney\u00ea jinek\u00ea dik\u015f\u00eene.<\/h3>\n<h3>\u201cRik\u201c<\/h3>\n<h3>Derh\u00eaner\u00ea F\u00eelima \u201c<span style=\"color: #ff0000;\">Rik<\/span>\u201d Mohsen Rabey\u00ea \u00cerany\u00ea navdare, F\u00eelm li balkes\u00eer\u00ea hatye ki\u015fandin, di F\u00eelim\u00ea de Bugra Ak\u00eewz, H\u00eera Koyuncwoglu, Es\u00eela Umut, El\u00ees Sezgin, Derya Oguz Ertun \u00fb Ra\u015f\u00eed kho\u015f Ax\u00eeden dileyizn.<\/h3>\n<h3>Cureya F\u00eelim\u00ea tirse \u00fb di F\u00eelim\u00ea da qala b\u00fbyer\u00ean t\u00ean ser\u00ea komeke ciwanan t\u00ea kirin.<\/h3>\n<h3>\u201cS\u00eeddah\u201c<\/h3>\n<h3>Derh\u00eanerya F\u00eelima \u201c<span style=\"color: #ff0000;\">S\u00eeddah<\/span>\u201d\u00ea Funda Tirpan dike \u00fb bi xwe j\u00ee di F\u00eelim\u00ea xwe de dileyze, F\u00eelm behsa 4 ciwan\u00ean ku ji h\u00eala c\u00eenan ve hatine lenet kirin \u00fb ti\u015ft\u00ean hatine ser\u00ea wan dike, di F\u00eelim\u00ea de ku cureya w\u00ea tirse G\u00eezem Portakal, Beyza \u015eah\u00een \u00fb Batin Tumen dileyizn.<\/h3>\n<h3>\u201cBax\u00e7ey\u00ea Heywanan\u201c<\/h3>\n<h3>Derh\u00eaner\u00ea F\u00eelim\u00ea \u201c<span style=\"color: #ff0000;\">Bax\u00e7ey\u00ea<\/span> <span style=\"color: #ff0000;\">Heywanan<\/span>\u201d Evan Tiramel \u00fb James Sin\u00eedern \u00fb F\u00eelima an\u00eemasyone, di F\u00eelim\u00ea da behsa betal kirina agirbesta di navbera heywanan de \u00fb \u00e7\u00eeroka wan t\u00ea kirin.<\/h3>\n<h3>\u201cheval\u00ean bextewar \u00ean \u00e7\u00eawlik\u00ea\u201c<\/h3>\n<h3>Derh\u00eaner\u00ea F\u00eelima \u201c<span style=\"color: #ff0000;\">heval\u00ean bextewar \u00ean \u00e7\u00eawlik\u00ea<\/span>\u201d P\u00eepa Seym\u00fbreye \u00fb F\u00eelima an\u00eemasyone, di F\u00eelim\u00ea de behsa komeke heywan\u00ean bextewar \u00ean ku li \u00e7\u00eawilikek\u00ea dij\u00een t\u00ea kirin..<\/h3>\n","protected":false},"excerpt":{"rendered":"<p>Li salon\u00ean s\u00eenemay\u00ea\u00a0 \u00ean tirkiy\u00ea v\u00ea heftey\u00ea w\u00ea 10 F\u00eelim bikevin s\u00eenemay\u00ea, 5 ji wan ji berhema tirkiy\u00ea bi xwene. \u201cmubtelab\u00fbn, asl\u00ee\u201c Derh\u00eanerya F\u00eelima \u201cmubtelab\u00fbn, asl\u00ee\u201d \u00ea Sem\u00eeh Kaplanoglu dike \u00fb F\u00eelim li ser j\u00eeyana day\u00eekek\u00ea, zarok\u00ea w\u00ea \u00fb kar\u00ea w\u00ea ye. F\u00eelima \u201cmubtelab\u00fbn, asl\u00ee\u201d ji bo xelat\u00ean akademy\u00ea (Oskar) a 92an ku li sala [&hellip;]<\/p>\n","protected":false},"author":2,"featured_media":1007636,"comment_status":"closed","ping_status":"closed","sticky":false,"template":"","format":"standard","meta":{"footnotes":""},"categories":[34,4],"tags":[],"class_list":["post-1007635","post","type-post","status-publish","format-standard","has-post-thumbnail","hentry","category-cand-u-huner","category-hemereng"],"blocksy_meta":[],"seo_head":"<!-- This site is optimized with the Yoast SEO plugin v27.5 - https:\/\/yoast.com\/product\/yoast-seo-wordpress\/ -->\n<title>V\u00ea heftey\u00ea 10 F\u00eelim w\u00ea bikevin s\u00eenemay\u00ea - Darka Maz\u00ee<\/title>\n<meta name=\"robots\" content=\"index, follow, max-snippet:-1, max-image-preview:large, max-video-preview:-1\" \/>\n<link rel=\"canonical\" href=\"https:\/\/darkamazi.info\/archives\/1007635\" \/>\n<meta property=\"og:locale\" content=\"en_US\" \/>\n<meta property=\"og:type\" content=\"article\" \/>\n<meta property=\"og:title\" content=\"V\u00ea heftey\u00ea 10 F\u00eelim w\u00ea bikevin s\u00eenemay\u00ea - Darka Maz\u00ee\" \/>\n<meta property=\"og:description\" content=\"Li salon\u00ean s\u00eenemay\u00ea\u00a0 \u00ean tirkiy\u00ea v\u00ea heftey\u00ea w\u00ea 10 F\u00eelim bikevin s\u00eenemay\u00ea, 5 ji wan ji berhema tirkiy\u00ea bi xwene. \u201cmubtelab\u00fbn, asl\u00ee\u201c Derh\u00eanerya F\u00eelima \u201cmubtelab\u00fbn, asl\u00ee\u201d \u00ea Sem\u00eeh Kaplanoglu dike \u00fb F\u00eelim li ser j\u00eeyana day\u00eekek\u00ea, zarok\u00ea w\u00ea \u00fb kar\u00ea w\u00ea ye. F\u00eelima \u201cmubtelab\u00fbn, asl\u00ee\u201d ji bo xelat\u00ean akademy\u00ea (Oskar) a 92an ku li sala [&hellip;]\" \/>\n<meta property=\"og:url\" content=\"https:\/\/darkamazi.info\/archives\/1007635\" \/>\n<meta property=\"og:site_name\" content=\"Darka Maz\u00ee\" \/>\n<meta property=\"article:publisher\" content=\"https:\/\/www.facebook.com\/DarMaziKurmanci\" \/>\n<meta property=\"article:published_time\" content=\"2019-09-21T14:22:15+00:00\" \/>\n<meta property=\"article:modified_time\" content=\"2019-10-07T15:01:04+00:00\" \/>\n<meta property=\"og:image\" content=\"https:\/\/darkamazi.info\/file\/2019\/09\/\u0641\u0644\u0645.jpg\" \/>\n\t<meta property=\"og:image:width\" content=\"792\" \/>\n\t<meta property=\"og:image:height\" content=\"454\" \/>\n\t<meta property=\"og:image:type\" content=\"image\/jpeg\" \/>\n<meta name=\"author\" content=\"darka mazi\" \/>\n<meta name=\"twitter:card\" content=\"summary_large_image\" \/>\n<meta name=\"twitter:image\" content=\"https:\/\/darkamazi.info\/file\/2019\/09\/\u0641\u0644\u0645.jpg\" \/>\n<meta name=\"twitter:creator\" content=\"@DarkaMaziLatini\" \/>\n<meta name=\"twitter:site\" content=\"@DarkaMaziLatini\" \/>\n<meta name=\"twitter:label1\" content=\"Written by\" \/>\n\t<meta name=\"twitter:data1\" content=\"darka mazi\" \/>\n\t<meta name=\"twitter:label2\" content=\"Est. reading time\" \/>\n\t<meta name=\"twitter:data2\" content=\"3 minutes\" \/>\n<script type=\"application\/ld+json\" class=\"seo-schema-graph\">{\"@context\":\"https:\\\/\\\/schema.org\",\"@graph\":[{\"@type\":\"Article\",\"@id\":\"https:\\\/\\\/darkamazi.info\\\/archives\\\/1007635#article\",\"isPartOf\":{\"@id\":\"https:\\\/\\\/darkamazi.info\\\/archives\\\/1007635\"},\"author\":{\"name\":\"darka mazi\",\"@id\":\"https:\\\/\\\/darkamazi.info\\\/#\\\/schema\\\/person\\\/5ad3e24553a0567993fa8ed4bd0a776c\"},\"headline\":\"V\u00ea heftey\u00ea 10 F\u00eelim w\u00ea bikevin s\u00eenemay\u00ea\",\"datePublished\":\"2019-09-21T14:22:15+00:00\",\"dateModified\":\"2019-10-07T15:01:04+00:00\",\"mainEntityOfPage\":{\"@id\":\"https:\\\/\\\/darkamazi.info\\\/archives\\\/1007635\"},\"wordCount\":547,\"publisher\":{\"@id\":\"https:\\\/\\\/darkamazi.info\\\/#organization\"},\"image\":{\"@id\":\"https:\\\/\\\/darkamazi.info\\\/archives\\\/1007635#primaryimage\"},\"thumbnailUrl\":\"https:\\\/\\\/darkamazi.info\\\/darka-content\\\/uploads\\\/2019\\\/09\\\/\u0641\u0644\u0645.jpg\",\"articleSection\":[\"\u00c7and \u00db Huner\",\"Hemereng\"],\"inLanguage\":\"en-US\"},{\"@type\":\"WebPage\",\"@id\":\"https:\\\/\\\/darkamazi.info\\\/archives\\\/1007635\",\"url\":\"https:\\\/\\\/darkamazi.info\\\/archives\\\/1007635\",\"name\":\"V\u00ea heftey\u00ea 10 F\u00eelim w\u00ea bikevin s\u00eenemay\u00ea - Darka Maz\u00ee\",\"isPartOf\":{\"@id\":\"https:\\\/\\\/darkamazi.info\\\/#website\"},\"primaryImageOfPage\":{\"@id\":\"https:\\\/\\\/darkamazi.info\\\/archives\\\/1007635#primaryimage\"},\"image\":{\"@id\":\"https:\\\/\\\/darkamazi.info\\\/archives\\\/1007635#primaryimage\"},\"thumbnailUrl\":\"https:\\\/\\\/darkamazi.info\\\/darka-content\\\/uploads\\\/2019\\\/09\\\/\u0641\u0644\u0645.jpg\",\"datePublished\":\"2019-09-21T14:22:15+00:00\",\"dateModified\":\"2019-10-07T15:01:04+00:00\",\"breadcrumb\":{\"@id\":\"https:\\\/\\\/darkamazi.info\\\/archives\\\/1007635#breadcrumb\"},\"inLanguage\":\"en-US\",\"potentialAction\":[{\"@type\":\"ReadAction\",\"target\":[\"https:\\\/\\\/darkamazi.info\\\/archives\\\/1007635\"]}]},{\"@type\":\"ImageObject\",\"inLanguage\":\"en-US\",\"@id\":\"https:\\\/\\\/darkamazi.info\\\/archives\\\/1007635#primaryimage\",\"url\":\"https:\\\/\\\/darkamazi.info\\\/darka-content\\\/uploads\\\/2019\\\/09\\\/\u0641\u0644\u0645.jpg\",\"contentUrl\":\"https:\\\/\\\/darkamazi.info\\\/darka-content\\\/uploads\\\/2019\\\/09\\\/\u0641\u0644\u0645.jpg\",\"width\":792,\"height\":454,\"caption\":\"V\u00ea heftey\u00ea 10 F\u00eelim w\u00ea bikevin s\u00eenemay\u00ea\"},{\"@type\":\"BreadcrumbList\",\"@id\":\"https:\\\/\\\/darkamazi.info\\\/archives\\\/1007635#breadcrumb\",\"itemListElement\":[{\"@type\":\"ListItem\",\"position\":1,\"name\":\"Home\",\"item\":\"https:\\\/\\\/darkamazi.info\\\/\"},{\"@type\":\"ListItem\",\"position\":2,\"name\":\"V\u00ea heftey\u00ea 10 F\u00eelim w\u00ea bikevin s\u00eenemay\u00ea\"}]},{\"@type\":\"WebSite\",\"@id\":\"https:\\\/\\\/darkamazi.info\\\/#website\",\"url\":\"https:\\\/\\\/darkamazi.info\\\/\",\"name\":\"Darka Maz\u00ee\",\"description\":\"P\u00eageha Zanyariy\u00ean Nebih\u00eest\u00ee\",\"publisher\":{\"@id\":\"https:\\\/\\\/darkamazi.info\\\/#organization\"},\"potentialAction\":[{\"@type\":\"SearchAction\",\"target\":{\"@type\":\"EntryPoint\",\"urlTemplate\":\"https:\\\/\\\/darkamazi.info\\\/?s={search_term_string}\"},\"query-input\":{\"@type\":\"PropertyValueSpecification\",\"valueRequired\":true,\"valueName\":\"search_term_string\"}}],\"inLanguage\":\"en-US\"},{\"@type\":\"Organization\",\"@id\":\"https:\\\/\\\/darkamazi.info\\\/#organization\",\"name\":\"Darka Maz\u00ee\",\"url\":\"https:\\\/\\\/darkamazi.info\\\/\",\"logo\":{\"@type\":\"ImageObject\",\"inLanguage\":\"en-US\",\"@id\":\"https:\\\/\\\/darkamazi.info\\\/#\\\/schema\\\/logo\\\/image\\\/\",\"url\":\"https:\\\/\\\/darkamazi.info\\\/darka-content\\\/uploads\\\/2017\\\/12\\\/darka-mazi-logo.png\",\"contentUrl\":\"https:\\\/\\\/darkamazi.info\\\/darka-content\\\/uploads\\\/2017\\\/12\\\/darka-mazi-logo.png\",\"width\":151,\"height\":75,\"caption\":\"Darka Maz\u00ee\"},\"image\":{\"@id\":\"https:\\\/\\\/darkamazi.info\\\/#\\\/schema\\\/logo\\\/image\\\/\"},\"sameAs\":[\"https:\\\/\\\/www.facebook.com\\\/DarMaziKurmanci\",\"https:\\\/\\\/x.com\\\/DarkaMaziLatini\",\"https:\\\/\\\/www.instagram.com\\\/darkamazi.kurmanci\\\/\",\"https:\\\/\\\/www.youtube.com\\\/channel\\\/UCa5HkTdmI8U1qCUFuTw8B2g\"]},{\"@type\":\"Person\",\"@id\":\"https:\\\/\\\/darkamazi.info\\\/#\\\/schema\\\/person\\\/5ad3e24553a0567993fa8ed4bd0a776c\",\"name\":\"darka mazi\",\"sameAs\":[\"https:\\\/\\\/darkamazi.info\\\/\"],\"url\":\"https:\\\/\\\/darkamazi.info\\\/archives\\\/author\\\/kurdi\"}]}<\/script>\n<!-- \/ Yoast SEO plugin. -->","seo_head_json":{"title":"V\u00ea heftey\u00ea 10 F\u00eelim w\u00ea bikevin s\u00eenemay\u00ea - Darka Maz\u00ee","robots":{"index":"index","follow":"follow","max-snippet":"max-snippet:-1","max-image-preview":"max-image-preview:large","max-video-preview":"max-video-preview:-1"},"canonical":"https:\/\/darkamazi.info\/archives\/1007635","og_locale":"en_US","og_type":"article","og_title":"V\u00ea heftey\u00ea 10 F\u00eelim w\u00ea bikevin s\u00eenemay\u00ea - Darka Maz\u00ee","og_description":"Li salon\u00ean s\u00eenemay\u00ea\u00a0 \u00ean tirkiy\u00ea v\u00ea heftey\u00ea w\u00ea 10 F\u00eelim bikevin s\u00eenemay\u00ea, 5 ji wan ji berhema tirkiy\u00ea bi xwene. \u201cmubtelab\u00fbn, asl\u00ee\u201c Derh\u00eanerya F\u00eelima \u201cmubtelab\u00fbn, asl\u00ee\u201d \u00ea Sem\u00eeh Kaplanoglu dike \u00fb F\u00eelim li ser j\u00eeyana day\u00eekek\u00ea, zarok\u00ea w\u00ea \u00fb kar\u00ea w\u00ea ye. F\u00eelima \u201cmubtelab\u00fbn, asl\u00ee\u201d ji bo xelat\u00ean akademy\u00ea (Oskar) a 92an ku li sala [&hellip;]","og_url":"https:\/\/darkamazi.info\/archives\/1007635","og_site_name":"Darka Maz\u00ee","article_publisher":"https:\/\/www.facebook.com\/DarMaziKurmanci","article_published_time":"2019-09-21T14:22:15+00:00","article_modified_time":"2019-10-07T15:01:04+00:00","og_image":[{"width":792,"height":454,"url":"https:\/\/darkamazi.info\/file\/2019\/09\/\u0641\u0644\u0645.jpg","type":"image\/jpeg"}],"author":"darka mazi","twitter_card":"summary_large_image","twitter_image":"https:\/\/darkamazi.info\/file\/2019\/09\/\u0641\u0644\u0645.jpg","twitter_creator":"@DarkaMaziLatini","twitter_site":"@DarkaMaziLatini","twitter_misc":{"Written by":"darka mazi","Est. reading time":"3 minutes"},"schema":{"@context":"https:\/\/schema.org","@graph":[{"@type":"Article","@id":"https:\/\/darkamazi.info\/archives\/1007635#article","isPartOf":{"@id":"https:\/\/darkamazi.info\/archives\/1007635"},"author":{"name":"darka mazi","@id":"https:\/\/darkamazi.info\/#\/schema\/person\/5ad3e24553a0567993fa8ed4bd0a776c"},"headline":"V\u00ea heftey\u00ea 10 F\u00eelim w\u00ea bikevin s\u00eenemay\u00ea","datePublished":"2019-09-21T14:22:15+00:00","dateModified":"2019-10-07T15:01:04+00:00","mainEntityOfPage":{"@id":"https:\/\/darkamazi.info\/archives\/1007635"},"wordCount":547,"publisher":{"@id":"https:\/\/darkamazi.info\/#organization"},"image":{"@id":"https:\/\/darkamazi.info\/archives\/1007635#primaryimage"},"thumbnailUrl":"https:\/\/darkamazi.info\/file\/2019\/09\/\u0641\u0644\u0645.jpg","articleSection":["\u00c7and \u00db Huner","Hemereng"],"inLanguage":"en-US"},{"@type":"WebPage","@id":"https:\/\/darkamazi.info\/archives\/1007635","url":"https:\/\/darkamazi.info\/archives\/1007635","name":"V\u00ea heftey\u00ea 10 F\u00eelim w\u00ea bikevin s\u00eenemay\u00ea - Darka Maz\u00ee","isPartOf":{"@id":"https:\/\/darkamazi.info\/#website"},"primaryImageOfPage":{"@id":"https:\/\/darkamazi.info\/archives\/1007635#primaryimage"},"image":{"@id":"https:\/\/darkamazi.info\/archives\/1007635#primaryimage"},"thumbnailUrl":"https:\/\/darkamazi.info\/file\/2019\/09\/\u0641\u0644\u0645.jpg","datePublished":"2019-09-21T14:22:15+00:00","dateModified":"2019-10-07T15:01:04+00:00","breadcrumb":{"@id":"https:\/\/darkamazi.info\/archives\/1007635#breadcrumb"},"inLanguage":"en-US","potentialAction":[{"@type":"ReadAction","target":["https:\/\/darkamazi.info\/archives\/1007635"]}]},{"@type":"ImageObject","inLanguage":"en-US","@id":"https:\/\/darkamazi.info\/archives\/1007635#primaryimage","url":"https:\/\/darkamazi.info\/file\/2019\/09\/\u0641\u0644\u0645.jpg","contentUrl":"https:\/\/darkamazi.info\/file\/2019\/09\/\u0641\u0644\u0645.jpg","width":792,"height":454,"caption":"V\u00ea heftey\u00ea 10 F\u00eelim w\u00ea bikevin s\u00eenemay\u00ea"},{"@type":"BreadcrumbList","@id":"https:\/\/darkamazi.info\/archives\/1007635#breadcrumb","itemListElement":[{"@type":"ListItem","position":1,"name":"Home","item":"https:\/\/darkamazi.info\/"},{"@type":"ListItem","position":2,"name":"V\u00ea heftey\u00ea 10 F\u00eelim w\u00ea bikevin s\u00eenemay\u00ea"}]},{"@type":"WebSite","@id":"https:\/\/darkamazi.info\/#website","url":"https:\/\/darkamazi.info\/","name":"Darka Maz\u00ee","description":"P\u00eageha Zanyariy\u00ean Nebih\u00eest\u00ee","publisher":{"@id":"https:\/\/darkamazi.info\/#organization"},"potentialAction":[{"@type":"SearchAction","target":{"@type":"EntryPoint","urlTemplate":"https:\/\/darkamazi.info\/?s={search_term_string}"},"query-input":{"@type":"PropertyValueSpecification","valueRequired":true,"valueName":"search_term_string"}}],"inLanguage":"en-US"},{"@type":"Organization","@id":"https:\/\/darkamazi.info\/#organization","name":"Darka Maz\u00ee","url":"https:\/\/darkamazi.info\/","logo":{"@type":"ImageObject","inLanguage":"en-US","@id":"https:\/\/darkamazi.info\/#\/schema\/logo\/image\/","url":"https:\/\/darkamazi.info\/file\/2017\/12\/darka-mazi-logo.png","contentUrl":"https:\/\/darkamazi.info\/file\/2017\/12\/darka-mazi-logo.png","width":151,"height":75,"caption":"Darka Maz\u00ee"},"image":{"@id":"https:\/\/darkamazi.info\/#\/schema\/logo\/image\/"},"sameAs":["https:\/\/www.facebook.com\/DarMaziKurmanci","https:\/\/x.com\/DarkaMaziLatini","https:\/\/www.instagram.com\/darkamazi.kurmanci\/","https:\/\/www.youtube.com\/channel\/UCa5HkTdmI8U1qCUFuTw8B2g"]},{"@type":"Person","@id":"https:\/\/darkamazi.info\/#\/schema\/person\/5ad3e24553a0567993fa8ed4bd0a776c","name":"darka mazi","sameAs":["https:\/\/darkamazi.info\/"],"url":"https:\/\/darkamazi.info\/archives\/author\/kurdi"}]}},"_links":{"self":[{"href":"https:\/\/darkamazi.info\/funavuv\/wp\/v2\/posts\/1007635","targetHints":{"allow":["GET"]}}],"collection":[{"href":"https:\/\/darkamazi.info\/funavuv\/wp\/v2\/posts"}],"about":[{"href":"https:\/\/darkamazi.info\/funavuv\/wp\/v2\/types\/post"}],"author":[{"embeddable":true,"href":"https:\/\/darkamazi.info\/funavuv\/wp\/v2\/users\/2"}],"replies":[{"embeddable":true,"href":"https:\/\/darkamazi.info\/funavuv\/wp\/v2\/comments?post=1007635"}],"version-history":[{"count":0,"href":"https:\/\/darkamazi.info\/funavuv\/wp\/v2\/posts\/1007635\/revisions"}],"wp:featuredmedia":[{"embeddable":true,"href":"https:\/\/darkamazi.info\/funavuv\/wp\/v2\/media\/1007636"}],"wp:attachment":[{"href":"https:\/\/darkamazi.info\/funavuv\/wp\/v2\/media?parent=1007635"}],"wp:term":[{"taxonomy":"category","embeddable":true,"href":"https:\/\/darkamazi.info\/funavuv\/wp\/v2\/categories?post=1007635"},{"taxonomy":"post_tag","embeddable":true,"href":"https:\/\/darkamazi.info\/funavuv\/wp\/v2\/tags?post=1007635"}],"curies":[{"name":"wp","href":"https:\/\/api.w.org\/{rel}","templated":true}]}}