{"id":1007683,"date":"2019-09-22T20:31:40","date_gmt":"2019-09-22T17:31:40","guid":{"rendered":"https:\/\/darkamazi.info\/?p=1007683"},"modified":"2019-10-07T17:57:55","modified_gmt":"2019-10-07T14:57:55","slug":"perperoka-12-hezar-sali-li-ciyaye-agiriye-car-din-hat-ditin","status":"publish","type":"post","link":"https:\/\/darkamazi.info\/archives\/1007683","title":{"rendered":"Perperoka &#8220;12 hezar sal\u00ee&#8221; li \u00c7\u00eeyay\u00ea Agiriy\u00ea car din hat d\u00eetin"},"content":{"rendered":"<div class=\"wpb-content-wrapper\"><p>[darkamazi_row][darkamazi_column][darkamazi_column_text]<\/p>\n<h2><strong>&#8211; Perperoka wek &#8220;Nazuxuma Bak\u00fbr\u00ee&#8221; t\u00ea binavkirin \u00fb li Tirkiyey\u00ea cara ewil di sala 1970yan da li \u00c7\u00eeyay\u00ea Agiriy\u00ea hat d\u00eetin pi\u015ft\u00ee 50 salan d\u00eesa li \u00c7\u00eeyay\u00ea Agiriy\u00ea hat d\u00eetin<\/strong><\/h2>\n<h3>&#8211; L\u00eakol\u00eener\u00ea Perperokan \u00fb Parastvan\u00ea Xwezay\u00ea Suleyman Ek\u015f\u00eeoglu:<\/h3>\n<h3>&#8211; &#8220;Xwezaya ku ev perperok l\u00ea dij\u00een di rastiy\u00ea da ne ev der e. 12 hezar sal ber\u00ea pi\u015ft\u00ee Heyama Qe\u015fay\u00ea ya Daw\u00een ber bi j\u00ear\u00ea va t\u00ea \u00fb li vir dim\u00eene. Cihek\u00ee ku here tune, li \u00c7\u00eeyay\u00ea Agiriy\u00ea as\u00ea dim\u00eene.&#8221;<\/h3>\n<h3>&#8211; Bispor\u00ea Jiyana Biyan\u00ee Em\u00een Yogurt\u00e7uoglu:<\/h3>\n<h3>&#8211; &#8220;Ev candar wek ku beriya d\u00eerok\u00ea maye dide h\u00eeskirin. Em behsa cureyeke 12 hezar sal ber\u00ea li welat\u00ea me heye dikin. Der bar\u00ea w\u00ea da ten\u00ea qeydek heye, wek\u00ee din tu ti\u015ft nay\u00ea zan\u00een. Car din derxistina w\u00ea ya hol\u00ea ji bo min j\u00ee kelecan b\u00fb.&#8221;<\/h3>\n<h3>Perperoka wek &#8220;Nazuxuma Bak\u00fbr\u00ee&#8221; t\u00ea binavkirin \u00fb li Tirkiyey\u00ea cara ewil di sala 1970an da li \u00c7\u00eeyay\u00ea Agiriy\u00ea hat d\u00eetin pi\u015ft\u00ee 50 salan d\u00eesa li \u00c7\u00eeyay\u00ea Agiriy\u00ea hat d\u00eetin.<\/h3>\n<h3>Nav\u00ea Lat\u00een\u00ee ya perperok\u00ea &#8220;Euphydryas \u00eeduna&#8221; ye \u00fb di nav wan candar\u00ean ku hindik maye koka wan biqele da cih digre.<\/h3>\n<h3>Ev cure perperok her\u00ee z\u00eade li welat\u00ean \u00ceskand\u00eenavyay\u00ea dij\u00ee, x\u00eaz\u00ean dora w\u00ee st\u00fbr in \u00fb deq\u00ean sp\u00ee li ser w\u00ea hene.<\/h3>\n<h3>Qas\u00ee ku t\u00ea zan\u00een ev cure perperok li Tirkiyey\u00ea bi ten\u00ea li \u00c7\u00eeyay\u00ea Agiriy\u00ea dij\u00ee, cara ewil j\u00ee di 4\u00ea Tebaxa 1970yan da li 4 hezar m\u00eatro bilindahiya \u00e7\u00eeyay\u00ea hat d\u00eetin.<\/h3>\n<h3>Ji w\u00ea roj\u00ea vir va car din nehat d\u00eetin. L\u00ea pi\u015ft\u00ee 50 salan L\u00eakol\u00eener\u00ea Perperokan \u00fb Parastvan\u00ea Xwezay\u00ea Suleyman Ek\u015f\u00eeoglu \u00fb Bispor\u00ea Jiyana Biyan\u00ee Em\u00een Yogurt\u00e7uoglu ev cure perperok li 3 hezar \u00fb 800 m\u00eatro bilindahiya \u00c7\u00eeyay\u00ea Agiriy\u00ea d\u00eetin \u00fb w\u00eaney\u00ea w\u00ea ki\u015fandin.<\/h3>\n<h3>Ek\u015f\u00eeoglu \u00fb Yogurt\u00e7uoglu behsa l\u00eakol\u00een \u00fb r\u00eawitiya xwe ya 3 rojan kirin.<\/h3>\n<h3>&#8211; &#8220;Ev cure perperok li av\u00fbhewaya sar dij\u00ee&#8221;<\/h3>\n<h3>Suleyman Ek\u015f\u00eeogluy\u00ea bi salan e der bar\u00ea Perperokan \u00fb xwezay\u00ea da xebatan dike got Em\u00een Yogurt\u00e7uoglu y\u00ea li ser civ\u00eekan l\u00eakol\u00eenan dike al\u00eekariya w\u00ee kiriye \u00fb ew derketine \u00c7\u00eeyay\u00ea Agiriy\u00ea.<\/h3>\n<h3>Ek\u015f\u00eeoglu got wan perperok d\u00eetiye, w\u00eaney\u00ean w\u00ea ki\u015fandine \u00fb pa\u015f\u00ea tesp\u00eet kirine ku curey\u00ean din \u00ean v\u00ea perperok\u00ea j\u00ee li wir dij\u00een.<\/h3>\n<h3>Ek\u015f\u00eeoglu wiha axiv\u00ee: &#8220;Xwezaya ku ev perperok l\u00ea dij\u00een di rastiy\u00ea da ne ev der e. 12 hezar sal ber\u00ea pi\u015ft\u00ee Heyama Qe\u015fay\u00ea ya Daw\u00een ber bi j\u00ear\u00ea va t\u00ea \u00fb li vir dim\u00eene. Cihek\u00ee ku here tune, li \u00c7\u00eeyay\u00ea Agiriy\u00ea as\u00ea dim\u00eene. Ev cure perperok li av\u00fbhewaya sar dij\u00ee, jixwe ji ber v\u00ea li bak\u00fbr\u00ea Agiriy\u00ea dij\u00ee. Ev dibe ku n\u00ee\u015faneya cureyek\u00ee be. Xebat\u00ean di dahat\u00fby\u00ea da w\u00ea b\u00ean kirin, dibe ku der bar\u00ea germahiya kurew\u00ee da gelek agahiya bide me. Bi ya me div\u00ea bi awayek\u00ee r\u00eak \u00fb p\u00eak b\u00ea \u015fopandin \u00fb tes\u00eera w\u00ea ya li ser germahiya kurew\u00ee \u00e7iqas heye b\u00ea l\u00eakol\u00eenkirin.&#8221;<\/h3>\n<h3>&#8211; &#8220;Curey\u00ean w\u00ea y\u00ean din j\u00ee hene, l\u00ea cudahiya w\u00ea xal\u00ean w\u00ea y\u00ean sp\u00ee ne&#8221;<\/h3>\n<h3>Bispor\u00ea Jiyana Biyan\u00ee Em\u00een Yogurt\u00e7uoglu j\u00ee got v\u00ea l\u00eakol\u00een\u00ea kelecan daye w\u00ee \u00fb wiha axiv\u00ee: &#8220;Ev candar wek ku beriya d\u00eerok\u00ea maye dide h\u00eeskirin. Em behsa cureyeke 12 hezar sal ber\u00ea li welat\u00ea me heye dikin. Der bar\u00ea w\u00ea da ten\u00ea qeydek heye, wek\u00ee din tu ti\u015ft nay\u00ea zan\u00een. Car din derxistina w\u00ea ya hol\u00ea ji bo min j\u00ee kelecan b\u00fb. Heywan\u00ea wek ku kurkek\u00ee li xwe kiriye xuya dikir. Wisa xuya dikir ku ew li ber sermay\u00ea dikare li ber xwe bide. Zem\u00eena per\u00ean w\u00ea sp\u00ee ne. Li ser per\u00ean w\u00ea deq\u00ean sor, re\u015f \u00fb qehwey\u00ee hene, l\u00ea zem\u00een sp\u00ee ye. Curey\u00ean w\u00ea y\u00ean din j\u00ee hene, l\u00ea cudahiya w\u00ea xal\u00ean w\u00ea y\u00ean sp\u00ee ne.&#8221;<\/h3>\n<h3><\/h3>\n<p>[\/darkamazi_column_text][\/darkamazi_column][\/darkamazi_row][darkamazi_row][darkamazi_column][mpc_carousel_image preset=&#8221;mpc_preset_8&#8243; loop=&#8221;true&#8221; auto_slide=&#8221;true&#8221; delay=&#8221;1000&#8243; speed=&#8221;1150&#8243; layout=&#8221;fluid&#8221; enable_force_height=&#8221;true&#8221; force_height=&#8221;600&#8243; images=&#8221;1007684,1007685,1007686&#8243; gap=&#8221;5&#8243; start_at=&#8221;1&#8243; image_size=&#8221;large&#8221; image_opacity=&#8221;100&#8243; image_border_css=&#8221;border-width:15px;border-color:#f3f3f3;border-style:solid;&#8221; image_hover_opacity=&#8221;100&#8243; image_hover_border_css=&#8221;border-color:#ffffff;&#8221; overlay_icon_align=&#8221;top-right&#8221; overlay_enable_lightbox=&#8221;true&#8221; overlay_icon=&#8221;eti eti_arrow_expand&#8221; overlay_icon_color=&#8221;#ffffff&#8221; overlay_icon_size=&#8221;20&#8243; overlay_icon_background=&#8221;#f8bf4d&#8221; overlay_icon_margin_divider=&#8221;true&#8221; overlay_icon_margin_css=&#8221;margin-top:30px;margin-right:30px;&#8221; overlay_icon_padding_divider=&#8221;true&#8221; overlay_icon_padding_css=&#8221;padding-top:15px;padding-right:20px;padding-bottom:15px;padding-left:20px;&#8221; overlay_hover_color=&#8221;#fcfcfc&#8221; overlay_hover_icon_background=&#8221;#f4b83f&#8221;][\/darkamazi_column][\/darkamazi_row]<\/p>\n<\/div>","protected":false},"excerpt":{"rendered":"<p>[darkamazi_row][darkamazi_column][darkamazi_column_text] &#8211; Perperoka wek &#8220;Nazuxuma Bak\u00fbr\u00ee&#8221; t\u00ea binavkirin \u00fb li Tirkiyey\u00ea cara ewil di sala 1970yan da li \u00c7\u00eeyay\u00ea Agiriy\u00ea hat d\u00eetin pi\u015ft\u00ee 50 salan d\u00eesa li \u00c7\u00eeyay\u00ea Agiriy\u00ea hat d\u00eetin &#8211; L\u00eakol\u00eener\u00ea Perperokan \u00fb Parastvan\u00ea Xwezay\u00ea Suleyman Ek\u015f\u00eeoglu: &#8211; &#8220;Xwezaya ku ev perperok l\u00ea dij\u00een di rastiy\u00ea da ne ev der e. 12 hezar [&hellip;]<\/p>\n","protected":false},"author":2,"featured_media":1007684,"comment_status":"closed","ping_status":"closed","sticky":false,"template":"","format":"standard","meta":{"footnotes":""},"categories":[34,4],"tags":[],"class_list":["post-1007683","post","type-post","status-publish","format-standard","has-post-thumbnail","hentry","category-cand-u-huner","category-hemereng"],"blocksy_meta":[],"seo_head":"<!-- This site is optimized with the Yoast SEO plugin v27.5 - https:\/\/yoast.com\/product\/yoast-seo-wordpress\/ -->\n<title>Perperoka &quot;12 hezar sal\u00ee&quot; li \u00c7\u00eeyay\u00ea Agiriy\u00ea car din hat d\u00eetin - Darka Maz\u00ee<\/title>\n<meta name=\"robots\" content=\"index, follow, max-snippet:-1, max-image-preview:large, max-video-preview:-1\" \/>\n<link rel=\"canonical\" href=\"https:\/\/darkamazi.info\/archives\/1007683\" \/>\n<meta property=\"og:locale\" content=\"en_US\" \/>\n<meta property=\"og:type\" content=\"article\" \/>\n<meta property=\"og:title\" content=\"Perperoka &quot;12 hezar sal\u00ee&quot; li \u00c7\u00eeyay\u00ea Agiriy\u00ea car din hat d\u00eetin - Darka Maz\u00ee\" \/>\n<meta property=\"og:description\" content=\"[darkamazi_row][darkamazi_column][darkamazi_column_text] &#8211; Perperoka wek &#8220;Nazuxuma Bak\u00fbr\u00ee&#8221; t\u00ea binavkirin \u00fb li Tirkiyey\u00ea cara ewil di sala 1970yan da li \u00c7\u00eeyay\u00ea Agiriy\u00ea hat d\u00eetin pi\u015ft\u00ee 50 salan d\u00eesa li \u00c7\u00eeyay\u00ea Agiriy\u00ea hat d\u00eetin &#8211; L\u00eakol\u00eener\u00ea Perperokan \u00fb Parastvan\u00ea Xwezay\u00ea Suleyman Ek\u015f\u00eeoglu: &#8211; &#8220;Xwezaya ku ev perperok l\u00ea dij\u00een di rastiy\u00ea da ne ev der e. 12 hezar [&hellip;]\" \/>\n<meta property=\"og:url\" content=\"https:\/\/darkamazi.info\/archives\/1007683\" \/>\n<meta property=\"og:site_name\" content=\"Darka Maz\u00ee\" \/>\n<meta property=\"article:publisher\" content=\"https:\/\/www.facebook.com\/DarMaziKurmanci\" \/>\n<meta property=\"article:published_time\" content=\"2019-09-22T17:31:40+00:00\" \/>\n<meta property=\"article:modified_time\" content=\"2019-10-07T14:57:55+00:00\" \/>\n<meta property=\"og:image\" content=\"https:\/\/darkamazi.info\/file\/2019\/09\/Pelatink-1.jpg\" \/>\n\t<meta property=\"og:image:width\" content=\"1200\" \/>\n\t<meta property=\"og:image:height\" content=\"800\" \/>\n\t<meta property=\"og:image:type\" content=\"image\/jpeg\" \/>\n<meta name=\"author\" content=\"darka mazi\" \/>\n<meta name=\"twitter:card\" content=\"summary_large_image\" \/>\n<meta name=\"twitter:image\" content=\"https:\/\/darkamazi.info\/file\/2019\/09\/Pelatink-1.jpg\" \/>\n<meta name=\"twitter:creator\" content=\"@DarkaMaziLatini\" \/>\n<meta name=\"twitter:site\" content=\"@DarkaMaziLatini\" \/>\n<meta name=\"twitter:label1\" content=\"Written by\" \/>\n\t<meta name=\"twitter:data1\" content=\"darka mazi\" \/>\n\t<meta name=\"twitter:label2\" content=\"Est. reading time\" \/>\n\t<meta name=\"twitter:data2\" content=\"4 minutes\" \/>\n<script type=\"application\/ld+json\" class=\"seo-schema-graph\">{\"@context\":\"https:\\\/\\\/schema.org\",\"@graph\":[{\"@type\":\"Article\",\"@id\":\"https:\\\/\\\/darkamazi.info\\\/archives\\\/1007683#article\",\"isPartOf\":{\"@id\":\"https:\\\/\\\/darkamazi.info\\\/archives\\\/1007683\"},\"author\":{\"name\":\"darka mazi\",\"@id\":\"https:\\\/\\\/darkamazi.info\\\/#\\\/schema\\\/person\\\/5ad3e24553a0567993fa8ed4bd0a776c\"},\"headline\":\"Perperoka &#8220;12 hezar sal\u00ee&#8221; li \u00c7\u00eeyay\u00ea Agiriy\u00ea car din hat d\u00eetin\",\"datePublished\":\"2019-09-22T17:31:40+00:00\",\"dateModified\":\"2019-10-07T14:57:55+00:00\",\"mainEntityOfPage\":{\"@id\":\"https:\\\/\\\/darkamazi.info\\\/archives\\\/1007683\"},\"wordCount\":814,\"publisher\":{\"@id\":\"https:\\\/\\\/darkamazi.info\\\/#organization\"},\"image\":{\"@id\":\"https:\\\/\\\/darkamazi.info\\\/archives\\\/1007683#primaryimage\"},\"thumbnailUrl\":\"https:\\\/\\\/darkamazi.info\\\/darka-content\\\/uploads\\\/2019\\\/09\\\/Pelatink-1.jpg\",\"articleSection\":[\"\u00c7and \u00db Huner\",\"Hemereng\"],\"inLanguage\":\"en-US\"},{\"@type\":\"WebPage\",\"@id\":\"https:\\\/\\\/darkamazi.info\\\/archives\\\/1007683\",\"url\":\"https:\\\/\\\/darkamazi.info\\\/archives\\\/1007683\",\"name\":\"Perperoka \\\"12 hezar sal\u00ee\\\" li \u00c7\u00eeyay\u00ea Agiriy\u00ea car din hat d\u00eetin - Darka Maz\u00ee\",\"isPartOf\":{\"@id\":\"https:\\\/\\\/darkamazi.info\\\/#website\"},\"primaryImageOfPage\":{\"@id\":\"https:\\\/\\\/darkamazi.info\\\/archives\\\/1007683#primaryimage\"},\"image\":{\"@id\":\"https:\\\/\\\/darkamazi.info\\\/archives\\\/1007683#primaryimage\"},\"thumbnailUrl\":\"https:\\\/\\\/darkamazi.info\\\/darka-content\\\/uploads\\\/2019\\\/09\\\/Pelatink-1.jpg\",\"datePublished\":\"2019-09-22T17:31:40+00:00\",\"dateModified\":\"2019-10-07T14:57:55+00:00\",\"breadcrumb\":{\"@id\":\"https:\\\/\\\/darkamazi.info\\\/archives\\\/1007683#breadcrumb\"},\"inLanguage\":\"en-US\",\"potentialAction\":[{\"@type\":\"ReadAction\",\"target\":[\"https:\\\/\\\/darkamazi.info\\\/archives\\\/1007683\"]}]},{\"@type\":\"ImageObject\",\"inLanguage\":\"en-US\",\"@id\":\"https:\\\/\\\/darkamazi.info\\\/archives\\\/1007683#primaryimage\",\"url\":\"https:\\\/\\\/darkamazi.info\\\/darka-content\\\/uploads\\\/2019\\\/09\\\/Pelatink-1.jpg\",\"contentUrl\":\"https:\\\/\\\/darkamazi.info\\\/darka-content\\\/uploads\\\/2019\\\/09\\\/Pelatink-1.jpg\",\"width\":1200,\"height\":800,\"caption\":\"Perperoka \\\"12 hezar sal\u00ee\\\" li \u00c7\u00eeyay\u00ea Agiriy\u00ea car din hat d\u00eetin\"},{\"@type\":\"BreadcrumbList\",\"@id\":\"https:\\\/\\\/darkamazi.info\\\/archives\\\/1007683#breadcrumb\",\"itemListElement\":[{\"@type\":\"ListItem\",\"position\":1,\"name\":\"Home\",\"item\":\"https:\\\/\\\/darkamazi.info\\\/\"},{\"@type\":\"ListItem\",\"position\":2,\"name\":\"Perperoka &#8220;12 hezar sal\u00ee&#8221; li \u00c7\u00eeyay\u00ea Agiriy\u00ea car din hat d\u00eetin\"}]},{\"@type\":\"WebSite\",\"@id\":\"https:\\\/\\\/darkamazi.info\\\/#website\",\"url\":\"https:\\\/\\\/darkamazi.info\\\/\",\"name\":\"Darka Maz\u00ee\",\"description\":\"P\u00eageha Zanyariy\u00ean Nebih\u00eest\u00ee\",\"publisher\":{\"@id\":\"https:\\\/\\\/darkamazi.info\\\/#organization\"},\"potentialAction\":[{\"@type\":\"SearchAction\",\"target\":{\"@type\":\"EntryPoint\",\"urlTemplate\":\"https:\\\/\\\/darkamazi.info\\\/?s={search_term_string}\"},\"query-input\":{\"@type\":\"PropertyValueSpecification\",\"valueRequired\":true,\"valueName\":\"search_term_string\"}}],\"inLanguage\":\"en-US\"},{\"@type\":\"Organization\",\"@id\":\"https:\\\/\\\/darkamazi.info\\\/#organization\",\"name\":\"Darka Maz\u00ee\",\"url\":\"https:\\\/\\\/darkamazi.info\\\/\",\"logo\":{\"@type\":\"ImageObject\",\"inLanguage\":\"en-US\",\"@id\":\"https:\\\/\\\/darkamazi.info\\\/#\\\/schema\\\/logo\\\/image\\\/\",\"url\":\"https:\\\/\\\/darkamazi.info\\\/darka-content\\\/uploads\\\/2017\\\/12\\\/darka-mazi-logo.png\",\"contentUrl\":\"https:\\\/\\\/darkamazi.info\\\/darka-content\\\/uploads\\\/2017\\\/12\\\/darka-mazi-logo.png\",\"width\":151,\"height\":75,\"caption\":\"Darka Maz\u00ee\"},\"image\":{\"@id\":\"https:\\\/\\\/darkamazi.info\\\/#\\\/schema\\\/logo\\\/image\\\/\"},\"sameAs\":[\"https:\\\/\\\/www.facebook.com\\\/DarMaziKurmanci\",\"https:\\\/\\\/x.com\\\/DarkaMaziLatini\",\"https:\\\/\\\/www.instagram.com\\\/darkamazi.kurmanci\\\/\",\"https:\\\/\\\/www.youtube.com\\\/channel\\\/UCa5HkTdmI8U1qCUFuTw8B2g\"]},{\"@type\":\"Person\",\"@id\":\"https:\\\/\\\/darkamazi.info\\\/#\\\/schema\\\/person\\\/5ad3e24553a0567993fa8ed4bd0a776c\",\"name\":\"darka mazi\",\"sameAs\":[\"https:\\\/\\\/darkamazi.info\\\/\"],\"url\":\"https:\\\/\\\/darkamazi.info\\\/archives\\\/author\\\/kurdi\"}]}<\/script>\n<!-- \/ Yoast SEO plugin. -->","seo_head_json":{"title":"Perperoka \"12 hezar sal\u00ee\" li \u00c7\u00eeyay\u00ea Agiriy\u00ea car din hat d\u00eetin - Darka Maz\u00ee","robots":{"index":"index","follow":"follow","max-snippet":"max-snippet:-1","max-image-preview":"max-image-preview:large","max-video-preview":"max-video-preview:-1"},"canonical":"https:\/\/darkamazi.info\/archives\/1007683","og_locale":"en_US","og_type":"article","og_title":"Perperoka \"12 hezar sal\u00ee\" li \u00c7\u00eeyay\u00ea Agiriy\u00ea car din hat d\u00eetin - Darka Maz\u00ee","og_description":"[darkamazi_row][darkamazi_column][darkamazi_column_text] &#8211; Perperoka wek &#8220;Nazuxuma Bak\u00fbr\u00ee&#8221; t\u00ea binavkirin \u00fb li Tirkiyey\u00ea cara ewil di sala 1970yan da li \u00c7\u00eeyay\u00ea Agiriy\u00ea hat d\u00eetin pi\u015ft\u00ee 50 salan d\u00eesa li \u00c7\u00eeyay\u00ea Agiriy\u00ea hat d\u00eetin &#8211; L\u00eakol\u00eener\u00ea Perperokan \u00fb Parastvan\u00ea Xwezay\u00ea Suleyman Ek\u015f\u00eeoglu: &#8211; &#8220;Xwezaya ku ev perperok l\u00ea dij\u00een di rastiy\u00ea da ne ev der e. 12 hezar [&hellip;]","og_url":"https:\/\/darkamazi.info\/archives\/1007683","og_site_name":"Darka Maz\u00ee","article_publisher":"https:\/\/www.facebook.com\/DarMaziKurmanci","article_published_time":"2019-09-22T17:31:40+00:00","article_modified_time":"2019-10-07T14:57:55+00:00","og_image":[{"width":1200,"height":800,"url":"https:\/\/darkamazi.info\/file\/2019\/09\/Pelatink-1.jpg","type":"image\/jpeg"}],"author":"darka mazi","twitter_card":"summary_large_image","twitter_image":"https:\/\/darkamazi.info\/file\/2019\/09\/Pelatink-1.jpg","twitter_creator":"@DarkaMaziLatini","twitter_site":"@DarkaMaziLatini","twitter_misc":{"Written by":"darka mazi","Est. reading time":"4 minutes"},"schema":{"@context":"https:\/\/schema.org","@graph":[{"@type":"Article","@id":"https:\/\/darkamazi.info\/archives\/1007683#article","isPartOf":{"@id":"https:\/\/darkamazi.info\/archives\/1007683"},"author":{"name":"darka mazi","@id":"https:\/\/darkamazi.info\/#\/schema\/person\/5ad3e24553a0567993fa8ed4bd0a776c"},"headline":"Perperoka &#8220;12 hezar sal\u00ee&#8221; li \u00c7\u00eeyay\u00ea Agiriy\u00ea car din hat d\u00eetin","datePublished":"2019-09-22T17:31:40+00:00","dateModified":"2019-10-07T14:57:55+00:00","mainEntityOfPage":{"@id":"https:\/\/darkamazi.info\/archives\/1007683"},"wordCount":814,"publisher":{"@id":"https:\/\/darkamazi.info\/#organization"},"image":{"@id":"https:\/\/darkamazi.info\/archives\/1007683#primaryimage"},"thumbnailUrl":"https:\/\/darkamazi.info\/file\/2019\/09\/Pelatink-1.jpg","articleSection":["\u00c7and \u00db Huner","Hemereng"],"inLanguage":"en-US"},{"@type":"WebPage","@id":"https:\/\/darkamazi.info\/archives\/1007683","url":"https:\/\/darkamazi.info\/archives\/1007683","name":"Perperoka \"12 hezar sal\u00ee\" li \u00c7\u00eeyay\u00ea Agiriy\u00ea car din hat d\u00eetin - Darka Maz\u00ee","isPartOf":{"@id":"https:\/\/darkamazi.info\/#website"},"primaryImageOfPage":{"@id":"https:\/\/darkamazi.info\/archives\/1007683#primaryimage"},"image":{"@id":"https:\/\/darkamazi.info\/archives\/1007683#primaryimage"},"thumbnailUrl":"https:\/\/darkamazi.info\/file\/2019\/09\/Pelatink-1.jpg","datePublished":"2019-09-22T17:31:40+00:00","dateModified":"2019-10-07T14:57:55+00:00","breadcrumb":{"@id":"https:\/\/darkamazi.info\/archives\/1007683#breadcrumb"},"inLanguage":"en-US","potentialAction":[{"@type":"ReadAction","target":["https:\/\/darkamazi.info\/archives\/1007683"]}]},{"@type":"ImageObject","inLanguage":"en-US","@id":"https:\/\/darkamazi.info\/archives\/1007683#primaryimage","url":"https:\/\/darkamazi.info\/file\/2019\/09\/Pelatink-1.jpg","contentUrl":"https:\/\/darkamazi.info\/file\/2019\/09\/Pelatink-1.jpg","width":1200,"height":800,"caption":"Perperoka \"12 hezar sal\u00ee\" li \u00c7\u00eeyay\u00ea Agiriy\u00ea car din hat d\u00eetin"},{"@type":"BreadcrumbList","@id":"https:\/\/darkamazi.info\/archives\/1007683#breadcrumb","itemListElement":[{"@type":"ListItem","position":1,"name":"Home","item":"https:\/\/darkamazi.info\/"},{"@type":"ListItem","position":2,"name":"Perperoka &#8220;12 hezar sal\u00ee&#8221; li \u00c7\u00eeyay\u00ea Agiriy\u00ea car din hat d\u00eetin"}]},{"@type":"WebSite","@id":"https:\/\/darkamazi.info\/#website","url":"https:\/\/darkamazi.info\/","name":"Darka Maz\u00ee","description":"P\u00eageha Zanyariy\u00ean Nebih\u00eest\u00ee","publisher":{"@id":"https:\/\/darkamazi.info\/#organization"},"potentialAction":[{"@type":"SearchAction","target":{"@type":"EntryPoint","urlTemplate":"https:\/\/darkamazi.info\/?s={search_term_string}"},"query-input":{"@type":"PropertyValueSpecification","valueRequired":true,"valueName":"search_term_string"}}],"inLanguage":"en-US"},{"@type":"Organization","@id":"https:\/\/darkamazi.info\/#organization","name":"Darka Maz\u00ee","url":"https:\/\/darkamazi.info\/","logo":{"@type":"ImageObject","inLanguage":"en-US","@id":"https:\/\/darkamazi.info\/#\/schema\/logo\/image\/","url":"https:\/\/darkamazi.info\/file\/2017\/12\/darka-mazi-logo.png","contentUrl":"https:\/\/darkamazi.info\/file\/2017\/12\/darka-mazi-logo.png","width":151,"height":75,"caption":"Darka Maz\u00ee"},"image":{"@id":"https:\/\/darkamazi.info\/#\/schema\/logo\/image\/"},"sameAs":["https:\/\/www.facebook.com\/DarMaziKurmanci","https:\/\/x.com\/DarkaMaziLatini","https:\/\/www.instagram.com\/darkamazi.kurmanci\/","https:\/\/www.youtube.com\/channel\/UCa5HkTdmI8U1qCUFuTw8B2g"]},{"@type":"Person","@id":"https:\/\/darkamazi.info\/#\/schema\/person\/5ad3e24553a0567993fa8ed4bd0a776c","name":"darka mazi","sameAs":["https:\/\/darkamazi.info\/"],"url":"https:\/\/darkamazi.info\/archives\/author\/kurdi"}]}},"_links":{"self":[{"href":"https:\/\/darkamazi.info\/funavuv\/wp\/v2\/posts\/1007683","targetHints":{"allow":["GET"]}}],"collection":[{"href":"https:\/\/darkamazi.info\/funavuv\/wp\/v2\/posts"}],"about":[{"href":"https:\/\/darkamazi.info\/funavuv\/wp\/v2\/types\/post"}],"author":[{"embeddable":true,"href":"https:\/\/darkamazi.info\/funavuv\/wp\/v2\/users\/2"}],"replies":[{"embeddable":true,"href":"https:\/\/darkamazi.info\/funavuv\/wp\/v2\/comments?post=1007683"}],"version-history":[{"count":0,"href":"https:\/\/darkamazi.info\/funavuv\/wp\/v2\/posts\/1007683\/revisions"}],"wp:featuredmedia":[{"embeddable":true,"href":"https:\/\/darkamazi.info\/funavuv\/wp\/v2\/media\/1007684"}],"wp:attachment":[{"href":"https:\/\/darkamazi.info\/funavuv\/wp\/v2\/media?parent=1007683"}],"wp:term":[{"taxonomy":"category","embeddable":true,"href":"https:\/\/darkamazi.info\/funavuv\/wp\/v2\/categories?post=1007683"},{"taxonomy":"post_tag","embeddable":true,"href":"https:\/\/darkamazi.info\/funavuv\/wp\/v2\/tags?post=1007683"}],"curies":[{"name":"wp","href":"https:\/\/api.w.org\/{rel}","templated":true}]}}