{"id":1007718,"date":"2019-09-23T18:01:56","date_gmt":"2019-09-23T15:01:56","guid":{"rendered":"https:\/\/darkamazi.info\/?p=1007718"},"modified":"2020-11-25T19:07:08","modified_gmt":"2020-11-25T16:07:08","slug":"erisen-rijema-esed-en-diji-idlibe-di-domin","status":"publish","type":"post","link":"https:\/\/darkamazi.info\/archives\/1007718","title":{"rendered":"\u00car\u00ee\u015f\u00ean rij\u00eama Esed \u00ean dij\u00ee Idlib\u00ea di domin"},"content":{"rendered":"<h2><strong>Di \u00ear\u00ee\u015f\u00ean rij\u00eama Be\u015far Esed \u00ean bi topxane, roket \u00fb hawinan \u00ean dij\u00ee wargeh\u00ean siv\u00eel\u00ean li nav\u00e7eya 40 \u00fb \u00e7iyay\u00ean li ba\u015f\u00fbr\u00ea Idliba li rojava bak\u00fbr\u00ea s\u00fbry\u00ea de siv\u00eelek hat ku\u015ftin, 3 siv\u00eel j\u00ee bir\u00eendar b\u00fbn.<\/strong><\/h2>\n<h3>H\u00eaz\u00ean rij\u00eam\u00ea duh n\u00eev\u00ea \u015fev\u00ea bi topxane, hawin \u00fb roketan ve, \u00ear\u00ee\u015f\u00ee gund\u00ean ba\u015f\u00fbr\u00ea Idlib\u00ea kirin, li gor agah\u00eeya ku ji \u00e7avkan\u00ee \u00ean parastina siv\u00eelan hat wergirtin, siv\u00eelek hat ku\u015ftin \u00fb 3 siv\u00eel j\u00ee bir\u00eendar b\u00fbn.<\/h3>\n<h3>Di \u00ear\u00ee\u015f\u00ean as\u00eeman\u00ee \u00fb bejay\u00ee \u00ean rij\u00eama Esed \u00fb hevalbend\u00ea w\u00ee R\u00fbsyay\u00ea \u00ean dij\u00ee her\u00eama k\u00eam kirina \u015fer Idlib\u00ea de ji ser\u00ea meh\u00ea z\u00eadetir ji 20 kes\u00ean siv\u00eel hatin ku\u015ftin.<\/h3>\n<h3>Ji r\u00eakeftina ku di navbera Tirkiy\u00ea \u00fb R\u00fbsyay\u00ea de li \u00celona 2018an de hat \u00eemza kirin, li her\u00eama k\u00eam kirina \u015fer Idlib\u00ea di \u00ear\u00ee\u015f\u00ean rij\u00eam \u00fb R\u00fbsyay\u00ea de ji 1300\u00ee z\u00eadetir siv\u00eel hatin ku\u015ftin.<\/h3>\n<h3>Hejmara kes\u00ean ku ji ber \u00ear\u00ee\u015fan ko\u00e7 ber\u00ee ciy\u00ean aramtir \u00fb nexasm nav\u00e7ey\u00ean n\u00eaz\u00ee s\u00eenor\u00ea Tirkiy\u00ea kirin j\u00ee gih\u00ee\u015ft milyonek \u00fb 42 hezaran.<\/h3>\n","protected":false},"excerpt":{"rendered":"<p>Di \u00ear\u00ee\u015f\u00ean rij\u00eama Be\u015far Esed \u00ean bi topxane, roket \u00fb hawinan \u00ean dij\u00ee wargeh\u00ean siv\u00eel\u00ean li nav\u00e7eya 40 \u00fb \u00e7iyay\u00ean li ba\u015f\u00fbr\u00ea Idliba li rojava bak\u00fbr\u00ea s\u00fbry\u00ea de siv\u00eelek hat ku\u015ftin, 3 siv\u00eel j\u00ee bir\u00eendar b\u00fbn. H\u00eaz\u00ean rij\u00eam\u00ea duh n\u00eev\u00ea \u015fev\u00ea bi topxane, hawin \u00fb roketan ve, \u00ear\u00ee\u015f\u00ee gund\u00ean ba\u015f\u00fbr\u00ea Idlib\u00ea kirin, li gor agah\u00eeya [&hellip;]<\/p>\n","protected":false},"author":2,"featured_media":1007719,"comment_status":"closed","ping_status":"closed","sticky":false,"template":"","format":"standard","meta":{"footnotes":""},"categories":[31],"tags":[37],"class_list":["post-1007718","post","type-post","status-publish","format-standard","has-post-thumbnail","hentry","category-rojhelata-navin","tag-sereke"],"blocksy_meta":[],"seo_head":"<!-- This site is optimized with the Yoast SEO plugin v27.5 - https:\/\/yoast.com\/product\/yoast-seo-wordpress\/ -->\n<title>\u00car\u00ee\u015f\u00ean rij\u00eama Esed \u00ean dij\u00ee Idlib\u00ea di domin - Darka Maz\u00ee<\/title>\n<meta name=\"robots\" content=\"index, follow, max-snippet:-1, max-image-preview:large, max-video-preview:-1\" \/>\n<link rel=\"canonical\" href=\"https:\/\/darkamazi.info\/archives\/1007718\" \/>\n<meta property=\"og:locale\" content=\"en_US\" \/>\n<meta property=\"og:type\" content=\"article\" \/>\n<meta property=\"og:title\" content=\"\u00car\u00ee\u015f\u00ean rij\u00eama Esed \u00ean dij\u00ee Idlib\u00ea di domin - Darka Maz\u00ee\" \/>\n<meta property=\"og:description\" content=\"Di \u00ear\u00ee\u015f\u00ean rij\u00eama Be\u015far Esed \u00ean bi topxane, roket \u00fb hawinan \u00ean dij\u00ee wargeh\u00ean siv\u00eel\u00ean li nav\u00e7eya 40 \u00fb \u00e7iyay\u00ean li ba\u015f\u00fbr\u00ea Idliba li rojava bak\u00fbr\u00ea s\u00fbry\u00ea de siv\u00eelek hat ku\u015ftin, 3 siv\u00eel j\u00ee bir\u00eendar b\u00fbn. H\u00eaz\u00ean rij\u00eam\u00ea duh n\u00eev\u00ea \u015fev\u00ea bi topxane, hawin \u00fb roketan ve, \u00ear\u00ee\u015f\u00ee gund\u00ean ba\u015f\u00fbr\u00ea Idlib\u00ea kirin, li gor agah\u00eeya [&hellip;]\" \/>\n<meta property=\"og:url\" content=\"https:\/\/darkamazi.info\/archives\/1007718\" \/>\n<meta property=\"og:site_name\" content=\"Darka Maz\u00ee\" \/>\n<meta property=\"article:publisher\" content=\"https:\/\/www.facebook.com\/DarMaziKurmanci\" \/>\n<meta property=\"article:published_time\" content=\"2019-09-23T15:01:56+00:00\" \/>\n<meta property=\"article:modified_time\" content=\"2020-11-25T16:07:08+00:00\" \/>\n<meta property=\"og:image\" content=\"https:\/\/darkamazi.info\/file\/2019\/09\/idlib.jpg\" \/>\n\t<meta property=\"og:image:width\" content=\"790\" \/>\n\t<meta property=\"og:image:height\" content=\"440\" \/>\n\t<meta property=\"og:image:type\" content=\"image\/jpeg\" \/>\n<meta name=\"author\" content=\"darka mazi\" \/>\n<meta name=\"twitter:card\" content=\"summary_large_image\" \/>\n<meta name=\"twitter:image\" content=\"https:\/\/darkamazi.info\/file\/2019\/09\/idlib.jpg\" \/>\n<meta name=\"twitter:creator\" content=\"@DarkaMaziLatini\" \/>\n<meta name=\"twitter:site\" content=\"@DarkaMaziLatini\" \/>\n<meta name=\"twitter:label1\" content=\"Written by\" \/>\n\t<meta name=\"twitter:data1\" content=\"darka mazi\" \/>\n\t<meta name=\"twitter:label2\" content=\"Est. reading time\" \/>\n\t<meta name=\"twitter:data2\" content=\"1 minute\" \/>\n<script type=\"application\/ld+json\" class=\"seo-schema-graph\">{\"@context\":\"https:\\\/\\\/schema.org\",\"@graph\":[{\"@type\":\"Article\",\"@id\":\"https:\\\/\\\/darkamazi.info\\\/archives\\\/1007718#article\",\"isPartOf\":{\"@id\":\"https:\\\/\\\/darkamazi.info\\\/archives\\\/1007718\"},\"author\":{\"name\":\"darka mazi\",\"@id\":\"https:\\\/\\\/darkamazi.info\\\/#\\\/schema\\\/person\\\/5ad3e24553a0567993fa8ed4bd0a776c\"},\"headline\":\"\u00car\u00ee\u015f\u00ean rij\u00eama Esed \u00ean dij\u00ee Idlib\u00ea di domin\",\"datePublished\":\"2019-09-23T15:01:56+00:00\",\"dateModified\":\"2020-11-25T16:07:08+00:00\",\"mainEntityOfPage\":{\"@id\":\"https:\\\/\\\/darkamazi.info\\\/archives\\\/1007718\"},\"wordCount\":210,\"publisher\":{\"@id\":\"https:\\\/\\\/darkamazi.info\\\/#organization\"},\"image\":{\"@id\":\"https:\\\/\\\/darkamazi.info\\\/archives\\\/1007718#primaryimage\"},\"thumbnailUrl\":\"https:\\\/\\\/darkamazi.info\\\/darka-content\\\/uploads\\\/2019\\\/09\\\/idlib.jpg\",\"keywords\":[\"sereke\"],\"articleSection\":[\"Rojhelata nav\u00een\"],\"inLanguage\":\"en-US\"},{\"@type\":\"WebPage\",\"@id\":\"https:\\\/\\\/darkamazi.info\\\/archives\\\/1007718\",\"url\":\"https:\\\/\\\/darkamazi.info\\\/archives\\\/1007718\",\"name\":\"\u00car\u00ee\u015f\u00ean rij\u00eama Esed \u00ean dij\u00ee Idlib\u00ea di domin - Darka Maz\u00ee\",\"isPartOf\":{\"@id\":\"https:\\\/\\\/darkamazi.info\\\/#website\"},\"primaryImageOfPage\":{\"@id\":\"https:\\\/\\\/darkamazi.info\\\/archives\\\/1007718#primaryimage\"},\"image\":{\"@id\":\"https:\\\/\\\/darkamazi.info\\\/archives\\\/1007718#primaryimage\"},\"thumbnailUrl\":\"https:\\\/\\\/darkamazi.info\\\/darka-content\\\/uploads\\\/2019\\\/09\\\/idlib.jpg\",\"datePublished\":\"2019-09-23T15:01:56+00:00\",\"dateModified\":\"2020-11-25T16:07:08+00:00\",\"breadcrumb\":{\"@id\":\"https:\\\/\\\/darkamazi.info\\\/archives\\\/1007718#breadcrumb\"},\"inLanguage\":\"en-US\",\"potentialAction\":[{\"@type\":\"ReadAction\",\"target\":[\"https:\\\/\\\/darkamazi.info\\\/archives\\\/1007718\"]}]},{\"@type\":\"ImageObject\",\"inLanguage\":\"en-US\",\"@id\":\"https:\\\/\\\/darkamazi.info\\\/archives\\\/1007718#primaryimage\",\"url\":\"https:\\\/\\\/darkamazi.info\\\/darka-content\\\/uploads\\\/2019\\\/09\\\/idlib.jpg\",\"contentUrl\":\"https:\\\/\\\/darkamazi.info\\\/darka-content\\\/uploads\\\/2019\\\/09\\\/idlib.jpg\",\"width\":790,\"height\":440,\"caption\":\"\u00car\u00ee\u015f\u00ean rij\u00eama Esed \u00ean dij\u00ee Idlib\u00ea di domin\"},{\"@type\":\"BreadcrumbList\",\"@id\":\"https:\\\/\\\/darkamazi.info\\\/archives\\\/1007718#breadcrumb\",\"itemListElement\":[{\"@type\":\"ListItem\",\"position\":1,\"name\":\"Home\",\"item\":\"https:\\\/\\\/darkamazi.info\\\/\"},{\"@type\":\"ListItem\",\"position\":2,\"name\":\"\u00car\u00ee\u015f\u00ean rij\u00eama Esed \u00ean dij\u00ee Idlib\u00ea di domin\"}]},{\"@type\":\"WebSite\",\"@id\":\"https:\\\/\\\/darkamazi.info\\\/#website\",\"url\":\"https:\\\/\\\/darkamazi.info\\\/\",\"name\":\"Darka Maz\u00ee\",\"description\":\"P\u00eageha Zanyariy\u00ean Nebih\u00eest\u00ee\",\"publisher\":{\"@id\":\"https:\\\/\\\/darkamazi.info\\\/#organization\"},\"potentialAction\":[{\"@type\":\"SearchAction\",\"target\":{\"@type\":\"EntryPoint\",\"urlTemplate\":\"https:\\\/\\\/darkamazi.info\\\/?s={search_term_string}\"},\"query-input\":{\"@type\":\"PropertyValueSpecification\",\"valueRequired\":true,\"valueName\":\"search_term_string\"}}],\"inLanguage\":\"en-US\"},{\"@type\":\"Organization\",\"@id\":\"https:\\\/\\\/darkamazi.info\\\/#organization\",\"name\":\"Darka Maz\u00ee\",\"url\":\"https:\\\/\\\/darkamazi.info\\\/\",\"logo\":{\"@type\":\"ImageObject\",\"inLanguage\":\"en-US\",\"@id\":\"https:\\\/\\\/darkamazi.info\\\/#\\\/schema\\\/logo\\\/image\\\/\",\"url\":\"https:\\\/\\\/darkamazi.info\\\/darka-content\\\/uploads\\\/2017\\\/12\\\/darka-mazi-logo.png\",\"contentUrl\":\"https:\\\/\\\/darkamazi.info\\\/darka-content\\\/uploads\\\/2017\\\/12\\\/darka-mazi-logo.png\",\"width\":151,\"height\":75,\"caption\":\"Darka Maz\u00ee\"},\"image\":{\"@id\":\"https:\\\/\\\/darkamazi.info\\\/#\\\/schema\\\/logo\\\/image\\\/\"},\"sameAs\":[\"https:\\\/\\\/www.facebook.com\\\/DarMaziKurmanci\",\"https:\\\/\\\/x.com\\\/DarkaMaziLatini\",\"https:\\\/\\\/www.instagram.com\\\/darkamazi.kurmanci\\\/\",\"https:\\\/\\\/www.youtube.com\\\/channel\\\/UCa5HkTdmI8U1qCUFuTw8B2g\"]},{\"@type\":\"Person\",\"@id\":\"https:\\\/\\\/darkamazi.info\\\/#\\\/schema\\\/person\\\/5ad3e24553a0567993fa8ed4bd0a776c\",\"name\":\"darka mazi\",\"sameAs\":[\"https:\\\/\\\/darkamazi.info\\\/\"],\"url\":\"https:\\\/\\\/darkamazi.info\\\/archives\\\/author\\\/kurdi\"}]}<\/script>\n<!-- \/ Yoast SEO plugin. -->","seo_head_json":{"title":"\u00car\u00ee\u015f\u00ean rij\u00eama Esed \u00ean dij\u00ee Idlib\u00ea di domin - Darka Maz\u00ee","robots":{"index":"index","follow":"follow","max-snippet":"max-snippet:-1","max-image-preview":"max-image-preview:large","max-video-preview":"max-video-preview:-1"},"canonical":"https:\/\/darkamazi.info\/archives\/1007718","og_locale":"en_US","og_type":"article","og_title":"\u00car\u00ee\u015f\u00ean rij\u00eama Esed \u00ean dij\u00ee Idlib\u00ea di domin - Darka Maz\u00ee","og_description":"Di \u00ear\u00ee\u015f\u00ean rij\u00eama Be\u015far Esed \u00ean bi topxane, roket \u00fb hawinan \u00ean dij\u00ee wargeh\u00ean siv\u00eel\u00ean li nav\u00e7eya 40 \u00fb \u00e7iyay\u00ean li ba\u015f\u00fbr\u00ea Idliba li rojava bak\u00fbr\u00ea s\u00fbry\u00ea de siv\u00eelek hat ku\u015ftin, 3 siv\u00eel j\u00ee bir\u00eendar b\u00fbn. H\u00eaz\u00ean rij\u00eam\u00ea duh n\u00eev\u00ea \u015fev\u00ea bi topxane, hawin \u00fb roketan ve, \u00ear\u00ee\u015f\u00ee gund\u00ean ba\u015f\u00fbr\u00ea Idlib\u00ea kirin, li gor agah\u00eeya [&hellip;]","og_url":"https:\/\/darkamazi.info\/archives\/1007718","og_site_name":"Darka Maz\u00ee","article_publisher":"https:\/\/www.facebook.com\/DarMaziKurmanci","article_published_time":"2019-09-23T15:01:56+00:00","article_modified_time":"2020-11-25T16:07:08+00:00","og_image":[{"width":790,"height":440,"url":"https:\/\/darkamazi.info\/file\/2019\/09\/idlib.jpg","type":"image\/jpeg"}],"author":"darka mazi","twitter_card":"summary_large_image","twitter_image":"https:\/\/darkamazi.info\/file\/2019\/09\/idlib.jpg","twitter_creator":"@DarkaMaziLatini","twitter_site":"@DarkaMaziLatini","twitter_misc":{"Written by":"darka mazi","Est. reading time":"1 minute"},"schema":{"@context":"https:\/\/schema.org","@graph":[{"@type":"Article","@id":"https:\/\/darkamazi.info\/archives\/1007718#article","isPartOf":{"@id":"https:\/\/darkamazi.info\/archives\/1007718"},"author":{"name":"darka mazi","@id":"https:\/\/darkamazi.info\/#\/schema\/person\/5ad3e24553a0567993fa8ed4bd0a776c"},"headline":"\u00car\u00ee\u015f\u00ean rij\u00eama Esed \u00ean dij\u00ee Idlib\u00ea di domin","datePublished":"2019-09-23T15:01:56+00:00","dateModified":"2020-11-25T16:07:08+00:00","mainEntityOfPage":{"@id":"https:\/\/darkamazi.info\/archives\/1007718"},"wordCount":210,"publisher":{"@id":"https:\/\/darkamazi.info\/#organization"},"image":{"@id":"https:\/\/darkamazi.info\/archives\/1007718#primaryimage"},"thumbnailUrl":"https:\/\/darkamazi.info\/file\/2019\/09\/idlib.jpg","keywords":["sereke"],"articleSection":["Rojhelata nav\u00een"],"inLanguage":"en-US"},{"@type":"WebPage","@id":"https:\/\/darkamazi.info\/archives\/1007718","url":"https:\/\/darkamazi.info\/archives\/1007718","name":"\u00car\u00ee\u015f\u00ean rij\u00eama Esed \u00ean dij\u00ee Idlib\u00ea di domin - Darka Maz\u00ee","isPartOf":{"@id":"https:\/\/darkamazi.info\/#website"},"primaryImageOfPage":{"@id":"https:\/\/darkamazi.info\/archives\/1007718#primaryimage"},"image":{"@id":"https:\/\/darkamazi.info\/archives\/1007718#primaryimage"},"thumbnailUrl":"https:\/\/darkamazi.info\/file\/2019\/09\/idlib.jpg","datePublished":"2019-09-23T15:01:56+00:00","dateModified":"2020-11-25T16:07:08+00:00","breadcrumb":{"@id":"https:\/\/darkamazi.info\/archives\/1007718#breadcrumb"},"inLanguage":"en-US","potentialAction":[{"@type":"ReadAction","target":["https:\/\/darkamazi.info\/archives\/1007718"]}]},{"@type":"ImageObject","inLanguage":"en-US","@id":"https:\/\/darkamazi.info\/archives\/1007718#primaryimage","url":"https:\/\/darkamazi.info\/file\/2019\/09\/idlib.jpg","contentUrl":"https:\/\/darkamazi.info\/file\/2019\/09\/idlib.jpg","width":790,"height":440,"caption":"\u00car\u00ee\u015f\u00ean rij\u00eama Esed \u00ean dij\u00ee Idlib\u00ea di domin"},{"@type":"BreadcrumbList","@id":"https:\/\/darkamazi.info\/archives\/1007718#breadcrumb","itemListElement":[{"@type":"ListItem","position":1,"name":"Home","item":"https:\/\/darkamazi.info\/"},{"@type":"ListItem","position":2,"name":"\u00car\u00ee\u015f\u00ean rij\u00eama Esed \u00ean dij\u00ee Idlib\u00ea di domin"}]},{"@type":"WebSite","@id":"https:\/\/darkamazi.info\/#website","url":"https:\/\/darkamazi.info\/","name":"Darka Maz\u00ee","description":"P\u00eageha Zanyariy\u00ean Nebih\u00eest\u00ee","publisher":{"@id":"https:\/\/darkamazi.info\/#organization"},"potentialAction":[{"@type":"SearchAction","target":{"@type":"EntryPoint","urlTemplate":"https:\/\/darkamazi.info\/?s={search_term_string}"},"query-input":{"@type":"PropertyValueSpecification","valueRequired":true,"valueName":"search_term_string"}}],"inLanguage":"en-US"},{"@type":"Organization","@id":"https:\/\/darkamazi.info\/#organization","name":"Darka Maz\u00ee","url":"https:\/\/darkamazi.info\/","logo":{"@type":"ImageObject","inLanguage":"en-US","@id":"https:\/\/darkamazi.info\/#\/schema\/logo\/image\/","url":"https:\/\/darkamazi.info\/file\/2017\/12\/darka-mazi-logo.png","contentUrl":"https:\/\/darkamazi.info\/file\/2017\/12\/darka-mazi-logo.png","width":151,"height":75,"caption":"Darka Maz\u00ee"},"image":{"@id":"https:\/\/darkamazi.info\/#\/schema\/logo\/image\/"},"sameAs":["https:\/\/www.facebook.com\/DarMaziKurmanci","https:\/\/x.com\/DarkaMaziLatini","https:\/\/www.instagram.com\/darkamazi.kurmanci\/","https:\/\/www.youtube.com\/channel\/UCa5HkTdmI8U1qCUFuTw8B2g"]},{"@type":"Person","@id":"https:\/\/darkamazi.info\/#\/schema\/person\/5ad3e24553a0567993fa8ed4bd0a776c","name":"darka mazi","sameAs":["https:\/\/darkamazi.info\/"],"url":"https:\/\/darkamazi.info\/archives\/author\/kurdi"}]}},"_links":{"self":[{"href":"https:\/\/darkamazi.info\/funavuv\/wp\/v2\/posts\/1007718","targetHints":{"allow":["GET"]}}],"collection":[{"href":"https:\/\/darkamazi.info\/funavuv\/wp\/v2\/posts"}],"about":[{"href":"https:\/\/darkamazi.info\/funavuv\/wp\/v2\/types\/post"}],"author":[{"embeddable":true,"href":"https:\/\/darkamazi.info\/funavuv\/wp\/v2\/users\/2"}],"replies":[{"embeddable":true,"href":"https:\/\/darkamazi.info\/funavuv\/wp\/v2\/comments?post=1007718"}],"version-history":[{"count":0,"href":"https:\/\/darkamazi.info\/funavuv\/wp\/v2\/posts\/1007718\/revisions"}],"wp:featuredmedia":[{"embeddable":true,"href":"https:\/\/darkamazi.info\/funavuv\/wp\/v2\/media\/1007719"}],"wp:attachment":[{"href":"https:\/\/darkamazi.info\/funavuv\/wp\/v2\/media?parent=1007718"}],"wp:term":[{"taxonomy":"category","embeddable":true,"href":"https:\/\/darkamazi.info\/funavuv\/wp\/v2\/categories?post=1007718"},{"taxonomy":"post_tag","embeddable":true,"href":"https:\/\/darkamazi.info\/funavuv\/wp\/v2\/tags?post=1007718"}],"curies":[{"name":"wp","href":"https:\/\/api.w.org\/{rel}","templated":true}]}}