{"id":1007961,"date":"2019-09-30T17:31:05","date_gmt":"2019-09-30T14:31:05","guid":{"rendered":"https:\/\/darkamazi.info\/?p=1007961"},"modified":"2019-10-07T16:24:31","modified_gmt":"2019-10-07T13:24:31","slug":"balefren-cengi-pkke-li-sinore-seladze-bordoman-dike","status":"publish","type":"post","link":"https:\/\/darkamazi.info\/archives\/1007961","title":{"rendered":"Balefr\u00ean ceng\u00ee PKK\u2019\u00ea li s\u00eenor\u00ea \u015e\u00ealadz\u00ea bordoman dike"},"content":{"rendered":"<h2 style=\"text-align: center;\"><span style=\"color: #ff0000;\">Di \u00ear\u00ee\u015f\u00ea de PKK\u2019\u00ea 7 ger\u00eela ji dest dane<\/span><\/h2>\n<h2><strong>Balefr\u00ean ceng\u00ee \u00ean Tirkiy\u00ea, \u00eero \u00ear\u00ee\u015feke as\u00eeman\u00ee li dij\u00ee PKK\u2019\u00ea li her\u00eama ba\u015f\u00fbr\u00ea kurdistan\u00ea p\u00eakan\u00een, wexta ku navend \u00fb hereket\u00ean ger\u00eelayan, li s\u00eenor\u00ea nav\u00e7eya \u015e\u00ealadz\u00ea bordoman kirin, wezareta parastina netewe\u00ee a Tirkiy\u00ea j\u00ee dib\u00eaje: 7 ger\u00eela hatine berteref kirin.<\/strong><\/h2>\n<h3>Li gor\u00ee hinek zanyariy\u00ean taybet ku bi dest Darka Maz\u00ee y\u00ea ketine, \u00eero roja du\u015fem\u00ee 30\/9\/2019 li sat 11:30 sib\u00ea, balefir\u00ean ceng\u00ee \u00ean arte\u015fa Tirkiy\u00ea, \u00ear\u00ee\u015feke berfireh kirine ser ger\u00eelay\u00ean PKK\u2019\u00ea \u00fb hereket\u00ean wan li gund\u00ea bi nav\u00ea S\u00eedan \u00ea gir\u00eaday\u00ee nav\u00e7eya \u015e\u00ealadz\u00ea bordoman kirine.<\/h3>\n<h3>Zanyar\u00ee e\u015fkere dikin ku hereket\u00ean PKK\u2019\u00ea li \u00e7\u00eeyay\u00ea bi nav\u00ea Xal\u00ea ku dikeve hindava gund\u00ea S\u00eedan li s\u00eenor\u00ea \u015e\u00ealadz\u00ea a nav\u00e7eya N\u00earwe \u00fb R\u00eakan ku gir\u00eaday\u00ee par\u00eazgeh\u00eeya Dihok\u00ea li her\u00eama ba\u015f\u00fbr\u00ea, b\u00fbne amanca balefir\u00ean ceng\u00ee.<\/h3>\n<h3>Tev\u00ee ku xelk\u00ea nav\u00e7ey\u00ea texm\u00eena heb\u00fbna zirar\u00ean can\u00ee kirine, wezareta parastina netewe\u00ee a Tirkiy\u00ea j\u00ee beyaneke niv\u00eesk\u00ee we\u015fand \u00fb t\u00eade e\u015fkere kiriye ku ev \u00ear\u00ee\u015f di \u00e7ar\u00e7\u00fbveya operasiyona pencik\u00ea de hatye kirin \u00fb 7 ger\u00eela hatine berteref kirin.<\/h3>\n","protected":false},"excerpt":{"rendered":"<p>Di \u00ear\u00ee\u015f\u00ea de PKK\u2019\u00ea 7 ger\u00eela ji dest dane Balefr\u00ean ceng\u00ee \u00ean Tirkiy\u00ea, \u00eero \u00ear\u00ee\u015feke as\u00eeman\u00ee li dij\u00ee PKK\u2019\u00ea li her\u00eama ba\u015f\u00fbr\u00ea kurdistan\u00ea p\u00eakan\u00een, wexta ku navend \u00fb hereket\u00ean ger\u00eelayan, li s\u00eenor\u00ea nav\u00e7eya \u015e\u00ealadz\u00ea bordoman kirin, wezareta parastina netewe\u00ee a Tirkiy\u00ea j\u00ee dib\u00eaje: 7 ger\u00eela hatine berteref kirin. Li gor\u00ee hinek zanyariy\u00ean taybet ku bi [&hellip;]<\/p>\n","protected":false},"author":2,"featured_media":1007962,"comment_status":"closed","ping_status":"closed","sticky":false,"template":"","format":"standard","meta":{"footnotes":""},"categories":[29],"tags":[37],"class_list":["post-1007961","post","type-post","status-publish","format-standard","has-post-thumbnail","hentry","category-kurdistan","tag-sereke"],"blocksy_meta":[],"seo_head":"<!-- This site is optimized with the Yoast SEO plugin v27.5 - https:\/\/yoast.com\/product\/yoast-seo-wordpress\/ -->\n<title>Balefr\u00ean ceng\u00ee PKK\u2019\u00ea li s\u00eenor\u00ea \u015e\u00ealadz\u00ea bordoman dike - Darka Maz\u00ee<\/title>\n<meta name=\"robots\" content=\"index, follow, max-snippet:-1, max-image-preview:large, max-video-preview:-1\" \/>\n<link rel=\"canonical\" href=\"https:\/\/darkamazi.info\/archives\/1007961\" \/>\n<meta property=\"og:locale\" content=\"en_US\" \/>\n<meta property=\"og:type\" content=\"article\" \/>\n<meta property=\"og:title\" content=\"Balefr\u00ean ceng\u00ee PKK\u2019\u00ea li s\u00eenor\u00ea \u015e\u00ealadz\u00ea bordoman dike - Darka Maz\u00ee\" \/>\n<meta property=\"og:description\" content=\"Di \u00ear\u00ee\u015f\u00ea de PKK\u2019\u00ea 7 ger\u00eela ji dest dane Balefr\u00ean ceng\u00ee \u00ean Tirkiy\u00ea, \u00eero \u00ear\u00ee\u015feke as\u00eeman\u00ee li dij\u00ee PKK\u2019\u00ea li her\u00eama ba\u015f\u00fbr\u00ea kurdistan\u00ea p\u00eakan\u00een, wexta ku navend \u00fb hereket\u00ean ger\u00eelayan, li s\u00eenor\u00ea nav\u00e7eya \u015e\u00ealadz\u00ea bordoman kirin, wezareta parastina netewe\u00ee a Tirkiy\u00ea j\u00ee dib\u00eaje: 7 ger\u00eela hatine berteref kirin. Li gor\u00ee hinek zanyariy\u00ean taybet ku bi [&hellip;]\" \/>\n<meta property=\"og:url\" content=\"https:\/\/darkamazi.info\/archives\/1007961\" \/>\n<meta property=\"og:site_name\" content=\"Darka Maz\u00ee\" \/>\n<meta property=\"article:publisher\" content=\"https:\/\/www.facebook.com\/DarMaziKurmanci\" \/>\n<meta property=\"article:published_time\" content=\"2019-09-30T14:31:05+00:00\" \/>\n<meta property=\"article:modified_time\" content=\"2019-10-07T13:24:31+00:00\" \/>\n<meta property=\"og:image\" content=\"https:\/\/darkamazi.info\/file\/2019\/09\/peke1.jpg\" \/>\n\t<meta property=\"og:image:width\" content=\"555\" \/>\n\t<meta property=\"og:image:height\" content=\"330\" \/>\n\t<meta property=\"og:image:type\" content=\"image\/jpeg\" \/>\n<meta name=\"author\" content=\"darka mazi\" \/>\n<meta name=\"twitter:card\" content=\"summary_large_image\" \/>\n<meta name=\"twitter:image\" content=\"https:\/\/darkamazi.info\/file\/2019\/09\/peke1.jpg\" \/>\n<meta name=\"twitter:creator\" content=\"@DarkaMaziLatini\" \/>\n<meta name=\"twitter:site\" content=\"@DarkaMaziLatini\" \/>\n<meta name=\"twitter:label1\" content=\"Written by\" \/>\n\t<meta name=\"twitter:data1\" content=\"darka mazi\" \/>\n\t<meta name=\"twitter:label2\" content=\"Est. reading time\" \/>\n\t<meta name=\"twitter:data2\" content=\"1 minute\" \/>\n<script type=\"application\/ld+json\" class=\"seo-schema-graph\">{\"@context\":\"https:\\\/\\\/schema.org\",\"@graph\":[{\"@type\":\"Article\",\"@id\":\"https:\\\/\\\/darkamazi.info\\\/archives\\\/1007961#article\",\"isPartOf\":{\"@id\":\"https:\\\/\\\/darkamazi.info\\\/archives\\\/1007961\"},\"author\":{\"name\":\"darka mazi\",\"@id\":\"https:\\\/\\\/darkamazi.info\\\/#\\\/schema\\\/person\\\/5ad3e24553a0567993fa8ed4bd0a776c\"},\"headline\":\"Balefr\u00ean ceng\u00ee PKK\u2019\u00ea li s\u00eenor\u00ea \u015e\u00ealadz\u00ea bordoman dike\",\"datePublished\":\"2019-09-30T14:31:05+00:00\",\"dateModified\":\"2019-10-07T13:24:31+00:00\",\"mainEntityOfPage\":{\"@id\":\"https:\\\/\\\/darkamazi.info\\\/archives\\\/1007961\"},\"wordCount\":214,\"publisher\":{\"@id\":\"https:\\\/\\\/darkamazi.info\\\/#organization\"},\"image\":{\"@id\":\"https:\\\/\\\/darkamazi.info\\\/archives\\\/1007961#primaryimage\"},\"thumbnailUrl\":\"https:\\\/\\\/darkamazi.info\\\/darka-content\\\/uploads\\\/2019\\\/09\\\/peke1.jpg\",\"keywords\":[\"sereke\"],\"articleSection\":[\"Kurdistan\"],\"inLanguage\":\"en-US\"},{\"@type\":\"WebPage\",\"@id\":\"https:\\\/\\\/darkamazi.info\\\/archives\\\/1007961\",\"url\":\"https:\\\/\\\/darkamazi.info\\\/archives\\\/1007961\",\"name\":\"Balefr\u00ean ceng\u00ee PKK\u2019\u00ea li s\u00eenor\u00ea \u015e\u00ealadz\u00ea bordoman dike - Darka Maz\u00ee\",\"isPartOf\":{\"@id\":\"https:\\\/\\\/darkamazi.info\\\/#website\"},\"primaryImageOfPage\":{\"@id\":\"https:\\\/\\\/darkamazi.info\\\/archives\\\/1007961#primaryimage\"},\"image\":{\"@id\":\"https:\\\/\\\/darkamazi.info\\\/archives\\\/1007961#primaryimage\"},\"thumbnailUrl\":\"https:\\\/\\\/darkamazi.info\\\/darka-content\\\/uploads\\\/2019\\\/09\\\/peke1.jpg\",\"datePublished\":\"2019-09-30T14:31:05+00:00\",\"dateModified\":\"2019-10-07T13:24:31+00:00\",\"breadcrumb\":{\"@id\":\"https:\\\/\\\/darkamazi.info\\\/archives\\\/1007961#breadcrumb\"},\"inLanguage\":\"en-US\",\"potentialAction\":[{\"@type\":\"ReadAction\",\"target\":[\"https:\\\/\\\/darkamazi.info\\\/archives\\\/1007961\"]}]},{\"@type\":\"ImageObject\",\"inLanguage\":\"en-US\",\"@id\":\"https:\\\/\\\/darkamazi.info\\\/archives\\\/1007961#primaryimage\",\"url\":\"https:\\\/\\\/darkamazi.info\\\/darka-content\\\/uploads\\\/2019\\\/09\\\/peke1.jpg\",\"contentUrl\":\"https:\\\/\\\/darkamazi.info\\\/darka-content\\\/uploads\\\/2019\\\/09\\\/peke1.jpg\",\"width\":555,\"height\":330,\"caption\":\"Balefr\u00ean ceng\u00ee PKK\u2019\u00ea li s\u00eenor\u00ea \u015e\u00ealadz\u00ea bordoman dike\"},{\"@type\":\"BreadcrumbList\",\"@id\":\"https:\\\/\\\/darkamazi.info\\\/archives\\\/1007961#breadcrumb\",\"itemListElement\":[{\"@type\":\"ListItem\",\"position\":1,\"name\":\"Home\",\"item\":\"https:\\\/\\\/darkamazi.info\\\/\"},{\"@type\":\"ListItem\",\"position\":2,\"name\":\"Balefr\u00ean ceng\u00ee PKK\u2019\u00ea li s\u00eenor\u00ea \u015e\u00ealadz\u00ea bordoman dike\"}]},{\"@type\":\"WebSite\",\"@id\":\"https:\\\/\\\/darkamazi.info\\\/#website\",\"url\":\"https:\\\/\\\/darkamazi.info\\\/\",\"name\":\"Darka Maz\u00ee\",\"description\":\"P\u00eageha Zanyariy\u00ean Nebih\u00eest\u00ee\",\"publisher\":{\"@id\":\"https:\\\/\\\/darkamazi.info\\\/#organization\"},\"potentialAction\":[{\"@type\":\"SearchAction\",\"target\":{\"@type\":\"EntryPoint\",\"urlTemplate\":\"https:\\\/\\\/darkamazi.info\\\/?s={search_term_string}\"},\"query-input\":{\"@type\":\"PropertyValueSpecification\",\"valueRequired\":true,\"valueName\":\"search_term_string\"}}],\"inLanguage\":\"en-US\"},{\"@type\":\"Organization\",\"@id\":\"https:\\\/\\\/darkamazi.info\\\/#organization\",\"name\":\"Darka Maz\u00ee\",\"url\":\"https:\\\/\\\/darkamazi.info\\\/\",\"logo\":{\"@type\":\"ImageObject\",\"inLanguage\":\"en-US\",\"@id\":\"https:\\\/\\\/darkamazi.info\\\/#\\\/schema\\\/logo\\\/image\\\/\",\"url\":\"https:\\\/\\\/darkamazi.info\\\/darka-content\\\/uploads\\\/2017\\\/12\\\/darka-mazi-logo.png\",\"contentUrl\":\"https:\\\/\\\/darkamazi.info\\\/darka-content\\\/uploads\\\/2017\\\/12\\\/darka-mazi-logo.png\",\"width\":151,\"height\":75,\"caption\":\"Darka Maz\u00ee\"},\"image\":{\"@id\":\"https:\\\/\\\/darkamazi.info\\\/#\\\/schema\\\/logo\\\/image\\\/\"},\"sameAs\":[\"https:\\\/\\\/www.facebook.com\\\/DarMaziKurmanci\",\"https:\\\/\\\/x.com\\\/DarkaMaziLatini\",\"https:\\\/\\\/www.instagram.com\\\/darkamazi.kurmanci\\\/\",\"https:\\\/\\\/www.youtube.com\\\/channel\\\/UCa5HkTdmI8U1qCUFuTw8B2g\"]},{\"@type\":\"Person\",\"@id\":\"https:\\\/\\\/darkamazi.info\\\/#\\\/schema\\\/person\\\/5ad3e24553a0567993fa8ed4bd0a776c\",\"name\":\"darka mazi\",\"sameAs\":[\"https:\\\/\\\/darkamazi.info\\\/\"],\"url\":\"https:\\\/\\\/darkamazi.info\\\/archives\\\/author\\\/kurdi\"}]}<\/script>\n<!-- \/ Yoast SEO plugin. -->","seo_head_json":{"title":"Balefr\u00ean ceng\u00ee PKK\u2019\u00ea li s\u00eenor\u00ea \u015e\u00ealadz\u00ea bordoman dike - Darka Maz\u00ee","robots":{"index":"index","follow":"follow","max-snippet":"max-snippet:-1","max-image-preview":"max-image-preview:large","max-video-preview":"max-video-preview:-1"},"canonical":"https:\/\/darkamazi.info\/archives\/1007961","og_locale":"en_US","og_type":"article","og_title":"Balefr\u00ean ceng\u00ee PKK\u2019\u00ea li s\u00eenor\u00ea \u015e\u00ealadz\u00ea bordoman dike - Darka Maz\u00ee","og_description":"Di \u00ear\u00ee\u015f\u00ea de PKK\u2019\u00ea 7 ger\u00eela ji dest dane Balefr\u00ean ceng\u00ee \u00ean Tirkiy\u00ea, \u00eero \u00ear\u00ee\u015feke as\u00eeman\u00ee li dij\u00ee PKK\u2019\u00ea li her\u00eama ba\u015f\u00fbr\u00ea kurdistan\u00ea p\u00eakan\u00een, wexta ku navend \u00fb hereket\u00ean ger\u00eelayan, li s\u00eenor\u00ea nav\u00e7eya \u015e\u00ealadz\u00ea bordoman kirin, wezareta parastina netewe\u00ee a Tirkiy\u00ea j\u00ee dib\u00eaje: 7 ger\u00eela hatine berteref kirin. Li gor\u00ee hinek zanyariy\u00ean taybet ku bi [&hellip;]","og_url":"https:\/\/darkamazi.info\/archives\/1007961","og_site_name":"Darka Maz\u00ee","article_publisher":"https:\/\/www.facebook.com\/DarMaziKurmanci","article_published_time":"2019-09-30T14:31:05+00:00","article_modified_time":"2019-10-07T13:24:31+00:00","og_image":[{"width":555,"height":330,"url":"https:\/\/darkamazi.info\/file\/2019\/09\/peke1.jpg","type":"image\/jpeg"}],"author":"darka mazi","twitter_card":"summary_large_image","twitter_image":"https:\/\/darkamazi.info\/file\/2019\/09\/peke1.jpg","twitter_creator":"@DarkaMaziLatini","twitter_site":"@DarkaMaziLatini","twitter_misc":{"Written by":"darka mazi","Est. reading time":"1 minute"},"schema":{"@context":"https:\/\/schema.org","@graph":[{"@type":"Article","@id":"https:\/\/darkamazi.info\/archives\/1007961#article","isPartOf":{"@id":"https:\/\/darkamazi.info\/archives\/1007961"},"author":{"name":"darka mazi","@id":"https:\/\/darkamazi.info\/#\/schema\/person\/5ad3e24553a0567993fa8ed4bd0a776c"},"headline":"Balefr\u00ean ceng\u00ee PKK\u2019\u00ea li s\u00eenor\u00ea \u015e\u00ealadz\u00ea bordoman dike","datePublished":"2019-09-30T14:31:05+00:00","dateModified":"2019-10-07T13:24:31+00:00","mainEntityOfPage":{"@id":"https:\/\/darkamazi.info\/archives\/1007961"},"wordCount":214,"publisher":{"@id":"https:\/\/darkamazi.info\/#organization"},"image":{"@id":"https:\/\/darkamazi.info\/archives\/1007961#primaryimage"},"thumbnailUrl":"https:\/\/darkamazi.info\/file\/2019\/09\/peke1.jpg","keywords":["sereke"],"articleSection":["Kurdistan"],"inLanguage":"en-US"},{"@type":"WebPage","@id":"https:\/\/darkamazi.info\/archives\/1007961","url":"https:\/\/darkamazi.info\/archives\/1007961","name":"Balefr\u00ean ceng\u00ee PKK\u2019\u00ea li s\u00eenor\u00ea \u015e\u00ealadz\u00ea bordoman dike - Darka Maz\u00ee","isPartOf":{"@id":"https:\/\/darkamazi.info\/#website"},"primaryImageOfPage":{"@id":"https:\/\/darkamazi.info\/archives\/1007961#primaryimage"},"image":{"@id":"https:\/\/darkamazi.info\/archives\/1007961#primaryimage"},"thumbnailUrl":"https:\/\/darkamazi.info\/file\/2019\/09\/peke1.jpg","datePublished":"2019-09-30T14:31:05+00:00","dateModified":"2019-10-07T13:24:31+00:00","breadcrumb":{"@id":"https:\/\/darkamazi.info\/archives\/1007961#breadcrumb"},"inLanguage":"en-US","potentialAction":[{"@type":"ReadAction","target":["https:\/\/darkamazi.info\/archives\/1007961"]}]},{"@type":"ImageObject","inLanguage":"en-US","@id":"https:\/\/darkamazi.info\/archives\/1007961#primaryimage","url":"https:\/\/darkamazi.info\/file\/2019\/09\/peke1.jpg","contentUrl":"https:\/\/darkamazi.info\/file\/2019\/09\/peke1.jpg","width":555,"height":330,"caption":"Balefr\u00ean ceng\u00ee PKK\u2019\u00ea li s\u00eenor\u00ea \u015e\u00ealadz\u00ea bordoman dike"},{"@type":"BreadcrumbList","@id":"https:\/\/darkamazi.info\/archives\/1007961#breadcrumb","itemListElement":[{"@type":"ListItem","position":1,"name":"Home","item":"https:\/\/darkamazi.info\/"},{"@type":"ListItem","position":2,"name":"Balefr\u00ean ceng\u00ee PKK\u2019\u00ea li s\u00eenor\u00ea \u015e\u00ealadz\u00ea bordoman dike"}]},{"@type":"WebSite","@id":"https:\/\/darkamazi.info\/#website","url":"https:\/\/darkamazi.info\/","name":"Darka Maz\u00ee","description":"P\u00eageha Zanyariy\u00ean Nebih\u00eest\u00ee","publisher":{"@id":"https:\/\/darkamazi.info\/#organization"},"potentialAction":[{"@type":"SearchAction","target":{"@type":"EntryPoint","urlTemplate":"https:\/\/darkamazi.info\/?s={search_term_string}"},"query-input":{"@type":"PropertyValueSpecification","valueRequired":true,"valueName":"search_term_string"}}],"inLanguage":"en-US"},{"@type":"Organization","@id":"https:\/\/darkamazi.info\/#organization","name":"Darka Maz\u00ee","url":"https:\/\/darkamazi.info\/","logo":{"@type":"ImageObject","inLanguage":"en-US","@id":"https:\/\/darkamazi.info\/#\/schema\/logo\/image\/","url":"https:\/\/darkamazi.info\/file\/2017\/12\/darka-mazi-logo.png","contentUrl":"https:\/\/darkamazi.info\/file\/2017\/12\/darka-mazi-logo.png","width":151,"height":75,"caption":"Darka Maz\u00ee"},"image":{"@id":"https:\/\/darkamazi.info\/#\/schema\/logo\/image\/"},"sameAs":["https:\/\/www.facebook.com\/DarMaziKurmanci","https:\/\/x.com\/DarkaMaziLatini","https:\/\/www.instagram.com\/darkamazi.kurmanci\/","https:\/\/www.youtube.com\/channel\/UCa5HkTdmI8U1qCUFuTw8B2g"]},{"@type":"Person","@id":"https:\/\/darkamazi.info\/#\/schema\/person\/5ad3e24553a0567993fa8ed4bd0a776c","name":"darka mazi","sameAs":["https:\/\/darkamazi.info\/"],"url":"https:\/\/darkamazi.info\/archives\/author\/kurdi"}]}},"_links":{"self":[{"href":"https:\/\/darkamazi.info\/funavuv\/wp\/v2\/posts\/1007961","targetHints":{"allow":["GET"]}}],"collection":[{"href":"https:\/\/darkamazi.info\/funavuv\/wp\/v2\/posts"}],"about":[{"href":"https:\/\/darkamazi.info\/funavuv\/wp\/v2\/types\/post"}],"author":[{"embeddable":true,"href":"https:\/\/darkamazi.info\/funavuv\/wp\/v2\/users\/2"}],"replies":[{"embeddable":true,"href":"https:\/\/darkamazi.info\/funavuv\/wp\/v2\/comments?post=1007961"}],"version-history":[{"count":0,"href":"https:\/\/darkamazi.info\/funavuv\/wp\/v2\/posts\/1007961\/revisions"}],"wp:featuredmedia":[{"embeddable":true,"href":"https:\/\/darkamazi.info\/funavuv\/wp\/v2\/media\/1007962"}],"wp:attachment":[{"href":"https:\/\/darkamazi.info\/funavuv\/wp\/v2\/media?parent=1007961"}],"wp:term":[{"taxonomy":"category","embeddable":true,"href":"https:\/\/darkamazi.info\/funavuv\/wp\/v2\/categories?post=1007961"},{"taxonomy":"post_tag","embeddable":true,"href":"https:\/\/darkamazi.info\/funavuv\/wp\/v2\/tags?post=1007961"}],"curies":[{"name":"wp","href":"https:\/\/api.w.org\/{rel}","templated":true}]}}