{"id":1007970,"date":"2019-09-30T18:01:19","date_gmt":"2019-09-30T15:01:19","guid":{"rendered":"https:\/\/darkamazi.info\/?p=1007970"},"modified":"2019-10-07T16:14:09","modified_gmt":"2019-10-07T13:14:09","slug":"artos-kiye-u-bi-tu-awayi-ket-deste-dijmin","status":"publish","type":"post","link":"https:\/\/darkamazi.info\/archives\/1007970","title":{"rendered":"Artos k\u00eeye \u00fb bi tu away\u00ee ket dest\u00ea dijmin?"},"content":{"rendered":"<div class=\"wpb-content-wrapper\"><p>[darkamazi_row][darkamazi_column][darkamazi_column_text]<\/p>\n<h2><strong>Bayram ba\u015fkala fermandar\u00ea parta karker\u00ean kurdistan\u00ea PKK\u2019\u00ea ye, arte\u015fa Tirkiy\u00ea wexteka dir\u00eaje li pey di\u00e7\u00fb, ew di kategorya gewr a metloban de b\u00fb.<\/strong><\/h2>\n<h3>Li gor hinek agahiy\u00ean wezareta kar\u00ean hundir a Tirkiy\u00ea, li 14 \u00eelona \u00eesal 2019an, fermandariya cendirmeyan li dorbera bajar\u00ea Wan\u00ea \u00ea bak\u00fbr\u00ea kurdistan\u00ea, \u00ear\u00ee\u015fek li ser navend \u00fb hereket\u00ean PKK\u2019\u00ea p\u00eak an\u00ee.<\/h3>\n<h3>Wek Tirkiya di de xweya kirin, di \u00ear\u00ee\u015f\u00ea de 5 ger\u00eelay\u00ean PKK\u2019\u00ea hatin berteref kirin, l\u00ea bel\u00ea yek ji wan ger\u00eelayan Fermandarek\u00ea mezin \u00ea PKK\u2019\u00ea ye.<\/h3>\n<h3>Bayram ba\u015fkala ku di nava r\u00eaxistin\u00ean PKK\u2019\u00ea de bi Artos t\u00ea nas kirin, Tirkiy\u00ea wexteka dir\u00eaje ew xist b\u00fb di kategorya gewr a metloban de, li wexta \u00ear\u00ee\u015fa dorbera Wan\u00ea, Artos li wir b\u00fb, zanyariy\u00ean Tirkiy\u00ea e\u015fkere kirine ku ew yek ji wan 5 ger\u00eelayan b\u00fb ku hatine berteref kirin.<\/h3>\n<h3>Arte\u015fa Tirkiy\u00ea di ber\u00ea de xelateke bi qas\u00ee 300.000 l\u00eereyan jibo girtin yan berteref kirina Artos dan\u00ee b\u00fbn, ji roja ku \u00ear\u00ee\u015fa Wan\u00ea heya niha, PKK\u2019\u00ea \u00fb baska w\u00ea a le\u015fkir\u00ee HPG\u2019\u00ea, n\u00fb\u00e7eya can ji dest dana fermandar\u00ea xwe Artos\u00ee, pi\u015ft rast ne kirine.<\/h3>\n<p>[\/darkamazi_column_text][\/darkamazi_column][\/darkamazi_row][darkamazi_row][darkamazi_column][darkamazi_single_image image=&#8221;1007974&#8243; img_size=&#8221;large&#8221; alignment=&#8221;center&#8221;][\/darkamazi_column][\/darkamazi_row]<\/p>\n<\/div>","protected":false},"excerpt":{"rendered":"<p>[darkamazi_row][darkamazi_column][darkamazi_column_text] Bayram ba\u015fkala fermandar\u00ea parta karker\u00ean kurdistan\u00ea PKK\u2019\u00ea ye, arte\u015fa Tirkiy\u00ea wexteka dir\u00eaje li pey di\u00e7\u00fb, ew di kategorya gewr a metloban de b\u00fb. Li gor hinek agahiy\u00ean wezareta kar\u00ean hundir a Tirkiy\u00ea, li 14 \u00eelona \u00eesal 2019an, fermandariya cendirmeyan li dorbera bajar\u00ea Wan\u00ea \u00ea bak\u00fbr\u00ea kurdistan\u00ea, \u00ear\u00ee\u015fek li ser navend \u00fb hereket\u00ean PKK\u2019\u00ea p\u00eak [&hellip;]<\/p>\n","protected":false},"author":2,"featured_media":1007971,"comment_status":"closed","ping_status":"closed","sticky":false,"template":"","format":"standard","meta":{"footnotes":""},"categories":[29],"tags":[37],"class_list":["post-1007970","post","type-post","status-publish","format-standard","has-post-thumbnail","hentry","category-kurdistan","tag-sereke"],"blocksy_meta":[],"seo_head":"<!-- This site is optimized with the Yoast SEO plugin v27.5 - https:\/\/yoast.com\/product\/yoast-seo-wordpress\/ -->\n<title>Artos k\u00eeye \u00fb bi tu away\u00ee ket dest\u00ea dijmin? - Darka Maz\u00ee<\/title>\n<meta name=\"robots\" content=\"index, follow, max-snippet:-1, max-image-preview:large, max-video-preview:-1\" \/>\n<link rel=\"canonical\" href=\"https:\/\/darkamazi.info\/archives\/1007970\" \/>\n<meta property=\"og:locale\" content=\"en_US\" \/>\n<meta property=\"og:type\" content=\"article\" \/>\n<meta property=\"og:title\" content=\"Artos k\u00eeye \u00fb bi tu away\u00ee ket dest\u00ea dijmin? - Darka Maz\u00ee\" \/>\n<meta property=\"og:description\" content=\"[darkamazi_row][darkamazi_column][darkamazi_column_text] Bayram ba\u015fkala fermandar\u00ea parta karker\u00ean kurdistan\u00ea PKK\u2019\u00ea ye, arte\u015fa Tirkiy\u00ea wexteka dir\u00eaje li pey di\u00e7\u00fb, ew di kategorya gewr a metloban de b\u00fb. Li gor hinek agahiy\u00ean wezareta kar\u00ean hundir a Tirkiy\u00ea, li 14 \u00eelona \u00eesal 2019an, fermandariya cendirmeyan li dorbera bajar\u00ea Wan\u00ea \u00ea bak\u00fbr\u00ea kurdistan\u00ea, \u00ear\u00ee\u015fek li ser navend \u00fb hereket\u00ean PKK\u2019\u00ea p\u00eak [&hellip;]\" \/>\n<meta property=\"og:url\" content=\"https:\/\/darkamazi.info\/archives\/1007970\" \/>\n<meta property=\"og:site_name\" content=\"Darka Maz\u00ee\" \/>\n<meta property=\"article:publisher\" content=\"https:\/\/www.facebook.com\/DarMaziKurmanci\" \/>\n<meta property=\"article:published_time\" content=\"2019-09-30T15:01:19+00:00\" \/>\n<meta property=\"article:modified_time\" content=\"2019-10-07T13:14:09+00:00\" \/>\n<meta property=\"og:image\" content=\"https:\/\/darkamazi.info\/file\/2019\/09\/pkk1.jpg\" \/>\n\t<meta property=\"og:image:width\" content=\"810\" \/>\n\t<meta property=\"og:image:height\" content=\"458\" \/>\n\t<meta property=\"og:image:type\" content=\"image\/jpeg\" \/>\n<meta name=\"author\" content=\"darka mazi\" \/>\n<meta name=\"twitter:card\" content=\"summary_large_image\" \/>\n<meta name=\"twitter:image\" content=\"https:\/\/darkamazi.info\/file\/2019\/09\/pkk1.jpg\" \/>\n<meta name=\"twitter:creator\" content=\"@DarkaMaziLatini\" \/>\n<meta name=\"twitter:site\" content=\"@DarkaMaziLatini\" \/>\n<meta name=\"twitter:label1\" content=\"Written by\" \/>\n\t<meta name=\"twitter:data1\" content=\"darka mazi\" \/>\n\t<meta name=\"twitter:label2\" content=\"Est. reading time\" \/>\n\t<meta name=\"twitter:data2\" content=\"1 minute\" \/>\n<script type=\"application\/ld+json\" class=\"seo-schema-graph\">{\"@context\":\"https:\\\/\\\/schema.org\",\"@graph\":[{\"@type\":\"Article\",\"@id\":\"https:\\\/\\\/darkamazi.info\\\/archives\\\/1007970#article\",\"isPartOf\":{\"@id\":\"https:\\\/\\\/darkamazi.info\\\/archives\\\/1007970\"},\"author\":{\"name\":\"darka mazi\",\"@id\":\"https:\\\/\\\/darkamazi.info\\\/#\\\/schema\\\/person\\\/5ad3e24553a0567993fa8ed4bd0a776c\"},\"headline\":\"Artos k\u00eeye \u00fb bi tu away\u00ee ket dest\u00ea dijmin?\",\"datePublished\":\"2019-09-30T15:01:19+00:00\",\"dateModified\":\"2019-10-07T13:14:09+00:00\",\"mainEntityOfPage\":{\"@id\":\"https:\\\/\\\/darkamazi.info\\\/archives\\\/1007970\"},\"wordCount\":235,\"publisher\":{\"@id\":\"https:\\\/\\\/darkamazi.info\\\/#organization\"},\"image\":{\"@id\":\"https:\\\/\\\/darkamazi.info\\\/archives\\\/1007970#primaryimage\"},\"thumbnailUrl\":\"https:\\\/\\\/darkamazi.info\\\/darka-content\\\/uploads\\\/2019\\\/09\\\/pkk1.jpg\",\"keywords\":[\"sereke\"],\"articleSection\":[\"Kurdistan\"],\"inLanguage\":\"en-US\"},{\"@type\":\"WebPage\",\"@id\":\"https:\\\/\\\/darkamazi.info\\\/archives\\\/1007970\",\"url\":\"https:\\\/\\\/darkamazi.info\\\/archives\\\/1007970\",\"name\":\"Artos k\u00eeye \u00fb bi tu away\u00ee ket dest\u00ea dijmin? - Darka Maz\u00ee\",\"isPartOf\":{\"@id\":\"https:\\\/\\\/darkamazi.info\\\/#website\"},\"primaryImageOfPage\":{\"@id\":\"https:\\\/\\\/darkamazi.info\\\/archives\\\/1007970#primaryimage\"},\"image\":{\"@id\":\"https:\\\/\\\/darkamazi.info\\\/archives\\\/1007970#primaryimage\"},\"thumbnailUrl\":\"https:\\\/\\\/darkamazi.info\\\/darka-content\\\/uploads\\\/2019\\\/09\\\/pkk1.jpg\",\"datePublished\":\"2019-09-30T15:01:19+00:00\",\"dateModified\":\"2019-10-07T13:14:09+00:00\",\"breadcrumb\":{\"@id\":\"https:\\\/\\\/darkamazi.info\\\/archives\\\/1007970#breadcrumb\"},\"inLanguage\":\"en-US\",\"potentialAction\":[{\"@type\":\"ReadAction\",\"target\":[\"https:\\\/\\\/darkamazi.info\\\/archives\\\/1007970\"]}]},{\"@type\":\"ImageObject\",\"inLanguage\":\"en-US\",\"@id\":\"https:\\\/\\\/darkamazi.info\\\/archives\\\/1007970#primaryimage\",\"url\":\"https:\\\/\\\/darkamazi.info\\\/darka-content\\\/uploads\\\/2019\\\/09\\\/pkk1.jpg\",\"contentUrl\":\"https:\\\/\\\/darkamazi.info\\\/darka-content\\\/uploads\\\/2019\\\/09\\\/pkk1.jpg\",\"width\":810,\"height\":458,\"caption\":\"Artos k\u00eeye \u00fb bi tu away\u00ee ket dest\u00ea dijmin?\"},{\"@type\":\"BreadcrumbList\",\"@id\":\"https:\\\/\\\/darkamazi.info\\\/archives\\\/1007970#breadcrumb\",\"itemListElement\":[{\"@type\":\"ListItem\",\"position\":1,\"name\":\"Home\",\"item\":\"https:\\\/\\\/darkamazi.info\\\/\"},{\"@type\":\"ListItem\",\"position\":2,\"name\":\"Artos k\u00eeye \u00fb bi tu away\u00ee ket dest\u00ea dijmin?\"}]},{\"@type\":\"WebSite\",\"@id\":\"https:\\\/\\\/darkamazi.info\\\/#website\",\"url\":\"https:\\\/\\\/darkamazi.info\\\/\",\"name\":\"Darka Maz\u00ee\",\"description\":\"P\u00eageha Zanyariy\u00ean Nebih\u00eest\u00ee\",\"publisher\":{\"@id\":\"https:\\\/\\\/darkamazi.info\\\/#organization\"},\"potentialAction\":[{\"@type\":\"SearchAction\",\"target\":{\"@type\":\"EntryPoint\",\"urlTemplate\":\"https:\\\/\\\/darkamazi.info\\\/?s={search_term_string}\"},\"query-input\":{\"@type\":\"PropertyValueSpecification\",\"valueRequired\":true,\"valueName\":\"search_term_string\"}}],\"inLanguage\":\"en-US\"},{\"@type\":\"Organization\",\"@id\":\"https:\\\/\\\/darkamazi.info\\\/#organization\",\"name\":\"Darka Maz\u00ee\",\"url\":\"https:\\\/\\\/darkamazi.info\\\/\",\"logo\":{\"@type\":\"ImageObject\",\"inLanguage\":\"en-US\",\"@id\":\"https:\\\/\\\/darkamazi.info\\\/#\\\/schema\\\/logo\\\/image\\\/\",\"url\":\"https:\\\/\\\/darkamazi.info\\\/darka-content\\\/uploads\\\/2017\\\/12\\\/darka-mazi-logo.png\",\"contentUrl\":\"https:\\\/\\\/darkamazi.info\\\/darka-content\\\/uploads\\\/2017\\\/12\\\/darka-mazi-logo.png\",\"width\":151,\"height\":75,\"caption\":\"Darka Maz\u00ee\"},\"image\":{\"@id\":\"https:\\\/\\\/darkamazi.info\\\/#\\\/schema\\\/logo\\\/image\\\/\"},\"sameAs\":[\"https:\\\/\\\/www.facebook.com\\\/DarMaziKurmanci\",\"https:\\\/\\\/x.com\\\/DarkaMaziLatini\",\"https:\\\/\\\/www.instagram.com\\\/darkamazi.kurmanci\\\/\",\"https:\\\/\\\/www.youtube.com\\\/channel\\\/UCa5HkTdmI8U1qCUFuTw8B2g\"]},{\"@type\":\"Person\",\"@id\":\"https:\\\/\\\/darkamazi.info\\\/#\\\/schema\\\/person\\\/5ad3e24553a0567993fa8ed4bd0a776c\",\"name\":\"darka mazi\",\"sameAs\":[\"https:\\\/\\\/darkamazi.info\\\/\"],\"url\":\"https:\\\/\\\/darkamazi.info\\\/archives\\\/author\\\/kurdi\"}]}<\/script>\n<!-- \/ Yoast SEO plugin. -->","seo_head_json":{"title":"Artos k\u00eeye \u00fb bi tu away\u00ee ket dest\u00ea dijmin? - Darka Maz\u00ee","robots":{"index":"index","follow":"follow","max-snippet":"max-snippet:-1","max-image-preview":"max-image-preview:large","max-video-preview":"max-video-preview:-1"},"canonical":"https:\/\/darkamazi.info\/archives\/1007970","og_locale":"en_US","og_type":"article","og_title":"Artos k\u00eeye \u00fb bi tu away\u00ee ket dest\u00ea dijmin? - Darka Maz\u00ee","og_description":"[darkamazi_row][darkamazi_column][darkamazi_column_text] Bayram ba\u015fkala fermandar\u00ea parta karker\u00ean kurdistan\u00ea PKK\u2019\u00ea ye, arte\u015fa Tirkiy\u00ea wexteka dir\u00eaje li pey di\u00e7\u00fb, ew di kategorya gewr a metloban de b\u00fb. Li gor hinek agahiy\u00ean wezareta kar\u00ean hundir a Tirkiy\u00ea, li 14 \u00eelona \u00eesal 2019an, fermandariya cendirmeyan li dorbera bajar\u00ea Wan\u00ea \u00ea bak\u00fbr\u00ea kurdistan\u00ea, \u00ear\u00ee\u015fek li ser navend \u00fb hereket\u00ean PKK\u2019\u00ea p\u00eak [&hellip;]","og_url":"https:\/\/darkamazi.info\/archives\/1007970","og_site_name":"Darka Maz\u00ee","article_publisher":"https:\/\/www.facebook.com\/DarMaziKurmanci","article_published_time":"2019-09-30T15:01:19+00:00","article_modified_time":"2019-10-07T13:14:09+00:00","og_image":[{"width":810,"height":458,"url":"https:\/\/darkamazi.info\/file\/2019\/09\/pkk1.jpg","type":"image\/jpeg"}],"author":"darka mazi","twitter_card":"summary_large_image","twitter_image":"https:\/\/darkamazi.info\/file\/2019\/09\/pkk1.jpg","twitter_creator":"@DarkaMaziLatini","twitter_site":"@DarkaMaziLatini","twitter_misc":{"Written by":"darka mazi","Est. reading time":"1 minute"},"schema":{"@context":"https:\/\/schema.org","@graph":[{"@type":"Article","@id":"https:\/\/darkamazi.info\/archives\/1007970#article","isPartOf":{"@id":"https:\/\/darkamazi.info\/archives\/1007970"},"author":{"name":"darka mazi","@id":"https:\/\/darkamazi.info\/#\/schema\/person\/5ad3e24553a0567993fa8ed4bd0a776c"},"headline":"Artos k\u00eeye \u00fb bi tu away\u00ee ket dest\u00ea dijmin?","datePublished":"2019-09-30T15:01:19+00:00","dateModified":"2019-10-07T13:14:09+00:00","mainEntityOfPage":{"@id":"https:\/\/darkamazi.info\/archives\/1007970"},"wordCount":235,"publisher":{"@id":"https:\/\/darkamazi.info\/#organization"},"image":{"@id":"https:\/\/darkamazi.info\/archives\/1007970#primaryimage"},"thumbnailUrl":"https:\/\/darkamazi.info\/file\/2019\/09\/pkk1.jpg","keywords":["sereke"],"articleSection":["Kurdistan"],"inLanguage":"en-US"},{"@type":"WebPage","@id":"https:\/\/darkamazi.info\/archives\/1007970","url":"https:\/\/darkamazi.info\/archives\/1007970","name":"Artos k\u00eeye \u00fb bi tu away\u00ee ket dest\u00ea dijmin? - Darka Maz\u00ee","isPartOf":{"@id":"https:\/\/darkamazi.info\/#website"},"primaryImageOfPage":{"@id":"https:\/\/darkamazi.info\/archives\/1007970#primaryimage"},"image":{"@id":"https:\/\/darkamazi.info\/archives\/1007970#primaryimage"},"thumbnailUrl":"https:\/\/darkamazi.info\/file\/2019\/09\/pkk1.jpg","datePublished":"2019-09-30T15:01:19+00:00","dateModified":"2019-10-07T13:14:09+00:00","breadcrumb":{"@id":"https:\/\/darkamazi.info\/archives\/1007970#breadcrumb"},"inLanguage":"en-US","potentialAction":[{"@type":"ReadAction","target":["https:\/\/darkamazi.info\/archives\/1007970"]}]},{"@type":"ImageObject","inLanguage":"en-US","@id":"https:\/\/darkamazi.info\/archives\/1007970#primaryimage","url":"https:\/\/darkamazi.info\/file\/2019\/09\/pkk1.jpg","contentUrl":"https:\/\/darkamazi.info\/file\/2019\/09\/pkk1.jpg","width":810,"height":458,"caption":"Artos k\u00eeye \u00fb bi tu away\u00ee ket dest\u00ea dijmin?"},{"@type":"BreadcrumbList","@id":"https:\/\/darkamazi.info\/archives\/1007970#breadcrumb","itemListElement":[{"@type":"ListItem","position":1,"name":"Home","item":"https:\/\/darkamazi.info\/"},{"@type":"ListItem","position":2,"name":"Artos k\u00eeye \u00fb bi tu away\u00ee ket dest\u00ea dijmin?"}]},{"@type":"WebSite","@id":"https:\/\/darkamazi.info\/#website","url":"https:\/\/darkamazi.info\/","name":"Darka Maz\u00ee","description":"P\u00eageha Zanyariy\u00ean Nebih\u00eest\u00ee","publisher":{"@id":"https:\/\/darkamazi.info\/#organization"},"potentialAction":[{"@type":"SearchAction","target":{"@type":"EntryPoint","urlTemplate":"https:\/\/darkamazi.info\/?s={search_term_string}"},"query-input":{"@type":"PropertyValueSpecification","valueRequired":true,"valueName":"search_term_string"}}],"inLanguage":"en-US"},{"@type":"Organization","@id":"https:\/\/darkamazi.info\/#organization","name":"Darka Maz\u00ee","url":"https:\/\/darkamazi.info\/","logo":{"@type":"ImageObject","inLanguage":"en-US","@id":"https:\/\/darkamazi.info\/#\/schema\/logo\/image\/","url":"https:\/\/darkamazi.info\/file\/2017\/12\/darka-mazi-logo.png","contentUrl":"https:\/\/darkamazi.info\/file\/2017\/12\/darka-mazi-logo.png","width":151,"height":75,"caption":"Darka Maz\u00ee"},"image":{"@id":"https:\/\/darkamazi.info\/#\/schema\/logo\/image\/"},"sameAs":["https:\/\/www.facebook.com\/DarMaziKurmanci","https:\/\/x.com\/DarkaMaziLatini","https:\/\/www.instagram.com\/darkamazi.kurmanci\/","https:\/\/www.youtube.com\/channel\/UCa5HkTdmI8U1qCUFuTw8B2g"]},{"@type":"Person","@id":"https:\/\/darkamazi.info\/#\/schema\/person\/5ad3e24553a0567993fa8ed4bd0a776c","name":"darka mazi","sameAs":["https:\/\/darkamazi.info\/"],"url":"https:\/\/darkamazi.info\/archives\/author\/kurdi"}]}},"_links":{"self":[{"href":"https:\/\/darkamazi.info\/funavuv\/wp\/v2\/posts\/1007970","targetHints":{"allow":["GET"]}}],"collection":[{"href":"https:\/\/darkamazi.info\/funavuv\/wp\/v2\/posts"}],"about":[{"href":"https:\/\/darkamazi.info\/funavuv\/wp\/v2\/types\/post"}],"author":[{"embeddable":true,"href":"https:\/\/darkamazi.info\/funavuv\/wp\/v2\/users\/2"}],"replies":[{"embeddable":true,"href":"https:\/\/darkamazi.info\/funavuv\/wp\/v2\/comments?post=1007970"}],"version-history":[{"count":0,"href":"https:\/\/darkamazi.info\/funavuv\/wp\/v2\/posts\/1007970\/revisions"}],"wp:featuredmedia":[{"embeddable":true,"href":"https:\/\/darkamazi.info\/funavuv\/wp\/v2\/media\/1007971"}],"wp:attachment":[{"href":"https:\/\/darkamazi.info\/funavuv\/wp\/v2\/media?parent=1007970"}],"wp:term":[{"taxonomy":"category","embeddable":true,"href":"https:\/\/darkamazi.info\/funavuv\/wp\/v2\/categories?post=1007970"},{"taxonomy":"post_tag","embeddable":true,"href":"https:\/\/darkamazi.info\/funavuv\/wp\/v2\/tags?post=1007970"}],"curies":[{"name":"wp","href":"https:\/\/api.w.org\/{rel}","templated":true}]}}