{"id":1008045,"date":"2019-10-01T20:53:25","date_gmt":"2019-10-01T17:53:25","guid":{"rendered":"https:\/\/darkamazi.info\/?p=1008045"},"modified":"2019-10-07T16:10:57","modified_gmt":"2019-10-07T13:10:57","slug":"supa-we-derbazi-rojhilate-firate-bibe","status":"publish","type":"post","link":"https:\/\/darkamazi.info\/archives\/1008045","title":{"rendered":"Supa W\u00ea derbaz\u00ee rojhilat\u00ea Firat\u00ea bibe"},"content":{"rendered":"<h2><strong>Ew moleta Tirkiy\u00ea ji bo nav\u00e7eya aram bi Emer\u00eekay\u00ea day, bi daw\u00ee hat \u00fb serokomar\u00ea Tirkiy\u00ea dibe: \u201cEnqere w\u00ea tekal\u00ee derbaz\u00ee rojhilat\u00ea Firat\u00ea bibe\u201d.<\/strong><\/h2>\n<h3>Serokomar\u00ea Tirkiy\u00ea Receb Tey\u00eeb Erdogan, evro careke din di derbara nav\u00e7eya aram de ewa w\u00ea li rojhilat\u00ea Firat\u00ea li bak\u00fbr\u00ea S\u00fbriy\u00ea were avakirin, ho\u015fdar\u00ee dane emer\u00eekay\u00ea \u00fb got: \u201cmoleta ku jibo hemaheng\u00ee \u00fb kar\u00ea hevbe\u015f bi Wa\u015finton\u00ea hatiye dan bi daw\u00ee b\u00fb, lew Enqere d\u00ea tekal\u00ee derbaz\u00ee rojhilat\u00ea Firat\u00ea bibe\u201d.<\/h3>\n<h3>Tirkiy\u00ea li hefteya b\u00fbr\u00ee moleta 7 rojan jibo Emer\u00eekay\u00ea dest n\u00ee\u015fan kirin ku ger bi kiryar gavan jibo avakirina nav\u00e7eya aram nehav\u00eaje, Tirkiy\u00ea w\u00ea tekal\u00ee le\u015fkeran bi\u015f\u00eene bak\u00fbr\u00ea S\u00fbriy\u00ea, ev moleta digel bi daw\u00ee b\u00fbna meha S\u00eaptamber\u00ea bi daw\u00ee hatye.<\/h3>\n<h3>Erdogan li civ\u00eena netew\u00ean yekb\u00fb\u00eey a hefteya b\u00fbr\u00ee de ragihand b\u00fb: \u201cwilat\u00ea w\u00ee dixwaze nav\u00e7eya aram bi r\u00fbbera 480 KM \u00fb bi k\u00fbrat\u00eeya 30 KM li bak\u00fbr\u00ea S\u00fbriy\u00ea ava bike, pilana Enqere bic\u00ee kirina 2 milyon penaber\u00ean s\u00fbr\u00ee ye li w\u00ea nav\u00e7ey\u00ea\u201d.<\/h3>\n<h3>Wek Erdogan dib\u00eaje, ger nav\u00e7eya aram hate avakirin, hejmara penaber\u00ean s\u00fbr\u00ee li Tirkiy\u00ea w\u00ea k\u00eam bibe, hemwext w\u00ea yek\u00eeney\u00ean parastina gel YPG\u2019e ji s\u00eenor\u00ea Tirkiy\u00ea d\u00fbr bibin.<\/h3>\n<h3>Bi avakirina nav\u00e7eya aram gotina wez\u00eer\u00ea derve \u00ea Tirkiy\u00ea Mewlud \u00c7aw\u00ee\u015foxlo w\u00ea bic\u00ee were dema got: \u201cTirkiy\u00ea dixwaze li ser m\u00eaza diyalog\u00ea \u00fb nav\u00e7ey\u00ea bih\u00eaz be\u201d.<\/h3>\n<h3>Emer\u00eeka \u00fb Tirkiy\u00ea r\u00eaketin li ser avakirina nav\u00e7eya aram kirine, heya niha hejmareka ger\u00ean hevbe\u015f \u00ean \u00e7avd\u00ear\u00eey\u00ea li rojhilat\u00ea Firat\u00ea encam day\u00eene, l\u00ea Tirkiy\u00ea daxwaza bilez kirina gav\u00ean avakirina w\u00ea nav\u00e7ey\u00ea dike.<\/h3>\n","protected":false},"excerpt":{"rendered":"<p>Ew moleta Tirkiy\u00ea ji bo nav\u00e7eya aram bi Emer\u00eekay\u00ea day, bi daw\u00ee hat \u00fb serokomar\u00ea Tirkiy\u00ea dibe: \u201cEnqere w\u00ea tekal\u00ee derbaz\u00ee rojhilat\u00ea Firat\u00ea bibe\u201d. Serokomar\u00ea Tirkiy\u00ea Receb Tey\u00eeb Erdogan, evro careke din di derbara nav\u00e7eya aram de ewa w\u00ea li rojhilat\u00ea Firat\u00ea li bak\u00fbr\u00ea S\u00fbriy\u00ea were avakirin, ho\u015fdar\u00ee dane emer\u00eekay\u00ea \u00fb got: \u201cmoleta ku jibo [&hellip;]<\/p>\n","protected":false},"author":2,"featured_media":1008046,"comment_status":"closed","ping_status":"closed","sticky":false,"template":"","format":"standard","meta":{"footnotes":""},"categories":[29],"tags":[37],"class_list":["post-1008045","post","type-post","status-publish","format-standard","has-post-thumbnail","hentry","category-kurdistan","tag-sereke"],"blocksy_meta":[],"seo_head":"<!-- This site is optimized with the Yoast SEO plugin v27.5 - https:\/\/yoast.com\/product\/yoast-seo-wordpress\/ -->\n<title>Supa W\u00ea derbaz\u00ee rojhilat\u00ea Firat\u00ea bibe - Darka Maz\u00ee<\/title>\n<meta name=\"robots\" content=\"index, follow, max-snippet:-1, max-image-preview:large, max-video-preview:-1\" \/>\n<link rel=\"canonical\" href=\"https:\/\/darkamazi.info\/archives\/1008045\" \/>\n<meta property=\"og:locale\" content=\"en_US\" \/>\n<meta property=\"og:type\" content=\"article\" \/>\n<meta property=\"og:title\" content=\"Supa W\u00ea derbaz\u00ee rojhilat\u00ea Firat\u00ea bibe - Darka Maz\u00ee\" \/>\n<meta property=\"og:description\" content=\"Ew moleta Tirkiy\u00ea ji bo nav\u00e7eya aram bi Emer\u00eekay\u00ea day, bi daw\u00ee hat \u00fb serokomar\u00ea Tirkiy\u00ea dibe: \u201cEnqere w\u00ea tekal\u00ee derbaz\u00ee rojhilat\u00ea Firat\u00ea bibe\u201d. Serokomar\u00ea Tirkiy\u00ea Receb Tey\u00eeb Erdogan, evro careke din di derbara nav\u00e7eya aram de ewa w\u00ea li rojhilat\u00ea Firat\u00ea li bak\u00fbr\u00ea S\u00fbriy\u00ea were avakirin, ho\u015fdar\u00ee dane emer\u00eekay\u00ea \u00fb got: \u201cmoleta ku jibo [&hellip;]\" \/>\n<meta property=\"og:url\" content=\"https:\/\/darkamazi.info\/archives\/1008045\" \/>\n<meta property=\"og:site_name\" content=\"Darka Maz\u00ee\" \/>\n<meta property=\"article:publisher\" content=\"https:\/\/www.facebook.com\/DarMaziKurmanci\" \/>\n<meta property=\"article:published_time\" content=\"2019-10-01T17:53:25+00:00\" \/>\n<meta property=\"article:modified_time\" content=\"2019-10-07T13:10:57+00:00\" \/>\n<meta property=\"og:image\" content=\"https:\/\/darkamazi.info\/file\/2019\/10\/Erdogan-1.jpg\" \/>\n\t<meta property=\"og:image:width\" content=\"863\" \/>\n\t<meta property=\"og:image:height\" content=\"486\" \/>\n\t<meta property=\"og:image:type\" content=\"image\/jpeg\" \/>\n<meta name=\"author\" content=\"darka mazi\" \/>\n<meta name=\"twitter:card\" content=\"summary_large_image\" \/>\n<meta name=\"twitter:image\" content=\"https:\/\/darkamazi.info\/file\/2019\/10\/Erdogan-1.jpg\" \/>\n<meta name=\"twitter:creator\" content=\"@DarkaMaziLatini\" \/>\n<meta name=\"twitter:site\" content=\"@DarkaMaziLatini\" \/>\n<meta name=\"twitter:label1\" content=\"Written by\" \/>\n\t<meta name=\"twitter:data1\" content=\"darka mazi\" \/>\n\t<meta name=\"twitter:label2\" content=\"Est. reading time\" \/>\n\t<meta name=\"twitter:data2\" content=\"1 minute\" \/>\n<script type=\"application\/ld+json\" class=\"seo-schema-graph\">{\"@context\":\"https:\\\/\\\/schema.org\",\"@graph\":[{\"@type\":\"Article\",\"@id\":\"https:\\\/\\\/darkamazi.info\\\/archives\\\/1008045#article\",\"isPartOf\":{\"@id\":\"https:\\\/\\\/darkamazi.info\\\/archives\\\/1008045\"},\"author\":{\"name\":\"darka mazi\",\"@id\":\"https:\\\/\\\/darkamazi.info\\\/#\\\/schema\\\/person\\\/5ad3e24553a0567993fa8ed4bd0a776c\"},\"headline\":\"Supa W\u00ea derbaz\u00ee rojhilat\u00ea Firat\u00ea bibe\",\"datePublished\":\"2019-10-01T17:53:25+00:00\",\"dateModified\":\"2019-10-07T13:10:57+00:00\",\"mainEntityOfPage\":{\"@id\":\"https:\\\/\\\/darkamazi.info\\\/archives\\\/1008045\"},\"wordCount\":294,\"publisher\":{\"@id\":\"https:\\\/\\\/darkamazi.info\\\/#organization\"},\"image\":{\"@id\":\"https:\\\/\\\/darkamazi.info\\\/archives\\\/1008045#primaryimage\"},\"thumbnailUrl\":\"https:\\\/\\\/darkamazi.info\\\/darka-content\\\/uploads\\\/2019\\\/10\\\/Erdogan-1.jpg\",\"keywords\":[\"sereke\"],\"articleSection\":[\"Kurdistan\"],\"inLanguage\":\"en-US\"},{\"@type\":\"WebPage\",\"@id\":\"https:\\\/\\\/darkamazi.info\\\/archives\\\/1008045\",\"url\":\"https:\\\/\\\/darkamazi.info\\\/archives\\\/1008045\",\"name\":\"Supa W\u00ea derbaz\u00ee rojhilat\u00ea Firat\u00ea bibe - Darka Maz\u00ee\",\"isPartOf\":{\"@id\":\"https:\\\/\\\/darkamazi.info\\\/#website\"},\"primaryImageOfPage\":{\"@id\":\"https:\\\/\\\/darkamazi.info\\\/archives\\\/1008045#primaryimage\"},\"image\":{\"@id\":\"https:\\\/\\\/darkamazi.info\\\/archives\\\/1008045#primaryimage\"},\"thumbnailUrl\":\"https:\\\/\\\/darkamazi.info\\\/darka-content\\\/uploads\\\/2019\\\/10\\\/Erdogan-1.jpg\",\"datePublished\":\"2019-10-01T17:53:25+00:00\",\"dateModified\":\"2019-10-07T13:10:57+00:00\",\"breadcrumb\":{\"@id\":\"https:\\\/\\\/darkamazi.info\\\/archives\\\/1008045#breadcrumb\"},\"inLanguage\":\"en-US\",\"potentialAction\":[{\"@type\":\"ReadAction\",\"target\":[\"https:\\\/\\\/darkamazi.info\\\/archives\\\/1008045\"]}]},{\"@type\":\"ImageObject\",\"inLanguage\":\"en-US\",\"@id\":\"https:\\\/\\\/darkamazi.info\\\/archives\\\/1008045#primaryimage\",\"url\":\"https:\\\/\\\/darkamazi.info\\\/darka-content\\\/uploads\\\/2019\\\/10\\\/Erdogan-1.jpg\",\"contentUrl\":\"https:\\\/\\\/darkamazi.info\\\/darka-content\\\/uploads\\\/2019\\\/10\\\/Erdogan-1.jpg\",\"width\":863,\"height\":486,\"caption\":\"Supa W\u00ea derbaz\u00ee rojhilat\u00ea Firat\u00ea bibe\"},{\"@type\":\"BreadcrumbList\",\"@id\":\"https:\\\/\\\/darkamazi.info\\\/archives\\\/1008045#breadcrumb\",\"itemListElement\":[{\"@type\":\"ListItem\",\"position\":1,\"name\":\"Home\",\"item\":\"https:\\\/\\\/darkamazi.info\\\/\"},{\"@type\":\"ListItem\",\"position\":2,\"name\":\"Supa W\u00ea derbaz\u00ee rojhilat\u00ea Firat\u00ea bibe\"}]},{\"@type\":\"WebSite\",\"@id\":\"https:\\\/\\\/darkamazi.info\\\/#website\",\"url\":\"https:\\\/\\\/darkamazi.info\\\/\",\"name\":\"Darka Maz\u00ee\",\"description\":\"P\u00eageha Zanyariy\u00ean Nebih\u00eest\u00ee\",\"publisher\":{\"@id\":\"https:\\\/\\\/darkamazi.info\\\/#organization\"},\"potentialAction\":[{\"@type\":\"SearchAction\",\"target\":{\"@type\":\"EntryPoint\",\"urlTemplate\":\"https:\\\/\\\/darkamazi.info\\\/?s={search_term_string}\"},\"query-input\":{\"@type\":\"PropertyValueSpecification\",\"valueRequired\":true,\"valueName\":\"search_term_string\"}}],\"inLanguage\":\"en-US\"},{\"@type\":\"Organization\",\"@id\":\"https:\\\/\\\/darkamazi.info\\\/#organization\",\"name\":\"Darka Maz\u00ee\",\"url\":\"https:\\\/\\\/darkamazi.info\\\/\",\"logo\":{\"@type\":\"ImageObject\",\"inLanguage\":\"en-US\",\"@id\":\"https:\\\/\\\/darkamazi.info\\\/#\\\/schema\\\/logo\\\/image\\\/\",\"url\":\"https:\\\/\\\/darkamazi.info\\\/darka-content\\\/uploads\\\/2017\\\/12\\\/darka-mazi-logo.png\",\"contentUrl\":\"https:\\\/\\\/darkamazi.info\\\/darka-content\\\/uploads\\\/2017\\\/12\\\/darka-mazi-logo.png\",\"width\":151,\"height\":75,\"caption\":\"Darka Maz\u00ee\"},\"image\":{\"@id\":\"https:\\\/\\\/darkamazi.info\\\/#\\\/schema\\\/logo\\\/image\\\/\"},\"sameAs\":[\"https:\\\/\\\/www.facebook.com\\\/DarMaziKurmanci\",\"https:\\\/\\\/x.com\\\/DarkaMaziLatini\",\"https:\\\/\\\/www.instagram.com\\\/darkamazi.kurmanci\\\/\",\"https:\\\/\\\/www.youtube.com\\\/channel\\\/UCa5HkTdmI8U1qCUFuTw8B2g\"]},{\"@type\":\"Person\",\"@id\":\"https:\\\/\\\/darkamazi.info\\\/#\\\/schema\\\/person\\\/5ad3e24553a0567993fa8ed4bd0a776c\",\"name\":\"darka mazi\",\"sameAs\":[\"https:\\\/\\\/darkamazi.info\\\/\"],\"url\":\"https:\\\/\\\/darkamazi.info\\\/archives\\\/author\\\/kurdi\"}]}<\/script>\n<!-- \/ Yoast SEO plugin. -->","seo_head_json":{"title":"Supa W\u00ea derbaz\u00ee rojhilat\u00ea Firat\u00ea bibe - Darka Maz\u00ee","robots":{"index":"index","follow":"follow","max-snippet":"max-snippet:-1","max-image-preview":"max-image-preview:large","max-video-preview":"max-video-preview:-1"},"canonical":"https:\/\/darkamazi.info\/archives\/1008045","og_locale":"en_US","og_type":"article","og_title":"Supa W\u00ea derbaz\u00ee rojhilat\u00ea Firat\u00ea bibe - Darka Maz\u00ee","og_description":"Ew moleta Tirkiy\u00ea ji bo nav\u00e7eya aram bi Emer\u00eekay\u00ea day, bi daw\u00ee hat \u00fb serokomar\u00ea Tirkiy\u00ea dibe: \u201cEnqere w\u00ea tekal\u00ee derbaz\u00ee rojhilat\u00ea Firat\u00ea bibe\u201d. Serokomar\u00ea Tirkiy\u00ea Receb Tey\u00eeb Erdogan, evro careke din di derbara nav\u00e7eya aram de ewa w\u00ea li rojhilat\u00ea Firat\u00ea li bak\u00fbr\u00ea S\u00fbriy\u00ea were avakirin, ho\u015fdar\u00ee dane emer\u00eekay\u00ea \u00fb got: \u201cmoleta ku jibo [&hellip;]","og_url":"https:\/\/darkamazi.info\/archives\/1008045","og_site_name":"Darka Maz\u00ee","article_publisher":"https:\/\/www.facebook.com\/DarMaziKurmanci","article_published_time":"2019-10-01T17:53:25+00:00","article_modified_time":"2019-10-07T13:10:57+00:00","og_image":[{"width":863,"height":486,"url":"https:\/\/darkamazi.info\/file\/2019\/10\/Erdogan-1.jpg","type":"image\/jpeg"}],"author":"darka mazi","twitter_card":"summary_large_image","twitter_image":"https:\/\/darkamazi.info\/file\/2019\/10\/Erdogan-1.jpg","twitter_creator":"@DarkaMaziLatini","twitter_site":"@DarkaMaziLatini","twitter_misc":{"Written by":"darka mazi","Est. reading time":"1 minute"},"schema":{"@context":"https:\/\/schema.org","@graph":[{"@type":"Article","@id":"https:\/\/darkamazi.info\/archives\/1008045#article","isPartOf":{"@id":"https:\/\/darkamazi.info\/archives\/1008045"},"author":{"name":"darka mazi","@id":"https:\/\/darkamazi.info\/#\/schema\/person\/5ad3e24553a0567993fa8ed4bd0a776c"},"headline":"Supa W\u00ea derbaz\u00ee rojhilat\u00ea Firat\u00ea bibe","datePublished":"2019-10-01T17:53:25+00:00","dateModified":"2019-10-07T13:10:57+00:00","mainEntityOfPage":{"@id":"https:\/\/darkamazi.info\/archives\/1008045"},"wordCount":294,"publisher":{"@id":"https:\/\/darkamazi.info\/#organization"},"image":{"@id":"https:\/\/darkamazi.info\/archives\/1008045#primaryimage"},"thumbnailUrl":"https:\/\/darkamazi.info\/file\/2019\/10\/Erdogan-1.jpg","keywords":["sereke"],"articleSection":["Kurdistan"],"inLanguage":"en-US"},{"@type":"WebPage","@id":"https:\/\/darkamazi.info\/archives\/1008045","url":"https:\/\/darkamazi.info\/archives\/1008045","name":"Supa W\u00ea derbaz\u00ee rojhilat\u00ea Firat\u00ea bibe - Darka Maz\u00ee","isPartOf":{"@id":"https:\/\/darkamazi.info\/#website"},"primaryImageOfPage":{"@id":"https:\/\/darkamazi.info\/archives\/1008045#primaryimage"},"image":{"@id":"https:\/\/darkamazi.info\/archives\/1008045#primaryimage"},"thumbnailUrl":"https:\/\/darkamazi.info\/file\/2019\/10\/Erdogan-1.jpg","datePublished":"2019-10-01T17:53:25+00:00","dateModified":"2019-10-07T13:10:57+00:00","breadcrumb":{"@id":"https:\/\/darkamazi.info\/archives\/1008045#breadcrumb"},"inLanguage":"en-US","potentialAction":[{"@type":"ReadAction","target":["https:\/\/darkamazi.info\/archives\/1008045"]}]},{"@type":"ImageObject","inLanguage":"en-US","@id":"https:\/\/darkamazi.info\/archives\/1008045#primaryimage","url":"https:\/\/darkamazi.info\/file\/2019\/10\/Erdogan-1.jpg","contentUrl":"https:\/\/darkamazi.info\/file\/2019\/10\/Erdogan-1.jpg","width":863,"height":486,"caption":"Supa W\u00ea derbaz\u00ee rojhilat\u00ea Firat\u00ea bibe"},{"@type":"BreadcrumbList","@id":"https:\/\/darkamazi.info\/archives\/1008045#breadcrumb","itemListElement":[{"@type":"ListItem","position":1,"name":"Home","item":"https:\/\/darkamazi.info\/"},{"@type":"ListItem","position":2,"name":"Supa W\u00ea derbaz\u00ee rojhilat\u00ea Firat\u00ea bibe"}]},{"@type":"WebSite","@id":"https:\/\/darkamazi.info\/#website","url":"https:\/\/darkamazi.info\/","name":"Darka Maz\u00ee","description":"P\u00eageha Zanyariy\u00ean Nebih\u00eest\u00ee","publisher":{"@id":"https:\/\/darkamazi.info\/#organization"},"potentialAction":[{"@type":"SearchAction","target":{"@type":"EntryPoint","urlTemplate":"https:\/\/darkamazi.info\/?s={search_term_string}"},"query-input":{"@type":"PropertyValueSpecification","valueRequired":true,"valueName":"search_term_string"}}],"inLanguage":"en-US"},{"@type":"Organization","@id":"https:\/\/darkamazi.info\/#organization","name":"Darka Maz\u00ee","url":"https:\/\/darkamazi.info\/","logo":{"@type":"ImageObject","inLanguage":"en-US","@id":"https:\/\/darkamazi.info\/#\/schema\/logo\/image\/","url":"https:\/\/darkamazi.info\/file\/2017\/12\/darka-mazi-logo.png","contentUrl":"https:\/\/darkamazi.info\/file\/2017\/12\/darka-mazi-logo.png","width":151,"height":75,"caption":"Darka Maz\u00ee"},"image":{"@id":"https:\/\/darkamazi.info\/#\/schema\/logo\/image\/"},"sameAs":["https:\/\/www.facebook.com\/DarMaziKurmanci","https:\/\/x.com\/DarkaMaziLatini","https:\/\/www.instagram.com\/darkamazi.kurmanci\/","https:\/\/www.youtube.com\/channel\/UCa5HkTdmI8U1qCUFuTw8B2g"]},{"@type":"Person","@id":"https:\/\/darkamazi.info\/#\/schema\/person\/5ad3e24553a0567993fa8ed4bd0a776c","name":"darka mazi","sameAs":["https:\/\/darkamazi.info\/"],"url":"https:\/\/darkamazi.info\/archives\/author\/kurdi"}]}},"_links":{"self":[{"href":"https:\/\/darkamazi.info\/funavuv\/wp\/v2\/posts\/1008045","targetHints":{"allow":["GET"]}}],"collection":[{"href":"https:\/\/darkamazi.info\/funavuv\/wp\/v2\/posts"}],"about":[{"href":"https:\/\/darkamazi.info\/funavuv\/wp\/v2\/types\/post"}],"author":[{"embeddable":true,"href":"https:\/\/darkamazi.info\/funavuv\/wp\/v2\/users\/2"}],"replies":[{"embeddable":true,"href":"https:\/\/darkamazi.info\/funavuv\/wp\/v2\/comments?post=1008045"}],"version-history":[{"count":0,"href":"https:\/\/darkamazi.info\/funavuv\/wp\/v2\/posts\/1008045\/revisions"}],"wp:featuredmedia":[{"embeddable":true,"href":"https:\/\/darkamazi.info\/funavuv\/wp\/v2\/media\/1008046"}],"wp:attachment":[{"href":"https:\/\/darkamazi.info\/funavuv\/wp\/v2\/media?parent=1008045"}],"wp:term":[{"taxonomy":"category","embeddable":true,"href":"https:\/\/darkamazi.info\/funavuv\/wp\/v2\/categories?post=1008045"},{"taxonomy":"post_tag","embeddable":true,"href":"https:\/\/darkamazi.info\/funavuv\/wp\/v2\/tags?post=1008045"}],"curies":[{"name":"wp","href":"https:\/\/api.w.org\/{rel}","templated":true}]}}