{"id":1008111,"date":"2019-10-03T19:37:31","date_gmt":"2019-10-03T16:37:31","guid":{"rendered":"https:\/\/darkamazi.info\/?p=1008111"},"modified":"2019-10-07T16:04:40","modified_gmt":"2019-10-07T13:04:40","slug":"aramko-careser-jibo-sandina-berhema-xwe-dest-pe-kir","status":"publish","type":"post","link":"https:\/\/darkamazi.info\/archives\/1008111","title":{"rendered":"Aramko \u00e7areser jibo \u015fandina berhema xwe dest p\u00ea kir"},"content":{"rendered":"<h2><strong>&#8216;Erebistana S\u2019\u00fbd\u00eey\u00ea ji \u00e7areser kirina westgeh\u00ean \u015firketa Aramko bi daw\u00ee b\u00fb \u00fb e\u015fkere kir ku berhema w\u00ea careke din asay\u00ee dibe.<\/strong><\/h2>\n<h3>&#8216;Ebdul\u2019ez\u00eez Selman \u00ea wez\u00eer\u00ea enerj\u00eey\u00ea \u00ea S\u2019\u00fbd\u00eey\u00ea, \u00eero roja p\u00eanc \u015fem\u00ee 3\/10\/2019 li derbara berhema wilat\u00ea xwe daxuyan\u00ee da \u00fb got: saziy\u00ean \u015firketa Aramko hatine \u00e7areser kirin \u00fb asta berhema w\u00ea veger\u00ee p\u00ea\u015f\u00ee \u00ear\u00ee\u015fa ser \u015firket\u00ea.<\/h3>\n<h3>Herwiha got: di niha de, asta berhema S&#8217;\u00fbd\u00eey\u00ea gihaye 11.3 milyon berm\u00eelan li roj\u00ea de, ev ast weke roj\u00ean p\u00ea\u015f\u00ee \u00ear\u00ee\u015f\u00ea ye.<\/h3>\n<h3>Li 14 meha sebtembera \u00eesal, du balefir\u00ean b\u00ea p\u00eelot \u00ear\u00ee\u015f kirin ser \u015firketa Aramko, bi sedema \u00ear\u00ee\u015f\u00ea du saziy\u00ean w\u00ea ji kar ketin \u00fb asta berhema S&#8217;\u00fbd\u00eey\u00ea bi r\u00eaja 5.7 milyon berm\u00eelan li k\u00eam\u00eey\u00ea da.<\/h3>\n<h3>Ev \u00e7ende b\u00fb sedema berz b\u00fbna nirxa petrol\u00ea, l\u00ea Emer\u00eekay\u00ea her \u00eakser hevsengiya bazaran parast.<\/h3>\n","protected":false},"excerpt":{"rendered":"<p>&#8216;Erebistana S\u2019\u00fbd\u00eey\u00ea ji \u00e7areser kirina westgeh\u00ean \u015firketa Aramko bi daw\u00ee b\u00fb \u00fb e\u015fkere kir ku berhema w\u00ea careke din asay\u00ee dibe. &#8216;Ebdul\u2019ez\u00eez Selman \u00ea wez\u00eer\u00ea enerj\u00eey\u00ea \u00ea S\u2019\u00fbd\u00eey\u00ea, \u00eero roja p\u00eanc \u015fem\u00ee 3\/10\/2019 li derbara berhema wilat\u00ea xwe daxuyan\u00ee da \u00fb got: saziy\u00ean \u015firketa Aramko hatine \u00e7areser kirin \u00fb asta berhema w\u00ea veger\u00ee p\u00ea\u015f\u00ee \u00ear\u00ee\u015fa [&hellip;]<\/p>\n","protected":false},"author":2,"featured_media":1008112,"comment_status":"closed","ping_status":"closed","sticky":false,"template":"","format":"standard","meta":{"footnotes":""},"categories":[5],"tags":[],"class_list":["post-1008111","post","type-post","status-publish","format-standard","has-post-thumbnail","hentry","category-aburi"],"blocksy_meta":[],"seo_head":"<!-- This site is optimized with the Yoast SEO plugin v27.5 - https:\/\/yoast.com\/product\/yoast-seo-wordpress\/ -->\n<title>Aramko \u00e7areser jibo \u015fandina berhema xwe dest p\u00ea kir - Darka Maz\u00ee<\/title>\n<meta name=\"robots\" content=\"index, follow, max-snippet:-1, max-image-preview:large, max-video-preview:-1\" \/>\n<link rel=\"canonical\" href=\"https:\/\/darkamazi.info\/archives\/1008111\" \/>\n<meta property=\"og:locale\" content=\"en_US\" \/>\n<meta property=\"og:type\" content=\"article\" \/>\n<meta property=\"og:title\" content=\"Aramko \u00e7areser jibo \u015fandina berhema xwe dest p\u00ea kir - Darka Maz\u00ee\" \/>\n<meta property=\"og:description\" content=\"&#8216;Erebistana S\u2019\u00fbd\u00eey\u00ea ji \u00e7areser kirina westgeh\u00ean \u015firketa Aramko bi daw\u00ee b\u00fb \u00fb e\u015fkere kir ku berhema w\u00ea careke din asay\u00ee dibe. &#8216;Ebdul\u2019ez\u00eez Selman \u00ea wez\u00eer\u00ea enerj\u00eey\u00ea \u00ea S\u2019\u00fbd\u00eey\u00ea, \u00eero roja p\u00eanc \u015fem\u00ee 3\/10\/2019 li derbara berhema wilat\u00ea xwe daxuyan\u00ee da \u00fb got: saziy\u00ean \u015firketa Aramko hatine \u00e7areser kirin \u00fb asta berhema w\u00ea veger\u00ee p\u00ea\u015f\u00ee \u00ear\u00ee\u015fa [&hellip;]\" \/>\n<meta property=\"og:url\" content=\"https:\/\/darkamazi.info\/archives\/1008111\" \/>\n<meta property=\"og:site_name\" content=\"Darka Maz\u00ee\" \/>\n<meta property=\"article:publisher\" content=\"https:\/\/www.facebook.com\/DarMaziKurmanci\" \/>\n<meta property=\"article:published_time\" content=\"2019-10-03T16:37:31+00:00\" \/>\n<meta property=\"article:modified_time\" content=\"2019-10-07T13:04:40+00:00\" \/>\n<meta property=\"og:image\" content=\"https:\/\/darkamazi.info\/file\/2019\/10\/aramco.jpg\" \/>\n\t<meta property=\"og:image:width\" content=\"800\" \/>\n\t<meta property=\"og:image:height\" content=\"550\" \/>\n\t<meta property=\"og:image:type\" content=\"image\/jpeg\" \/>\n<meta name=\"author\" content=\"darka mazi\" \/>\n<meta name=\"twitter:card\" content=\"summary_large_image\" \/>\n<meta name=\"twitter:image\" content=\"https:\/\/darkamazi.info\/file\/2019\/10\/aramco.jpg\" \/>\n<meta name=\"twitter:creator\" content=\"@DarkaMaziLatini\" \/>\n<meta name=\"twitter:site\" content=\"@DarkaMaziLatini\" \/>\n<meta name=\"twitter:label1\" content=\"Written by\" \/>\n\t<meta name=\"twitter:data1\" content=\"darka mazi\" \/>\n\t<meta name=\"twitter:label2\" content=\"Est. reading time\" \/>\n\t<meta name=\"twitter:data2\" content=\"1 minute\" \/>\n<script type=\"application\/ld+json\" class=\"seo-schema-graph\">{\"@context\":\"https:\\\/\\\/schema.org\",\"@graph\":[{\"@type\":\"Article\",\"@id\":\"https:\\\/\\\/darkamazi.info\\\/archives\\\/1008111#article\",\"isPartOf\":{\"@id\":\"https:\\\/\\\/darkamazi.info\\\/archives\\\/1008111\"},\"author\":{\"name\":\"darka mazi\",\"@id\":\"https:\\\/\\\/darkamazi.info\\\/#\\\/schema\\\/person\\\/5ad3e24553a0567993fa8ed4bd0a776c\"},\"headline\":\"Aramko \u00e7areser jibo \u015fandina berhema xwe dest p\u00ea kir\",\"datePublished\":\"2019-10-03T16:37:31+00:00\",\"dateModified\":\"2019-10-07T13:04:40+00:00\",\"mainEntityOfPage\":{\"@id\":\"https:\\\/\\\/darkamazi.info\\\/archives\\\/1008111\"},\"wordCount\":156,\"publisher\":{\"@id\":\"https:\\\/\\\/darkamazi.info\\\/#organization\"},\"image\":{\"@id\":\"https:\\\/\\\/darkamazi.info\\\/archives\\\/1008111#primaryimage\"},\"thumbnailUrl\":\"https:\\\/\\\/darkamazi.info\\\/darka-content\\\/uploads\\\/2019\\\/10\\\/aramco.jpg\",\"articleSection\":[\"Abur\u00ee\"],\"inLanguage\":\"en-US\"},{\"@type\":\"WebPage\",\"@id\":\"https:\\\/\\\/darkamazi.info\\\/archives\\\/1008111\",\"url\":\"https:\\\/\\\/darkamazi.info\\\/archives\\\/1008111\",\"name\":\"Aramko \u00e7areser jibo \u015fandina berhema xwe dest p\u00ea kir - Darka Maz\u00ee\",\"isPartOf\":{\"@id\":\"https:\\\/\\\/darkamazi.info\\\/#website\"},\"primaryImageOfPage\":{\"@id\":\"https:\\\/\\\/darkamazi.info\\\/archives\\\/1008111#primaryimage\"},\"image\":{\"@id\":\"https:\\\/\\\/darkamazi.info\\\/archives\\\/1008111#primaryimage\"},\"thumbnailUrl\":\"https:\\\/\\\/darkamazi.info\\\/darka-content\\\/uploads\\\/2019\\\/10\\\/aramco.jpg\",\"datePublished\":\"2019-10-03T16:37:31+00:00\",\"dateModified\":\"2019-10-07T13:04:40+00:00\",\"breadcrumb\":{\"@id\":\"https:\\\/\\\/darkamazi.info\\\/archives\\\/1008111#breadcrumb\"},\"inLanguage\":\"en-US\",\"potentialAction\":[{\"@type\":\"ReadAction\",\"target\":[\"https:\\\/\\\/darkamazi.info\\\/archives\\\/1008111\"]}]},{\"@type\":\"ImageObject\",\"inLanguage\":\"en-US\",\"@id\":\"https:\\\/\\\/darkamazi.info\\\/archives\\\/1008111#primaryimage\",\"url\":\"https:\\\/\\\/darkamazi.info\\\/darka-content\\\/uploads\\\/2019\\\/10\\\/aramco.jpg\",\"contentUrl\":\"https:\\\/\\\/darkamazi.info\\\/darka-content\\\/uploads\\\/2019\\\/10\\\/aramco.jpg\",\"width\":800,\"height\":550,\"caption\":\"Aramko \u00e7areser jibo \u015fandina berhema xwe dest p\u00ea kir\"},{\"@type\":\"BreadcrumbList\",\"@id\":\"https:\\\/\\\/darkamazi.info\\\/archives\\\/1008111#breadcrumb\",\"itemListElement\":[{\"@type\":\"ListItem\",\"position\":1,\"name\":\"Home\",\"item\":\"https:\\\/\\\/darkamazi.info\\\/\"},{\"@type\":\"ListItem\",\"position\":2,\"name\":\"Aramko \u00e7areser jibo \u015fandina berhema xwe dest p\u00ea kir\"}]},{\"@type\":\"WebSite\",\"@id\":\"https:\\\/\\\/darkamazi.info\\\/#website\",\"url\":\"https:\\\/\\\/darkamazi.info\\\/\",\"name\":\"Darka Maz\u00ee\",\"description\":\"P\u00eageha Zanyariy\u00ean Nebih\u00eest\u00ee\",\"publisher\":{\"@id\":\"https:\\\/\\\/darkamazi.info\\\/#organization\"},\"potentialAction\":[{\"@type\":\"SearchAction\",\"target\":{\"@type\":\"EntryPoint\",\"urlTemplate\":\"https:\\\/\\\/darkamazi.info\\\/?s={search_term_string}\"},\"query-input\":{\"@type\":\"PropertyValueSpecification\",\"valueRequired\":true,\"valueName\":\"search_term_string\"}}],\"inLanguage\":\"en-US\"},{\"@type\":\"Organization\",\"@id\":\"https:\\\/\\\/darkamazi.info\\\/#organization\",\"name\":\"Darka Maz\u00ee\",\"url\":\"https:\\\/\\\/darkamazi.info\\\/\",\"logo\":{\"@type\":\"ImageObject\",\"inLanguage\":\"en-US\",\"@id\":\"https:\\\/\\\/darkamazi.info\\\/#\\\/schema\\\/logo\\\/image\\\/\",\"url\":\"https:\\\/\\\/darkamazi.info\\\/darka-content\\\/uploads\\\/2017\\\/12\\\/darka-mazi-logo.png\",\"contentUrl\":\"https:\\\/\\\/darkamazi.info\\\/darka-content\\\/uploads\\\/2017\\\/12\\\/darka-mazi-logo.png\",\"width\":151,\"height\":75,\"caption\":\"Darka Maz\u00ee\"},\"image\":{\"@id\":\"https:\\\/\\\/darkamazi.info\\\/#\\\/schema\\\/logo\\\/image\\\/\"},\"sameAs\":[\"https:\\\/\\\/www.facebook.com\\\/DarMaziKurmanci\",\"https:\\\/\\\/x.com\\\/DarkaMaziLatini\",\"https:\\\/\\\/www.instagram.com\\\/darkamazi.kurmanci\\\/\",\"https:\\\/\\\/www.youtube.com\\\/channel\\\/UCa5HkTdmI8U1qCUFuTw8B2g\"]},{\"@type\":\"Person\",\"@id\":\"https:\\\/\\\/darkamazi.info\\\/#\\\/schema\\\/person\\\/5ad3e24553a0567993fa8ed4bd0a776c\",\"name\":\"darka mazi\",\"sameAs\":[\"https:\\\/\\\/darkamazi.info\\\/\"],\"url\":\"https:\\\/\\\/darkamazi.info\\\/archives\\\/author\\\/kurdi\"}]}<\/script>\n<!-- \/ Yoast SEO plugin. -->","seo_head_json":{"title":"Aramko \u00e7areser jibo \u015fandina berhema xwe dest p\u00ea kir - Darka Maz\u00ee","robots":{"index":"index","follow":"follow","max-snippet":"max-snippet:-1","max-image-preview":"max-image-preview:large","max-video-preview":"max-video-preview:-1"},"canonical":"https:\/\/darkamazi.info\/archives\/1008111","og_locale":"en_US","og_type":"article","og_title":"Aramko \u00e7areser jibo \u015fandina berhema xwe dest p\u00ea kir - Darka Maz\u00ee","og_description":"&#8216;Erebistana S\u2019\u00fbd\u00eey\u00ea ji \u00e7areser kirina westgeh\u00ean \u015firketa Aramko bi daw\u00ee b\u00fb \u00fb e\u015fkere kir ku berhema w\u00ea careke din asay\u00ee dibe. &#8216;Ebdul\u2019ez\u00eez Selman \u00ea wez\u00eer\u00ea enerj\u00eey\u00ea \u00ea S\u2019\u00fbd\u00eey\u00ea, \u00eero roja p\u00eanc \u015fem\u00ee 3\/10\/2019 li derbara berhema wilat\u00ea xwe daxuyan\u00ee da \u00fb got: saziy\u00ean \u015firketa Aramko hatine \u00e7areser kirin \u00fb asta berhema w\u00ea veger\u00ee p\u00ea\u015f\u00ee \u00ear\u00ee\u015fa [&hellip;]","og_url":"https:\/\/darkamazi.info\/archives\/1008111","og_site_name":"Darka Maz\u00ee","article_publisher":"https:\/\/www.facebook.com\/DarMaziKurmanci","article_published_time":"2019-10-03T16:37:31+00:00","article_modified_time":"2019-10-07T13:04:40+00:00","og_image":[{"width":800,"height":550,"url":"https:\/\/darkamazi.info\/file\/2019\/10\/aramco.jpg","type":"image\/jpeg"}],"author":"darka mazi","twitter_card":"summary_large_image","twitter_image":"https:\/\/darkamazi.info\/file\/2019\/10\/aramco.jpg","twitter_creator":"@DarkaMaziLatini","twitter_site":"@DarkaMaziLatini","twitter_misc":{"Written by":"darka mazi","Est. reading time":"1 minute"},"schema":{"@context":"https:\/\/schema.org","@graph":[{"@type":"Article","@id":"https:\/\/darkamazi.info\/archives\/1008111#article","isPartOf":{"@id":"https:\/\/darkamazi.info\/archives\/1008111"},"author":{"name":"darka mazi","@id":"https:\/\/darkamazi.info\/#\/schema\/person\/5ad3e24553a0567993fa8ed4bd0a776c"},"headline":"Aramko \u00e7areser jibo \u015fandina berhema xwe dest p\u00ea kir","datePublished":"2019-10-03T16:37:31+00:00","dateModified":"2019-10-07T13:04:40+00:00","mainEntityOfPage":{"@id":"https:\/\/darkamazi.info\/archives\/1008111"},"wordCount":156,"publisher":{"@id":"https:\/\/darkamazi.info\/#organization"},"image":{"@id":"https:\/\/darkamazi.info\/archives\/1008111#primaryimage"},"thumbnailUrl":"https:\/\/darkamazi.info\/file\/2019\/10\/aramco.jpg","articleSection":["Abur\u00ee"],"inLanguage":"en-US"},{"@type":"WebPage","@id":"https:\/\/darkamazi.info\/archives\/1008111","url":"https:\/\/darkamazi.info\/archives\/1008111","name":"Aramko \u00e7areser jibo \u015fandina berhema xwe dest p\u00ea kir - Darka Maz\u00ee","isPartOf":{"@id":"https:\/\/darkamazi.info\/#website"},"primaryImageOfPage":{"@id":"https:\/\/darkamazi.info\/archives\/1008111#primaryimage"},"image":{"@id":"https:\/\/darkamazi.info\/archives\/1008111#primaryimage"},"thumbnailUrl":"https:\/\/darkamazi.info\/file\/2019\/10\/aramco.jpg","datePublished":"2019-10-03T16:37:31+00:00","dateModified":"2019-10-07T13:04:40+00:00","breadcrumb":{"@id":"https:\/\/darkamazi.info\/archives\/1008111#breadcrumb"},"inLanguage":"en-US","potentialAction":[{"@type":"ReadAction","target":["https:\/\/darkamazi.info\/archives\/1008111"]}]},{"@type":"ImageObject","inLanguage":"en-US","@id":"https:\/\/darkamazi.info\/archives\/1008111#primaryimage","url":"https:\/\/darkamazi.info\/file\/2019\/10\/aramco.jpg","contentUrl":"https:\/\/darkamazi.info\/file\/2019\/10\/aramco.jpg","width":800,"height":550,"caption":"Aramko \u00e7areser jibo \u015fandina berhema xwe dest p\u00ea kir"},{"@type":"BreadcrumbList","@id":"https:\/\/darkamazi.info\/archives\/1008111#breadcrumb","itemListElement":[{"@type":"ListItem","position":1,"name":"Home","item":"https:\/\/darkamazi.info\/"},{"@type":"ListItem","position":2,"name":"Aramko \u00e7areser jibo \u015fandina berhema xwe dest p\u00ea kir"}]},{"@type":"WebSite","@id":"https:\/\/darkamazi.info\/#website","url":"https:\/\/darkamazi.info\/","name":"Darka Maz\u00ee","description":"P\u00eageha Zanyariy\u00ean Nebih\u00eest\u00ee","publisher":{"@id":"https:\/\/darkamazi.info\/#organization"},"potentialAction":[{"@type":"SearchAction","target":{"@type":"EntryPoint","urlTemplate":"https:\/\/darkamazi.info\/?s={search_term_string}"},"query-input":{"@type":"PropertyValueSpecification","valueRequired":true,"valueName":"search_term_string"}}],"inLanguage":"en-US"},{"@type":"Organization","@id":"https:\/\/darkamazi.info\/#organization","name":"Darka Maz\u00ee","url":"https:\/\/darkamazi.info\/","logo":{"@type":"ImageObject","inLanguage":"en-US","@id":"https:\/\/darkamazi.info\/#\/schema\/logo\/image\/","url":"https:\/\/darkamazi.info\/file\/2017\/12\/darka-mazi-logo.png","contentUrl":"https:\/\/darkamazi.info\/file\/2017\/12\/darka-mazi-logo.png","width":151,"height":75,"caption":"Darka Maz\u00ee"},"image":{"@id":"https:\/\/darkamazi.info\/#\/schema\/logo\/image\/"},"sameAs":["https:\/\/www.facebook.com\/DarMaziKurmanci","https:\/\/x.com\/DarkaMaziLatini","https:\/\/www.instagram.com\/darkamazi.kurmanci\/","https:\/\/www.youtube.com\/channel\/UCa5HkTdmI8U1qCUFuTw8B2g"]},{"@type":"Person","@id":"https:\/\/darkamazi.info\/#\/schema\/person\/5ad3e24553a0567993fa8ed4bd0a776c","name":"darka mazi","sameAs":["https:\/\/darkamazi.info\/"],"url":"https:\/\/darkamazi.info\/archives\/author\/kurdi"}]}},"_links":{"self":[{"href":"https:\/\/darkamazi.info\/funavuv\/wp\/v2\/posts\/1008111","targetHints":{"allow":["GET"]}}],"collection":[{"href":"https:\/\/darkamazi.info\/funavuv\/wp\/v2\/posts"}],"about":[{"href":"https:\/\/darkamazi.info\/funavuv\/wp\/v2\/types\/post"}],"author":[{"embeddable":true,"href":"https:\/\/darkamazi.info\/funavuv\/wp\/v2\/users\/2"}],"replies":[{"embeddable":true,"href":"https:\/\/darkamazi.info\/funavuv\/wp\/v2\/comments?post=1008111"}],"version-history":[{"count":0,"href":"https:\/\/darkamazi.info\/funavuv\/wp\/v2\/posts\/1008111\/revisions"}],"wp:featuredmedia":[{"embeddable":true,"href":"https:\/\/darkamazi.info\/funavuv\/wp\/v2\/media\/1008112"}],"wp:attachment":[{"href":"https:\/\/darkamazi.info\/funavuv\/wp\/v2\/media?parent=1008111"}],"wp:term":[{"taxonomy":"category","embeddable":true,"href":"https:\/\/darkamazi.info\/funavuv\/wp\/v2\/categories?post=1008111"},{"taxonomy":"post_tag","embeddable":true,"href":"https:\/\/darkamazi.info\/funavuv\/wp\/v2\/tags?post=1008111"}],"curies":[{"name":"wp","href":"https:\/\/api.w.org\/{rel}","templated":true}]}}