{"id":1008134,"date":"2019-10-05T16:22:01","date_gmt":"2019-10-05T13:22:01","guid":{"rendered":"https:\/\/darkamazi.info\/?p=1008134"},"modified":"2019-10-07T16:03:19","modified_gmt":"2019-10-07T13:03:19","slug":"pkke-zirareke-mezin-li-zape-u-garey-dit","status":"publish","type":"post","link":"https:\/\/darkamazi.info\/archives\/1008134","title":{"rendered":"PKK\u2019\u00ea zirareke mezin li Zap\u00ea \u00fb Garey d\u00eet"},"content":{"rendered":"<div class=\"wpb-content-wrapper\"><p>[darkamazi_row][darkamazi_column][darkamazi_column_text]<\/p>\n<h2><strong>Balefir\u00ean ceng\u00ee \u00ean Tirkiy\u00ea careke din \u00ear\u00ee\u015f\u00ea p\u00eageh\u00ean PKK\u2019\u00ea li her\u00eama ba\u015f\u00fbr\u00ea kurdistan\u00ea kir, her yek ji nav\u00e7ey\u00ean Zap\u00ea, ava\u015f\u00een \u00fb Gare mo\u015fek baran kirine.<\/strong><\/h2>\n<h3>Wezareta parastina netewe\u00ee a Tirkiy\u00ea \u00eero di beyaneke niv\u00eesk\u00ee de e\u015fkere kir, balefir\u00ean ceng\u00ee \u00ean supay\u00ea wilat\u00ea wan, \u00ear\u00ee\u015f\u00ean as\u00eeman\u00ee li dij\u00ee parta karker\u00ean kurdistan\u00ea kirine, her yek ji nav\u00e7ey\u00ean Zap\u00ea, ava\u015f\u00een \u00fb \u00e7\u00eeyay\u00ea Gare mo\u015fek baran kirin.<\/h3>\n<h3>Wezaret\u00ea her wiha e\u015fkere kir, ev \u00ear\u00ee\u015f bi al\u00eekarya saziya hewalg\u00eeriya dewlet\u00ea (M\u00eet)\u00ea hatye p\u00eakan\u00een, 17 \u00e7ekdar\u00ean PKK\u2019\u00ea hatine berteref kirin.<\/h3>\n<h3>Wezareta parastina netewey\u00ee a Tirkiy\u00ea di dawiya beyana xwe da dib\u00eaje: \u201cli gel zirar\u00ean PKK\u2019\u00ea \u00ean v\u00ea \u00ear\u00ee\u015f\u00ea, hejmara \u00e7ekdar\u00ean PKK\u2019\u00ea di heyama hefteyek\u00ea de b\u00fbne amanca balefir\u00ean ceng\u00ee, gihaye 51 \u00e7ekdaran.<\/h3>\n<p>[\/darkamazi_column_text][\/darkamazi_column][\/darkamazi_row][darkamazi_row][darkamazi_column][darkamazi_single_image image=&#8221;1008136&#8243; img_size=&#8221;large&#8221; alignment=&#8221;center&#8221;][\/darkamazi_column][\/darkamazi_row]<\/p>\n<\/div>","protected":false},"excerpt":{"rendered":"<p>[darkamazi_row][darkamazi_column][darkamazi_column_text] Balefir\u00ean ceng\u00ee \u00ean Tirkiy\u00ea careke din \u00ear\u00ee\u015f\u00ea p\u00eageh\u00ean PKK\u2019\u00ea li her\u00eama ba\u015f\u00fbr\u00ea kurdistan\u00ea kir, her yek ji nav\u00e7ey\u00ean Zap\u00ea, ava\u015f\u00een \u00fb Gare mo\u015fek baran kirine. Wezareta parastina netewe\u00ee a Tirkiy\u00ea \u00eero di beyaneke niv\u00eesk\u00ee de e\u015fkere kir, balefir\u00ean ceng\u00ee \u00ean supay\u00ea wilat\u00ea wan, \u00ear\u00ee\u015f\u00ean as\u00eeman\u00ee li dij\u00ee parta karker\u00ean kurdistan\u00ea kirine, her yek ji [&hellip;]<\/p>\n","protected":false},"author":2,"featured_media":1008135,"comment_status":"closed","ping_status":"closed","sticky":false,"template":"","format":"standard","meta":{"footnotes":""},"categories":[29],"tags":[37],"class_list":["post-1008134","post","type-post","status-publish","format-standard","has-post-thumbnail","hentry","category-kurdistan","tag-sereke"],"blocksy_meta":[],"seo_head":"<!-- This site is optimized with the Yoast SEO plugin v27.5 - https:\/\/yoast.com\/product\/yoast-seo-wordpress\/ -->\n<title>PKK\u2019\u00ea zirareke mezin li Zap\u00ea \u00fb Garey d\u00eet - Darka Maz\u00ee<\/title>\n<meta name=\"robots\" content=\"index, follow, max-snippet:-1, max-image-preview:large, max-video-preview:-1\" \/>\n<link rel=\"canonical\" href=\"https:\/\/darkamazi.info\/archives\/1008134\" \/>\n<meta property=\"og:locale\" content=\"en_US\" \/>\n<meta property=\"og:type\" content=\"article\" \/>\n<meta property=\"og:title\" content=\"PKK\u2019\u00ea zirareke mezin li Zap\u00ea \u00fb Garey d\u00eet - Darka Maz\u00ee\" \/>\n<meta property=\"og:description\" content=\"[darkamazi_row][darkamazi_column][darkamazi_column_text] Balefir\u00ean ceng\u00ee \u00ean Tirkiy\u00ea careke din \u00ear\u00ee\u015f\u00ea p\u00eageh\u00ean PKK\u2019\u00ea li her\u00eama ba\u015f\u00fbr\u00ea kurdistan\u00ea kir, her yek ji nav\u00e7ey\u00ean Zap\u00ea, ava\u015f\u00een \u00fb Gare mo\u015fek baran kirine. Wezareta parastina netewe\u00ee a Tirkiy\u00ea \u00eero di beyaneke niv\u00eesk\u00ee de e\u015fkere kir, balefir\u00ean ceng\u00ee \u00ean supay\u00ea wilat\u00ea wan, \u00ear\u00ee\u015f\u00ean as\u00eeman\u00ee li dij\u00ee parta karker\u00ean kurdistan\u00ea kirine, her yek ji [&hellip;]\" \/>\n<meta property=\"og:url\" content=\"https:\/\/darkamazi.info\/archives\/1008134\" \/>\n<meta property=\"og:site_name\" content=\"Darka Maz\u00ee\" \/>\n<meta property=\"article:publisher\" content=\"https:\/\/www.facebook.com\/DarMaziKurmanci\" \/>\n<meta property=\"article:published_time\" content=\"2019-10-05T13:22:01+00:00\" \/>\n<meta property=\"article:modified_time\" content=\"2019-10-07T13:03:19+00:00\" \/>\n<meta property=\"og:image\" content=\"https:\/\/darkamazi.info\/file\/2019\/10\/\u067e\u06d5\u06a9\u06d5\u06a9\u06d5-1.jpg\" \/>\n\t<meta property=\"og:image:width\" content=\"750\" \/>\n\t<meta property=\"og:image:height\" content=\"422\" \/>\n\t<meta property=\"og:image:type\" content=\"image\/jpeg\" \/>\n<meta name=\"author\" content=\"darka mazi\" \/>\n<meta name=\"twitter:card\" content=\"summary_large_image\" \/>\n<meta name=\"twitter:image\" content=\"https:\/\/darkamazi.info\/file\/2019\/10\/\u067e\u06d5\u06a9\u06d5\u06a9\u06d5-1.jpg\" \/>\n<meta name=\"twitter:creator\" content=\"@DarkaMaziLatini\" \/>\n<meta name=\"twitter:site\" content=\"@DarkaMaziLatini\" \/>\n<meta name=\"twitter:label1\" content=\"Written by\" \/>\n\t<meta name=\"twitter:data1\" content=\"darka mazi\" \/>\n\t<meta name=\"twitter:label2\" content=\"Est. reading time\" \/>\n\t<meta name=\"twitter:data2\" content=\"1 minute\" \/>\n<script type=\"application\/ld+json\" class=\"seo-schema-graph\">{\"@context\":\"https:\\\/\\\/schema.org\",\"@graph\":[{\"@type\":\"Article\",\"@id\":\"https:\\\/\\\/darkamazi.info\\\/archives\\\/1008134#article\",\"isPartOf\":{\"@id\":\"https:\\\/\\\/darkamazi.info\\\/archives\\\/1008134\"},\"author\":{\"name\":\"darka mazi\",\"@id\":\"https:\\\/\\\/darkamazi.info\\\/#\\\/schema\\\/person\\\/5ad3e24553a0567993fa8ed4bd0a776c\"},\"headline\":\"PKK\u2019\u00ea zirareke mezin li Zap\u00ea \u00fb Garey d\u00eet\",\"datePublished\":\"2019-10-05T13:22:01+00:00\",\"dateModified\":\"2019-10-07T13:03:19+00:00\",\"mainEntityOfPage\":{\"@id\":\"https:\\\/\\\/darkamazi.info\\\/archives\\\/1008134\"},\"wordCount\":182,\"publisher\":{\"@id\":\"https:\\\/\\\/darkamazi.info\\\/#organization\"},\"image\":{\"@id\":\"https:\\\/\\\/darkamazi.info\\\/archives\\\/1008134#primaryimage\"},\"thumbnailUrl\":\"https:\\\/\\\/darkamazi.info\\\/darka-content\\\/uploads\\\/2019\\\/10\\\/\u067e\u06d5\u06a9\u06d5\u06a9\u06d5-1.jpg\",\"keywords\":[\"sereke\"],\"articleSection\":[\"Kurdistan\"],\"inLanguage\":\"en-US\"},{\"@type\":\"WebPage\",\"@id\":\"https:\\\/\\\/darkamazi.info\\\/archives\\\/1008134\",\"url\":\"https:\\\/\\\/darkamazi.info\\\/archives\\\/1008134\",\"name\":\"PKK\u2019\u00ea zirareke mezin li Zap\u00ea \u00fb Garey d\u00eet - Darka Maz\u00ee\",\"isPartOf\":{\"@id\":\"https:\\\/\\\/darkamazi.info\\\/#website\"},\"primaryImageOfPage\":{\"@id\":\"https:\\\/\\\/darkamazi.info\\\/archives\\\/1008134#primaryimage\"},\"image\":{\"@id\":\"https:\\\/\\\/darkamazi.info\\\/archives\\\/1008134#primaryimage\"},\"thumbnailUrl\":\"https:\\\/\\\/darkamazi.info\\\/darka-content\\\/uploads\\\/2019\\\/10\\\/\u067e\u06d5\u06a9\u06d5\u06a9\u06d5-1.jpg\",\"datePublished\":\"2019-10-05T13:22:01+00:00\",\"dateModified\":\"2019-10-07T13:03:19+00:00\",\"breadcrumb\":{\"@id\":\"https:\\\/\\\/darkamazi.info\\\/archives\\\/1008134#breadcrumb\"},\"inLanguage\":\"en-US\",\"potentialAction\":[{\"@type\":\"ReadAction\",\"target\":[\"https:\\\/\\\/darkamazi.info\\\/archives\\\/1008134\"]}]},{\"@type\":\"ImageObject\",\"inLanguage\":\"en-US\",\"@id\":\"https:\\\/\\\/darkamazi.info\\\/archives\\\/1008134#primaryimage\",\"url\":\"https:\\\/\\\/darkamazi.info\\\/darka-content\\\/uploads\\\/2019\\\/10\\\/\u067e\u06d5\u06a9\u06d5\u06a9\u06d5-1.jpg\",\"contentUrl\":\"https:\\\/\\\/darkamazi.info\\\/darka-content\\\/uploads\\\/2019\\\/10\\\/\u067e\u06d5\u06a9\u06d5\u06a9\u06d5-1.jpg\",\"width\":750,\"height\":422,\"caption\":\"PKK\u2019\u00ea zirareke mezin li Zap\u00ea \u00fb Garey d\u00eet\"},{\"@type\":\"BreadcrumbList\",\"@id\":\"https:\\\/\\\/darkamazi.info\\\/archives\\\/1008134#breadcrumb\",\"itemListElement\":[{\"@type\":\"ListItem\",\"position\":1,\"name\":\"Home\",\"item\":\"https:\\\/\\\/darkamazi.info\\\/\"},{\"@type\":\"ListItem\",\"position\":2,\"name\":\"PKK\u2019\u00ea zirareke mezin li Zap\u00ea \u00fb Garey d\u00eet\"}]},{\"@type\":\"WebSite\",\"@id\":\"https:\\\/\\\/darkamazi.info\\\/#website\",\"url\":\"https:\\\/\\\/darkamazi.info\\\/\",\"name\":\"Darka Maz\u00ee\",\"description\":\"P\u00eageha Zanyariy\u00ean Nebih\u00eest\u00ee\",\"publisher\":{\"@id\":\"https:\\\/\\\/darkamazi.info\\\/#organization\"},\"potentialAction\":[{\"@type\":\"SearchAction\",\"target\":{\"@type\":\"EntryPoint\",\"urlTemplate\":\"https:\\\/\\\/darkamazi.info\\\/?s={search_term_string}\"},\"query-input\":{\"@type\":\"PropertyValueSpecification\",\"valueRequired\":true,\"valueName\":\"search_term_string\"}}],\"inLanguage\":\"en-US\"},{\"@type\":\"Organization\",\"@id\":\"https:\\\/\\\/darkamazi.info\\\/#organization\",\"name\":\"Darka Maz\u00ee\",\"url\":\"https:\\\/\\\/darkamazi.info\\\/\",\"logo\":{\"@type\":\"ImageObject\",\"inLanguage\":\"en-US\",\"@id\":\"https:\\\/\\\/darkamazi.info\\\/#\\\/schema\\\/logo\\\/image\\\/\",\"url\":\"https:\\\/\\\/darkamazi.info\\\/darka-content\\\/uploads\\\/2017\\\/12\\\/darka-mazi-logo.png\",\"contentUrl\":\"https:\\\/\\\/darkamazi.info\\\/darka-content\\\/uploads\\\/2017\\\/12\\\/darka-mazi-logo.png\",\"width\":151,\"height\":75,\"caption\":\"Darka Maz\u00ee\"},\"image\":{\"@id\":\"https:\\\/\\\/darkamazi.info\\\/#\\\/schema\\\/logo\\\/image\\\/\"},\"sameAs\":[\"https:\\\/\\\/www.facebook.com\\\/DarMaziKurmanci\",\"https:\\\/\\\/x.com\\\/DarkaMaziLatini\",\"https:\\\/\\\/www.instagram.com\\\/darkamazi.kurmanci\\\/\",\"https:\\\/\\\/www.youtube.com\\\/channel\\\/UCa5HkTdmI8U1qCUFuTw8B2g\"]},{\"@type\":\"Person\",\"@id\":\"https:\\\/\\\/darkamazi.info\\\/#\\\/schema\\\/person\\\/5ad3e24553a0567993fa8ed4bd0a776c\",\"name\":\"darka mazi\",\"sameAs\":[\"https:\\\/\\\/darkamazi.info\\\/\"],\"url\":\"https:\\\/\\\/darkamazi.info\\\/archives\\\/author\\\/kurdi\"}]}<\/script>\n<!-- \/ Yoast SEO plugin. -->","seo_head_json":{"title":"PKK\u2019\u00ea zirareke mezin li Zap\u00ea \u00fb Garey d\u00eet - Darka Maz\u00ee","robots":{"index":"index","follow":"follow","max-snippet":"max-snippet:-1","max-image-preview":"max-image-preview:large","max-video-preview":"max-video-preview:-1"},"canonical":"https:\/\/darkamazi.info\/archives\/1008134","og_locale":"en_US","og_type":"article","og_title":"PKK\u2019\u00ea zirareke mezin li Zap\u00ea \u00fb Garey d\u00eet - Darka Maz\u00ee","og_description":"[darkamazi_row][darkamazi_column][darkamazi_column_text] Balefir\u00ean ceng\u00ee \u00ean Tirkiy\u00ea careke din \u00ear\u00ee\u015f\u00ea p\u00eageh\u00ean PKK\u2019\u00ea li her\u00eama ba\u015f\u00fbr\u00ea kurdistan\u00ea kir, her yek ji nav\u00e7ey\u00ean Zap\u00ea, ava\u015f\u00een \u00fb Gare mo\u015fek baran kirine. Wezareta parastina netewe\u00ee a Tirkiy\u00ea \u00eero di beyaneke niv\u00eesk\u00ee de e\u015fkere kir, balefir\u00ean ceng\u00ee \u00ean supay\u00ea wilat\u00ea wan, \u00ear\u00ee\u015f\u00ean as\u00eeman\u00ee li dij\u00ee parta karker\u00ean kurdistan\u00ea kirine, her yek ji [&hellip;]","og_url":"https:\/\/darkamazi.info\/archives\/1008134","og_site_name":"Darka Maz\u00ee","article_publisher":"https:\/\/www.facebook.com\/DarMaziKurmanci","article_published_time":"2019-10-05T13:22:01+00:00","article_modified_time":"2019-10-07T13:03:19+00:00","og_image":[{"width":750,"height":422,"url":"https:\/\/darkamazi.info\/file\/2019\/10\/\u067e\u06d5\u06a9\u06d5\u06a9\u06d5-1.jpg","type":"image\/jpeg"}],"author":"darka mazi","twitter_card":"summary_large_image","twitter_image":"https:\/\/darkamazi.info\/file\/2019\/10\/\u067e\u06d5\u06a9\u06d5\u06a9\u06d5-1.jpg","twitter_creator":"@DarkaMaziLatini","twitter_site":"@DarkaMaziLatini","twitter_misc":{"Written by":"darka mazi","Est. reading time":"1 minute"},"schema":{"@context":"https:\/\/schema.org","@graph":[{"@type":"Article","@id":"https:\/\/darkamazi.info\/archives\/1008134#article","isPartOf":{"@id":"https:\/\/darkamazi.info\/archives\/1008134"},"author":{"name":"darka mazi","@id":"https:\/\/darkamazi.info\/#\/schema\/person\/5ad3e24553a0567993fa8ed4bd0a776c"},"headline":"PKK\u2019\u00ea zirareke mezin li Zap\u00ea \u00fb Garey d\u00eet","datePublished":"2019-10-05T13:22:01+00:00","dateModified":"2019-10-07T13:03:19+00:00","mainEntityOfPage":{"@id":"https:\/\/darkamazi.info\/archives\/1008134"},"wordCount":182,"publisher":{"@id":"https:\/\/darkamazi.info\/#organization"},"image":{"@id":"https:\/\/darkamazi.info\/archives\/1008134#primaryimage"},"thumbnailUrl":"https:\/\/darkamazi.info\/file\/2019\/10\/\u067e\u06d5\u06a9\u06d5\u06a9\u06d5-1.jpg","keywords":["sereke"],"articleSection":["Kurdistan"],"inLanguage":"en-US"},{"@type":"WebPage","@id":"https:\/\/darkamazi.info\/archives\/1008134","url":"https:\/\/darkamazi.info\/archives\/1008134","name":"PKK\u2019\u00ea zirareke mezin li Zap\u00ea \u00fb Garey d\u00eet - Darka Maz\u00ee","isPartOf":{"@id":"https:\/\/darkamazi.info\/#website"},"primaryImageOfPage":{"@id":"https:\/\/darkamazi.info\/archives\/1008134#primaryimage"},"image":{"@id":"https:\/\/darkamazi.info\/archives\/1008134#primaryimage"},"thumbnailUrl":"https:\/\/darkamazi.info\/file\/2019\/10\/\u067e\u06d5\u06a9\u06d5\u06a9\u06d5-1.jpg","datePublished":"2019-10-05T13:22:01+00:00","dateModified":"2019-10-07T13:03:19+00:00","breadcrumb":{"@id":"https:\/\/darkamazi.info\/archives\/1008134#breadcrumb"},"inLanguage":"en-US","potentialAction":[{"@type":"ReadAction","target":["https:\/\/darkamazi.info\/archives\/1008134"]}]},{"@type":"ImageObject","inLanguage":"en-US","@id":"https:\/\/darkamazi.info\/archives\/1008134#primaryimage","url":"https:\/\/darkamazi.info\/file\/2019\/10\/\u067e\u06d5\u06a9\u06d5\u06a9\u06d5-1.jpg","contentUrl":"https:\/\/darkamazi.info\/file\/2019\/10\/\u067e\u06d5\u06a9\u06d5\u06a9\u06d5-1.jpg","width":750,"height":422,"caption":"PKK\u2019\u00ea zirareke mezin li Zap\u00ea \u00fb Garey d\u00eet"},{"@type":"BreadcrumbList","@id":"https:\/\/darkamazi.info\/archives\/1008134#breadcrumb","itemListElement":[{"@type":"ListItem","position":1,"name":"Home","item":"https:\/\/darkamazi.info\/"},{"@type":"ListItem","position":2,"name":"PKK\u2019\u00ea zirareke mezin li Zap\u00ea \u00fb Garey d\u00eet"}]},{"@type":"WebSite","@id":"https:\/\/darkamazi.info\/#website","url":"https:\/\/darkamazi.info\/","name":"Darka Maz\u00ee","description":"P\u00eageha Zanyariy\u00ean Nebih\u00eest\u00ee","publisher":{"@id":"https:\/\/darkamazi.info\/#organization"},"potentialAction":[{"@type":"SearchAction","target":{"@type":"EntryPoint","urlTemplate":"https:\/\/darkamazi.info\/?s={search_term_string}"},"query-input":{"@type":"PropertyValueSpecification","valueRequired":true,"valueName":"search_term_string"}}],"inLanguage":"en-US"},{"@type":"Organization","@id":"https:\/\/darkamazi.info\/#organization","name":"Darka Maz\u00ee","url":"https:\/\/darkamazi.info\/","logo":{"@type":"ImageObject","inLanguage":"en-US","@id":"https:\/\/darkamazi.info\/#\/schema\/logo\/image\/","url":"https:\/\/darkamazi.info\/file\/2017\/12\/darka-mazi-logo.png","contentUrl":"https:\/\/darkamazi.info\/file\/2017\/12\/darka-mazi-logo.png","width":151,"height":75,"caption":"Darka Maz\u00ee"},"image":{"@id":"https:\/\/darkamazi.info\/#\/schema\/logo\/image\/"},"sameAs":["https:\/\/www.facebook.com\/DarMaziKurmanci","https:\/\/x.com\/DarkaMaziLatini","https:\/\/www.instagram.com\/darkamazi.kurmanci\/","https:\/\/www.youtube.com\/channel\/UCa5HkTdmI8U1qCUFuTw8B2g"]},{"@type":"Person","@id":"https:\/\/darkamazi.info\/#\/schema\/person\/5ad3e24553a0567993fa8ed4bd0a776c","name":"darka mazi","sameAs":["https:\/\/darkamazi.info\/"],"url":"https:\/\/darkamazi.info\/archives\/author\/kurdi"}]}},"_links":{"self":[{"href":"https:\/\/darkamazi.info\/funavuv\/wp\/v2\/posts\/1008134","targetHints":{"allow":["GET"]}}],"collection":[{"href":"https:\/\/darkamazi.info\/funavuv\/wp\/v2\/posts"}],"about":[{"href":"https:\/\/darkamazi.info\/funavuv\/wp\/v2\/types\/post"}],"author":[{"embeddable":true,"href":"https:\/\/darkamazi.info\/funavuv\/wp\/v2\/users\/2"}],"replies":[{"embeddable":true,"href":"https:\/\/darkamazi.info\/funavuv\/wp\/v2\/comments?post=1008134"}],"version-history":[{"count":0,"href":"https:\/\/darkamazi.info\/funavuv\/wp\/v2\/posts\/1008134\/revisions"}],"wp:featuredmedia":[{"embeddable":true,"href":"https:\/\/darkamazi.info\/funavuv\/wp\/v2\/media\/1008135"}],"wp:attachment":[{"href":"https:\/\/darkamazi.info\/funavuv\/wp\/v2\/media?parent=1008134"}],"wp:term":[{"taxonomy":"category","embeddable":true,"href":"https:\/\/darkamazi.info\/funavuv\/wp\/v2\/categories?post=1008134"},{"taxonomy":"post_tag","embeddable":true,"href":"https:\/\/darkamazi.info\/funavuv\/wp\/v2\/tags?post=1008134"}],"curies":[{"name":"wp","href":"https:\/\/api.w.org\/{rel}","templated":true}]}}