{"id":1008142,"date":"2019-10-05T17:44:55","date_gmt":"2019-10-05T14:44:55","guid":{"rendered":"https:\/\/darkamazi.info\/?p=1008142"},"modified":"2019-10-07T16:03:01","modified_gmt":"2019-10-07T13:03:01","slug":"cendirman-fermandareke-jin-a-pkke-li-dersime-kust","status":"publish","type":"post","link":"https:\/\/darkamazi.info\/archives\/1008142","title":{"rendered":"Cendirman fermandareke jin a PKK\u2019\u00ea li D\u00earsim\u00ea ku\u015ft"},"content":{"rendered":"<div class=\"wpb-content-wrapper\"><p>[darkamazi_row][darkamazi_column][darkamazi_column_text]<\/p>\n<h2><span style=\"color: #808080;\"><strong>Tirkiy\u00ea xelat jibo destn\u00ee\u015fan kirina c\u00eey\u00ea \u00c7\u00ee\u00e7ek Kaplan\u00ea \u00fb Dilge\u015f destn\u00ee\u015fan kirb\u00fb<\/strong><\/span><\/h2>\n<h3>Arte\u015fa Tirkiy\u00ea operasiyona bejay\u00ea li s\u00eenor\u00ea D\u00earsim\u00ea dij\u00ee parta karker\u00ean kurdistan\u00ea kir \u00fb hejmareke \u00e7ekdar\u00ean PKK\u2019\u00ea t\u00eade berteref kirin, l\u00ea bel\u00ea 2\u00a0 ji wan \u00e7ekdaran jibo Tirkiy\u00ea gelek gir\u00eeng b\u00fbn.<\/h3>\n<h3>Li gur beyaneke niv\u00eesk\u00ee a wezareta nav xwe a Tirkiy\u00ea, di operasiyona D\u00earsim\u00ea de ku \u00eero roja \u015fem\u00ee 5\/10\/2019 fermandariya Cendirman dij\u00ee PKK\u2019\u00ea kirb\u00fb, 2 \u00e7ekdar\u00ean PKK\u2019\u00ea \u00ean di l\u00eesta sor \u00fb gewir a daxwaz kiry\u00ean dewlet\u00ea de, hatine ku\u015ftin.<\/h3>\n<h3>Her yek ji (Aytin \u00cane) ku di l\u00eesta sor deye, her wiha (Mehd\u00ee Kaplan) di l\u00eesta gewr deye, ew 2 \u00e7ekdar\u00ean PKK\u2019\u00ea ne ku li D\u00earsim\u00ea hat\u00eene ku\u015ftin, wezareta nav xwe a Tirkiy\u00ea d\u00eemen\u00ean wan j\u00ee we\u015fandine.<\/h3>\n<h3>Her wiha e\u015fkere kir, operasiyona b\u00fbye sedema ku\u015ftina (Kaplan \u00fb \u00cane) bi al\u00eekarya saziya hewalg\u00eeriya dewlet\u00ea (M\u00eet)\u00ea hatb\u00fb p\u00eakan\u00een.<\/h3>\n<h3>Pi\u015ftre \u00fb dema lekol\u00een hatye kirin, e\u015fkere b\u00fb ku \u00e7ekdar\u00ean hatye berteref kirin bi nav\u00ea (Aytin \u00cane) ku nav\u00ea w\u00ea \u00ea nih\u00ean\u00ee (\u00c7\u00ee\u00e7ek Kurtalan) \u00fb berpirsa meydan\u00ee a D\u00earsim\u00ea b\u00fb \u00fb nav\u00ea w\u00ea li cem Tirkiy\u00ea di l\u00eesta sor deye \u00fb 4 milyon L\u00eere weke xelata e\u015fkere kirina c\u00eey\u00ea w\u00ea hatb\u00fbn destn\u00ee\u015fan kirin.<\/h3>\n<h3>Her wiha \u00e7ekdar\u00ea duyem\u00een bi nav\u00ea (Mehd\u00ee Kaplan) \u00fb nav\u00ea nih\u00ean\u00ee (Dilge\u015f) b\u00fb, di l\u00eesta gewr de b\u00fb \u00fb 300 hizar L\u00eere jibo e\u015fkere kirina c\u00eey\u00ea w\u00ee hatb\u00fb destn\u00ee\u015fan kirin.<\/h3>\n<p>[\/darkamazi_column_text][\/darkamazi_column][\/darkamazi_row][darkamazi_row][darkamazi_column][darkamazi_single_image image=&#8221;1008144&#8243; img_size=&#8221;large&#8221; alignment=&#8221;center&#8221;][\/darkamazi_column][\/darkamazi_row]<\/p>\n<\/div>","protected":false},"excerpt":{"rendered":"<p>[darkamazi_row][darkamazi_column][darkamazi_column_text] Tirkiy\u00ea xelat jibo destn\u00ee\u015fan kirina c\u00eey\u00ea \u00c7\u00ee\u00e7ek Kaplan\u00ea \u00fb Dilge\u015f destn\u00ee\u015fan kirb\u00fb Arte\u015fa Tirkiy\u00ea operasiyona bejay\u00ea li s\u00eenor\u00ea D\u00earsim\u00ea dij\u00ee parta karker\u00ean kurdistan\u00ea kir \u00fb hejmareke \u00e7ekdar\u00ean PKK\u2019\u00ea t\u00eade berteref kirin, l\u00ea bel\u00ea 2\u00a0 ji wan \u00e7ekdaran jibo Tirkiy\u00ea gelek gir\u00eeng b\u00fbn. Li gur beyaneke niv\u00eesk\u00ee a wezareta nav xwe a Tirkiy\u00ea, di operasiyona [&hellip;]<\/p>\n","protected":false},"author":2,"featured_media":1008143,"comment_status":"closed","ping_status":"closed","sticky":false,"template":"","format":"standard","meta":{"footnotes":""},"categories":[29],"tags":[37],"class_list":["post-1008142","post","type-post","status-publish","format-standard","has-post-thumbnail","hentry","category-kurdistan","tag-sereke"],"blocksy_meta":[],"seo_head":"<!-- This site is optimized with the Yoast SEO plugin v27.5 - https:\/\/yoast.com\/product\/yoast-seo-wordpress\/ -->\n<title>Cendirman fermandareke jin a PKK\u2019\u00ea li D\u00earsim\u00ea ku\u015ft - Darka Maz\u00ee<\/title>\n<meta name=\"robots\" content=\"index, follow, max-snippet:-1, max-image-preview:large, max-video-preview:-1\" \/>\n<link rel=\"canonical\" href=\"https:\/\/darkamazi.info\/archives\/1008142\" \/>\n<meta property=\"og:locale\" content=\"en_US\" \/>\n<meta property=\"og:type\" content=\"article\" \/>\n<meta property=\"og:title\" content=\"Cendirman fermandareke jin a PKK\u2019\u00ea li D\u00earsim\u00ea ku\u015ft - Darka Maz\u00ee\" \/>\n<meta property=\"og:description\" content=\"[darkamazi_row][darkamazi_column][darkamazi_column_text] Tirkiy\u00ea xelat jibo destn\u00ee\u015fan kirina c\u00eey\u00ea \u00c7\u00ee\u00e7ek Kaplan\u00ea \u00fb Dilge\u015f destn\u00ee\u015fan kirb\u00fb Arte\u015fa Tirkiy\u00ea operasiyona bejay\u00ea li s\u00eenor\u00ea D\u00earsim\u00ea dij\u00ee parta karker\u00ean kurdistan\u00ea kir \u00fb hejmareke \u00e7ekdar\u00ean PKK\u2019\u00ea t\u00eade berteref kirin, l\u00ea bel\u00ea 2\u00a0 ji wan \u00e7ekdaran jibo Tirkiy\u00ea gelek gir\u00eeng b\u00fbn. Li gur beyaneke niv\u00eesk\u00ee a wezareta nav xwe a Tirkiy\u00ea, di operasiyona [&hellip;]\" \/>\n<meta property=\"og:url\" content=\"https:\/\/darkamazi.info\/archives\/1008142\" \/>\n<meta property=\"og:site_name\" content=\"Darka Maz\u00ee\" \/>\n<meta property=\"article:publisher\" content=\"https:\/\/www.facebook.com\/DarMaziKurmanci\" \/>\n<meta property=\"article:published_time\" content=\"2019-10-05T14:44:55+00:00\" \/>\n<meta property=\"article:modified_time\" content=\"2019-10-07T13:03:01+00:00\" \/>\n<meta property=\"og:image\" content=\"https:\/\/darkamazi.info\/file\/2019\/10\/PKK-d.jpg\" \/>\n\t<meta property=\"og:image:width\" content=\"726\" \/>\n\t<meta property=\"og:image:height\" content=\"960\" \/>\n\t<meta property=\"og:image:type\" content=\"image\/jpeg\" \/>\n<meta name=\"author\" content=\"darka mazi\" \/>\n<meta name=\"twitter:card\" content=\"summary_large_image\" \/>\n<meta name=\"twitter:image\" content=\"https:\/\/darkamazi.info\/file\/2019\/10\/PKK-d.jpg\" \/>\n<meta name=\"twitter:creator\" content=\"@DarkaMaziLatini\" \/>\n<meta name=\"twitter:site\" content=\"@DarkaMaziLatini\" \/>\n<meta name=\"twitter:label1\" content=\"Written by\" \/>\n\t<meta name=\"twitter:data1\" content=\"darka mazi\" \/>\n\t<meta name=\"twitter:label2\" content=\"Est. reading time\" \/>\n\t<meta name=\"twitter:data2\" content=\"1 minute\" \/>\n<script type=\"application\/ld+json\" class=\"seo-schema-graph\">{\"@context\":\"https:\\\/\\\/schema.org\",\"@graph\":[{\"@type\":\"Article\",\"@id\":\"https:\\\/\\\/darkamazi.info\\\/archives\\\/1008142#article\",\"isPartOf\":{\"@id\":\"https:\\\/\\\/darkamazi.info\\\/archives\\\/1008142\"},\"author\":{\"name\":\"darka mazi\",\"@id\":\"https:\\\/\\\/darkamazi.info\\\/#\\\/schema\\\/person\\\/5ad3e24553a0567993fa8ed4bd0a776c\"},\"headline\":\"Cendirman fermandareke jin a PKK\u2019\u00ea li D\u00earsim\u00ea ku\u015ft\",\"datePublished\":\"2019-10-05T14:44:55+00:00\",\"dateModified\":\"2019-10-07T13:03:01+00:00\",\"mainEntityOfPage\":{\"@id\":\"https:\\\/\\\/darkamazi.info\\\/archives\\\/1008142\"},\"wordCount\":298,\"publisher\":{\"@id\":\"https:\\\/\\\/darkamazi.info\\\/#organization\"},\"image\":{\"@id\":\"https:\\\/\\\/darkamazi.info\\\/archives\\\/1008142#primaryimage\"},\"thumbnailUrl\":\"https:\\\/\\\/darkamazi.info\\\/darka-content\\\/uploads\\\/2019\\\/10\\\/PKK-d.jpg\",\"keywords\":[\"sereke\"],\"articleSection\":[\"Kurdistan\"],\"inLanguage\":\"en-US\"},{\"@type\":\"WebPage\",\"@id\":\"https:\\\/\\\/darkamazi.info\\\/archives\\\/1008142\",\"url\":\"https:\\\/\\\/darkamazi.info\\\/archives\\\/1008142\",\"name\":\"Cendirman fermandareke jin a PKK\u2019\u00ea li D\u00earsim\u00ea ku\u015ft - Darka Maz\u00ee\",\"isPartOf\":{\"@id\":\"https:\\\/\\\/darkamazi.info\\\/#website\"},\"primaryImageOfPage\":{\"@id\":\"https:\\\/\\\/darkamazi.info\\\/archives\\\/1008142#primaryimage\"},\"image\":{\"@id\":\"https:\\\/\\\/darkamazi.info\\\/archives\\\/1008142#primaryimage\"},\"thumbnailUrl\":\"https:\\\/\\\/darkamazi.info\\\/darka-content\\\/uploads\\\/2019\\\/10\\\/PKK-d.jpg\",\"datePublished\":\"2019-10-05T14:44:55+00:00\",\"dateModified\":\"2019-10-07T13:03:01+00:00\",\"breadcrumb\":{\"@id\":\"https:\\\/\\\/darkamazi.info\\\/archives\\\/1008142#breadcrumb\"},\"inLanguage\":\"en-US\",\"potentialAction\":[{\"@type\":\"ReadAction\",\"target\":[\"https:\\\/\\\/darkamazi.info\\\/archives\\\/1008142\"]}]},{\"@type\":\"ImageObject\",\"inLanguage\":\"en-US\",\"@id\":\"https:\\\/\\\/darkamazi.info\\\/archives\\\/1008142#primaryimage\",\"url\":\"https:\\\/\\\/darkamazi.info\\\/darka-content\\\/uploads\\\/2019\\\/10\\\/PKK-d.jpg\",\"contentUrl\":\"https:\\\/\\\/darkamazi.info\\\/darka-content\\\/uploads\\\/2019\\\/10\\\/PKK-d.jpg\",\"width\":726,\"height\":960,\"caption\":\"Cendirman fermandareke jin a PKK\u2019\u00ea li D\u00earsim\u00ea ku\u015ft\"},{\"@type\":\"BreadcrumbList\",\"@id\":\"https:\\\/\\\/darkamazi.info\\\/archives\\\/1008142#breadcrumb\",\"itemListElement\":[{\"@type\":\"ListItem\",\"position\":1,\"name\":\"Home\",\"item\":\"https:\\\/\\\/darkamazi.info\\\/\"},{\"@type\":\"ListItem\",\"position\":2,\"name\":\"Cendirman fermandareke jin a PKK\u2019\u00ea li D\u00earsim\u00ea ku\u015ft\"}]},{\"@type\":\"WebSite\",\"@id\":\"https:\\\/\\\/darkamazi.info\\\/#website\",\"url\":\"https:\\\/\\\/darkamazi.info\\\/\",\"name\":\"Darka Maz\u00ee\",\"description\":\"P\u00eageha Zanyariy\u00ean Nebih\u00eest\u00ee\",\"publisher\":{\"@id\":\"https:\\\/\\\/darkamazi.info\\\/#organization\"},\"potentialAction\":[{\"@type\":\"SearchAction\",\"target\":{\"@type\":\"EntryPoint\",\"urlTemplate\":\"https:\\\/\\\/darkamazi.info\\\/?s={search_term_string}\"},\"query-input\":{\"@type\":\"PropertyValueSpecification\",\"valueRequired\":true,\"valueName\":\"search_term_string\"}}],\"inLanguage\":\"en-US\"},{\"@type\":\"Organization\",\"@id\":\"https:\\\/\\\/darkamazi.info\\\/#organization\",\"name\":\"Darka Maz\u00ee\",\"url\":\"https:\\\/\\\/darkamazi.info\\\/\",\"logo\":{\"@type\":\"ImageObject\",\"inLanguage\":\"en-US\",\"@id\":\"https:\\\/\\\/darkamazi.info\\\/#\\\/schema\\\/logo\\\/image\\\/\",\"url\":\"https:\\\/\\\/darkamazi.info\\\/darka-content\\\/uploads\\\/2017\\\/12\\\/darka-mazi-logo.png\",\"contentUrl\":\"https:\\\/\\\/darkamazi.info\\\/darka-content\\\/uploads\\\/2017\\\/12\\\/darka-mazi-logo.png\",\"width\":151,\"height\":75,\"caption\":\"Darka Maz\u00ee\"},\"image\":{\"@id\":\"https:\\\/\\\/darkamazi.info\\\/#\\\/schema\\\/logo\\\/image\\\/\"},\"sameAs\":[\"https:\\\/\\\/www.facebook.com\\\/DarMaziKurmanci\",\"https:\\\/\\\/x.com\\\/DarkaMaziLatini\",\"https:\\\/\\\/www.instagram.com\\\/darkamazi.kurmanci\\\/\",\"https:\\\/\\\/www.youtube.com\\\/channel\\\/UCa5HkTdmI8U1qCUFuTw8B2g\"]},{\"@type\":\"Person\",\"@id\":\"https:\\\/\\\/darkamazi.info\\\/#\\\/schema\\\/person\\\/5ad3e24553a0567993fa8ed4bd0a776c\",\"name\":\"darka mazi\",\"sameAs\":[\"https:\\\/\\\/darkamazi.info\\\/\"],\"url\":\"https:\\\/\\\/darkamazi.info\\\/archives\\\/author\\\/kurdi\"}]}<\/script>\n<!-- \/ Yoast SEO plugin. -->","seo_head_json":{"title":"Cendirman fermandareke jin a PKK\u2019\u00ea li D\u00earsim\u00ea ku\u015ft - Darka Maz\u00ee","robots":{"index":"index","follow":"follow","max-snippet":"max-snippet:-1","max-image-preview":"max-image-preview:large","max-video-preview":"max-video-preview:-1"},"canonical":"https:\/\/darkamazi.info\/archives\/1008142","og_locale":"en_US","og_type":"article","og_title":"Cendirman fermandareke jin a PKK\u2019\u00ea li D\u00earsim\u00ea ku\u015ft - Darka Maz\u00ee","og_description":"[darkamazi_row][darkamazi_column][darkamazi_column_text] Tirkiy\u00ea xelat jibo destn\u00ee\u015fan kirina c\u00eey\u00ea \u00c7\u00ee\u00e7ek Kaplan\u00ea \u00fb Dilge\u015f destn\u00ee\u015fan kirb\u00fb Arte\u015fa Tirkiy\u00ea operasiyona bejay\u00ea li s\u00eenor\u00ea D\u00earsim\u00ea dij\u00ee parta karker\u00ean kurdistan\u00ea kir \u00fb hejmareke \u00e7ekdar\u00ean PKK\u2019\u00ea t\u00eade berteref kirin, l\u00ea bel\u00ea 2\u00a0 ji wan \u00e7ekdaran jibo Tirkiy\u00ea gelek gir\u00eeng b\u00fbn. Li gur beyaneke niv\u00eesk\u00ee a wezareta nav xwe a Tirkiy\u00ea, di operasiyona [&hellip;]","og_url":"https:\/\/darkamazi.info\/archives\/1008142","og_site_name":"Darka Maz\u00ee","article_publisher":"https:\/\/www.facebook.com\/DarMaziKurmanci","article_published_time":"2019-10-05T14:44:55+00:00","article_modified_time":"2019-10-07T13:03:01+00:00","og_image":[{"width":726,"height":960,"url":"https:\/\/darkamazi.info\/file\/2019\/10\/PKK-d.jpg","type":"image\/jpeg"}],"author":"darka mazi","twitter_card":"summary_large_image","twitter_image":"https:\/\/darkamazi.info\/file\/2019\/10\/PKK-d.jpg","twitter_creator":"@DarkaMaziLatini","twitter_site":"@DarkaMaziLatini","twitter_misc":{"Written by":"darka mazi","Est. reading time":"1 minute"},"schema":{"@context":"https:\/\/schema.org","@graph":[{"@type":"Article","@id":"https:\/\/darkamazi.info\/archives\/1008142#article","isPartOf":{"@id":"https:\/\/darkamazi.info\/archives\/1008142"},"author":{"name":"darka mazi","@id":"https:\/\/darkamazi.info\/#\/schema\/person\/5ad3e24553a0567993fa8ed4bd0a776c"},"headline":"Cendirman fermandareke jin a PKK\u2019\u00ea li D\u00earsim\u00ea ku\u015ft","datePublished":"2019-10-05T14:44:55+00:00","dateModified":"2019-10-07T13:03:01+00:00","mainEntityOfPage":{"@id":"https:\/\/darkamazi.info\/archives\/1008142"},"wordCount":298,"publisher":{"@id":"https:\/\/darkamazi.info\/#organization"},"image":{"@id":"https:\/\/darkamazi.info\/archives\/1008142#primaryimage"},"thumbnailUrl":"https:\/\/darkamazi.info\/file\/2019\/10\/PKK-d.jpg","keywords":["sereke"],"articleSection":["Kurdistan"],"inLanguage":"en-US"},{"@type":"WebPage","@id":"https:\/\/darkamazi.info\/archives\/1008142","url":"https:\/\/darkamazi.info\/archives\/1008142","name":"Cendirman fermandareke jin a PKK\u2019\u00ea li D\u00earsim\u00ea ku\u015ft - Darka Maz\u00ee","isPartOf":{"@id":"https:\/\/darkamazi.info\/#website"},"primaryImageOfPage":{"@id":"https:\/\/darkamazi.info\/archives\/1008142#primaryimage"},"image":{"@id":"https:\/\/darkamazi.info\/archives\/1008142#primaryimage"},"thumbnailUrl":"https:\/\/darkamazi.info\/file\/2019\/10\/PKK-d.jpg","datePublished":"2019-10-05T14:44:55+00:00","dateModified":"2019-10-07T13:03:01+00:00","breadcrumb":{"@id":"https:\/\/darkamazi.info\/archives\/1008142#breadcrumb"},"inLanguage":"en-US","potentialAction":[{"@type":"ReadAction","target":["https:\/\/darkamazi.info\/archives\/1008142"]}]},{"@type":"ImageObject","inLanguage":"en-US","@id":"https:\/\/darkamazi.info\/archives\/1008142#primaryimage","url":"https:\/\/darkamazi.info\/file\/2019\/10\/PKK-d.jpg","contentUrl":"https:\/\/darkamazi.info\/file\/2019\/10\/PKK-d.jpg","width":726,"height":960,"caption":"Cendirman fermandareke jin a PKK\u2019\u00ea li D\u00earsim\u00ea ku\u015ft"},{"@type":"BreadcrumbList","@id":"https:\/\/darkamazi.info\/archives\/1008142#breadcrumb","itemListElement":[{"@type":"ListItem","position":1,"name":"Home","item":"https:\/\/darkamazi.info\/"},{"@type":"ListItem","position":2,"name":"Cendirman fermandareke jin a PKK\u2019\u00ea li D\u00earsim\u00ea ku\u015ft"}]},{"@type":"WebSite","@id":"https:\/\/darkamazi.info\/#website","url":"https:\/\/darkamazi.info\/","name":"Darka Maz\u00ee","description":"P\u00eageha Zanyariy\u00ean Nebih\u00eest\u00ee","publisher":{"@id":"https:\/\/darkamazi.info\/#organization"},"potentialAction":[{"@type":"SearchAction","target":{"@type":"EntryPoint","urlTemplate":"https:\/\/darkamazi.info\/?s={search_term_string}"},"query-input":{"@type":"PropertyValueSpecification","valueRequired":true,"valueName":"search_term_string"}}],"inLanguage":"en-US"},{"@type":"Organization","@id":"https:\/\/darkamazi.info\/#organization","name":"Darka Maz\u00ee","url":"https:\/\/darkamazi.info\/","logo":{"@type":"ImageObject","inLanguage":"en-US","@id":"https:\/\/darkamazi.info\/#\/schema\/logo\/image\/","url":"https:\/\/darkamazi.info\/file\/2017\/12\/darka-mazi-logo.png","contentUrl":"https:\/\/darkamazi.info\/file\/2017\/12\/darka-mazi-logo.png","width":151,"height":75,"caption":"Darka Maz\u00ee"},"image":{"@id":"https:\/\/darkamazi.info\/#\/schema\/logo\/image\/"},"sameAs":["https:\/\/www.facebook.com\/DarMaziKurmanci","https:\/\/x.com\/DarkaMaziLatini","https:\/\/www.instagram.com\/darkamazi.kurmanci\/","https:\/\/www.youtube.com\/channel\/UCa5HkTdmI8U1qCUFuTw8B2g"]},{"@type":"Person","@id":"https:\/\/darkamazi.info\/#\/schema\/person\/5ad3e24553a0567993fa8ed4bd0a776c","name":"darka mazi","sameAs":["https:\/\/darkamazi.info\/"],"url":"https:\/\/darkamazi.info\/archives\/author\/kurdi"}]}},"_links":{"self":[{"href":"https:\/\/darkamazi.info\/funavuv\/wp\/v2\/posts\/1008142","targetHints":{"allow":["GET"]}}],"collection":[{"href":"https:\/\/darkamazi.info\/funavuv\/wp\/v2\/posts"}],"about":[{"href":"https:\/\/darkamazi.info\/funavuv\/wp\/v2\/types\/post"}],"author":[{"embeddable":true,"href":"https:\/\/darkamazi.info\/funavuv\/wp\/v2\/users\/2"}],"replies":[{"embeddable":true,"href":"https:\/\/darkamazi.info\/funavuv\/wp\/v2\/comments?post=1008142"}],"version-history":[{"count":0,"href":"https:\/\/darkamazi.info\/funavuv\/wp\/v2\/posts\/1008142\/revisions"}],"wp:featuredmedia":[{"embeddable":true,"href":"https:\/\/darkamazi.info\/funavuv\/wp\/v2\/media\/1008143"}],"wp:attachment":[{"href":"https:\/\/darkamazi.info\/funavuv\/wp\/v2\/media?parent=1008142"}],"wp:term":[{"taxonomy":"category","embeddable":true,"href":"https:\/\/darkamazi.info\/funavuv\/wp\/v2\/categories?post=1008142"},{"taxonomy":"post_tag","embeddable":true,"href":"https:\/\/darkamazi.info\/funavuv\/wp\/v2\/tags?post=1008142"}],"curies":[{"name":"wp","href":"https:\/\/api.w.org\/{rel}","templated":true}]}}