{"id":1008147,"date":"2019-10-05T17:55:09","date_gmt":"2019-10-05T14:55:09","guid":{"rendered":"https:\/\/darkamazi.info\/?p=1008147"},"modified":"2019-10-07T15:58:22","modified_gmt":"2019-10-07T12:58:22","slug":"li-sirenxe-14-gumanbaren-pkke-ten-girtin","status":"publish","type":"post","link":"https:\/\/darkamazi.info\/archives\/1008147","title":{"rendered":"Li \u015eirenx\u00ea 14 gumanbar\u00ean PKK\u2019\u00ea t\u00ean girtin"},"content":{"rendered":"<h2><strong>\u00cero 14 gumanbar\u00ean parta karker\u00ean kurdistan\u00ea PKK\u2019\u00ea li navenda bajar\u00ea \u015eirenx\u00ea y\u00ea bak\u00fbr\u00ea kurdistan\u00ea ketin dest h\u00eaz\u00ean ewlehiy\u00ea.<\/strong><\/h2>\n<h3>Medya Tirkiy\u00ea ji hinek \u00e7avkaniy\u00ean ewlehiy\u00ea \u00ean par\u00eazgeha \u015eirenx\u00ea veguhastine, \u00eero roja \u015fem\u00ee t\u00eem\u00ean asay\u00ee\u015f\u00ea \u00fb dije teror\u00ea operasiyon li navenda bajar kirin, wan 14 gumanbar\u00ean PKK\u2019\u00ea bin\u00e7avkirin.<\/h3>\n<h3>Par\u00eazgeh\u00eeya \u015eirenx\u00ea e\u015fkere kiriye, wan gumanbar\u00ean ku hat\u00eene bin\u00e7avkirin, pirobaginde jibo parta karker\u00ean kurdistan\u00ea li tor\u00ean civak\u00ee kirine, ew jibo lekol\u00een \u00fb l\u00eapris\u00een\u00ea jibo navenda asay\u00ee\u015fa \u015eirenx\u00ea hatin veguhastin.<\/h3>\n<h3>\u00c7avkaniyan e\u015fkere kirine ku di operasiyona bin\u00e7av kirin\u00ea de, tifeng \u00fb \u00e7ek\u00ean sivik \u00fb \u00e7apemen\u00ee \u00ean qedexe kir\u00ee, dest bi serda hate girtin.<\/h3>\n","protected":false},"excerpt":{"rendered":"<p>\u00cero 14 gumanbar\u00ean parta karker\u00ean kurdistan\u00ea PKK\u2019\u00ea li navenda bajar\u00ea \u015eirenx\u00ea y\u00ea bak\u00fbr\u00ea kurdistan\u00ea ketin dest h\u00eaz\u00ean ewlehiy\u00ea. Medya Tirkiy\u00ea ji hinek \u00e7avkaniy\u00ean ewlehiy\u00ea \u00ean par\u00eazgeha \u015eirenx\u00ea veguhastine, \u00eero roja \u015fem\u00ee t\u00eem\u00ean asay\u00ee\u015f\u00ea \u00fb dije teror\u00ea operasiyon li navenda bajar kirin, wan 14 gumanbar\u00ean PKK\u2019\u00ea bin\u00e7avkirin. Par\u00eazgeh\u00eeya \u015eirenx\u00ea e\u015fkere kiriye, wan gumanbar\u00ean ku hat\u00eene bin\u00e7avkirin, [&hellip;]<\/p>\n","protected":false},"author":2,"featured_media":1008148,"comment_status":"closed","ping_status":"closed","sticky":false,"template":"","format":"standard","meta":{"footnotes":""},"categories":[29],"tags":[37],"class_list":["post-1008147","post","type-post","status-publish","format-standard","has-post-thumbnail","hentry","category-kurdistan","tag-sereke"],"blocksy_meta":[],"seo_head":"<!-- This site is optimized with the Yoast SEO plugin v27.5 - https:\/\/yoast.com\/product\/yoast-seo-wordpress\/ -->\n<title>Li \u015eirenx\u00ea 14 gumanbar\u00ean PKK\u2019\u00ea t\u00ean girtin - Darka Maz\u00ee<\/title>\n<meta name=\"robots\" content=\"index, follow, max-snippet:-1, max-image-preview:large, max-video-preview:-1\" \/>\n<link rel=\"canonical\" href=\"https:\/\/darkamazi.info\/archives\/1008147\" \/>\n<meta property=\"og:locale\" content=\"en_US\" \/>\n<meta property=\"og:type\" content=\"article\" \/>\n<meta property=\"og:title\" content=\"Li \u015eirenx\u00ea 14 gumanbar\u00ean PKK\u2019\u00ea t\u00ean girtin - Darka Maz\u00ee\" \/>\n<meta property=\"og:description\" content=\"\u00cero 14 gumanbar\u00ean parta karker\u00ean kurdistan\u00ea PKK\u2019\u00ea li navenda bajar\u00ea \u015eirenx\u00ea y\u00ea bak\u00fbr\u00ea kurdistan\u00ea ketin dest h\u00eaz\u00ean ewlehiy\u00ea. Medya Tirkiy\u00ea ji hinek \u00e7avkaniy\u00ean ewlehiy\u00ea \u00ean par\u00eazgeha \u015eirenx\u00ea veguhastine, \u00eero roja \u015fem\u00ee t\u00eem\u00ean asay\u00ee\u015f\u00ea \u00fb dije teror\u00ea operasiyon li navenda bajar kirin, wan 14 gumanbar\u00ean PKK\u2019\u00ea bin\u00e7avkirin. Par\u00eazgeh\u00eeya \u015eirenx\u00ea e\u015fkere kiriye, wan gumanbar\u00ean ku hat\u00eene bin\u00e7avkirin, [&hellip;]\" \/>\n<meta property=\"og:url\" content=\"https:\/\/darkamazi.info\/archives\/1008147\" \/>\n<meta property=\"og:site_name\" content=\"Darka Maz\u00ee\" \/>\n<meta property=\"article:publisher\" content=\"https:\/\/www.facebook.com\/DarMaziKurmanci\" \/>\n<meta property=\"article:published_time\" content=\"2019-10-05T14:55:09+00:00\" \/>\n<meta property=\"article:modified_time\" content=\"2019-10-07T12:58:22+00:00\" \/>\n<meta property=\"og:image\" content=\"https:\/\/darkamazi.info\/file\/2019\/10\/\u0634\u0631\u0646\u06d5\u062e.jpg\" \/>\n\t<meta property=\"og:image:width\" content=\"1024\" \/>\n\t<meta property=\"og:image:height\" content=\"576\" \/>\n\t<meta property=\"og:image:type\" content=\"image\/jpeg\" \/>\n<meta name=\"author\" content=\"darka mazi\" \/>\n<meta name=\"twitter:card\" content=\"summary_large_image\" \/>\n<meta name=\"twitter:image\" content=\"https:\/\/darkamazi.info\/file\/2019\/10\/\u0634\u0631\u0646\u06d5\u062e.jpg\" \/>\n<meta name=\"twitter:creator\" content=\"@DarkaMaziLatini\" \/>\n<meta name=\"twitter:site\" content=\"@DarkaMaziLatini\" \/>\n<meta name=\"twitter:label1\" content=\"Written by\" \/>\n\t<meta name=\"twitter:data1\" content=\"darka mazi\" \/>\n\t<meta name=\"twitter:label2\" content=\"Est. reading time\" \/>\n\t<meta name=\"twitter:data2\" content=\"1 minute\" \/>\n<script type=\"application\/ld+json\" class=\"seo-schema-graph\">{\"@context\":\"https:\\\/\\\/schema.org\",\"@graph\":[{\"@type\":\"Article\",\"@id\":\"https:\\\/\\\/darkamazi.info\\\/archives\\\/1008147#article\",\"isPartOf\":{\"@id\":\"https:\\\/\\\/darkamazi.info\\\/archives\\\/1008147\"},\"author\":{\"name\":\"darka mazi\",\"@id\":\"https:\\\/\\\/darkamazi.info\\\/#\\\/schema\\\/person\\\/5ad3e24553a0567993fa8ed4bd0a776c\"},\"headline\":\"Li \u015eirenx\u00ea 14 gumanbar\u00ean PKK\u2019\u00ea t\u00ean girtin\",\"datePublished\":\"2019-10-05T14:55:09+00:00\",\"dateModified\":\"2019-10-07T12:58:22+00:00\",\"mainEntityOfPage\":{\"@id\":\"https:\\\/\\\/darkamazi.info\\\/archives\\\/1008147\"},\"wordCount\":126,\"publisher\":{\"@id\":\"https:\\\/\\\/darkamazi.info\\\/#organization\"},\"image\":{\"@id\":\"https:\\\/\\\/darkamazi.info\\\/archives\\\/1008147#primaryimage\"},\"thumbnailUrl\":\"https:\\\/\\\/darkamazi.info\\\/darka-content\\\/uploads\\\/2019\\\/10\\\/\u0634\u0631\u0646\u06d5\u062e.jpg\",\"keywords\":[\"sereke\"],\"articleSection\":[\"Kurdistan\"],\"inLanguage\":\"en-US\"},{\"@type\":\"WebPage\",\"@id\":\"https:\\\/\\\/darkamazi.info\\\/archives\\\/1008147\",\"url\":\"https:\\\/\\\/darkamazi.info\\\/archives\\\/1008147\",\"name\":\"Li \u015eirenx\u00ea 14 gumanbar\u00ean PKK\u2019\u00ea t\u00ean girtin - Darka Maz\u00ee\",\"isPartOf\":{\"@id\":\"https:\\\/\\\/darkamazi.info\\\/#website\"},\"primaryImageOfPage\":{\"@id\":\"https:\\\/\\\/darkamazi.info\\\/archives\\\/1008147#primaryimage\"},\"image\":{\"@id\":\"https:\\\/\\\/darkamazi.info\\\/archives\\\/1008147#primaryimage\"},\"thumbnailUrl\":\"https:\\\/\\\/darkamazi.info\\\/darka-content\\\/uploads\\\/2019\\\/10\\\/\u0634\u0631\u0646\u06d5\u062e.jpg\",\"datePublished\":\"2019-10-05T14:55:09+00:00\",\"dateModified\":\"2019-10-07T12:58:22+00:00\",\"breadcrumb\":{\"@id\":\"https:\\\/\\\/darkamazi.info\\\/archives\\\/1008147#breadcrumb\"},\"inLanguage\":\"en-US\",\"potentialAction\":[{\"@type\":\"ReadAction\",\"target\":[\"https:\\\/\\\/darkamazi.info\\\/archives\\\/1008147\"]}]},{\"@type\":\"ImageObject\",\"inLanguage\":\"en-US\",\"@id\":\"https:\\\/\\\/darkamazi.info\\\/archives\\\/1008147#primaryimage\",\"url\":\"https:\\\/\\\/darkamazi.info\\\/darka-content\\\/uploads\\\/2019\\\/10\\\/\u0634\u0631\u0646\u06d5\u062e.jpg\",\"contentUrl\":\"https:\\\/\\\/darkamazi.info\\\/darka-content\\\/uploads\\\/2019\\\/10\\\/\u0634\u0631\u0646\u06d5\u062e.jpg\",\"width\":1024,\"height\":576,\"caption\":\"Li \u015eirenx\u00ea 14 gumanbar\u00ean PKK\u2019\u00ea t\u00ean girtin\"},{\"@type\":\"BreadcrumbList\",\"@id\":\"https:\\\/\\\/darkamazi.info\\\/archives\\\/1008147#breadcrumb\",\"itemListElement\":[{\"@type\":\"ListItem\",\"position\":1,\"name\":\"Home\",\"item\":\"https:\\\/\\\/darkamazi.info\\\/\"},{\"@type\":\"ListItem\",\"position\":2,\"name\":\"Li \u015eirenx\u00ea 14 gumanbar\u00ean PKK\u2019\u00ea t\u00ean girtin\"}]},{\"@type\":\"WebSite\",\"@id\":\"https:\\\/\\\/darkamazi.info\\\/#website\",\"url\":\"https:\\\/\\\/darkamazi.info\\\/\",\"name\":\"Darka Maz\u00ee\",\"description\":\"P\u00eageha Zanyariy\u00ean Nebih\u00eest\u00ee\",\"publisher\":{\"@id\":\"https:\\\/\\\/darkamazi.info\\\/#organization\"},\"potentialAction\":[{\"@type\":\"SearchAction\",\"target\":{\"@type\":\"EntryPoint\",\"urlTemplate\":\"https:\\\/\\\/darkamazi.info\\\/?s={search_term_string}\"},\"query-input\":{\"@type\":\"PropertyValueSpecification\",\"valueRequired\":true,\"valueName\":\"search_term_string\"}}],\"inLanguage\":\"en-US\"},{\"@type\":\"Organization\",\"@id\":\"https:\\\/\\\/darkamazi.info\\\/#organization\",\"name\":\"Darka Maz\u00ee\",\"url\":\"https:\\\/\\\/darkamazi.info\\\/\",\"logo\":{\"@type\":\"ImageObject\",\"inLanguage\":\"en-US\",\"@id\":\"https:\\\/\\\/darkamazi.info\\\/#\\\/schema\\\/logo\\\/image\\\/\",\"url\":\"https:\\\/\\\/darkamazi.info\\\/darka-content\\\/uploads\\\/2017\\\/12\\\/darka-mazi-logo.png\",\"contentUrl\":\"https:\\\/\\\/darkamazi.info\\\/darka-content\\\/uploads\\\/2017\\\/12\\\/darka-mazi-logo.png\",\"width\":151,\"height\":75,\"caption\":\"Darka Maz\u00ee\"},\"image\":{\"@id\":\"https:\\\/\\\/darkamazi.info\\\/#\\\/schema\\\/logo\\\/image\\\/\"},\"sameAs\":[\"https:\\\/\\\/www.facebook.com\\\/DarMaziKurmanci\",\"https:\\\/\\\/x.com\\\/DarkaMaziLatini\",\"https:\\\/\\\/www.instagram.com\\\/darkamazi.kurmanci\\\/\",\"https:\\\/\\\/www.youtube.com\\\/channel\\\/UCa5HkTdmI8U1qCUFuTw8B2g\"]},{\"@type\":\"Person\",\"@id\":\"https:\\\/\\\/darkamazi.info\\\/#\\\/schema\\\/person\\\/5ad3e24553a0567993fa8ed4bd0a776c\",\"name\":\"darka mazi\",\"sameAs\":[\"https:\\\/\\\/darkamazi.info\\\/\"],\"url\":\"https:\\\/\\\/darkamazi.info\\\/archives\\\/author\\\/kurdi\"}]}<\/script>\n<!-- \/ Yoast SEO plugin. -->","seo_head_json":{"title":"Li \u015eirenx\u00ea 14 gumanbar\u00ean PKK\u2019\u00ea t\u00ean girtin - Darka Maz\u00ee","robots":{"index":"index","follow":"follow","max-snippet":"max-snippet:-1","max-image-preview":"max-image-preview:large","max-video-preview":"max-video-preview:-1"},"canonical":"https:\/\/darkamazi.info\/archives\/1008147","og_locale":"en_US","og_type":"article","og_title":"Li \u015eirenx\u00ea 14 gumanbar\u00ean PKK\u2019\u00ea t\u00ean girtin - Darka Maz\u00ee","og_description":"\u00cero 14 gumanbar\u00ean parta karker\u00ean kurdistan\u00ea PKK\u2019\u00ea li navenda bajar\u00ea \u015eirenx\u00ea y\u00ea bak\u00fbr\u00ea kurdistan\u00ea ketin dest h\u00eaz\u00ean ewlehiy\u00ea. Medya Tirkiy\u00ea ji hinek \u00e7avkaniy\u00ean ewlehiy\u00ea \u00ean par\u00eazgeha \u015eirenx\u00ea veguhastine, \u00eero roja \u015fem\u00ee t\u00eem\u00ean asay\u00ee\u015f\u00ea \u00fb dije teror\u00ea operasiyon li navenda bajar kirin, wan 14 gumanbar\u00ean PKK\u2019\u00ea bin\u00e7avkirin. Par\u00eazgeh\u00eeya \u015eirenx\u00ea e\u015fkere kiriye, wan gumanbar\u00ean ku hat\u00eene bin\u00e7avkirin, [&hellip;]","og_url":"https:\/\/darkamazi.info\/archives\/1008147","og_site_name":"Darka Maz\u00ee","article_publisher":"https:\/\/www.facebook.com\/DarMaziKurmanci","article_published_time":"2019-10-05T14:55:09+00:00","article_modified_time":"2019-10-07T12:58:22+00:00","og_image":[{"width":1024,"height":576,"url":"https:\/\/darkamazi.info\/file\/2019\/10\/\u0634\u0631\u0646\u06d5\u062e.jpg","type":"image\/jpeg"}],"author":"darka mazi","twitter_card":"summary_large_image","twitter_image":"https:\/\/darkamazi.info\/file\/2019\/10\/\u0634\u0631\u0646\u06d5\u062e.jpg","twitter_creator":"@DarkaMaziLatini","twitter_site":"@DarkaMaziLatini","twitter_misc":{"Written by":"darka mazi","Est. reading time":"1 minute"},"schema":{"@context":"https:\/\/schema.org","@graph":[{"@type":"Article","@id":"https:\/\/darkamazi.info\/archives\/1008147#article","isPartOf":{"@id":"https:\/\/darkamazi.info\/archives\/1008147"},"author":{"name":"darka mazi","@id":"https:\/\/darkamazi.info\/#\/schema\/person\/5ad3e24553a0567993fa8ed4bd0a776c"},"headline":"Li \u015eirenx\u00ea 14 gumanbar\u00ean PKK\u2019\u00ea t\u00ean girtin","datePublished":"2019-10-05T14:55:09+00:00","dateModified":"2019-10-07T12:58:22+00:00","mainEntityOfPage":{"@id":"https:\/\/darkamazi.info\/archives\/1008147"},"wordCount":126,"publisher":{"@id":"https:\/\/darkamazi.info\/#organization"},"image":{"@id":"https:\/\/darkamazi.info\/archives\/1008147#primaryimage"},"thumbnailUrl":"https:\/\/darkamazi.info\/file\/2019\/10\/\u0634\u0631\u0646\u06d5\u062e.jpg","keywords":["sereke"],"articleSection":["Kurdistan"],"inLanguage":"en-US"},{"@type":"WebPage","@id":"https:\/\/darkamazi.info\/archives\/1008147","url":"https:\/\/darkamazi.info\/archives\/1008147","name":"Li \u015eirenx\u00ea 14 gumanbar\u00ean PKK\u2019\u00ea t\u00ean girtin - Darka Maz\u00ee","isPartOf":{"@id":"https:\/\/darkamazi.info\/#website"},"primaryImageOfPage":{"@id":"https:\/\/darkamazi.info\/archives\/1008147#primaryimage"},"image":{"@id":"https:\/\/darkamazi.info\/archives\/1008147#primaryimage"},"thumbnailUrl":"https:\/\/darkamazi.info\/file\/2019\/10\/\u0634\u0631\u0646\u06d5\u062e.jpg","datePublished":"2019-10-05T14:55:09+00:00","dateModified":"2019-10-07T12:58:22+00:00","breadcrumb":{"@id":"https:\/\/darkamazi.info\/archives\/1008147#breadcrumb"},"inLanguage":"en-US","potentialAction":[{"@type":"ReadAction","target":["https:\/\/darkamazi.info\/archives\/1008147"]}]},{"@type":"ImageObject","inLanguage":"en-US","@id":"https:\/\/darkamazi.info\/archives\/1008147#primaryimage","url":"https:\/\/darkamazi.info\/file\/2019\/10\/\u0634\u0631\u0646\u06d5\u062e.jpg","contentUrl":"https:\/\/darkamazi.info\/file\/2019\/10\/\u0634\u0631\u0646\u06d5\u062e.jpg","width":1024,"height":576,"caption":"Li \u015eirenx\u00ea 14 gumanbar\u00ean PKK\u2019\u00ea t\u00ean girtin"},{"@type":"BreadcrumbList","@id":"https:\/\/darkamazi.info\/archives\/1008147#breadcrumb","itemListElement":[{"@type":"ListItem","position":1,"name":"Home","item":"https:\/\/darkamazi.info\/"},{"@type":"ListItem","position":2,"name":"Li \u015eirenx\u00ea 14 gumanbar\u00ean PKK\u2019\u00ea t\u00ean girtin"}]},{"@type":"WebSite","@id":"https:\/\/darkamazi.info\/#website","url":"https:\/\/darkamazi.info\/","name":"Darka Maz\u00ee","description":"P\u00eageha Zanyariy\u00ean Nebih\u00eest\u00ee","publisher":{"@id":"https:\/\/darkamazi.info\/#organization"},"potentialAction":[{"@type":"SearchAction","target":{"@type":"EntryPoint","urlTemplate":"https:\/\/darkamazi.info\/?s={search_term_string}"},"query-input":{"@type":"PropertyValueSpecification","valueRequired":true,"valueName":"search_term_string"}}],"inLanguage":"en-US"},{"@type":"Organization","@id":"https:\/\/darkamazi.info\/#organization","name":"Darka Maz\u00ee","url":"https:\/\/darkamazi.info\/","logo":{"@type":"ImageObject","inLanguage":"en-US","@id":"https:\/\/darkamazi.info\/#\/schema\/logo\/image\/","url":"https:\/\/darkamazi.info\/file\/2017\/12\/darka-mazi-logo.png","contentUrl":"https:\/\/darkamazi.info\/file\/2017\/12\/darka-mazi-logo.png","width":151,"height":75,"caption":"Darka Maz\u00ee"},"image":{"@id":"https:\/\/darkamazi.info\/#\/schema\/logo\/image\/"},"sameAs":["https:\/\/www.facebook.com\/DarMaziKurmanci","https:\/\/x.com\/DarkaMaziLatini","https:\/\/www.instagram.com\/darkamazi.kurmanci\/","https:\/\/www.youtube.com\/channel\/UCa5HkTdmI8U1qCUFuTw8B2g"]},{"@type":"Person","@id":"https:\/\/darkamazi.info\/#\/schema\/person\/5ad3e24553a0567993fa8ed4bd0a776c","name":"darka mazi","sameAs":["https:\/\/darkamazi.info\/"],"url":"https:\/\/darkamazi.info\/archives\/author\/kurdi"}]}},"_links":{"self":[{"href":"https:\/\/darkamazi.info\/funavuv\/wp\/v2\/posts\/1008147","targetHints":{"allow":["GET"]}}],"collection":[{"href":"https:\/\/darkamazi.info\/funavuv\/wp\/v2\/posts"}],"about":[{"href":"https:\/\/darkamazi.info\/funavuv\/wp\/v2\/types\/post"}],"author":[{"embeddable":true,"href":"https:\/\/darkamazi.info\/funavuv\/wp\/v2\/users\/2"}],"replies":[{"embeddable":true,"href":"https:\/\/darkamazi.info\/funavuv\/wp\/v2\/comments?post=1008147"}],"version-history":[{"count":0,"href":"https:\/\/darkamazi.info\/funavuv\/wp\/v2\/posts\/1008147\/revisions"}],"wp:featuredmedia":[{"embeddable":true,"href":"https:\/\/darkamazi.info\/funavuv\/wp\/v2\/media\/1008148"}],"wp:attachment":[{"href":"https:\/\/darkamazi.info\/funavuv\/wp\/v2\/media?parent=1008147"}],"wp:term":[{"taxonomy":"category","embeddable":true,"href":"https:\/\/darkamazi.info\/funavuv\/wp\/v2\/categories?post=1008147"},{"taxonomy":"post_tag","embeddable":true,"href":"https:\/\/darkamazi.info\/funavuv\/wp\/v2\/tags?post=1008147"}],"curies":[{"name":"wp","href":"https:\/\/api.w.org\/{rel}","templated":true}]}}