{"id":1008254,"date":"2019-10-06T20:31:26","date_gmt":"2019-10-06T17:31:26","guid":{"rendered":"https:\/\/darkamazi.info\/?p=1008254"},"modified":"2019-10-07T15:54:27","modified_gmt":"2019-10-07T12:54:27","slug":"emerika-denge-xwe-kir-iraq-we-li-25-oktobere-bibe-agir","status":"publish","type":"post","link":"https:\/\/darkamazi.info\/archives\/1008254","title":{"rendered":"Emer\u00eeka deng\u00ea xwe kir, Iraq w\u00ea li 25 Oktober\u00ea bibe agir"},"content":{"rendered":"<h2><span style=\"color: #808080;\"><strong>Hik\u00fbmeta federal w\u00ea hilwe\u015f\u00eet \u00fb r\u00eaxistin\u00ean tekf\u00eer\u00ee w\u00ea serhildin<\/strong><\/span><\/h2>\n<h3>P\u00eageheke her\u00ee diyar \u00ea Emer\u00eek\u00ee, xwen\u00ee\u015fandan\u00ean Iraq\u00ea \u015firove kirine \u00fb wiha niv\u00eesand\u00eeye: \u201cXwen\u00ee\u015fandan w\u00ea bibe sedema ladana hik\u00fbmeta federal, ev yek w\u00ea her \u00e7\u00eabibe, \u00eero be yan sibe, DA&#8217;\u00ce\u015e \u00fb r\u00eaxistin\u00ean tekf\u00eer\u00ee w\u00ea car din derkevin, Xwen\u00ee\u015fandan w\u00ea li 25 Oktober\u00ea gelek berifreh bin\u201d.<\/h3>\n<h3>Navenda Sitratfor a l\u00eakol\u00een\u00ean sitrat\u00eec\u00ee a Emer\u00eek\u00ee \u00eero we\u015fanek di derbara xwen\u00ee\u015fandan\u00ean Iraq\u00ea y\u00ean roj\u00ean derbas b\u00fby de we\u015fandiye \u00fb dib\u00eaje: \u201cegera dijwar b\u00fbna xwen\u00ee\u015fandanan di wexteka her\u00ee k\u00eam de, jibo wan azaran vedgere ku gel\u00ea Iraq\u00ea bi dir\u00eajahiya salan hene, ger bi w\u00ee away\u00ea dewam kirin, w\u00ea bibin sedema hilwe\u015fana hik\u00fbmet\u00ea\u201d.<\/h3>\n<h2><strong>Ev gir\u00eengtir\u00een xal\u00ean w\u00ea \u015f\u00eerov\u00ea ne ku hinek ji wan pir xeterin:<\/strong><\/h2>\n<ul>\n<li>Ger Xwen\u00ee\u015fandan asta dijwar xwen\u00ee\u015fandanan z\u00eade b\u00fb, hik\u00fbmet w\u00ea were hilwe\u015fandin.<\/li>\n<li>Soz\u00ean &#8216;Ebdulmehd\u00ee \u00e7i bandoreka xwe ne b\u00fb.<\/li>\n<li>Jiberku xwen\u00ee\u015fandanan \u00e7i serkirde n\u00eenne, ne h\u00easane ji aliy\u00ea hik\u00fbmet\u00ea ve were kontrol kirin.<\/li>\n<li>E\u015fkere b\u00fbye ku s&#8217;\u00fbd\u00ee di so\u015fyal medyay\u00ea de pi\u015ftgir\u00ee jibo xwen\u00ee\u015fandanan kiriye.<\/li>\n<li>Bernameya &#8216;Ebdulmehd\u00ee jibo aram kirina rew\u015f\u00ea ragihand\u00ee, nay\u00ea bic\u00ee kirin, jiberku aliy\u00ean \u015f\u00ee&#8217;e nakok\u00ee li ser away\u00ea bic\u00ee kirin\u00ea hene.<\/li>\n<li>P\u00ea\u015fb\u00een\u00ee t\u00ea kirin hik\u00fbmeta &#8216;Ebdulmehd\u00ee dest ji kar bik\u015f\u00eene, \u00eero ne sibe w\u00ea ev yek \u00e7\u00eabibe.<\/li>\n<li>Xwen\u00ee\u015fandana her\u00ee mezn w\u00ea li 25 Oktober\u00ea were kirin ku ew jivan dibe salvegera yekem\u00een a dest bi kar b\u00fbna &#8216;Ebdulmehd\u00ee.<\/li>\n<li>Pi\u015ft\u00ee 25 Oktober\u00ea saziy\u00ean Emer\u00eek\u00ee li Iraq\u00ea w\u00ea bine amanca hinek m\u00eel\u00ee\u015fya y\u00ean gir\u00eaday\u00ee \u00eeran\u00ee, taybet \u015firket\u00ean petrol\u00ea.<\/li>\n<li>DA&#8217;\u00ce\u015e \u00fb r\u00eaxistin\u00ean c\u00eehad\u00ee w\u00ea car din serhildin, ji ber ku h\u00eaz\u00ean ewlehiy\u00ea w\u00ea mij\u00fbl\u00ee kontrol kirina xwen\u00ee\u015fandanan bin.<\/li>\n<li>He\u015fda \u015eE&#8217;B\u00ce \u00e7i roleke w\u00ea di kontrol kirina xwen\u00ee\u015fandan\u00ea de nabe, jiberku ew temam gir\u00eaday\u00ee \u00ceran\u00ea ye \u00fb dixwaze rew\u015fa Iraq\u00ea agir\u00een be.<\/li>\n<\/ul>\n","protected":false},"excerpt":{"rendered":"<p>Hik\u00fbmeta federal w\u00ea hilwe\u015f\u00eet \u00fb r\u00eaxistin\u00ean tekf\u00eer\u00ee w\u00ea serhildin P\u00eageheke her\u00ee diyar \u00ea Emer\u00eek\u00ee, xwen\u00ee\u015fandan\u00ean Iraq\u00ea \u015firove kirine \u00fb wiha niv\u00eesand\u00eeye: \u201cXwen\u00ee\u015fandan w\u00ea bibe sedema ladana hik\u00fbmeta federal, ev yek w\u00ea her \u00e7\u00eabibe, \u00eero be yan sibe, DA&#8217;\u00ce\u015e \u00fb r\u00eaxistin\u00ean tekf\u00eer\u00ee w\u00ea car din derkevin, Xwen\u00ee\u015fandan w\u00ea li 25 Oktober\u00ea gelek berifreh bin\u201d. Navenda Sitratfor [&hellip;]<\/p>\n","protected":false},"author":2,"featured_media":1008255,"comment_status":"closed","ping_status":"closed","sticky":false,"template":"","format":"standard","meta":{"footnotes":""},"categories":[31],"tags":[37],"class_list":["post-1008254","post","type-post","status-publish","format-standard","has-post-thumbnail","hentry","category-rojhelata-navin","tag-sereke"],"blocksy_meta":[],"seo_head":"<!-- This site is optimized with the Yoast SEO plugin v27.5 - https:\/\/yoast.com\/product\/yoast-seo-wordpress\/ -->\n<title>Emer\u00eeka deng\u00ea xwe kir, Iraq w\u00ea li 25 Oktober\u00ea bibe agir - Darka Maz\u00ee<\/title>\n<meta name=\"robots\" content=\"index, follow, max-snippet:-1, max-image-preview:large, max-video-preview:-1\" \/>\n<link rel=\"canonical\" href=\"https:\/\/darkamazi.info\/archives\/1008254\" \/>\n<meta property=\"og:locale\" content=\"en_US\" \/>\n<meta property=\"og:type\" content=\"article\" \/>\n<meta property=\"og:title\" content=\"Emer\u00eeka deng\u00ea xwe kir, Iraq w\u00ea li 25 Oktober\u00ea bibe agir - Darka Maz\u00ee\" \/>\n<meta property=\"og:description\" content=\"Hik\u00fbmeta federal w\u00ea hilwe\u015f\u00eet \u00fb r\u00eaxistin\u00ean tekf\u00eer\u00ee w\u00ea serhildin P\u00eageheke her\u00ee diyar \u00ea Emer\u00eek\u00ee, xwen\u00ee\u015fandan\u00ean Iraq\u00ea \u015firove kirine \u00fb wiha niv\u00eesand\u00eeye: \u201cXwen\u00ee\u015fandan w\u00ea bibe sedema ladana hik\u00fbmeta federal, ev yek w\u00ea her \u00e7\u00eabibe, \u00eero be yan sibe, DA&#8217;\u00ce\u015e \u00fb r\u00eaxistin\u00ean tekf\u00eer\u00ee w\u00ea car din derkevin, Xwen\u00ee\u015fandan w\u00ea li 25 Oktober\u00ea gelek berifreh bin\u201d. Navenda Sitratfor [&hellip;]\" \/>\n<meta property=\"og:url\" content=\"https:\/\/darkamazi.info\/archives\/1008254\" \/>\n<meta property=\"og:site_name\" content=\"Darka Maz\u00ee\" \/>\n<meta property=\"article:publisher\" content=\"https:\/\/www.facebook.com\/DarMaziKurmanci\" \/>\n<meta property=\"article:published_time\" content=\"2019-10-06T17:31:26+00:00\" \/>\n<meta property=\"article:modified_time\" content=\"2019-10-07T12:54:27+00:00\" \/>\n<meta property=\"og:image\" content=\"https:\/\/darkamazi.info\/file\/2019\/10\/Iraq-1.jpeg\" \/>\n\t<meta property=\"og:image:width\" content=\"700\" \/>\n\t<meta property=\"og:image:height\" content=\"400\" \/>\n\t<meta property=\"og:image:type\" content=\"image\/jpeg\" \/>\n<meta name=\"author\" content=\"darka mazi\" \/>\n<meta name=\"twitter:card\" content=\"summary_large_image\" \/>\n<meta name=\"twitter:creator\" content=\"@DarkaMaziLatini\" \/>\n<meta name=\"twitter:site\" content=\"@DarkaMaziLatini\" \/>\n<meta name=\"twitter:label1\" content=\"Written by\" \/>\n\t<meta name=\"twitter:data1\" content=\"darka mazi\" \/>\n\t<meta name=\"twitter:label2\" content=\"Est. reading time\" \/>\n\t<meta name=\"twitter:data2\" content=\"2 minutes\" \/>\n<script type=\"application\/ld+json\" class=\"seo-schema-graph\">{\"@context\":\"https:\\\/\\\/schema.org\",\"@graph\":[{\"@type\":\"Article\",\"@id\":\"https:\\\/\\\/darkamazi.info\\\/archives\\\/1008254#article\",\"isPartOf\":{\"@id\":\"https:\\\/\\\/darkamazi.info\\\/archives\\\/1008254\"},\"author\":{\"name\":\"darka mazi\",\"@id\":\"https:\\\/\\\/darkamazi.info\\\/#\\\/schema\\\/person\\\/5ad3e24553a0567993fa8ed4bd0a776c\"},\"headline\":\"Emer\u00eeka deng\u00ea xwe kir, Iraq w\u00ea li 25 Oktober\u00ea bibe agir\",\"datePublished\":\"2019-10-06T17:31:26+00:00\",\"dateModified\":\"2019-10-07T12:54:27+00:00\",\"mainEntityOfPage\":{\"@id\":\"https:\\\/\\\/darkamazi.info\\\/archives\\\/1008254\"},\"wordCount\":363,\"publisher\":{\"@id\":\"https:\\\/\\\/darkamazi.info\\\/#organization\"},\"image\":{\"@id\":\"https:\\\/\\\/darkamazi.info\\\/archives\\\/1008254#primaryimage\"},\"thumbnailUrl\":\"https:\\\/\\\/darkamazi.info\\\/darka-content\\\/uploads\\\/2019\\\/10\\\/Iraq-1.jpeg\",\"keywords\":[\"sereke\"],\"articleSection\":[\"Rojhelata nav\u00een\"],\"inLanguage\":\"en-US\"},{\"@type\":\"WebPage\",\"@id\":\"https:\\\/\\\/darkamazi.info\\\/archives\\\/1008254\",\"url\":\"https:\\\/\\\/darkamazi.info\\\/archives\\\/1008254\",\"name\":\"Emer\u00eeka deng\u00ea xwe kir, Iraq w\u00ea li 25 Oktober\u00ea bibe agir - Darka Maz\u00ee\",\"isPartOf\":{\"@id\":\"https:\\\/\\\/darkamazi.info\\\/#website\"},\"primaryImageOfPage\":{\"@id\":\"https:\\\/\\\/darkamazi.info\\\/archives\\\/1008254#primaryimage\"},\"image\":{\"@id\":\"https:\\\/\\\/darkamazi.info\\\/archives\\\/1008254#primaryimage\"},\"thumbnailUrl\":\"https:\\\/\\\/darkamazi.info\\\/darka-content\\\/uploads\\\/2019\\\/10\\\/Iraq-1.jpeg\",\"datePublished\":\"2019-10-06T17:31:26+00:00\",\"dateModified\":\"2019-10-07T12:54:27+00:00\",\"breadcrumb\":{\"@id\":\"https:\\\/\\\/darkamazi.info\\\/archives\\\/1008254#breadcrumb\"},\"inLanguage\":\"en-US\",\"potentialAction\":[{\"@type\":\"ReadAction\",\"target\":[\"https:\\\/\\\/darkamazi.info\\\/archives\\\/1008254\"]}]},{\"@type\":\"ImageObject\",\"inLanguage\":\"en-US\",\"@id\":\"https:\\\/\\\/darkamazi.info\\\/archives\\\/1008254#primaryimage\",\"url\":\"https:\\\/\\\/darkamazi.info\\\/darka-content\\\/uploads\\\/2019\\\/10\\\/Iraq-1.jpeg\",\"contentUrl\":\"https:\\\/\\\/darkamazi.info\\\/darka-content\\\/uploads\\\/2019\\\/10\\\/Iraq-1.jpeg\",\"width\":700,\"height\":400,\"caption\":\"Emer\u00eeka deng\u00ea xwe kir, Iraq w\u00ea li 25 Oktober\u00ea bibe agir\"},{\"@type\":\"BreadcrumbList\",\"@id\":\"https:\\\/\\\/darkamazi.info\\\/archives\\\/1008254#breadcrumb\",\"itemListElement\":[{\"@type\":\"ListItem\",\"position\":1,\"name\":\"Home\",\"item\":\"https:\\\/\\\/darkamazi.info\\\/\"},{\"@type\":\"ListItem\",\"position\":2,\"name\":\"Emer\u00eeka deng\u00ea xwe kir, Iraq w\u00ea li 25 Oktober\u00ea bibe agir\"}]},{\"@type\":\"WebSite\",\"@id\":\"https:\\\/\\\/darkamazi.info\\\/#website\",\"url\":\"https:\\\/\\\/darkamazi.info\\\/\",\"name\":\"Darka Maz\u00ee\",\"description\":\"P\u00eageha Zanyariy\u00ean Nebih\u00eest\u00ee\",\"publisher\":{\"@id\":\"https:\\\/\\\/darkamazi.info\\\/#organization\"},\"potentialAction\":[{\"@type\":\"SearchAction\",\"target\":{\"@type\":\"EntryPoint\",\"urlTemplate\":\"https:\\\/\\\/darkamazi.info\\\/?s={search_term_string}\"},\"query-input\":{\"@type\":\"PropertyValueSpecification\",\"valueRequired\":true,\"valueName\":\"search_term_string\"}}],\"inLanguage\":\"en-US\"},{\"@type\":\"Organization\",\"@id\":\"https:\\\/\\\/darkamazi.info\\\/#organization\",\"name\":\"Darka Maz\u00ee\",\"url\":\"https:\\\/\\\/darkamazi.info\\\/\",\"logo\":{\"@type\":\"ImageObject\",\"inLanguage\":\"en-US\",\"@id\":\"https:\\\/\\\/darkamazi.info\\\/#\\\/schema\\\/logo\\\/image\\\/\",\"url\":\"https:\\\/\\\/darkamazi.info\\\/darka-content\\\/uploads\\\/2017\\\/12\\\/darka-mazi-logo.png\",\"contentUrl\":\"https:\\\/\\\/darkamazi.info\\\/darka-content\\\/uploads\\\/2017\\\/12\\\/darka-mazi-logo.png\",\"width\":151,\"height\":75,\"caption\":\"Darka Maz\u00ee\"},\"image\":{\"@id\":\"https:\\\/\\\/darkamazi.info\\\/#\\\/schema\\\/logo\\\/image\\\/\"},\"sameAs\":[\"https:\\\/\\\/www.facebook.com\\\/DarMaziKurmanci\",\"https:\\\/\\\/x.com\\\/DarkaMaziLatini\",\"https:\\\/\\\/www.instagram.com\\\/darkamazi.kurmanci\\\/\",\"https:\\\/\\\/www.youtube.com\\\/channel\\\/UCa5HkTdmI8U1qCUFuTw8B2g\"]},{\"@type\":\"Person\",\"@id\":\"https:\\\/\\\/darkamazi.info\\\/#\\\/schema\\\/person\\\/5ad3e24553a0567993fa8ed4bd0a776c\",\"name\":\"darka mazi\",\"sameAs\":[\"https:\\\/\\\/darkamazi.info\\\/\"],\"url\":\"https:\\\/\\\/darkamazi.info\\\/archives\\\/author\\\/kurdi\"}]}<\/script>\n<!-- \/ Yoast SEO plugin. -->","seo_head_json":{"title":"Emer\u00eeka deng\u00ea xwe kir, Iraq w\u00ea li 25 Oktober\u00ea bibe agir - Darka Maz\u00ee","robots":{"index":"index","follow":"follow","max-snippet":"max-snippet:-1","max-image-preview":"max-image-preview:large","max-video-preview":"max-video-preview:-1"},"canonical":"https:\/\/darkamazi.info\/archives\/1008254","og_locale":"en_US","og_type":"article","og_title":"Emer\u00eeka deng\u00ea xwe kir, Iraq w\u00ea li 25 Oktober\u00ea bibe agir - Darka Maz\u00ee","og_description":"Hik\u00fbmeta federal w\u00ea hilwe\u015f\u00eet \u00fb r\u00eaxistin\u00ean tekf\u00eer\u00ee w\u00ea serhildin P\u00eageheke her\u00ee diyar \u00ea Emer\u00eek\u00ee, xwen\u00ee\u015fandan\u00ean Iraq\u00ea \u015firove kirine \u00fb wiha niv\u00eesand\u00eeye: \u201cXwen\u00ee\u015fandan w\u00ea bibe sedema ladana hik\u00fbmeta federal, ev yek w\u00ea her \u00e7\u00eabibe, \u00eero be yan sibe, DA&#8217;\u00ce\u015e \u00fb r\u00eaxistin\u00ean tekf\u00eer\u00ee w\u00ea car din derkevin, Xwen\u00ee\u015fandan w\u00ea li 25 Oktober\u00ea gelek berifreh bin\u201d. Navenda Sitratfor [&hellip;]","og_url":"https:\/\/darkamazi.info\/archives\/1008254","og_site_name":"Darka Maz\u00ee","article_publisher":"https:\/\/www.facebook.com\/DarMaziKurmanci","article_published_time":"2019-10-06T17:31:26+00:00","article_modified_time":"2019-10-07T12:54:27+00:00","og_image":[{"width":700,"height":400,"url":"https:\/\/darkamazi.info\/file\/2019\/10\/Iraq-1.jpeg","type":"image\/jpeg"}],"author":"darka mazi","twitter_card":"summary_large_image","twitter_creator":"@DarkaMaziLatini","twitter_site":"@DarkaMaziLatini","twitter_misc":{"Written by":"darka mazi","Est. reading time":"2 minutes"},"schema":{"@context":"https:\/\/schema.org","@graph":[{"@type":"Article","@id":"https:\/\/darkamazi.info\/archives\/1008254#article","isPartOf":{"@id":"https:\/\/darkamazi.info\/archives\/1008254"},"author":{"name":"darka mazi","@id":"https:\/\/darkamazi.info\/#\/schema\/person\/5ad3e24553a0567993fa8ed4bd0a776c"},"headline":"Emer\u00eeka deng\u00ea xwe kir, Iraq w\u00ea li 25 Oktober\u00ea bibe agir","datePublished":"2019-10-06T17:31:26+00:00","dateModified":"2019-10-07T12:54:27+00:00","mainEntityOfPage":{"@id":"https:\/\/darkamazi.info\/archives\/1008254"},"wordCount":363,"publisher":{"@id":"https:\/\/darkamazi.info\/#organization"},"image":{"@id":"https:\/\/darkamazi.info\/archives\/1008254#primaryimage"},"thumbnailUrl":"https:\/\/darkamazi.info\/file\/2019\/10\/Iraq-1.jpeg","keywords":["sereke"],"articleSection":["Rojhelata nav\u00een"],"inLanguage":"en-US"},{"@type":"WebPage","@id":"https:\/\/darkamazi.info\/archives\/1008254","url":"https:\/\/darkamazi.info\/archives\/1008254","name":"Emer\u00eeka deng\u00ea xwe kir, Iraq w\u00ea li 25 Oktober\u00ea bibe agir - Darka Maz\u00ee","isPartOf":{"@id":"https:\/\/darkamazi.info\/#website"},"primaryImageOfPage":{"@id":"https:\/\/darkamazi.info\/archives\/1008254#primaryimage"},"image":{"@id":"https:\/\/darkamazi.info\/archives\/1008254#primaryimage"},"thumbnailUrl":"https:\/\/darkamazi.info\/file\/2019\/10\/Iraq-1.jpeg","datePublished":"2019-10-06T17:31:26+00:00","dateModified":"2019-10-07T12:54:27+00:00","breadcrumb":{"@id":"https:\/\/darkamazi.info\/archives\/1008254#breadcrumb"},"inLanguage":"en-US","potentialAction":[{"@type":"ReadAction","target":["https:\/\/darkamazi.info\/archives\/1008254"]}]},{"@type":"ImageObject","inLanguage":"en-US","@id":"https:\/\/darkamazi.info\/archives\/1008254#primaryimage","url":"https:\/\/darkamazi.info\/file\/2019\/10\/Iraq-1.jpeg","contentUrl":"https:\/\/darkamazi.info\/file\/2019\/10\/Iraq-1.jpeg","width":700,"height":400,"caption":"Emer\u00eeka deng\u00ea xwe kir, Iraq w\u00ea li 25 Oktober\u00ea bibe agir"},{"@type":"BreadcrumbList","@id":"https:\/\/darkamazi.info\/archives\/1008254#breadcrumb","itemListElement":[{"@type":"ListItem","position":1,"name":"Home","item":"https:\/\/darkamazi.info\/"},{"@type":"ListItem","position":2,"name":"Emer\u00eeka deng\u00ea xwe kir, Iraq w\u00ea li 25 Oktober\u00ea bibe agir"}]},{"@type":"WebSite","@id":"https:\/\/darkamazi.info\/#website","url":"https:\/\/darkamazi.info\/","name":"Darka Maz\u00ee","description":"P\u00eageha Zanyariy\u00ean Nebih\u00eest\u00ee","publisher":{"@id":"https:\/\/darkamazi.info\/#organization"},"potentialAction":[{"@type":"SearchAction","target":{"@type":"EntryPoint","urlTemplate":"https:\/\/darkamazi.info\/?s={search_term_string}"},"query-input":{"@type":"PropertyValueSpecification","valueRequired":true,"valueName":"search_term_string"}}],"inLanguage":"en-US"},{"@type":"Organization","@id":"https:\/\/darkamazi.info\/#organization","name":"Darka Maz\u00ee","url":"https:\/\/darkamazi.info\/","logo":{"@type":"ImageObject","inLanguage":"en-US","@id":"https:\/\/darkamazi.info\/#\/schema\/logo\/image\/","url":"https:\/\/darkamazi.info\/file\/2017\/12\/darka-mazi-logo.png","contentUrl":"https:\/\/darkamazi.info\/file\/2017\/12\/darka-mazi-logo.png","width":151,"height":75,"caption":"Darka Maz\u00ee"},"image":{"@id":"https:\/\/darkamazi.info\/#\/schema\/logo\/image\/"},"sameAs":["https:\/\/www.facebook.com\/DarMaziKurmanci","https:\/\/x.com\/DarkaMaziLatini","https:\/\/www.instagram.com\/darkamazi.kurmanci\/","https:\/\/www.youtube.com\/channel\/UCa5HkTdmI8U1qCUFuTw8B2g"]},{"@type":"Person","@id":"https:\/\/darkamazi.info\/#\/schema\/person\/5ad3e24553a0567993fa8ed4bd0a776c","name":"darka mazi","sameAs":["https:\/\/darkamazi.info\/"],"url":"https:\/\/darkamazi.info\/archives\/author\/kurdi"}]}},"_links":{"self":[{"href":"https:\/\/darkamazi.info\/funavuv\/wp\/v2\/posts\/1008254","targetHints":{"allow":["GET"]}}],"collection":[{"href":"https:\/\/darkamazi.info\/funavuv\/wp\/v2\/posts"}],"about":[{"href":"https:\/\/darkamazi.info\/funavuv\/wp\/v2\/types\/post"}],"author":[{"embeddable":true,"href":"https:\/\/darkamazi.info\/funavuv\/wp\/v2\/users\/2"}],"replies":[{"embeddable":true,"href":"https:\/\/darkamazi.info\/funavuv\/wp\/v2\/comments?post=1008254"}],"version-history":[{"count":0,"href":"https:\/\/darkamazi.info\/funavuv\/wp\/v2\/posts\/1008254\/revisions"}],"wp:featuredmedia":[{"embeddable":true,"href":"https:\/\/darkamazi.info\/funavuv\/wp\/v2\/media\/1008255"}],"wp:attachment":[{"href":"https:\/\/darkamazi.info\/funavuv\/wp\/v2\/media?parent=1008254"}],"wp:term":[{"taxonomy":"category","embeddable":true,"href":"https:\/\/darkamazi.info\/funavuv\/wp\/v2\/categories?post=1008254"},{"taxonomy":"post_tag","embeddable":true,"href":"https:\/\/darkamazi.info\/funavuv\/wp\/v2\/tags?post=1008254"}],"curies":[{"name":"wp","href":"https:\/\/api.w.org\/{rel}","templated":true}]}}