{"id":1008596,"date":"2019-10-08T20:48:41","date_gmt":"2019-10-08T17:48:41","guid":{"rendered":"https:\/\/darkamazi.info\/?p=1008596"},"modified":"2019-10-14T16:08:14","modified_gmt":"2019-10-14T13:08:14","slug":"hikumeta-kurdistane-ji-tirkiye-dixwaze-erisa-tekali-neke","status":"publish","type":"post","link":"https:\/\/darkamazi.info\/archives\/1008596","title":{"rendered":"H\u0130K\u00dbMETA KURD\u0130STAN\u00ca JI T\u0130RK\u0130Y\u00ca D\u0130XWAZE \u00caR\u00ce\u015eA TEKAL\u00ce NEKE"},"content":{"rendered":"<h2><span style=\"color: #999999\"><strong>Hik\u00fbmeta kurdistan\u00ea li dor bak\u00fbr\u00ea S\u00fbriy\u00ea peyam we\u015fand<\/strong><\/span><\/h2>\n<h2><strong>Hik\u00fbmeta her\u00eama ba\u015f\u00fbr\u00ea kurdistan\u00ea helwesta xwe a ferm\u00ee li dor p\u00ea\u015fhat\u00ean bak\u00fbr\u00ea rojhilata S\u00fbriy\u00ea ragihand \u00fb dil giran\u00ee a xwe a her\u00ee z\u00eade ji biryara vek\u015fandina le\u015fkir\u00ean Emer\u00eek\u00ee ji w\u00ea nav\u00e7ey\u00ea diyar kir, ev j\u00ee tekista w\u00ea peyam\u00ea ye:<\/strong><\/h2>\n<h3>Hik\u00fbmeta her\u00eama kurdistan\u00ea dil giraniya a xwe a her\u00ee z\u00eade li beranber biryara vek\u015fandina h\u00eaz\u00ean w\u00eelayet\u00ean yekb\u00fb\u00eey \u00ean emer\u00eekay\u00ea ji her\u00eama aram a bak\u00fbr\u00ea rojhilata s\u00fbry\u00ea n\u00ee\u015fan dide, hemwext wan rapor\u00ean behsa sedem\u00ean \u00ear\u00ee\u015fa tekal\u00ee a Tirkiy\u00ea li w\u00ea nav\u00e7ey\u00ea dikin.<\/h3>\n<h3>Hik\u00fbmeta her\u00eama kurdistan\u00ea ji Tirkiy\u00ea dixwaze weke endameke hevpeymaniya navnetewey\u00ee li \u015fer\u00ea dij\u00ee teror\u00ea, \u00e7i hengavan nehav\u00eaje ku bandoreke ner\u00ean\u00ee bike ser derketina \u00e7ekdar\u00ean teror\u00eest \u00ean desteser kir\u00ee.<\/h3>\n<h3>Derencama her aloz\u00ee \u00fb p\u00ea\u015fhateke le\u015fkir\u00ee, w\u00ea bandora xwe li derve s\u00eenor\u00ean s\u00fbry\u00ea j\u00ee hebe, ned\u00fbre rew\u015feke wiha derkeve hol\u00ea ku bibe sedema veger\u00eena DAI\u015e\u2019\u00ea \u00fb aware b\u00fbna hejmareke zor a gel. Lewma gelek p\u00eaw\u00eeste her al\u00ee bi h\u00eaz\u00ean kurd\u00ee ve, bi r\u00eaya diyalog\u00ea rew\u015f\u00ea aram bikin.<\/h3>\n<h3>Hik\u00fbmeta her\u00eama kurdistan\u00ea tekeziy\u00ea dike ku p\u00eaw\u00eeste pirisgir\u00eakan \u00e7areseriyeke gi\u015ft\u00ee jibo were d\u00eetin bi awayek\u00ee ku maf\u00ean hem\u00fb hemwilatiy\u00ean S\u00fbriy\u00ea bi gel\u00ea kurd ve t\u00eade parast\u00ee bin.<\/h3>\n<h3>&nbsp;Her\u00eama kurdistan\u00ea li \u015fer\u00ea dij\u00ee teror\u00ea \u00fb DAI\u015e\u2019\u00ea de, qurban\u00ee \u00ean mezn dane \u00fb niha j\u00ee m\u00eahvandar\u00ee a 1.1 milyon aware \u00fb Penaberan dike ku praniya wan di destp\u00eaka qeyran\u00ea de pena jibo her\u00eama kurdistan\u00ea \u00eenane. Erk\u00ea civaka navnetewey\u00ee r\u00ea jibo dirist b\u00fbna p\u00ealeke din a aware b\u00fbn\u00ea bigre.<\/h3>\n<h3>Hik\u00fbmeta her\u00eama kurdistan\u00ea di wextek\u00ea de ji n\u00eaz\u00eek \u00e7avd\u00ear\u00eeya rew\u015f\u00ea didom\u00eene, bi r\u00eaya \u00e7end\u00een kenala kar li ser pirs\u00ea dike.<\/h3>\n<h3><strong>HIK\u00dbMETA HER\u00ca MA KURDISTAN\u00ca<\/strong><\/h3>\n<h3><strong>8\/10\/2019<\/strong><\/h3>\n","protected":false},"excerpt":{"rendered":"<p>Hik\u00fbmeta kurdistan\u00ea li dor bak\u00fbr\u00ea S\u00fbriy\u00ea peyam we\u015fand Hik\u00fbmeta her\u00eama ba\u015f\u00fbr\u00ea kurdistan\u00ea helwesta xwe a ferm\u00ee li dor p\u00ea\u015fhat\u00ean bak\u00fbr\u00ea rojhilata S\u00fbriy\u00ea ragihand \u00fb dil giran\u00ee a xwe a her\u00ee z\u00eade ji biryara vek\u015fandina le\u015fkir\u00ean Emer\u00eek\u00ee ji w\u00ea nav\u00e7ey\u00ea diyar kir, ev j\u00ee tekista w\u00ea peyam\u00ea ye: Hik\u00fbmeta her\u00eama kurdistan\u00ea dil giraniya a xwe a [&hellip;]<\/p>\n","protected":false},"author":2,"featured_media":1008597,"comment_status":"closed","ping_status":"closed","sticky":false,"template":"","format":"standard","meta":{"footnotes":""},"categories":[29],"tags":[37],"class_list":["post-1008596","post","type-post","status-publish","format-standard","has-post-thumbnail","hentry","category-kurdistan","tag-sereke"],"blocksy_meta":[],"seo_head":"<!-- This site is optimized with the Yoast SEO plugin v27.5 - https:\/\/yoast.com\/product\/yoast-seo-wordpress\/ -->\n<title>H\u0130K\u00dbMETA KURD\u0130STAN\u00ca JI T\u0130RK\u0130Y\u00ca D\u0130XWAZE \u00caR\u00ce\u015eA TEKAL\u00ce NEKE - Darka Maz\u00ee<\/title>\n<meta name=\"robots\" content=\"index, follow, max-snippet:-1, max-image-preview:large, max-video-preview:-1\" \/>\n<link rel=\"canonical\" href=\"https:\/\/darkamazi.info\/archives\/1008596\" \/>\n<meta property=\"og:locale\" content=\"en_US\" \/>\n<meta property=\"og:type\" content=\"article\" \/>\n<meta property=\"og:title\" content=\"H\u0130K\u00dbMETA KURD\u0130STAN\u00ca JI T\u0130RK\u0130Y\u00ca D\u0130XWAZE \u00caR\u00ce\u015eA TEKAL\u00ce NEKE - Darka Maz\u00ee\" \/>\n<meta property=\"og:description\" content=\"Hik\u00fbmeta kurdistan\u00ea li dor bak\u00fbr\u00ea S\u00fbriy\u00ea peyam we\u015fand Hik\u00fbmeta her\u00eama ba\u015f\u00fbr\u00ea kurdistan\u00ea helwesta xwe a ferm\u00ee li dor p\u00ea\u015fhat\u00ean bak\u00fbr\u00ea rojhilata S\u00fbriy\u00ea ragihand \u00fb dil giran\u00ee a xwe a her\u00ee z\u00eade ji biryara vek\u015fandina le\u015fkir\u00ean Emer\u00eek\u00ee ji w\u00ea nav\u00e7ey\u00ea diyar kir, ev j\u00ee tekista w\u00ea peyam\u00ea ye: Hik\u00fbmeta her\u00eama kurdistan\u00ea dil giraniya a xwe a [&hellip;]\" \/>\n<meta property=\"og:url\" content=\"https:\/\/darkamazi.info\/archives\/1008596\" \/>\n<meta property=\"og:site_name\" content=\"Darka Maz\u00ee\" \/>\n<meta property=\"article:publisher\" content=\"https:\/\/www.facebook.com\/DarMaziKurmanci\" \/>\n<meta property=\"article:published_time\" content=\"2019-10-08T17:48:41+00:00\" \/>\n<meta property=\"article:modified_time\" content=\"2019-10-14T13:08:14+00:00\" \/>\n<meta property=\"og:image\" content=\"https:\/\/darkamazi.info\/file\/2019\/10\/Krg-logo.jpg\" \/>\n\t<meta property=\"og:image:width\" content=\"1200\" \/>\n\t<meta property=\"og:image:height\" content=\"630\" \/>\n\t<meta property=\"og:image:type\" content=\"image\/jpeg\" \/>\n<meta name=\"author\" content=\"darka mazi\" \/>\n<meta name=\"twitter:card\" content=\"summary_large_image\" \/>\n<meta name=\"twitter:creator\" content=\"@DarkaMaziLatini\" \/>\n<meta name=\"twitter:site\" content=\"@DarkaMaziLatini\" \/>\n<meta name=\"twitter:label1\" content=\"Written by\" \/>\n\t<meta name=\"twitter:data1\" content=\"darka mazi\" \/>\n\t<meta name=\"twitter:label2\" content=\"Est. reading time\" \/>\n\t<meta name=\"twitter:data2\" content=\"2 minutes\" \/>\n<script type=\"application\/ld+json\" class=\"seo-schema-graph\">{\"@context\":\"https:\\\/\\\/schema.org\",\"@graph\":[{\"@type\":\"Article\",\"@id\":\"https:\\\/\\\/darkamazi.info\\\/archives\\\/1008596#article\",\"isPartOf\":{\"@id\":\"https:\\\/\\\/darkamazi.info\\\/archives\\\/1008596\"},\"author\":{\"name\":\"darka mazi\",\"@id\":\"https:\\\/\\\/darkamazi.info\\\/#\\\/schema\\\/person\\\/5ad3e24553a0567993fa8ed4bd0a776c\"},\"headline\":\"H\u0130K\u00dbMETA KURD\u0130STAN\u00ca JI T\u0130RK\u0130Y\u00ca D\u0130XWAZE \u00caR\u00ce\u015eA TEKAL\u00ce NEKE\",\"datePublished\":\"2019-10-08T17:48:41+00:00\",\"dateModified\":\"2019-10-14T13:08:14+00:00\",\"mainEntityOfPage\":{\"@id\":\"https:\\\/\\\/darkamazi.info\\\/archives\\\/1008596\"},\"wordCount\":355,\"publisher\":{\"@id\":\"https:\\\/\\\/darkamazi.info\\\/#organization\"},\"image\":{\"@id\":\"https:\\\/\\\/darkamazi.info\\\/archives\\\/1008596#primaryimage\"},\"thumbnailUrl\":\"https:\\\/\\\/darkamazi.info\\\/darka-content\\\/uploads\\\/2019\\\/10\\\/Krg-logo.jpg\",\"keywords\":[\"sereke\"],\"articleSection\":[\"Kurdistan\"],\"inLanguage\":\"en-US\"},{\"@type\":\"WebPage\",\"@id\":\"https:\\\/\\\/darkamazi.info\\\/archives\\\/1008596\",\"url\":\"https:\\\/\\\/darkamazi.info\\\/archives\\\/1008596\",\"name\":\"H\u0130K\u00dbMETA KURD\u0130STAN\u00ca JI T\u0130RK\u0130Y\u00ca D\u0130XWAZE \u00caR\u00ce\u015eA TEKAL\u00ce NEKE - Darka Maz\u00ee\",\"isPartOf\":{\"@id\":\"https:\\\/\\\/darkamazi.info\\\/#website\"},\"primaryImageOfPage\":{\"@id\":\"https:\\\/\\\/darkamazi.info\\\/archives\\\/1008596#primaryimage\"},\"image\":{\"@id\":\"https:\\\/\\\/darkamazi.info\\\/archives\\\/1008596#primaryimage\"},\"thumbnailUrl\":\"https:\\\/\\\/darkamazi.info\\\/darka-content\\\/uploads\\\/2019\\\/10\\\/Krg-logo.jpg\",\"datePublished\":\"2019-10-08T17:48:41+00:00\",\"dateModified\":\"2019-10-14T13:08:14+00:00\",\"breadcrumb\":{\"@id\":\"https:\\\/\\\/darkamazi.info\\\/archives\\\/1008596#breadcrumb\"},\"inLanguage\":\"en-US\",\"potentialAction\":[{\"@type\":\"ReadAction\",\"target\":[\"https:\\\/\\\/darkamazi.info\\\/archives\\\/1008596\"]}]},{\"@type\":\"ImageObject\",\"inLanguage\":\"en-US\",\"@id\":\"https:\\\/\\\/darkamazi.info\\\/archives\\\/1008596#primaryimage\",\"url\":\"https:\\\/\\\/darkamazi.info\\\/darka-content\\\/uploads\\\/2019\\\/10\\\/Krg-logo.jpg\",\"contentUrl\":\"https:\\\/\\\/darkamazi.info\\\/darka-content\\\/uploads\\\/2019\\\/10\\\/Krg-logo.jpg\",\"width\":1200,\"height\":630,\"caption\":\"HIK\u00dbMETA KURDISTAN\u00ca JI TIRKIY\u00ca DIXWAZE \u00caR\u00ce\u015eA TEKAL\u00ce NEKE\"},{\"@type\":\"BreadcrumbList\",\"@id\":\"https:\\\/\\\/darkamazi.info\\\/archives\\\/1008596#breadcrumb\",\"itemListElement\":[{\"@type\":\"ListItem\",\"position\":1,\"name\":\"Home\",\"item\":\"https:\\\/\\\/darkamazi.info\\\/\"},{\"@type\":\"ListItem\",\"position\":2,\"name\":\"H\u0130K\u00dbMETA KURD\u0130STAN\u00ca JI T\u0130RK\u0130Y\u00ca D\u0130XWAZE \u00caR\u00ce\u015eA TEKAL\u00ce NEKE\"}]},{\"@type\":\"WebSite\",\"@id\":\"https:\\\/\\\/darkamazi.info\\\/#website\",\"url\":\"https:\\\/\\\/darkamazi.info\\\/\",\"name\":\"Darka Maz\u00ee\",\"description\":\"P\u00eageha Zanyariy\u00ean Nebih\u00eest\u00ee\",\"publisher\":{\"@id\":\"https:\\\/\\\/darkamazi.info\\\/#organization\"},\"potentialAction\":[{\"@type\":\"SearchAction\",\"target\":{\"@type\":\"EntryPoint\",\"urlTemplate\":\"https:\\\/\\\/darkamazi.info\\\/?s={search_term_string}\"},\"query-input\":{\"@type\":\"PropertyValueSpecification\",\"valueRequired\":true,\"valueName\":\"search_term_string\"}}],\"inLanguage\":\"en-US\"},{\"@type\":\"Organization\",\"@id\":\"https:\\\/\\\/darkamazi.info\\\/#organization\",\"name\":\"Darka Maz\u00ee\",\"url\":\"https:\\\/\\\/darkamazi.info\\\/\",\"logo\":{\"@type\":\"ImageObject\",\"inLanguage\":\"en-US\",\"@id\":\"https:\\\/\\\/darkamazi.info\\\/#\\\/schema\\\/logo\\\/image\\\/\",\"url\":\"https:\\\/\\\/darkamazi.info\\\/darka-content\\\/uploads\\\/2017\\\/12\\\/darka-mazi-logo.png\",\"contentUrl\":\"https:\\\/\\\/darkamazi.info\\\/darka-content\\\/uploads\\\/2017\\\/12\\\/darka-mazi-logo.png\",\"width\":151,\"height\":75,\"caption\":\"Darka Maz\u00ee\"},\"image\":{\"@id\":\"https:\\\/\\\/darkamazi.info\\\/#\\\/schema\\\/logo\\\/image\\\/\"},\"sameAs\":[\"https:\\\/\\\/www.facebook.com\\\/DarMaziKurmanci\",\"https:\\\/\\\/x.com\\\/DarkaMaziLatini\",\"https:\\\/\\\/www.instagram.com\\\/darkamazi.kurmanci\\\/\",\"https:\\\/\\\/www.youtube.com\\\/channel\\\/UCa5HkTdmI8U1qCUFuTw8B2g\"]},{\"@type\":\"Person\",\"@id\":\"https:\\\/\\\/darkamazi.info\\\/#\\\/schema\\\/person\\\/5ad3e24553a0567993fa8ed4bd0a776c\",\"name\":\"darka mazi\",\"sameAs\":[\"https:\\\/\\\/darkamazi.info\\\/\"],\"url\":\"https:\\\/\\\/darkamazi.info\\\/archives\\\/author\\\/kurdi\"}]}<\/script>\n<!-- \/ Yoast SEO plugin. -->","seo_head_json":{"title":"H\u0130K\u00dbMETA KURD\u0130STAN\u00ca JI T\u0130RK\u0130Y\u00ca D\u0130XWAZE \u00caR\u00ce\u015eA TEKAL\u00ce NEKE - Darka Maz\u00ee","robots":{"index":"index","follow":"follow","max-snippet":"max-snippet:-1","max-image-preview":"max-image-preview:large","max-video-preview":"max-video-preview:-1"},"canonical":"https:\/\/darkamazi.info\/archives\/1008596","og_locale":"en_US","og_type":"article","og_title":"H\u0130K\u00dbMETA KURD\u0130STAN\u00ca JI T\u0130RK\u0130Y\u00ca D\u0130XWAZE \u00caR\u00ce\u015eA TEKAL\u00ce NEKE - Darka Maz\u00ee","og_description":"Hik\u00fbmeta kurdistan\u00ea li dor bak\u00fbr\u00ea S\u00fbriy\u00ea peyam we\u015fand Hik\u00fbmeta her\u00eama ba\u015f\u00fbr\u00ea kurdistan\u00ea helwesta xwe a ferm\u00ee li dor p\u00ea\u015fhat\u00ean bak\u00fbr\u00ea rojhilata S\u00fbriy\u00ea ragihand \u00fb dil giran\u00ee a xwe a her\u00ee z\u00eade ji biryara vek\u015fandina le\u015fkir\u00ean Emer\u00eek\u00ee ji w\u00ea nav\u00e7ey\u00ea diyar kir, ev j\u00ee tekista w\u00ea peyam\u00ea ye: Hik\u00fbmeta her\u00eama kurdistan\u00ea dil giraniya a xwe a [&hellip;]","og_url":"https:\/\/darkamazi.info\/archives\/1008596","og_site_name":"Darka Maz\u00ee","article_publisher":"https:\/\/www.facebook.com\/DarMaziKurmanci","article_published_time":"2019-10-08T17:48:41+00:00","article_modified_time":"2019-10-14T13:08:14+00:00","og_image":[{"width":1200,"height":630,"url":"https:\/\/darkamazi.info\/file\/2019\/10\/Krg-logo.jpg","type":"image\/jpeg"}],"author":"darka mazi","twitter_card":"summary_large_image","twitter_creator":"@DarkaMaziLatini","twitter_site":"@DarkaMaziLatini","twitter_misc":{"Written by":"darka mazi","Est. reading time":"2 minutes"},"schema":{"@context":"https:\/\/schema.org","@graph":[{"@type":"Article","@id":"https:\/\/darkamazi.info\/archives\/1008596#article","isPartOf":{"@id":"https:\/\/darkamazi.info\/archives\/1008596"},"author":{"name":"darka mazi","@id":"https:\/\/darkamazi.info\/#\/schema\/person\/5ad3e24553a0567993fa8ed4bd0a776c"},"headline":"H\u0130K\u00dbMETA KURD\u0130STAN\u00ca JI T\u0130RK\u0130Y\u00ca D\u0130XWAZE \u00caR\u00ce\u015eA TEKAL\u00ce NEKE","datePublished":"2019-10-08T17:48:41+00:00","dateModified":"2019-10-14T13:08:14+00:00","mainEntityOfPage":{"@id":"https:\/\/darkamazi.info\/archives\/1008596"},"wordCount":355,"publisher":{"@id":"https:\/\/darkamazi.info\/#organization"},"image":{"@id":"https:\/\/darkamazi.info\/archives\/1008596#primaryimage"},"thumbnailUrl":"https:\/\/darkamazi.info\/file\/2019\/10\/Krg-logo.jpg","keywords":["sereke"],"articleSection":["Kurdistan"],"inLanguage":"en-US"},{"@type":"WebPage","@id":"https:\/\/darkamazi.info\/archives\/1008596","url":"https:\/\/darkamazi.info\/archives\/1008596","name":"H\u0130K\u00dbMETA KURD\u0130STAN\u00ca JI T\u0130RK\u0130Y\u00ca D\u0130XWAZE \u00caR\u00ce\u015eA TEKAL\u00ce NEKE - Darka Maz\u00ee","isPartOf":{"@id":"https:\/\/darkamazi.info\/#website"},"primaryImageOfPage":{"@id":"https:\/\/darkamazi.info\/archives\/1008596#primaryimage"},"image":{"@id":"https:\/\/darkamazi.info\/archives\/1008596#primaryimage"},"thumbnailUrl":"https:\/\/darkamazi.info\/file\/2019\/10\/Krg-logo.jpg","datePublished":"2019-10-08T17:48:41+00:00","dateModified":"2019-10-14T13:08:14+00:00","breadcrumb":{"@id":"https:\/\/darkamazi.info\/archives\/1008596#breadcrumb"},"inLanguage":"en-US","potentialAction":[{"@type":"ReadAction","target":["https:\/\/darkamazi.info\/archives\/1008596"]}]},{"@type":"ImageObject","inLanguage":"en-US","@id":"https:\/\/darkamazi.info\/archives\/1008596#primaryimage","url":"https:\/\/darkamazi.info\/file\/2019\/10\/Krg-logo.jpg","contentUrl":"https:\/\/darkamazi.info\/file\/2019\/10\/Krg-logo.jpg","width":1200,"height":630,"caption":"HIK\u00dbMETA KURDISTAN\u00ca JI TIRKIY\u00ca DIXWAZE \u00caR\u00ce\u015eA TEKAL\u00ce NEKE"},{"@type":"BreadcrumbList","@id":"https:\/\/darkamazi.info\/archives\/1008596#breadcrumb","itemListElement":[{"@type":"ListItem","position":1,"name":"Home","item":"https:\/\/darkamazi.info\/"},{"@type":"ListItem","position":2,"name":"H\u0130K\u00dbMETA KURD\u0130STAN\u00ca JI T\u0130RK\u0130Y\u00ca D\u0130XWAZE \u00caR\u00ce\u015eA TEKAL\u00ce NEKE"}]},{"@type":"WebSite","@id":"https:\/\/darkamazi.info\/#website","url":"https:\/\/darkamazi.info\/","name":"Darka Maz\u00ee","description":"P\u00eageha Zanyariy\u00ean Nebih\u00eest\u00ee","publisher":{"@id":"https:\/\/darkamazi.info\/#organization"},"potentialAction":[{"@type":"SearchAction","target":{"@type":"EntryPoint","urlTemplate":"https:\/\/darkamazi.info\/?s={search_term_string}"},"query-input":{"@type":"PropertyValueSpecification","valueRequired":true,"valueName":"search_term_string"}}],"inLanguage":"en-US"},{"@type":"Organization","@id":"https:\/\/darkamazi.info\/#organization","name":"Darka Maz\u00ee","url":"https:\/\/darkamazi.info\/","logo":{"@type":"ImageObject","inLanguage":"en-US","@id":"https:\/\/darkamazi.info\/#\/schema\/logo\/image\/","url":"https:\/\/darkamazi.info\/file\/2017\/12\/darka-mazi-logo.png","contentUrl":"https:\/\/darkamazi.info\/file\/2017\/12\/darka-mazi-logo.png","width":151,"height":75,"caption":"Darka Maz\u00ee"},"image":{"@id":"https:\/\/darkamazi.info\/#\/schema\/logo\/image\/"},"sameAs":["https:\/\/www.facebook.com\/DarMaziKurmanci","https:\/\/x.com\/DarkaMaziLatini","https:\/\/www.instagram.com\/darkamazi.kurmanci\/","https:\/\/www.youtube.com\/channel\/UCa5HkTdmI8U1qCUFuTw8B2g"]},{"@type":"Person","@id":"https:\/\/darkamazi.info\/#\/schema\/person\/5ad3e24553a0567993fa8ed4bd0a776c","name":"darka mazi","sameAs":["https:\/\/darkamazi.info\/"],"url":"https:\/\/darkamazi.info\/archives\/author\/kurdi"}]}},"_links":{"self":[{"href":"https:\/\/darkamazi.info\/funavuv\/wp\/v2\/posts\/1008596","targetHints":{"allow":["GET"]}}],"collection":[{"href":"https:\/\/darkamazi.info\/funavuv\/wp\/v2\/posts"}],"about":[{"href":"https:\/\/darkamazi.info\/funavuv\/wp\/v2\/types\/post"}],"author":[{"embeddable":true,"href":"https:\/\/darkamazi.info\/funavuv\/wp\/v2\/users\/2"}],"replies":[{"embeddable":true,"href":"https:\/\/darkamazi.info\/funavuv\/wp\/v2\/comments?post=1008596"}],"version-history":[{"count":0,"href":"https:\/\/darkamazi.info\/funavuv\/wp\/v2\/posts\/1008596\/revisions"}],"wp:featuredmedia":[{"embeddable":true,"href":"https:\/\/darkamazi.info\/funavuv\/wp\/v2\/media\/1008597"}],"wp:attachment":[{"href":"https:\/\/darkamazi.info\/funavuv\/wp\/v2\/media?parent=1008596"}],"wp:term":[{"taxonomy":"category","embeddable":true,"href":"https:\/\/darkamazi.info\/funavuv\/wp\/v2\/categories?post=1008596"},{"taxonomy":"post_tag","embeddable":true,"href":"https:\/\/darkamazi.info\/funavuv\/wp\/v2\/tags?post=1008596"}],"curies":[{"name":"wp","href":"https:\/\/api.w.org\/{rel}","templated":true}]}}